{"id":9265,"date":"2011-10-30T18:23:00","date_gmt":"2011-10-30T18:23:00","guid":{"rendered":"http:\/\/localhost\/thomasvino\/?p=9265"},"modified":"2011-10-30T18:23:00","modified_gmt":"2011-10-30T18:23:00","slug":"des-degustations-aux-domaines-de-la-ville-de-lausanne","status":"publish","type":"post","link":"https:\/\/thomasvino.ch\/?p=9265","title":{"rendered":"Des d\u00e9gustations aux domaines de la Ville de Lausanne"},"content":{"rendered":"<h2><i>Vignobles de la Ville de Lausanne<\/i><br \/>\nVisites avant la mise du 10 d\u00e9cembre<\/h2>\n<div style=\"text-align: justify;\"><b>Comme chaque ann\u00e9e, et pour la 209\u00e8me fois depuis 1803, d\u00e9but d\u00e9cembre, a lieu la vente aux ench\u00e8res publiques des vins de la Ville de Lausanne. Cette ann\u00e9e (2011), elle aura lieu le 10 d\u00e9cembre, dans la salle du Conseil communal de l\u2019H\u00f4tel-de-Ville, place de la Palud, d\u00e8s 9 h. Auparavant, d\u00e8s le 26 novembre d\u00e9j\u00e0, le plus grand propri\u00e9taire viticole public de Suisse (36 hectares) fera d\u00e9guster le produit de ses domaines\u2026<\/b><br \/>\nEt ceux-ci ne sont pas que viticoles! Ainsi, au Caveau de la Louve, place de la Louve, \u00e0 Lausanne (derri\u00e8re l\u2019H\u00f4tel-de-Ville), le samedi 26 novembre, de 11 h \u00e0 13 h, d\u00e9gustation des vins de la Ville avec d\u2019autres produits \u00abmunicipaux\u00bb, dont du gruy\u00e8re. Prix&#160;: adultes, 20 fr., inscription obligatoire, coordonn\u00e9es <a href=\"http:\/\/www.lausanne.ch\/view.asp?DocId=35671\"><b>via le site officiel des domaines<\/b><\/a>.<br \/>\nLe samedi suivant, le 3 d\u00e9cembre, les cinq domaines de la Ville seront ouverts, pour d\u00e9guster en primeur le mill\u00e9sime 2011 mis en vente publique la semaine suivante. Egalement, sur place, d\u00e9gustation d\u2019anciens mill\u00e9simes, petite restauration et produits du terroir. Le verre de d\u00e9gustation co\u00fbte 5 fr. par personne, sans inscription. Pour la C\u00f4te, et rejoindre le Ch\u00e2teau Rochefort et l\u2019Abbaye de Mont, des bus-navettes sont organis\u00e9es d\u00e8s 10 h \u00e0 la gare CFF d\u2019Allaman. Pour Lavaux, et gagner le Domaine du Burignon, \u00e0 Saint-Saphorin \u2014 repris ces jours par le vigneron <b>Luc Dubouloz<\/b> \u2014, et, dans le D\u00e9zaley, les Clos des Moines et des Abbayes, bus-navettes d\u00e8s 10 h. \u00e0 la gare CFF de Cully. Les retours sont pr\u00e9vus jusqu\u2019\u00e0 17 h 30 \u00e0 La C\u00f4te comme \u00e0 Lavaux. <br \/>\nLe samedi 10 d\u00e9cembre, vente publique, d\u00e8s 9 h. Une visite guid\u00e9e des coulisses de la mise est propos\u00e9e \u00e0 8 h 45, \u00e0 l\u2019H\u00f4tel-de-Ville, prix 10 fr. (adultes), avec ap\u00e9ritif, inscription obligatoire.<br \/>\nCette ann\u00e9e, la gestion des vignobles a chang\u00e9 de mains. La \u00abministre\u00bb de tutelle est d\u00e9sormais <b>Florence Germond<\/b>, municipale des finances et du patrimoine vert&#160;; elle a succ\u00e9d\u00e9, aux \u00e9lections communales 2011, \u00e0 <b>Silvia Zamora<\/b>. Quant \u00e0 la responsable des vignobles, <b>Tania Munoz<\/b>, \u0153nologue (<i>photo ci-dessous, \u00a9Ville de Lausanne<\/i>), elle a pris le relais, d\u00e9but ao\u00fbt, de l\u2019\u0153nologue <b>Nicolas Rilliet<\/b>, en poste durant treize ans.<\/p>\n<p><img loading=\"lazy\" width=\"650\" height=\"431\" title=\"site_t_munoz.jpg\" alt=\"site_t_munoz.jpg\" src=\"img\/site_t_munoz.jpg\" \/><\/div>\n","protected":false},"excerpt":{"rendered":"<p>Vignobles de la Ville de Lausanne Visites avant la mise du 10 d\u00e9cembre Comme chaque ann\u00e9e, et pour la 209\u00e8me fois depuis 1803, d\u00e9but d\u00e9cembre, a lieu la vente aux ench\u00e8res publiques des vins de la Ville de Lausanne. Cette ann\u00e9e (2011), elle aura lieu le 10 d\u00e9cembre, dans la salle du Conseil communal de [&hellip;]<\/p>\n","protected":false},"author":3,"featured_media":0,"comment_status":"closed","ping_status":"open","sticky":false,"template":"","format":"standard","meta":{"_monsterinsights_skip_tracking":false,"_monsterinsights_sitenote_active":false,"_monsterinsights_sitenote_note":"","_monsterinsights_sitenote_category":0,"jetpack_post_was_ever_published":false,"jetpack_publicize_message":"","jetpack_is_tweetstorm":false,"jetpack_publicize_feature_enabled":true,"jetpack_social_post_already_shared":false,"jetpack_social_options":{"image_generator_settings":{"template":"highway","enabled":false}}},"categories":[15],"tags":[],"jetpack_publicize_connections":[],"yoast_head":"<!-- This site is optimized with the Yoast SEO plugin v20.6 - https:\/\/yoast.com\/wordpress\/plugins\/seo\/ -->\n<title>Des d\u00e9gustations aux domaines de la Ville de Lausanne - thomasvino<\/title>\n<meta name=\"robots\" content=\"index, follow, max-snippet:-1, max-image-preview:large, max-video-preview:-1\" \/>\n<link rel=\"canonical\" href=\"https:\/\/thomasvino.ch\/?p=9265\" \/>\n<meta property=\"og:locale\" content=\"fr_FR\" \/>\n<meta property=\"og:type\" content=\"article\" \/>\n<meta property=\"og:title\" content=\"Des d\u00e9gustations aux domaines de la Ville de Lausanne - thomasvino\" \/>\n<meta property=\"og:description\" content=\"Vignobles de la Ville de Lausanne Visites avant la mise du 10 d\u00e9cembre Comme chaque ann\u00e9e, et pour la 209\u00e8me fois depuis 1803, d\u00e9but d\u00e9cembre, a lieu la vente aux ench\u00e8res publiques des vins de la Ville de Lausanne. Cette ann\u00e9e (2011), elle aura lieu le 10 d\u00e9cembre, dans la salle du Conseil communal de [&hellip;]\" \/>\n<meta property=\"og:url\" content=\"https:\/\/thomasvino.ch\/?p=9265\" \/>\n<meta property=\"og:site_name\" content=\"thomasvino\" \/>\n<meta property=\"article:published_time\" content=\"2011-10-30T18:23:00+00:00\" \/>\n<meta name=\"author\" content=\"Pierre Thomas\" \/>\n<meta name=\"twitter:label1\" content=\"\u00c9crit par\" \/>\n\t<meta name=\"twitter:data1\" content=\"Pierre Thomas\" \/>\n\t<meta name=\"twitter:label2\" content=\"Dur\u00e9e de lecture estim\u00e9e\" \/>\n\t<meta name=\"twitter:data2\" content=\"2 minutes\" \/>\n<script type=\"application\/ld+json\" class=\"yoast-schema-graph\">{\"@context\":\"https:\/\/schema.org\",\"@graph\":[{\"@type\":\"WebPage\",\"@id\":\"https:\/\/thomasvino.ch\/?p=9265\",\"url\":\"https:\/\/thomasvino.ch\/?p=9265\",\"name\":\"Des d\u00e9gustations aux domaines de la Ville de Lausanne - thomasvino\",\"isPartOf\":{\"@id\":\"https:\/\/thomasvino.ch\/#website\"},\"datePublished\":\"2011-10-30T18:23:00+00:00\",\"dateModified\":\"2011-10-30T18:23:00+00:00\",\"author\":{\"@id\":\"https:\/\/thomasvino.ch\/#\/schema\/person\/670bf4486fe81152cf1d68bd585e062e\"},\"breadcrumb\":{\"@id\":\"https:\/\/thomasvino.ch\/?p=9265#breadcrumb\"},\"inLanguage\":\"fr-FR\",\"potentialAction\":[{\"@type\":\"ReadAction\",\"target\":[\"https:\/\/thomasvino.ch\/?p=9265\"]}]},{\"@type\":\"BreadcrumbList\",\"@id\":\"https:\/\/thomasvino.ch\/?p=9265#breadcrumb\",\"itemListElement\":[{\"@type\":\"ListItem\",\"position\":1,\"name\":\"Accueil\",\"item\":\"https:\/\/thomasvino.ch\/\"},{\"@type\":\"ListItem\",\"position\":2,\"name\":\"Des d\u00e9gustations aux domaines de la Ville de Lausanne\"}]},{\"@type\":\"WebSite\",\"@id\":\"https:\/\/thomasvino.ch\/#website\",\"url\":\"https:\/\/thomasvino.ch\/\",\"name\":\"thomasvino\",\"description\":\"Vins &amp; Gastronomie\",\"potentialAction\":[{\"@type\":\"SearchAction\",\"target\":{\"@type\":\"EntryPoint\",\"urlTemplate\":\"https:\/\/thomasvino.ch\/?s={search_term_string}\"},\"query-input\":\"required name=search_term_string\"}],\"inLanguage\":\"fr-FR\"},{\"@type\":\"Person\",\"@id\":\"https:\/\/thomasvino.ch\/#\/schema\/person\/670bf4486fe81152cf1d68bd585e062e\",\"name\":\"Pierre Thomas\",\"image\":{\"@type\":\"ImageObject\",\"inLanguage\":\"fr-FR\",\"@id\":\"https:\/\/thomasvino.ch\/#\/schema\/person\/image\/\",\"url\":\"https:\/\/secure.gravatar.com\/avatar\/91fd5a76647f140e53db987a0dead4d7?s=96&d=mm&r=g\",\"contentUrl\":\"https:\/\/secure.gravatar.com\/avatar\/91fd5a76647f140e53db987a0dead4d7?s=96&d=mm&r=g\",\"caption\":\"Pierre Thomas\"},\"url\":\"https:\/\/thomasvino.ch\/?author=3\"}]}<\/script>\n<!-- \/ Yoast SEO plugin. -->","yoast_head_json":{"title":"Des d\u00e9gustations aux domaines de la Ville de Lausanne - thomasvino","robots":{"index":"index","follow":"follow","max-snippet":"max-snippet:-1","max-image-preview":"max-image-preview:large","max-video-preview":"max-video-preview:-1"},"canonical":"https:\/\/thomasvino.ch\/?p=9265","og_locale":"fr_FR","og_type":"article","og_title":"Des d\u00e9gustations aux domaines de la Ville de Lausanne - thomasvino","og_description":"Vignobles de la Ville de Lausanne Visites avant la mise du 10 d\u00e9cembre Comme chaque ann\u00e9e, et pour la 209\u00e8me fois depuis 1803, d\u00e9but d\u00e9cembre, a lieu la vente aux ench\u00e8res publiques des vins de la Ville de Lausanne. Cette ann\u00e9e (2011), elle aura lieu le 10 d\u00e9cembre, dans la salle du Conseil communal de [&hellip;]","og_url":"https:\/\/thomasvino.ch\/?p=9265","og_site_name":"thomasvino","article_published_time":"2011-10-30T18:23:00+00:00","author":"Pierre Thomas","twitter_misc":{"\u00c9crit par":"Pierre Thomas","Dur\u00e9e de lecture estim\u00e9e":"2 minutes"},"schema":{"@context":"https:\/\/schema.org","@graph":[{"@type":"WebPage","@id":"https:\/\/thomasvino.ch\/?p=9265","url":"https:\/\/thomasvino.ch\/?p=9265","name":"Des d\u00e9gustations aux domaines de la Ville de Lausanne - thomasvino","isPartOf":{"@id":"https:\/\/thomasvino.ch\/#website"},"datePublished":"2011-10-30T18:23:00+00:00","dateModified":"2011-10-30T18:23:00+00:00","author":{"@id":"https:\/\/thomasvino.ch\/#\/schema\/person\/670bf4486fe81152cf1d68bd585e062e"},"breadcrumb":{"@id":"https:\/\/thomasvino.ch\/?p=9265#breadcrumb"},"inLanguage":"fr-FR","potentialAction":[{"@type":"ReadAction","target":["https:\/\/thomasvino.ch\/?p=9265"]}]},{"@type":"BreadcrumbList","@id":"https:\/\/thomasvino.ch\/?p=9265#breadcrumb","itemListElement":[{"@type":"ListItem","position":1,"name":"Accueil","item":"https:\/\/thomasvino.ch\/"},{"@type":"ListItem","position":2,"name":"Des d\u00e9gustations aux domaines de la Ville de Lausanne"}]},{"@type":"WebSite","@id":"https:\/\/thomasvino.ch\/#website","url":"https:\/\/thomasvino.ch\/","name":"thomasvino","description":"Vins &amp; Gastronomie","potentialAction":[{"@type":"SearchAction","target":{"@type":"EntryPoint","urlTemplate":"https:\/\/thomasvino.ch\/?s={search_term_string}"},"query-input":"required name=search_term_string"}],"inLanguage":"fr-FR"},{"@type":"Person","@id":"https:\/\/thomasvino.ch\/#\/schema\/person\/670bf4486fe81152cf1d68bd585e062e","name":"Pierre Thomas","image":{"@type":"ImageObject","inLanguage":"fr-FR","@id":"https:\/\/thomasvino.ch\/#\/schema\/person\/image\/","url":"https:\/\/secure.gravatar.com\/avatar\/91fd5a76647f140e53db987a0dead4d7?s=96&d=mm&r=g","contentUrl":"https:\/\/secure.gravatar.com\/avatar\/91fd5a76647f140e53db987a0dead4d7?s=96&d=mm&r=g","caption":"Pierre Thomas"},"url":"https:\/\/thomasvino.ch\/?author=3"}]}},"jetpack_featured_media_url":"","jetpack_sharing_enabled":true,"jetpack_shortlink":"https:\/\/wp.me\/p3m4tZ-2pr","jetpack_likes_enabled":false,"jetpack-related-posts":[{"id":11513,"url":"https:\/\/thomasvino.ch\/?p=11513","url_meta":{"origin":9265,"position":0},"title":"40% de vin en moins \u00e0 la vente aux ench\u00e8res de la Ville de Lausanne","date":"3 d\u00e9cembre 2013","format":false,"excerpt":"Plus important propri\u00e9taire public de domaines viticoles en Suisse, la Ville de Lausanne mettra ses vins en vente aux ench\u00e8res le samedi 14 d\u00e9cembre 2013, d\u00e8s 9 h., \u00e0 l'H\u00f4tel-de-Ville, pour la 211\u00e8me fois. S'il y aura de petits lots, pour les priv\u00e9s, sur l'ensemble, le mill\u00e9sime 2013 est inf\u00e9rieur\u2026","rel":"","context":"Dans &quot;Actus - News&quot;","img":{"alt_text":"","src":"","width":0,"height":0},"classes":[]},{"id":13145,"url":"https:\/\/thomasvino.ch\/?p=13145","url_meta":{"origin":9265,"position":1},"title":"La 213\u00e8me vente des vins de la Ville  De petits lots pour les Lausannois","date":"4 novembre 2015","format":false,"excerpt":"\u00abEt si nous rendions cette mise aux Lausannois\u00a0?\u00bb La question est pos\u00e9e sur une page d\u00e9di\u00e9e de Facebook par les cinq domaines de la Ville de Lausanne. Tenue depuis 1803, la 213\u00e8me \u00e9dition de la mise aux ench\u00e8res publique des vins de la Ville de Lausanne aura lieu le samedi\u2026","rel":"","context":"Dans &quot;Actus - News&quot;","img":{"alt_text":"","src":"","width":0,"height":0},"classes":[]},{"id":9903,"url":"https:\/\/thomasvino.ch\/?p=9903","url_meta":{"origin":9265,"position":2},"title":"Vins suisses \u2014 Vente des vins 2006 de la Ville de Lausanne","date":"3 d\u00e9cembre 2006","format":false,"excerpt":"\u00a0Vins suisses Vente des vins de la Ville de Lausanne Un faux gamay primeur en guise d\u2019ap\u00e9ritif Ce samedi, 9 d\u00e9cembre, d\u00e8s 9 h., la 204\u00e8me mise aux ench\u00e8res des vins de la Ville de Lausanne aura lieu \u00e0 l\u2019H\u00f4tel-de-Ville de la \u00abcapitale\u00bb vaudoise. Quelque 185'000 litres (dont 35'000 de\u2026","rel":"","context":"Dans &quot;Actus - News&quot;","img":{"alt_text":"","src":"","width":0,"height":0},"classes":[]},{"id":17604,"url":"https:\/\/thomasvino.ch\/?p=17604","url_meta":{"origin":9265,"position":3},"title":"219\u00e8me mise des vins de Lausanne\u00a0: samedi 11.12.21","date":"5 d\u00e9cembre 2021","format":false,"excerpt":"La vente aux ench\u00e8res des vins en primeurs des cinq domaines de la Ville de Lausanne (deux \u00e0 La C\u00f4te, trois \u00e0 Lavaux) aura lieu samedi matin 11 d\u00e9cembre, \u00e0 8 h., \u00e0 l\u2019H\u00f4tel-de-Ville, place de la Palud. Des lots de 24 \u00e0 120 bouteilles seront soumis aux ench\u00e8res du\u2026","rel":"","context":"Dans &quot;Actus - News&quot;","img":{"alt_text":"","src":"https:\/\/i0.wp.com\/thomasvino.ch\/wp-content\/uploads\/2021\/12\/dezaley_de_la_ville_clos_des_abbyes_web.jpg?resize=350%2C200&ssl=1","width":350,"height":200},"classes":[]},{"id":12409,"url":"https:\/\/thomasvino.ch\/?p=12409","url_meta":{"origin":9265,"position":4},"title":"Vins de la Ville de Lausanne  D\u00e9gustation publique avant la 212\u00e8me mise","date":"3 d\u00e9cembre 2014","format":false,"excerpt":"Destin\u00e9e aux professionnels de la branche vini-viticole comme au grand public, la 212e mise aux ench\u00e8res des vins de la Ville de Lausanne aura lieu samedi 13 d\u00e9cembre \u00e0 8h30 dans la salle du Conseil communal de l\u2019H\u00f4tel de Ville. Le parrainage et la conduite de cette vente seront confi\u00e9s\u2026","rel":"","context":"Dans &quot;Actus - News&quot;","img":{"alt_text":"","src":"","width":0,"height":0},"classes":[]},{"id":9288,"url":"https:\/\/thomasvino.ch\/?p=9288","url_meta":{"origin":9265,"position":5},"title":"Renouveau \u00e0 la t\u00eate des vins de la Ville de Lausanne","date":"30 novembre 2011","format":false,"excerpt":"Vente des vins de la ville de Lausanne Tradition et nouveaut\u00e9s 2011 Chambardement \u00e0 la gestion des domaines viticoles de la Ville de Lausanne. On en verra les effets \u00e0 la vente aux ench\u00e8res publiques du samedi 10 d\u00e9cembre 2011, d\u00e8s 9 h., \u00e0 l'H\u00f4tel-de-Ville, place de la Palud. Difficile\u2026","rel":"","context":"Dans &quot;Vins suisses&quot;","img":{"alt_text":"","src":"","width":0,"height":0},"classes":[]}],"_links":{"self":[{"href":"https:\/\/thomasvino.ch\/index.php?rest_route=\/wp\/v2\/posts\/9265"}],"collection":[{"href":"https:\/\/thomasvino.ch\/index.php?rest_route=\/wp\/v2\/posts"}],"about":[{"href":"https:\/\/thomasvino.ch\/index.php?rest_route=\/wp\/v2\/types\/post"}],"author":[{"embeddable":true,"href":"https:\/\/thomasvino.ch\/index.php?rest_route=\/wp\/v2\/users\/3"}],"replies":[{"embeddable":true,"href":"https:\/\/thomasvino.ch\/index.php?rest_route=%2Fwp%2Fv2%2Fcomments&post=9265"}],"version-history":[{"count":0,"href":"https:\/\/thomasvino.ch\/index.php?rest_route=\/wp\/v2\/posts\/9265\/revisions"}],"wp:attachment":[{"href":"https:\/\/thomasvino.ch\/index.php?rest_route=%2Fwp%2Fv2%2Fmedia&parent=9265"}],"wp:term":[{"taxonomy":"category","embeddable":true,"href":"https:\/\/thomasvino.ch\/index.php?rest_route=%2Fwp%2Fv2%2Fcategories&post=9265"},{"taxonomy":"post_tag","embeddable":true,"href":"https:\/\/thomasvino.ch\/index.php?rest_route=%2Fwp%2Fv2%2Ftags&post=9265"}],"curies":[{"name":"wp","href":"https:\/\/api.w.org\/{rel}","templated":true}]}}