{"id":9271,"date":"2011-11-07T18:48:00","date_gmt":"2011-11-07T18:48:00","guid":{"rendered":"http:\/\/localhost\/thomasvino\/?p=9271"},"modified":"2011-11-07T18:48:00","modified_gmt":"2011-11-07T18:48:00","slug":"pierre-yves-maillard-toujours-pret","status":"publish","type":"post","link":"https:\/\/thomasvino.ch\/?p=9271","title":{"rendered":"Pierre-Yves Maillard: toujours pr\u00eat!"},"content":{"rendered":"<div style=\"text-align: justify;\"><i>Paru dans le no 51 de feu <\/i>dimanche.ch<i>, le 23 d\u00e9cembre 2001<\/i><\/div>\n<h2 style=\"text-align: justify;\"><i>Pierre-Yves Maillard<\/i><\/h2>\n<h1 style=\"text-align: justify;\">\u00abJe suis pr\u00eat \u00e0 assumer <br \/>\ntoutes les fonctions\u00bb<\/h1>\n<div style=\"text-align: justify;\"><b>Initiative sur les 36 heures, loi sur le march\u00e9 de l&rsquo;\u00e9lectricit\u00e9, initiative sur l&rsquo;assurance maladie et succession de Ruth Dreifuss. L&rsquo;ann\u00e9e 2002 sera-t-elle celle du conseiller national socialiste vaudois, meilleur \u00abbleu\u00bb du Parlement selon <i>L&rsquo;Hebdo<\/i>?<\/b><br \/>\n<i>Par Pierre Thomas<\/i><br \/>\n<b>Etre socialiste en Suisse, \u00e0 l&rsquo;aube de 2002, qu&rsquo;est-ce que cela signifie?<\/b><br \/>\nLes choses deviennent de plus en plus simples et \u00e9videntes. Tout le monde contribue \u00e0 produire des richesses. Mais elles sont toujours plus mal distribu\u00e9es. Il faut se battre pour une redistribution plus juste. C&rsquo;est vrai aussi en Suisse, o\u00f9 il y a des in\u00e9galit\u00e9s et de la pauvret\u00e9.<br \/>\n<b>Rien de bien nouveau, donc&#8230;<\/b><br \/>\nRien de nouveau, parce que le monde ne change pas. Pour moi, il n&rsquo;y a jamais eu de \u00abnouvelle \u00e9conomie\u00bb. Je rentre d&rsquo;un d\u00e9brayage \u00e0 Gland o\u00f9 l&rsquo;entreprise fait des b\u00e9n\u00e9fices et a un carnet de commandes bien rempli, mais licencie sept personnes pour assouvir les app\u00e9tits des actionnaires. Comme il y a un si\u00e8cle, il faut se battre pour que le monde du travail ait une part plus juste.<br \/>\n<b>Mais n&rsquo;est-ce pas ce discours qui vous met en marge du Parti socialiste suisse (PSS)?<\/b><br \/>\nCe discours n&rsquo;est pas marginal, il est m\u00eame devenu majoritaire. Au congr\u00e8s de Lugano, 45% des participants ont soutenu la ligne que je d\u00e9fends avec d&rsquo;autres pour le service public et, \u00e0 celui de Fribourg, 65% \u00e0 propos du march\u00e9 de l&rsquo;\u00e9lectricit\u00e9, les deux fois contre la direction du parti. C&rsquo;est un discours men\u00e9 collectivement par de nombreux \u00e9lus nationaux romands.<br \/>\n<b>N&rsquo;y a-t-il pas clivage entre la gauche d&rsquo;ici et celle de Suisse al\u00e9manique?<\/b><br \/>\nGlobalement, il y a une diff\u00e9rence de sensibilit\u00e9s, mais la combativit\u00e9 des socialistes al\u00e9maniques progresse. Je ne me r\u00e9signerai jamais \u00e0 dire qu&rsquo;on fait de la politique pour une partie du pays seulement. Sur beaucoup de sujets, l&rsquo;ancienne \u00e9quipe de <b>Peter Bodenmann<\/b> pense comme les Romands. Aujourd&rsquo;hui, m\u00eame <b>Moritz Leuenberger<\/b> est convaincu qu&rsquo;il ne faut pas vendre les actions que la Conf\u00e9d\u00e9ration d\u00e9tient dans Swisscom pour financer la nouvelle Crossair. Il ne faut pas se r\u00e9signer: il faut, au contraire, toujours essayer de convaincre.<br \/>\n<b>Quel bilan tirez-vous de la d\u00e9b\u00e2cle de Swissair?<\/b><br \/>\nPolitiquement, le PSS et la gauche doivent monnayer plus durement leur soutien au bloc radical et d\u00e9mocrate-chr\u00e9tien, qui ont \u00e9t\u00e9 mesquins sur le plan social&#8230; On ne demandait pourtant pas grand-chose: que l&rsquo;argent public soit conditionn\u00e9 au fait que les nouveaux investisseurs financent ce plan. On n&rsquo;aurait pas d\u00fb c\u00e9der. Mais, au moins, on a r\u00e9ussi \u00e0 mettre le th\u00e8me du plan social sur la table. Il faut, maintenant, que le d\u00e9bat soit relay\u00e9 par une lutte syndicale.<br \/>\n<b>Les syndicats ne r\u00e9agissent pas de la m\u00eame mani\u00e8re \u00e0 Cointrin et \u00e0 Kloten!<\/b><br \/>\nIl est tr\u00e8s dur d&rsquo;organiser une lutte coh\u00e9rente. Je trouve l\u00e9gitime d&rsquo;utiliser l&rsquo;arme de la gr\u00e8ve. Il faut montrer que, sans le respect minimal des salari\u00e9s, aucune entreprise ne tourne.<br \/>\n<b>Autre sujet chaud, la Banque Cantonale Vaudoise, o\u00f9 le canton devra verser 300 millions pour assurer des cr\u00e9dits \u00e0 risque sous-estim\u00e9s&#8230; Regrettez-vous d&rsquo;avoir incit\u00e9 les Vaudois \u00e0 ne pas privatiser la BCV en septembre?<\/b><br \/>\nAu contraire! Si le peuple avait laiss\u00e9 privatiser, il y aurait eu deux solutions. Ou la BCV n&rsquo;aurait pas trouv\u00e9 preneur pour ce paquet d&rsquo;actions. Ou la BCV aurait fait l&rsquo;objet d&rsquo;une op\u00e9ration strat\u00e9gique, pour la restructurer. Cet \u00e9pisode montre que le canton a une banque, mais pas d&rsquo;influence.<br \/>\n<b>L&rsquo;ann\u00e9e 2002 sera riche en th\u00e8me que vous affectionnez. En mars, le peuple votera sur l&rsquo;initiative de l&rsquo;Union syndicale suisse pour les 36 heures.<\/b><br \/>\nLe but de l&rsquo;initiative est de reparler de ce th\u00e8me en Suisse. Depuis des ann\u00e9es, on s&rsquo;aper\u00e7oit que les travailleurs produisent plus, mais re\u00e7oivent peu en retour. En France, la r\u00e9duction du ch\u00f4mage est \u00e0 mettre, pour un quart, au cr\u00e9dit des 35 heures.<br \/>\n<b>Dans son message, le Conseil f\u00e9d\u00e9ral r\u00e9torque que la Suisse r\u00e9duit son ch\u00f4mage et atteint presque le plein-emploi.<\/b><br \/>\nDans mon rayon Vaud-Fribourg, en deux mois, sept entreprises ont annonc\u00e9 plusieurs dizaines de licenciements. \u00c7a va se d\u00e9grader assez vite!<br \/>\n<b>Pourquoi refusez-vous la loi sur le march\u00e9 de l&rsquo;\u00e9lectricit\u00e9, soumise au peuple en juin?<\/b><br \/>\nAu XIXe si\u00e8cle, il y avait des terrains \u00e0 conqu\u00e9rir. Aujourd&rsquo;hui, les champs \u00e0 conqu\u00e9rir pour les d\u00e9tenteurs de capitaux, c&rsquo;est le service public. Depuis les ann\u00e9es 1990, j&rsquo;ai acquis la conviction que cette dynamique ne s&rsquo;arr\u00eatera pas sans un fort mouvement de la population. Dire non \u00e0 la loi sur le march\u00e9 de l&rsquo;\u00e9lectricit\u00e9 aura un retentissement international. Car il n&rsquo;y a pas de limite \u00e0 la privatisation. La lib\u00e9ralisation est un d\u00e9sastre pour le rail ou les t\u00e9l\u00e9coms. Les concurrents de Swisscom n&rsquo;ont toujours pas gagn\u00e9 un sou et pratiquent un dumping dont il faudra un jour payer la note.<br \/>\n<b>Autre votation, l&rsquo;initiative sur l&rsquo;assurance maladie. Le texte syndicalo-socialiste ne pr\u00e9voit pas de caisse unique pour l&rsquo;assurance de base&#8230;<\/b><br \/>\nLa solution, c&rsquo;est une caisse unique, t\u00f4t ou tard. Il faudra qu&rsquo;on relance une initiative. Mais accepter des cotisations bas\u00e9es sur le revenu et une planification f\u00e9d\u00e9rale de la sant\u00e9 pour agir sur les co\u00fbts est une premi\u00e8re \u00e9tape qui n&rsquo;exclut pas la caisse unique.<br \/>\n<b>Ruth Dreifuss ne sera plus l\u00e0 pour g\u00e9rer le dossier&#8230;<\/b><br \/>\nJe suis moins disert sur ce sujet. Si quelqu&rsquo;un de combatif est \u00e9lu, \u00e7a vaut la peine de participer au Conseil f\u00e9d\u00e9ral. Sinon, on est mieux dehors&#8230; Les socialistes ne peuvent pas se payer le luxe d&rsquo;affaiblir leur propre camp en d\u00e9fendant des positions qui leur sont contraires.<br \/>\n<b>A vous entendre, vous serez candidat au Conseil f\u00e9d\u00e9ral&#8230;<\/b><br \/>\nJe ne suis pas s\u00fbr que la droite pense comme vous! Je suis pr\u00eat \u00e0 assumer toutes les fonctions. Mais je ne fais pas ce qu&rsquo;il faut pour \u00eatre papable.<br \/>\n<b>Qui va succ\u00e9der \u00e0 Ruth Dreifuss?<\/b><br \/>\nJe pense que ce sera une femme. Nous avons des candidates de valeur, comme les Genevoises <b>Micheline Calmy-Rey<\/b> <i>(r\u00e9d.: ce fut elle qui fut \u00e9lue, et vient de d\u00e9missionner, dix ans plus tard: PYM est plus que jamais dans la course!)<\/i> ou <b>Liliane Maury-Pasquier<\/b>.<br \/>\n<b>On vous voit aussi en embuscade pour le deuxi\u00e8me tour du Conseil d&rsquo;Etat vaudois?<\/b><br \/>\nJ&rsquo;ai toujours \u00e9t\u00e9 \u00e0 la disposition de mon parti quand il le fallait, mais, en l&rsquo;occurrence, ce n&rsquo;est pas n\u00e9cessaire. Nous avons trois candidatures de valeur et compl\u00e9mentaires (ndlr: la sortante <b>Francine Jeanpr\u00eatre<\/b>, le conseiller national <b>Pierre Chiffelle<\/b> et <b>Anne-Catherine Lyon<\/b>). Et j&rsquo;aime le travail syndical dans lequel je me suis engag\u00e9.<\/div>\n<h3>Trois citations-slogans<\/h3>\n<div style=\"text-align: justify;\"><i>\u00abIl ne faut pas se r\u00e9signer, <br \/>\nil faut convaincre\u00bb<\/i><br \/>\n+<br \/>\n<i>\u00abIl n&rsquo;y a pas de limite<br \/>\n\u00e0 la privatisation\u00bb<\/i><br \/>\n++<br \/>\n<i>\u00abLe canton de Vaud a sa banque, <br \/>\nmais pas d&rsquo;influence\u00bb<\/i><\/div>\n<h3>Trajectoire<\/h3>\n<div style=\"text-align: justify;\"><b>16 mars 1968<\/b><br \/>\nNa\u00eet \u00e0 Lausanne. Fils a\u00een\u00e9 d&rsquo;un garagiste (comme <b>Jean-Pascal Delamuraz<\/b>&#8230;). Deux soeurs suivront. Loisirs \u00e0 Porsel (FR), d&rsquo;o\u00f9 vient sa famille.<br \/>\n<b>1990<\/b><br \/>\nElu au L\u00e9gislatif de Lausanne (jusqu&rsquo;en 1998).<br \/>\n<b>1992<\/b><br \/>\nLicence \u00e8s lettres (philo) \u00e0 l&rsquo;Uni de Lausanne.<br \/>\n<b>1992-1994<\/b><br \/>\nSecr\u00e9taire de la F\u00e9d\u00e9ration des associations d&rsquo;\u00e9tudiants.<br \/>\n<b>1994<\/b><br \/>\nCollaborateur personnel du conseiller d&rsquo;Etat <b>Jean Jacques Schwaab<\/b>.<br \/>\n<b>1995-1999<\/b><br \/>\nEnseignant au niveau secondaire.<br \/>\n<b>1997<\/b><br \/>\nCandidat au Conseil d&rsquo;Etat; contraint la radicale <b>Jacqueline Maurer<\/b> \u00e0 un deuxi\u00e8me tour.<br \/>\n<b>1998<\/b><br \/>\nCandidat au Conseil d&rsquo;Etat. A gauche, seuls <b>Francine Jeanpr\u00eatre<\/b> et le Vert <b>Philippe Bieler<\/b> passent. Elu au Grand Conseil (y si\u00e8ge jusqu&rsquo;en 2000).<br \/>\n<b>1999<\/b><br \/>\nElu au Conseil national. Membre de la Commission des finances <i>(le quittera en 2004, lire ci-dessous)<\/i><br \/>\n<b>2000<\/b><br \/>\nPr\u00e9sident du Parti socialiste vaudois. Secr\u00e9taire du syndicat FTMH-Unia Vaud-Fribourg. Dirige une \u00e9quipe de 45 personnes.<\/p>\n<p><i>La biographie s&rsquo;arr\u00eate l\u00e0&#8230; Pour la suite, voir <\/i><a href=\"http:\/\/fr.wikipedia.org\/wiki\/Pierre-Yves_Maillard\"><i><b>wikipedia<\/b><\/i><\/a><i>. Rappel de quelques dates: secr\u00e9taire syndical jusqu&rsquo;au <b>1er d\u00e9cembre 2004<\/b>, o\u00f9 il devient conseiller d&rsquo;Etat (il quitte alors le Conseil national), <b>r\u00e9\u00e9lu au premier tour en 2007<\/b> (une premi\u00e8re pour un socialiste vaudois!). <\/i><b><i>De mars 2004 \u00e0 mars 2008, il est vice-pr\u00e9sident du Parti socialiste suisse<\/i><\/b>.<i> Le 26 octobre 2011, annonce sa candidature \u00e0 la succession de Micheline Calmy-Rey. Est oppos\u00e9 au conseiller aux Etats fribourgeois <b>Alain Berset<\/b>, au conseillers nationaux valaisan <b>St\u00e9phane Rossini<\/b> et la Tessinoise <b>Marina Carobbio<\/b> Guscetti. Le candidat socialiste ou le ticket \u00e0 deux devrait \u00eatre arr\u00eat\u00e9 les <b>25 et 26 novembre<\/b> par le groupe socialiste, quant \u00e0 l&rsquo;\u00e9lection par les Chambres f\u00e9d\u00e9rales r\u00e9unies, elle est agend\u00e9e au <b>14 d\u00e9cembre 2011<\/b> au matin.<\/i><br \/>\n\u00a9thomasvino.ch<\/div>\n","protected":false},"excerpt":{"rendered":"<p>Paru dans le no 51 de feu dimanche.ch, le 23 d\u00e9cembre 2001 Pierre-Yves Maillard \u00abJe suis pr\u00eat \u00e0 assumer toutes les fonctions\u00bb Initiative sur les 36 heures, loi sur le march\u00e9 de l&rsquo;\u00e9lectricit\u00e9, initiative sur l&rsquo;assurance maladie et succession de Ruth Dreifuss. L&rsquo;ann\u00e9e 2002 sera-t-elle celle du conseiller national socialiste vaudois, meilleur \u00abbleu\u00bb du Parlement [&hellip;]<\/p>\n","protected":false},"author":3,"featured_media":0,"comment_status":"closed","ping_status":"open","sticky":false,"template":"","format":"standard","meta":{"_monsterinsights_skip_tracking":false,"_monsterinsights_sitenote_active":false,"_monsterinsights_sitenote_note":"","_monsterinsights_sitenote_category":0,"jetpack_post_was_ever_published":false,"jetpack_publicize_message":"","jetpack_is_tweetstorm":false,"jetpack_publicize_feature_enabled":true,"jetpack_social_post_already_shared":false,"jetpack_social_options":{"image_generator_settings":{"template":"highway","enabled":false}}},"categories":[29],"tags":[],"jetpack_publicize_connections":[],"yoast_head":"<!-- This site is optimized with the Yoast SEO plugin v20.6 - https:\/\/yoast.com\/wordpress\/plugins\/seo\/ -->\n<title>Pierre-Yves Maillard: toujours pr\u00eat! - thomasvino<\/title>\n<meta name=\"robots\" content=\"index, follow, max-snippet:-1, max-image-preview:large, max-video-preview:-1\" \/>\n<link rel=\"canonical\" href=\"https:\/\/thomasvino.ch\/?p=9271\" \/>\n<meta property=\"og:locale\" content=\"fr_FR\" \/>\n<meta property=\"og:type\" content=\"article\" \/>\n<meta property=\"og:title\" content=\"Pierre-Yves Maillard: toujours pr\u00eat! - thomasvino\" \/>\n<meta property=\"og:description\" content=\"Paru dans le no 51 de feu dimanche.ch, le 23 d\u00e9cembre 2001 Pierre-Yves Maillard \u00abJe suis pr\u00eat \u00e0 assumer toutes les fonctions\u00bb Initiative sur les 36 heures, loi sur le march\u00e9 de l&rsquo;\u00e9lectricit\u00e9, initiative sur l&rsquo;assurance maladie et succession de Ruth Dreifuss. L&rsquo;ann\u00e9e 2002 sera-t-elle celle du conseiller national socialiste vaudois, meilleur \u00abbleu\u00bb du Parlement [&hellip;]\" \/>\n<meta property=\"og:url\" content=\"https:\/\/thomasvino.ch\/?p=9271\" \/>\n<meta property=\"og:site_name\" content=\"thomasvino\" \/>\n<meta property=\"article:published_time\" content=\"2011-11-07T18:48:00+00:00\" \/>\n<meta name=\"author\" content=\"Pierre Thomas\" \/>\n<meta name=\"twitter:label1\" content=\"\u00c9crit par\" \/>\n\t<meta name=\"twitter:data1\" content=\"Pierre Thomas\" \/>\n\t<meta name=\"twitter:label2\" content=\"Dur\u00e9e de lecture estim\u00e9e\" \/>\n\t<meta name=\"twitter:data2\" content=\"7 minutes\" \/>\n<script type=\"application\/ld+json\" class=\"yoast-schema-graph\">{\"@context\":\"https:\/\/schema.org\",\"@graph\":[{\"@type\":\"WebPage\",\"@id\":\"https:\/\/thomasvino.ch\/?p=9271\",\"url\":\"https:\/\/thomasvino.ch\/?p=9271\",\"name\":\"Pierre-Yves Maillard: toujours pr\u00eat! - thomasvino\",\"isPartOf\":{\"@id\":\"https:\/\/thomasvino.ch\/#website\"},\"datePublished\":\"2011-11-07T18:48:00+00:00\",\"dateModified\":\"2011-11-07T18:48:00+00:00\",\"author\":{\"@id\":\"https:\/\/thomasvino.ch\/#\/schema\/person\/670bf4486fe81152cf1d68bd585e062e\"},\"breadcrumb\":{\"@id\":\"https:\/\/thomasvino.ch\/?p=9271#breadcrumb\"},\"inLanguage\":\"fr-FR\",\"potentialAction\":[{\"@type\":\"ReadAction\",\"target\":[\"https:\/\/thomasvino.ch\/?p=9271\"]}]},{\"@type\":\"BreadcrumbList\",\"@id\":\"https:\/\/thomasvino.ch\/?p=9271#breadcrumb\",\"itemListElement\":[{\"@type\":\"ListItem\",\"position\":1,\"name\":\"Accueil\",\"item\":\"https:\/\/thomasvino.ch\/\"},{\"@type\":\"ListItem\",\"position\":2,\"name\":\"Pierre-Yves Maillard: toujours pr\u00eat!\"}]},{\"@type\":\"WebSite\",\"@id\":\"https:\/\/thomasvino.ch\/#website\",\"url\":\"https:\/\/thomasvino.ch\/\",\"name\":\"thomasvino\",\"description\":\"Vins &amp; Gastronomie\",\"potentialAction\":[{\"@type\":\"SearchAction\",\"target\":{\"@type\":\"EntryPoint\",\"urlTemplate\":\"https:\/\/thomasvino.ch\/?s={search_term_string}\"},\"query-input\":\"required name=search_term_string\"}],\"inLanguage\":\"fr-FR\"},{\"@type\":\"Person\",\"@id\":\"https:\/\/thomasvino.ch\/#\/schema\/person\/670bf4486fe81152cf1d68bd585e062e\",\"name\":\"Pierre Thomas\",\"image\":{\"@type\":\"ImageObject\",\"inLanguage\":\"fr-FR\",\"@id\":\"https:\/\/thomasvino.ch\/#\/schema\/person\/image\/\",\"url\":\"https:\/\/secure.gravatar.com\/avatar\/91fd5a76647f140e53db987a0dead4d7?s=96&d=mm&r=g\",\"contentUrl\":\"https:\/\/secure.gravatar.com\/avatar\/91fd5a76647f140e53db987a0dead4d7?s=96&d=mm&r=g\",\"caption\":\"Pierre Thomas\"},\"url\":\"https:\/\/thomasvino.ch\/?author=3\"}]}<\/script>\n<!-- \/ Yoast SEO plugin. -->","yoast_head_json":{"title":"Pierre-Yves Maillard: toujours pr\u00eat! - thomasvino","robots":{"index":"index","follow":"follow","max-snippet":"max-snippet:-1","max-image-preview":"max-image-preview:large","max-video-preview":"max-video-preview:-1"},"canonical":"https:\/\/thomasvino.ch\/?p=9271","og_locale":"fr_FR","og_type":"article","og_title":"Pierre-Yves Maillard: toujours pr\u00eat! - thomasvino","og_description":"Paru dans le no 51 de feu dimanche.ch, le 23 d\u00e9cembre 2001 Pierre-Yves Maillard \u00abJe suis pr\u00eat \u00e0 assumer toutes les fonctions\u00bb Initiative sur les 36 heures, loi sur le march\u00e9 de l&rsquo;\u00e9lectricit\u00e9, initiative sur l&rsquo;assurance maladie et succession de Ruth Dreifuss. L&rsquo;ann\u00e9e 2002 sera-t-elle celle du conseiller national socialiste vaudois, meilleur \u00abbleu\u00bb du Parlement [&hellip;]","og_url":"https:\/\/thomasvino.ch\/?p=9271","og_site_name":"thomasvino","article_published_time":"2011-11-07T18:48:00+00:00","author":"Pierre Thomas","twitter_misc":{"\u00c9crit par":"Pierre Thomas","Dur\u00e9e de lecture estim\u00e9e":"7 minutes"},"schema":{"@context":"https:\/\/schema.org","@graph":[{"@type":"WebPage","@id":"https:\/\/thomasvino.ch\/?p=9271","url":"https:\/\/thomasvino.ch\/?p=9271","name":"Pierre-Yves Maillard: toujours pr\u00eat! - thomasvino","isPartOf":{"@id":"https:\/\/thomasvino.ch\/#website"},"datePublished":"2011-11-07T18:48:00+00:00","dateModified":"2011-11-07T18:48:00+00:00","author":{"@id":"https:\/\/thomasvino.ch\/#\/schema\/person\/670bf4486fe81152cf1d68bd585e062e"},"breadcrumb":{"@id":"https:\/\/thomasvino.ch\/?p=9271#breadcrumb"},"inLanguage":"fr-FR","potentialAction":[{"@type":"ReadAction","target":["https:\/\/thomasvino.ch\/?p=9271"]}]},{"@type":"BreadcrumbList","@id":"https:\/\/thomasvino.ch\/?p=9271#breadcrumb","itemListElement":[{"@type":"ListItem","position":1,"name":"Accueil","item":"https:\/\/thomasvino.ch\/"},{"@type":"ListItem","position":2,"name":"Pierre-Yves Maillard: toujours pr\u00eat!"}]},{"@type":"WebSite","@id":"https:\/\/thomasvino.ch\/#website","url":"https:\/\/thomasvino.ch\/","name":"thomasvino","description":"Vins &amp; Gastronomie","potentialAction":[{"@type":"SearchAction","target":{"@type":"EntryPoint","urlTemplate":"https:\/\/thomasvino.ch\/?s={search_term_string}"},"query-input":"required name=search_term_string"}],"inLanguage":"fr-FR"},{"@type":"Person","@id":"https:\/\/thomasvino.ch\/#\/schema\/person\/670bf4486fe81152cf1d68bd585e062e","name":"Pierre Thomas","image":{"@type":"ImageObject","inLanguage":"fr-FR","@id":"https:\/\/thomasvino.ch\/#\/schema\/person\/image\/","url":"https:\/\/secure.gravatar.com\/avatar\/91fd5a76647f140e53db987a0dead4d7?s=96&d=mm&r=g","contentUrl":"https:\/\/secure.gravatar.com\/avatar\/91fd5a76647f140e53db987a0dead4d7?s=96&d=mm&r=g","caption":"Pierre Thomas"},"url":"https:\/\/thomasvino.ch\/?author=3"}]}},"jetpack_featured_media_url":"","jetpack_sharing_enabled":true,"jetpack_shortlink":"https:\/\/wp.me\/p3m4tZ-2px","jetpack_likes_enabled":false,"jetpack-related-posts":[{"id":16508,"url":"https:\/\/thomasvino.ch\/?p=16508","url_meta":{"origin":9271,"position":0},"title":"Monde du vin romand\u00a0: deux disparitions","date":"30 mars 2020","format":false,"excerpt":"On nous l\u2019avait annonc\u00e9 t\u00f4t ce matin, et\u00a0Jacques P.J. \u00a0Jeannerat, grand ma\u00eetre de l\u2019Acad\u00e9mie du Cep genevoise le confirme sur Facebook : le Vaudois Yves Paquier, de Saint-Prex, est d\u00e9c\u00e9d\u00e9, victime du coronavirus. D\u00e9gustateur, formateur, \u00ab\u0153notouriste\u00bb (de l\u2019ann\u00e9e 2011) et accessoirement journaliste, cet extraverti a eu une longue carri\u00e8re au\u2026","rel":"","context":"Dans &quot;Actus - News&quot;","img":{"alt_text":"","src":"","width":0,"height":0},"classes":[]},{"id":9620,"url":"https:\/\/thomasvino.ch\/?p=9620","url_meta":{"origin":9271,"position":1},"title":"Chili \u2014 Le Chili \u00e0 Arvinis: le choc des (vitivini)cultures","date":"10 avril 2005","format":false,"excerpt":"Le Chili, h\u00f4te d'honneur du 10\u00e8me Arvinis 2005 \u00e0 Morges Un choc des (vitini)cultures Avant l\u2019\u00e9lection d\u2019Allende, puis son renversement et la dictature de Pinochet, on surnommait le Chili, \u00abla Suisse de l\u2019Am\u00e9rique du Sud\u00bb. Pour sa dixi\u00e8me \u00e9dition, Arvinis invite le dixi\u00e8me pays viticole mondial, qui a retrouv\u00e9 un\u2026","rel":"","context":"Dans &quot;Vins du Nouveau Monde&quot;","img":{"alt_text":"","src":"","width":0,"height":0},"classes":[]},{"id":9366,"url":"https:\/\/thomasvino.ch\/?p=9366","url_meta":{"origin":9271,"position":2},"title":"Les 11 premiers 1ers Grands Crus vaudois","date":"8 mai 2012","format":false,"excerpt":"Ils ne manquent pas d\u2019air \u2014 et d\u2019R \u2014 les pRemieRs gRands cRus vaudois d\u00e9voil\u00e9s mardi 8 mai au Palais de Rumine, dans la salle qui tient lieu d\u2019amphith\u00e9\u00e2tre aux d\u00e9put\u00e9s vaudois. Au point que Pascal Broulis s\u2019est encoubl\u00e9 et a salu\u00e9 les Premiers Grands Q (en phon\u00e9tique!). Le futur\u2026","rel":"","context":"Dans &quot;Vins suisses&quot;","img":{"alt_text":"","src":"","width":0,"height":0},"classes":[]},{"id":9770,"url":"https:\/\/thomasvino.ch\/?p=9770","url_meta":{"origin":9271,"position":3},"title":"B\u00e9atrice da Ros: \u00abTrop de concours dans le monde\u00bb","date":"9 janvier 2005","format":false,"excerpt":"\u00abIl y a trop de concours qui priment des vins dans le monde!\u00bb Le dixi\u00e8me concours des Vinalies internationales, \u00e0 Paris a eu lieu \u00e0 mi-f\u00e9vrier. Bilan avec B\u00e9atrice da Ros, directrice de l'Union fran\u00e7aise des \u0153nologues et pr\u00e9sidente de la F\u00e9d\u00e9ration des (dix) grands concours internationaux, auquel appartient le\u2026","rel":"","context":"Dans &quot;Tendance&quot;","img":{"alt_text":"","src":"","width":0,"height":0},"classes":[]},{"id":14672,"url":"https:\/\/thomasvino.ch\/?p=14672","url_meta":{"origin":9271,"position":4},"title":"Le premier domaine bio de Suisse n&rsquo;a qu&rsquo;un quart de si\u00e8cle!","date":"27 octobre 2017","format":false,"excerpt":"C\u2019est le plus grand domaine viticole cultiv\u00e9 enti\u00e8rement en bio, label bourgeon, de Suisse, sur 22 hectares. Depuis 1992, le Domaine des Coccinelles, \u00e0 Saint-Aubin (NE), n\u2019a toujours pas \u00e9t\u00e9 d\u00e9pass\u00e9 en superficie et reste un leader en Suisse. Retour sur cette aventure \u00e9cologique avec Pierre, le fils du fondateur\u2026","rel":"","context":"Dans &quot;Vins suisses&quot;","img":{"alt_text":"","src":"https:\/\/i0.wp.com\/thomasvino.ch\/wp-content\/uploads\/2017\/10\/site_cocci_coquelicot-300x200.jpg?resize=350%2C200&ssl=1","width":350,"height":200},"classes":[]},{"id":8942,"url":"https:\/\/thomasvino.ch\/?p=8942","url_meta":{"origin":9271,"position":5},"title":"Vendre du vin? Les temps changent!","date":"20 septembre 2009","format":false,"excerpt":"Daniel Santschi, directeur d'Obrist, \u00e0 Vevey (2009-2011) \u00abVendre du vin, c\u2019est d\u2019abord du conseil\u00bb Active aux deux tiers dans l\u2019Horeca, la maison Obrist, \u00e0 Vevey, vient de changer de directeur. La vision de Daniel Santschi sur le vin de et en Suisse. (Daniel Santschi a quitt\u00e9 la soci\u00e9t\u00e9 de Vevey\u2026","rel":"","context":"Dans &quot;Vins suisses&quot;","img":{"alt_text":"","src":"","width":0,"height":0},"classes":[]}],"_links":{"self":[{"href":"https:\/\/thomasvino.ch\/index.php?rest_route=\/wp\/v2\/posts\/9271"}],"collection":[{"href":"https:\/\/thomasvino.ch\/index.php?rest_route=\/wp\/v2\/posts"}],"about":[{"href":"https:\/\/thomasvino.ch\/index.php?rest_route=\/wp\/v2\/types\/post"}],"author":[{"embeddable":true,"href":"https:\/\/thomasvino.ch\/index.php?rest_route=\/wp\/v2\/users\/3"}],"replies":[{"embeddable":true,"href":"https:\/\/thomasvino.ch\/index.php?rest_route=%2Fwp%2Fv2%2Fcomments&post=9271"}],"version-history":[{"count":0,"href":"https:\/\/thomasvino.ch\/index.php?rest_route=\/wp\/v2\/posts\/9271\/revisions"}],"wp:attachment":[{"href":"https:\/\/thomasvino.ch\/index.php?rest_route=%2Fwp%2Fv2%2Fmedia&parent=9271"}],"wp:term":[{"taxonomy":"category","embeddable":true,"href":"https:\/\/thomasvino.ch\/index.php?rest_route=%2Fwp%2Fv2%2Fcategories&post=9271"},{"taxonomy":"post_tag","embeddable":true,"href":"https:\/\/thomasvino.ch\/index.php?rest_route=%2Fwp%2Fv2%2Ftags&post=9271"}],"curies":[{"name":"wp","href":"https:\/\/api.w.org\/{rel}","templated":true}]}}