{"id":9285,"date":"2011-11-30T10:11:00","date_gmt":"2011-11-30T10:11:00","guid":{"rendered":"http:\/\/localhost\/thomasvino\/?p=9285"},"modified":"2011-11-30T10:11:00","modified_gmt":"2011-11-30T10:11:00","slug":"vaudoiserie-riche-decembre-2011","status":"publish","type":"post","link":"https:\/\/thomasvino.ch\/?p=9285","title":{"rendered":"Vaudoiserie: riche d\u00e9cembre 2011"},"content":{"rendered":"<h2 style=\"text-align: justify;\"><i>Vaudoiseries (12.11)<br \/>\n<\/i><\/h2>\n<h2 style=\"text-align: justify;\">Du saucisson d\u00e9rob\u00e9<\/h2>\n<div style=\"text-align: justify;\">On a re\u00e7u la lettre par la poste, comme au bon vieux temps, et donc un peu tard\u2026 Mais voil\u00e0, <b>ce dimanche 4 d\u00e9cembre (c\u2019est ce week-end&#160;!)<\/b>, <b>l\u2019Association Plant Robert sera au Cully Bazar<\/b>, entre 10 h et 18 h. Non seulement, \u00e0 la Salle Davel, ils feront d\u00e9guster ce <a href=\"articles.php?lng=fr&amp;pg=73\"><b>gamay de haute extraction de Lavaux et d\u00fbment certifi\u00e9<\/b><\/a> par un label, mais un boulanger appr\u00eatera sa \u00abbaguette d\u00e9rob\u00e9e\u00bb (Plant-Robert se dit aussi Plant Robez\u2026) et un boucher un \u00absaucisson d\u00e9rob\u00e9\u00bb. Quant au site du <a href=\"http:\/\/plantrobert.ch\/\"><b>www.plantrobert.ch<\/b><\/a>, il est encore en pr\u00e9paration. En courrier (d\u00e9ro)B&#160;?<\/div>\n<h2 style=\"text-align: justify;\">Revue de presse (I)<\/h2>\n<div style=\"text-align: justify;\">Lu dans <i>24 Heures<\/i>: \u00abBonvillars, un bonus pour les vignerons \u2014 L\u2019exercice 2010-2011 a \u00e9t\u00e9 bon pour la <b>Cave de Bonvillars<\/b>. Son chiffre d\u2019affaires, 5,5 mios de francs, est en hausse d\u2019environ 1%. Du coup, les vignerons toucheront cette ann\u00e9e 50 centimes de plus par kilo de raisin livr\u00e9 \u2014 soit 3 francs pour le chasselas et 3,50 fr. pour les rouges et les sp\u00e9cialit\u00e9s. Comme dans le reste du canton (de Vaud\u2026), la r\u00e9colte 2011 a \u00e9t\u00e9 tr\u00e8s abondante, et la cave doit \u00e9couler 850&rsquo;000 litres de vin, soit 100&rsquo;000 de plus qu\u2019en 2010.\u00bb Deux remarques: m\u00eame avec 15% de bonus, 3 fr. et 3 fr. 50, \u00e7a reste pas cher pay\u00e9 pour un kilo de beau raisin\u2026 et, ces 100&rsquo;000 litres de vin de rab\u2019, ils seront vendus \u00e0 quel prix&#160;?<\/div>\n<h2 style=\"text-align: justify;\">Revue de presse (II)<\/h2>\n<div style=\"text-align: justify;\">Toujours dans <i>24 Heures<\/i> (on y \u00e9crit, on le lit&#160;!), puisque je n\u2019y \u00e9tais pas, j\u2019attendais avec impatience les \u00e9chos de la conf\u00e9rence de <b>Hugh Johnson<\/b>, le fameux \u00e9crivain du vin anglais invit\u00e9 par Terravin, sur les vins suisses. <b>David Moginier<\/b> y \u00e9tait. Deux petites phrases du grand et septuag\u00e9naire <b>Johnson<\/b>. L\u2019une tir\u00e9e d\u2019un article sur le meilleur chasselas vaudois 2010&#160;: <i>\u00abLe monde entier fait du chardonnay, vous \u00eates les seuls \u00e0 faire du chasselas et vous le faites bien. Continuez plut\u00f4t que d\u2019imiter les autres&#160;!\u00bb<\/i> Et la conclusion d\u2019un portrait (25.11)&#160;: <i>\u00ab\u2026 que pensez-vous des vins suisses&#160;? \u00abVous n\u2019en avez pas assez pour les exporter. Buvez-les&#160;!\u00bb<\/i> Deux remarques encore: en 2012, y en aura pour tous les Suisses (y compris du bon Bonvillars) et m\u00eame davantage. Et, sacr\u00e9 Hugh, <i>\u00aby en a point comme lui\u00bb<\/i>&#160; \u2014 comment dit-on dans la perfide et pluvieuse Albion, je ne me mouille pas?<br \/>\n&#160;<\/div>\n<h2>Revue de presse (III)<\/h2>\n<div style=\"text-align: justify;\">Et confirmation dans l&rsquo;hebdomadaire <i>H\u00f4tellerie &amp; Gastronomie<\/i> (on y \u00e9crit, on le lit! \u2014 bis repetita), sous la fine analyse de son responsable de la r\u00e9daction romande, <b>Blaise Guignard<\/b>: <i>\u00abCeux qui escomptaient un oracle ont \u00e9t\u00e9 d\u00e9\u00e7us: parfois elliptique, <b>Johnson<\/b> a plut\u00f4t sugg\u00e9r\u00e9 que les cl\u00e9s pour l&rsquo;avenir sont en libre-acc\u00e8s&#8230; (&#8230;) Le vignoble d&rsquo;aujourd&rsquo;hui a plus chang\u00e9 en 20 ans que durant les 2 si\u00e8cles pr\u00e9c\u00e9dents. D&rsquo;o\u00f9 le paradoxe contemporain: on respecte le \u00abvieux\u00bb \u2014 vieilles vignes, vieux mill\u00e9simes \u2014 mais le neuf et l&rsquo;imm\u00e9diat l&#8217;emportent. La plupart des bouteilles vendues sont consomm\u00e9es dans les 48 heures (&#8230;). Les vins suisses, surtout le chasselas, n&rsquo;ont pas les caract\u00e9ristiques qui leur permettraient, \u00e0 l&rsquo;international, de vocif\u00e9rer en t\u00eate de meute.\u00bb<\/i> So what? <i>\u00abOn a besoin de vins qui ont de la conversation, sans \u00eatre stridents ou assourdissants!\u00bb<\/i> Bref, la \u00abpetite musique de nuit\u00bb de <b>Wolfgang Amadeus M.<\/b> contre la V\u00e8me de <span style=\"font-weight: bold;\">Ludwig van B.<\/span> \u2014 m\u00eame si les deux ont \u00e9crit des musiques pour l&rsquo;un plus sonnantes et pour l&rsquo;autre plus en sourdine&#8230; Tout \u00e7a fait penser furieusement au concerto pour clarinette du premier!<\/div>\n<h2 style=\"text-align: justify;\">Strass et paillettes<\/h2>\n<div style=\"text-align: justify;\">Le Lausanne-Palace &amp; Stamm, c\u2019est le lieu de la \u00abcapitale\u00bb o\u00f9 re\u00e7oit <a href=\"articles.php?lng=fr&amp;pg=1698\"><b>Pierre Keller, le s\u00e9millant nouveau pr\u00e9sident de l\u2019Office des vins vaudois<\/b><\/a>. Les vins vaudois y seront tr\u00e8s officiellement \u00e0 l\u2019honneur, du 5 au 23 d\u00e9cembre. Y en aura pour tout le monde (m\u00eame si les 2011 abondants ne sont pas encore pr\u00eats\u2026). Et ils seront aussi servis dans les restos et bars du prestigieux \u00e9tablissement. Les producteurs seront l\u00e0 dans cet ordre&#160;:<br \/>\n5.12.11 Bernard Cav\u00e9 Vins Ollon \/ Domaine de la Pierre Latine Yvorne<br \/>\n6.12.11 Testuz Cully \/ Henri Badoux SA Aigle&#8232;<br \/>\n7.12.11 Cave de Bonvillars \/ Ch\u00e2teau de Valeyres sous Rances&#8232;<br \/>\n8.12.11 Les Fr\u00e8res Dutruy Founex \/ Graenicher Tartegnin&#8232;<br \/>\n9.12.11 Cave des Rois (Grognuz p\u00e8re et fils) La Tour de Peilz \/ Clos du Boux Epesses&#8232;<br \/>\n12.12.11 Louis-Philippe Bovard Cully \/ Ville de Lausanne&#8232;<br \/>\n13.12.11 Hammel Rolle \/ Domaine de Chantegrive Gilly&#8232;<br \/>\n14.12.11 Raymond Paccot, la Colombe F\u00e9chy \/ Constant Jomini Chexbres<br \/>\n15.12.11 Domaine des Marnes Constantine \/ Les Fosses St-Saphorin<br \/>\n16.12.11 Blaise Duboux Epesses \/ Pierre Monachon Rivaz \/&#8232;Domaine du Daley &#8232;<br \/>\n19.12.11 Au Clos de la R\u00e9publique Epesses \/ Pierre-Luc Leyvraz Chexbres<br \/>\n20.12.11 Domaine la Capitaine Begnins \/ Cave Cidis\/UVAVINS Tolochenaz<br \/>\n21.12.11 Obrist Vevey \/ Ch\u00e2teau Maison Blanche Yvorne&#8232;<br \/>\n22.12.11 Domaine Mermetus (Chollet p\u00e8re et fils) Aran-Villette \/ Le Satyre Begnins (Graf, p\u00e8re et fille)<br \/>\n23.12.11 Domaine des Rueyres Chardonne \/ J.-F. Neyroud Chardonne \/&#8232;Ch\u00e2teau de Ch\u00e2tagner\u00e9az Mont-sur-Rolle<br \/>\nQuestion, <b>les bars \u00e0 vins, dont Lausanne regorge d\u00e9sormais, sont-ils condamn\u00e9s aux vins valaisans pour se d\u00e9marquer de cette op\u00e9ration de charme strass &amp; paillettes&#160;?<\/b><br \/>\n&#160;<\/div>\n<h2>Un clos \u00e0 l\u2019encan<\/h2>\n<div style=\"text-align: justify;\">Les mondains du coin (allez, on y sera aussi&#160;!) se donneront encore une fois rendez-vous au<b> LP &amp; Stamm, le 8 d\u00e9cembre d\u00e8s 18 h. 30<\/b>, pour la vente aux ench\u00e8res du Clos du Beau Virage 2009. Clin d\u2019\u0153il au prestigieux concurrent osch\u00e9rin (Ouchy or not Ouchy), le Beau-Rivage, qui fut <a href=\"articles.php?lng=fr&amp;pg=748\"><b>\u00abh\u00f4tel de l\u2019ann\u00e9e\u00bb selon GaultMillau<\/b><\/a> en 2006, avant le LP (tout frais laur\u00e9at 2012). Les Fous du Roi, connus pour leur authentique piquette, <a href=\"articles.php?lng=fr&amp;pg=1127\"><b>vinifient un merlot, rouge cette fois<\/b><\/a>. Les bouteilles de 2009, deuxi\u00e8me mill\u00e9sime, devraient s\u2019arracher par lots de un, trois, six ou douze flacons, en vente aux ench\u00e8res, pr\u00e9sid\u00e9e par qui (devinez&#160;! La s\u00e9millante r\u00e9ponse est juste dans la news du dessus\u2026). Prix moyen de la bouteille entre 90 fr. et m\u00eame 400 fr. Pas (seulement&#8230;) pour la qualit\u00e9 du vin, mais, comme aux Hospices de Beaune, pour une bonne cause: <i>\u00abL\u2019int\u00e9gralit\u00e9 de la somme r\u00e9colt\u00e9e sera vers\u00e9e au profit de bourses \u00e9tudiantes\u00bb<\/i>. A propos, le <b>Clos du Beau Virage a-t-il pens\u00e9 \u00e0 d\u00e9poser un dossier de 1er Grand Cru vaudois, la nouveaut\u00e9 de l\u2019an prochain, avec la sortie du 2010? <\/b><br \/>\n<i>\u00a9thomasvino.ch<\/i><\/div>\n","protected":false},"excerpt":{"rendered":"<p>Vaudoiseries (12.11) Du saucisson d\u00e9rob\u00e9 On a re\u00e7u la lettre par la poste, comme au bon vieux temps, et donc un peu tard\u2026 Mais voil\u00e0, ce dimanche 4 d\u00e9cembre (c\u2019est ce week-end&#160;!), l\u2019Association Plant Robert sera au Cully Bazar, entre 10 h et 18 h. Non seulement, \u00e0 la Salle Davel, ils feront d\u00e9guster ce [&hellip;]<\/p>\n","protected":false},"author":3,"featured_media":0,"comment_status":"closed","ping_status":"open","sticky":false,"template":"","format":"standard","meta":{"_monsterinsights_skip_tracking":false,"_monsterinsights_sitenote_active":false,"_monsterinsights_sitenote_note":"","_monsterinsights_sitenote_category":0,"jetpack_post_was_ever_published":false,"jetpack_publicize_message":"","jetpack_is_tweetstorm":false,"jetpack_publicize_feature_enabled":true,"jetpack_social_post_already_shared":false,"jetpack_social_options":{"image_generator_settings":{"template":"highway","enabled":false}}},"categories":[29],"tags":[],"jetpack_publicize_connections":[],"yoast_head":"<!-- This site is optimized with the Yoast SEO plugin v20.6 - https:\/\/yoast.com\/wordpress\/plugins\/seo\/ -->\n<title>Vaudoiserie: riche d\u00e9cembre 2011 - thomasvino<\/title>\n<meta name=\"robots\" content=\"index, follow, max-snippet:-1, max-image-preview:large, max-video-preview:-1\" \/>\n<link rel=\"canonical\" href=\"https:\/\/thomasvino.ch\/?p=9285\" \/>\n<meta property=\"og:locale\" content=\"fr_FR\" \/>\n<meta property=\"og:type\" content=\"article\" \/>\n<meta property=\"og:title\" content=\"Vaudoiserie: riche d\u00e9cembre 2011 - thomasvino\" \/>\n<meta property=\"og:description\" content=\"Vaudoiseries (12.11) Du saucisson d\u00e9rob\u00e9 On a re\u00e7u la lettre par la poste, comme au bon vieux temps, et donc un peu tard\u2026 Mais voil\u00e0, ce dimanche 4 d\u00e9cembre (c\u2019est ce week-end&#160;!), l\u2019Association Plant Robert sera au Cully Bazar, entre 10 h et 18 h. Non seulement, \u00e0 la Salle Davel, ils feront d\u00e9guster ce [&hellip;]\" \/>\n<meta property=\"og:url\" content=\"https:\/\/thomasvino.ch\/?p=9285\" \/>\n<meta property=\"og:site_name\" content=\"thomasvino\" \/>\n<meta property=\"article:published_time\" content=\"2011-11-30T10:11:00+00:00\" \/>\n<meta name=\"author\" content=\"Pierre Thomas\" \/>\n<meta name=\"twitter:label1\" content=\"\u00c9crit par\" \/>\n\t<meta name=\"twitter:data1\" content=\"Pierre Thomas\" \/>\n\t<meta name=\"twitter:label2\" content=\"Dur\u00e9e de lecture estim\u00e9e\" \/>\n\t<meta name=\"twitter:data2\" content=\"5 minutes\" \/>\n<script type=\"application\/ld+json\" class=\"yoast-schema-graph\">{\"@context\":\"https:\/\/schema.org\",\"@graph\":[{\"@type\":\"WebPage\",\"@id\":\"https:\/\/thomasvino.ch\/?p=9285\",\"url\":\"https:\/\/thomasvino.ch\/?p=9285\",\"name\":\"Vaudoiserie: riche d\u00e9cembre 2011 - thomasvino\",\"isPartOf\":{\"@id\":\"https:\/\/thomasvino.ch\/#website\"},\"datePublished\":\"2011-11-30T10:11:00+00:00\",\"dateModified\":\"2011-11-30T10:11:00+00:00\",\"author\":{\"@id\":\"https:\/\/thomasvino.ch\/#\/schema\/person\/670bf4486fe81152cf1d68bd585e062e\"},\"breadcrumb\":{\"@id\":\"https:\/\/thomasvino.ch\/?p=9285#breadcrumb\"},\"inLanguage\":\"fr-FR\",\"potentialAction\":[{\"@type\":\"ReadAction\",\"target\":[\"https:\/\/thomasvino.ch\/?p=9285\"]}]},{\"@type\":\"BreadcrumbList\",\"@id\":\"https:\/\/thomasvino.ch\/?p=9285#breadcrumb\",\"itemListElement\":[{\"@type\":\"ListItem\",\"position\":1,\"name\":\"Accueil\",\"item\":\"https:\/\/thomasvino.ch\/\"},{\"@type\":\"ListItem\",\"position\":2,\"name\":\"Vaudoiserie: riche d\u00e9cembre 2011\"}]},{\"@type\":\"WebSite\",\"@id\":\"https:\/\/thomasvino.ch\/#website\",\"url\":\"https:\/\/thomasvino.ch\/\",\"name\":\"thomasvino\",\"description\":\"Vins &amp; Gastronomie\",\"potentialAction\":[{\"@type\":\"SearchAction\",\"target\":{\"@type\":\"EntryPoint\",\"urlTemplate\":\"https:\/\/thomasvino.ch\/?s={search_term_string}\"},\"query-input\":\"required name=search_term_string\"}],\"inLanguage\":\"fr-FR\"},{\"@type\":\"Person\",\"@id\":\"https:\/\/thomasvino.ch\/#\/schema\/person\/670bf4486fe81152cf1d68bd585e062e\",\"name\":\"Pierre Thomas\",\"image\":{\"@type\":\"ImageObject\",\"inLanguage\":\"fr-FR\",\"@id\":\"https:\/\/thomasvino.ch\/#\/schema\/person\/image\/\",\"url\":\"https:\/\/secure.gravatar.com\/avatar\/91fd5a76647f140e53db987a0dead4d7?s=96&d=mm&r=g\",\"contentUrl\":\"https:\/\/secure.gravatar.com\/avatar\/91fd5a76647f140e53db987a0dead4d7?s=96&d=mm&r=g\",\"caption\":\"Pierre Thomas\"},\"url\":\"https:\/\/thomasvino.ch\/?author=3\"}]}<\/script>\n<!-- \/ Yoast SEO plugin. -->","yoast_head_json":{"title":"Vaudoiserie: riche d\u00e9cembre 2011 - thomasvino","robots":{"index":"index","follow":"follow","max-snippet":"max-snippet:-1","max-image-preview":"max-image-preview:large","max-video-preview":"max-video-preview:-1"},"canonical":"https:\/\/thomasvino.ch\/?p=9285","og_locale":"fr_FR","og_type":"article","og_title":"Vaudoiserie: riche d\u00e9cembre 2011 - thomasvino","og_description":"Vaudoiseries (12.11) Du saucisson d\u00e9rob\u00e9 On a re\u00e7u la lettre par la poste, comme au bon vieux temps, et donc un peu tard\u2026 Mais voil\u00e0, ce dimanche 4 d\u00e9cembre (c\u2019est ce week-end&#160;!), l\u2019Association Plant Robert sera au Cully Bazar, entre 10 h et 18 h. Non seulement, \u00e0 la Salle Davel, ils feront d\u00e9guster ce [&hellip;]","og_url":"https:\/\/thomasvino.ch\/?p=9285","og_site_name":"thomasvino","article_published_time":"2011-11-30T10:11:00+00:00","author":"Pierre Thomas","twitter_misc":{"\u00c9crit par":"Pierre Thomas","Dur\u00e9e de lecture estim\u00e9e":"5 minutes"},"schema":{"@context":"https:\/\/schema.org","@graph":[{"@type":"WebPage","@id":"https:\/\/thomasvino.ch\/?p=9285","url":"https:\/\/thomasvino.ch\/?p=9285","name":"Vaudoiserie: riche d\u00e9cembre 2011 - thomasvino","isPartOf":{"@id":"https:\/\/thomasvino.ch\/#website"},"datePublished":"2011-11-30T10:11:00+00:00","dateModified":"2011-11-30T10:11:00+00:00","author":{"@id":"https:\/\/thomasvino.ch\/#\/schema\/person\/670bf4486fe81152cf1d68bd585e062e"},"breadcrumb":{"@id":"https:\/\/thomasvino.ch\/?p=9285#breadcrumb"},"inLanguage":"fr-FR","potentialAction":[{"@type":"ReadAction","target":["https:\/\/thomasvino.ch\/?p=9285"]}]},{"@type":"BreadcrumbList","@id":"https:\/\/thomasvino.ch\/?p=9285#breadcrumb","itemListElement":[{"@type":"ListItem","position":1,"name":"Accueil","item":"https:\/\/thomasvino.ch\/"},{"@type":"ListItem","position":2,"name":"Vaudoiserie: riche d\u00e9cembre 2011"}]},{"@type":"WebSite","@id":"https:\/\/thomasvino.ch\/#website","url":"https:\/\/thomasvino.ch\/","name":"thomasvino","description":"Vins &amp; Gastronomie","potentialAction":[{"@type":"SearchAction","target":{"@type":"EntryPoint","urlTemplate":"https:\/\/thomasvino.ch\/?s={search_term_string}"},"query-input":"required name=search_term_string"}],"inLanguage":"fr-FR"},{"@type":"Person","@id":"https:\/\/thomasvino.ch\/#\/schema\/person\/670bf4486fe81152cf1d68bd585e062e","name":"Pierre Thomas","image":{"@type":"ImageObject","inLanguage":"fr-FR","@id":"https:\/\/thomasvino.ch\/#\/schema\/person\/image\/","url":"https:\/\/secure.gravatar.com\/avatar\/91fd5a76647f140e53db987a0dead4d7?s=96&d=mm&r=g","contentUrl":"https:\/\/secure.gravatar.com\/avatar\/91fd5a76647f140e53db987a0dead4d7?s=96&d=mm&r=g","caption":"Pierre Thomas"},"url":"https:\/\/thomasvino.ch\/?author=3"}]}},"jetpack_featured_media_url":"","jetpack_sharing_enabled":true,"jetpack_shortlink":"https:\/\/wp.me\/p3m4tZ-2pL","jetpack_likes_enabled":false,"jetpack-related-posts":[{"id":13203,"url":"https:\/\/thomasvino.ch\/?p=13203","url_meta":{"origin":9285,"position":0},"title":"Le Plant-Robert fait son bazar","date":"20 novembre 2015","format":false,"excerpt":"Gamay cultiv\u00e9 \u00e0 Lavaux, du moins pour les vins qui sont certifi\u00e9s 3 R, le plant-robert est une curiosit\u00e9: un vin rouge produit par une douzaine de vignerons-encaveurs. Le dimanche 6 d\u00e9cembre, \u00e0 Cully, ces producteurs, parmi lesquels Vincent (et Henri) Chollet, Blaise Duboux, Jean-Fran\u00e7ois Potterat, Patrick Fonjallaz, Jean-Daniel Porta,\u2026","rel":"","context":"Dans &quot;Actus - News&quot;","img":{"alt_text":"","src":"","width":0,"height":0},"classes":[]},{"id":8895,"url":"https:\/\/thomasvino.ch\/?p=8895","url_meta":{"origin":9285,"position":1},"title":"Neuch\u00e2tel et son saucisson","date":"6 mai 2009","format":false,"excerpt":"Neuch\u00e2telLe saucisson des p\u00e2turagesS\u2019il y a une tradition neuch\u00e2teloise solidement ancr\u00e9e, c\u2019est bien la \u00abtorr\u00e9e\u00bb\u00a0: dans les p\u00e2turages, on s\u2019en va pique-niquer et cuire son saucisson sous la cendre d\u2019un feu de bois de sapin. La viande doit \u00eatre emball\u00e9e dans une feuille de chou, puis de papier sulfuris\u00e9, entour\u00e9\u2026","rel":"","context":"Dans &quot;Conso&quot;","img":{"alt_text":"","src":"","width":0,"height":0},"classes":[]},{"id":12314,"url":"https:\/\/thomasvino.ch\/?p=12314","url_meta":{"origin":9285,"position":2},"title":"Cave des viticulteurs de Bonvillars  une inauguration anticyclique","date":"5 novembre 2014","format":false,"excerpt":"Alors que tous les chiffres du vin suisse, respectivement vaudois, ne sont pas (toujours) au beau fixe, la Cave des viticulteurs de Bonvillars, qui p\u00e8se plus de la moiti\u00e9 de cette appellation d\u2019origine vaudoise du pied du Jura, inaugure un nouveau b\u00e2timent. En dix ans, elle est pass\u00e9e d\u2019un extr\u00eame\u2026","rel":"","context":"Dans &quot;Vins suisses&quot;","img":{"alt_text":"","src":"https:\/\/i0.wp.com\/www.thomasvino.ch\/wp-content\/uploads\/2014\/10\/hg_bonvil_fac\u00cc\u00a7ade-300x225.jpg?resize=350%2C200","width":350,"height":200},"classes":[]},{"id":9848,"url":"https:\/\/thomasvino.ch\/?p=9848","url_meta":{"origin":9285,"position":3},"title":"S comme Saucisse (de Saint-Nicolas)","date":"8 juillet 2006","format":false,"excerpt":"Retour du march\u00e9 du Matin du samedi 2 d\u00e9cembre 2005 Un gendarme en bisc\u00f4me Une saucisse qui a le go\u00fbt du bisc\u00f4me! On l\u2019a trouv\u00e9e bien bonne, sur le march\u00e9 de Saint-Maurice qui, aujourd\u2019hui m\u00eame, f\u00eate la Saint-Nicolas. Rebelote lundi, \u00e0 la Foire du Lard\u00a0o\u00f9 180 stands se pressent \u00e0\u2026","rel":"","context":"Dans &quot;Retour du march\u00e9&quot;","img":{"alt_text":"","src":"","width":0,"height":0},"classes":[]},{"id":11516,"url":"https:\/\/thomasvino.ch\/?p=11516","url_meta":{"origin":9285,"position":4},"title":"Une semaine tr\u00e8s vaudoise","date":"4 d\u00e9cembre 2013","format":false,"excerpt":"Les footballeurs ont leur \u00absemaine anglaise\u00bb, les d\u00e9gustateurs, leur \u00absemaine vaudoise\u00bb et m\u00eame tout-\u00e0-fait lausannoise. Ce sera du 7 au 14 d\u00e9cembre. La parenth\u00e8se s\u2019ouvre par la d\u00e9gustation des vins de la Ville de Lausanne, le samedi 7 d\u00e9cembre, de 10 h. \u00e0 17 h., au Caveau de la Municipalit\u00e9,\u2026","rel":"","context":"Dans &quot;Actus - News&quot;","img":{"alt_text":"","src":"","width":0,"height":0},"classes":[]},{"id":15290,"url":"https:\/\/thomasvino.ch\/?p=15290","url_meta":{"origin":9285,"position":5},"title":"Viticulteurs de Bonvillars\u00a0: un livre comme cadeau","date":"5 septembre 2018","format":false,"excerpt":"Pour ses 75 ans, la coop\u00e9rative des viticulteurs de Bonvillars, pr\u00e8s d\u2019Yverdon, s\u2019est offert un livre. Chose rare dans le paysage vaudois qui n\u2019a aucun ouvrage de r\u00e9f\u00e9rence, au contraire des Valaisans, des Genevois et des Neuch\u00e2telois\u00a0! Par Pierre Thomas L\u2019auteure, Marie-Aldine B\u00e9guin, est, du reste, neuch\u00e2teloise\u00a0; certes de m\u00e8re\u2026","rel":"","context":"Dans &quot;Vins suisses&quot;","img":{"alt_text":"","src":"https:\/\/i0.wp.com\/thomasvino.ch\/wp-content\/uploads\/2018\/08\/site_bonv_cuves-300x200.jpg?resize=350%2C200&ssl=1","width":350,"height":200},"classes":[]}],"_links":{"self":[{"href":"https:\/\/thomasvino.ch\/index.php?rest_route=\/wp\/v2\/posts\/9285"}],"collection":[{"href":"https:\/\/thomasvino.ch\/index.php?rest_route=\/wp\/v2\/posts"}],"about":[{"href":"https:\/\/thomasvino.ch\/index.php?rest_route=\/wp\/v2\/types\/post"}],"author":[{"embeddable":true,"href":"https:\/\/thomasvino.ch\/index.php?rest_route=\/wp\/v2\/users\/3"}],"replies":[{"embeddable":true,"href":"https:\/\/thomasvino.ch\/index.php?rest_route=%2Fwp%2Fv2%2Fcomments&post=9285"}],"version-history":[{"count":0,"href":"https:\/\/thomasvino.ch\/index.php?rest_route=\/wp\/v2\/posts\/9285\/revisions"}],"wp:attachment":[{"href":"https:\/\/thomasvino.ch\/index.php?rest_route=%2Fwp%2Fv2%2Fmedia&parent=9285"}],"wp:term":[{"taxonomy":"category","embeddable":true,"href":"https:\/\/thomasvino.ch\/index.php?rest_route=%2Fwp%2Fv2%2Fcategories&post=9285"},{"taxonomy":"post_tag","embeddable":true,"href":"https:\/\/thomasvino.ch\/index.php?rest_route=%2Fwp%2Fv2%2Ftags&post=9285"}],"curies":[{"name":"wp","href":"https:\/\/api.w.org\/{rel}","templated":true}]}}