{"id":9290,"date":"2011-12-04T21:05:00","date_gmt":"2011-12-04T21:05:00","guid":{"rendered":"http:\/\/localhost\/thomasvino\/?p=9290"},"modified":"2013-06-30T09:33:38","modified_gmt":"2013-06-30T08:33:38","slug":"concours-le-revers-des-medailles","status":"publish","type":"post","link":"https:\/\/thomasvino.ch\/?p=9290","title":{"rendered":"Concours: toute m\u00e9daille a son revers"},"content":{"rendered":"<p><b>S\u2019il y a un \u00abbusiness\u00bb qui ne conna\u00eet pas la crise, c\u2019est bien celui des concours de vins. Les comp\u00e9titions r\u00e9gionales, nationales, internationales, g\u00e9n\u00e9ralistes ou de c\u00e9pages, se multiplient. Quel cr\u00e9dit accorder aux m\u00e9dailles qu\u2019elles distribuent g\u00e9n\u00e9reusement?<\/b><\/p>\n<div style=\"text-align: justify;\"><i>Par Pierre Thomas<\/i><br \/>\n<i>\u00abS\u2019il y a de plus en plus de concours, c\u2019est qu\u2019il y a un r\u00e9el besoin\u00bb<\/i>, constate <b>Fran\u00e7ois Murisier<\/b>, le pr\u00e9sident de l\u2019association VINEA, \u00e0 Sierre. Ancien responsable du secteur viticole d\u2019Agroscope Changins-W\u00e4denswil, vice-pr\u00e9sident de l\u2019Organisation internationale de la vigne et du vin (OIV), qui assure le patronage des concours les plus s\u00e9rieux, ce Valaisan de Lavaux est aussi impliqu\u00e9 dans le Grand Prix du Vin Suisse (GPVS, en juin, \u00e0 Sierre), le concours d\u2019Expovina (\u00e0 Zurich, en juillet), le Concours des vins de montagne, \u00e0 Aoste (en juillet), le Mondial du Pinot (en ao\u00fbt, \u00e0 Sierre), le Mondial du Merlot (en novembre, \u00e0 Lugano). Un homme qui, \u00e0 lui tout seul, vaut son pesant de (m\u00e9dailles) d\u2019or!<\/p>\n<h2><b>Un passeport pour l\u2019export<\/b><\/h2>\n<p>Mais ce \u00abbesoin\u00bb satisfait qui, hormias les organisateurs de concours? D\u2019abord, l\u2019int\u00e9r\u00eat du producteur de \u00absavoir o\u00f9 il se situe\u00bb, comme le dit le Valaisan <b>Henri Valloton<\/b>. Ce vigneron de Fully cultive, sur 10 hectares, soit un domaine de taille moyenne \u00e0 l\u2019\u00e9chelle suisse, plusieurs c\u00e9pages. Il est tr\u00e8s fier d\u2019avoir obtenu une m\u00e9daille d\u2019or, ce printemps, au Mondial du Sauvignon, avec un vin \u00e9lev\u00e9 en barriques. Un vin <i>\u00abau go\u00fbt international\u00bb<\/i> et qui n\u2019aurait pas pu concourir aux S\u00e9lections du Valais, r\u00e9serv\u00e9es aux seuls c\u00e9pages traditionnels. Mieux, cette m\u00e9daille <i>\u00abobtenue dans une ville aussi prestigieuse que Bordeaux\u00bb<\/i> a permis au producteur d\u2019int\u00e9resser un acheteur anglais. Au point que le Valaisan songe \u00e0 exporter et, pour ouvrir une br\u00e8che dans le monde anglo-saxon, \u00e0 s\u2019inscrire \u00e0 un concours \u00e0 Londres, comme celui du magazine <i>Decanter<\/i>\u2026<br \/>\nLa d\u00e9marche d\u2019<b>Henri Valotton<\/b> est nouvelle. On le sait: les Helv\u00e8tes n\u2019exportent que 1 \u00e0 2% de leurs vins et surtout du haut de gamme. Le reste, ils le boivent en Suisse. La marge de progression est donc ici: il s\u2019est consomm\u00e9 en Suisse, en 2010, 38% de vin indig\u00e8ne, contre 62% de vins \u00e9trangers. Nombre de producteurs esp\u00e8rent sinon inverser la tendance \u2014 globalement stable, malgr\u00e9 l\u2019afflux de vins blancs \u00e9trangers \u2014 du moins, gagner quelques points. Et c\u2019est \u00e0 l\u2019\u00e9tranger que les vignerons vont chercher une reconnaissance: si un jury international \u00e0 Bordeaux, \u00e0 Bruxelles ou \u00e0 Paris estime que tel vin est remarquable, pourquoi, diable, le consommateur suissse n\u2019y succomberait-il pas? <i>\u00abAu niveau qualitatif, nous n\u2019avons rien \u00e0 envier \u00e0 personne\u00bb<\/i>, a r\u00e9p\u00e9t\u00e9 le secr\u00e9taire g\u00e9n\u00e9ral de l\u2019Office des vins vaudois, <b>Nicolas Schorderet<\/b>, l\u2019autre jour, \u00e0 \u00abses\u00bb vignerons. Son office \u00e9dite, depuis l\u2019an pass\u00e9, un petit guide recensant tous les vins vaudois ayant obtenu des m\u00e9dailles dans les concours.<\/p>\n<h2><b>Un guide d\u2019achat en supermarch\u00e9<\/b><\/h2>\n<p>Pour qu\u2019il fasse le bon choix, le consommateur doit \u00eatre mis sur la bonne piste. C\u2019est l\u2019aspiration du commerce pour les concours. Cette fonction de \u00abguide d\u2019achat\u00bb est capitale en supermarch\u00e9, o\u00f9 s\u2019ach\u00e8tent 40% des vins indig\u00e8nes et 80% des vins \u00e9trangers bus en Suisse. Face \u00e0 des centaines de flacons de toutes provenances, que choisir? Un rep\u00e8re, une pastille dor\u00e9e coll\u00e9e au coin d\u2019une \u00e9tiquette, peut attirer l\u2019\u0153il et faire la diff\u00e9rence. Car le consommateur press\u00e9 veut \u00eatre rassur\u00e9. Coop, principal distributeur de vins en Suisse, fait, ces jours, la promotion des bordeaux 2009. Pour illustrer son offre, la photo du Ch\u00e2teau Talbot. En gros caract\u00e8res, 64.90 francs \u2014les bordeaux 2009 sont hors de prix! \u2014, en petit, la provenance (Saint-Julien AC, 4\u00e8me Cru Class\u00e9), en plus gros, pr\u00e8s du goulot, une (fausse) m\u00e9daille d\u2019or \u00abvins prim\u00e9s\u00bb et un hors-texte <i>\u00abdistinction <b>Robert Parker<\/b> 92\/94 points\u00bb<\/i>. Ces \u00abprescripteurs\u00bb, critique am\u00e9ricain ou concours ind\u00e9fini, ont une longueur d\u2019avance sur l\u2019acheteur\u2026 Pourtant, l\u2019\u00e9l\u00e9mentaire prudence voudrait que le consommateur avis\u00e9 n\u2019ach\u00e8te qu\u2019une bouteille, l\u2019ouvre et la trouve \u00e0 son go\u00fbt, avant d\u2019en acqu\u00e9rir d\u2019autres. Le vendeur pr\u00e9f\u00e8re, lui, que le client se d\u00e9cide rapidement et prenne six ou douze bouteilles.<\/p>\n<h2><b>Un moyen de r\u00e9cup\u00e9ration <\/b><\/h2>\n<p>Les chapelets de m\u00e9dailles sont aussi relay\u00e9s par la \u00abcom\u2019\u00bb. Dans son <i>\u00abCourrier du vin\u00bb<\/i>, diffus\u00e9 via Internet, <b>Schenk<\/b>, \u00e0 Rolle (VD), recense les m\u00e9dailles obtenues en 2011 par les vins que le groupe produit ou distribue. Il y en a deux pages, pour 13 comp\u00e9titions. Plus\u00a0\u00abmalins\u00bb \u2014 au sens de retors \u2014 des charg\u00e9s de communication de caves ne ratent pas une occasion de pr\u00e9tendre que tel vin de leur client a obtenu \u00abla\u00bb m\u00e9daille d\u2019or \u00e0 Paris, Berlin ou V\u00e9rone. Grossi\u00e8re manipulation\u00a0: seul parmi les grands, le concours de Vinitaly, \u00e0 V\u00e9rone, n\u2019attribue qu\u2019une m\u00e9daille d\u2019or, d\u2019argent ou de bronze aux premiers d\u2019une cat\u00e9gorie. Ailleurs, les m\u00e9dailles sont nombreuses\u00a0: 2&rsquo;145 de grand or, or et argent pour 7&rsquo;386 vins en comp\u00e9tition au Concours Mondial de Bruxelles 2011. Mais n\u00e9anmoins compt\u00e9es\u00a0: les concours qui observent les r\u00e8gles de l\u2019OIV limitent le nombre de distinctions \u00e0 30% des vins pr\u00e9sent\u00e9s, dont 8 \u00e0 12% de m\u00e9dailles d\u2019or. Et quelques \u00abgrandes m\u00e9dailles d\u2019or\u00bb, une super-cat\u00e9gorie qu\u2019il a fallu cr\u00e9er pour distinguer des vins remarquables\u2026 On ne va pas accuser les organisateurs de concours de favoriser la diffusion d\u2019informations partielles, donc inexactes. Cet enjeu les d\u00e9passe et ils s\u2019en remettent aux participants pour qui seul compte le r\u00e9sultat.<\/p>\n<h2><b>Des r\u00e9sultats\u2026 pas si faux<\/b><\/h2>\n<p>Justement, face \u00e0 l\u2019inflation de concours, quel cr\u00e9dit leur accorder? C\u2019est la face cach\u00e9e de la m\u00e9daille. La liste des griefs est importante (lire l\u2019encadr\u00e9). Chaque organisateur se d\u00e9fend de mieux cerner la cr\u00e9dibilit\u00e9 de sa d\u00e9marche. Une certitude demeure\u00a0: chaque concours est diff\u00e9rent. Le contexte de la comp\u00e9tition, la formation du jury, l\u2019ordre de passage des vins, etc., fait qu\u2019\u00e0 chaque fois, les compteurs sont remis \u00e0 z\u00e9ro. Jusqu\u2019\u00e0 quel point\u00a0? On l\u2019a encore peu \u00e9tudi\u00e9. Une petite comp\u00e9tition transfrontali\u00e8re (France-Suisse-Val d\u2019Aoste), le Concours des Sept Ceps, \u00e0 Bourg-en-Bresse (France), vient de servir de test pour v\u00e9rifier si les vins distingu\u00e9s par son jury de professionnels (vignerons, \u0153nologues, sommeliers) sont appr\u00e9ci\u00e9s par d\u2019autres amateurs. Men\u00e9e conjointement par l\u2019Ecole de Changins et les Maisons du Go\u00fbt (programme Interreg IV), l\u2019\u00e9tude a permis de soumettre 12 vins blancs et 12 vins rouges, \u00e0 la fois au jugement du jury du concours et \u00e0 un panel de pr\u00e8s de 200 personnes amatrices de vin. Bon point\u00a0: les vins jug\u00e9s les meilleurs par le jury ont aussi \u00e9t\u00e9 pr\u00e9f\u00e9r\u00e9s par le panel. Et ce dernier a confirm\u00e9 ne pas appr\u00e9cier les vins moins bien not\u00e9s.<\/p>\n<h2><b>Des m\u00e9daill\u00e9s par consensus<\/b><\/h2>\n<p>L\u2019analyse a montr\u00e9 que les d\u00e9gustateurs du panel habitu\u00e9s \u00e0 aller acheter du vin chez le producteur se retrouvent davantage dans le jugement du jury. Voil\u00e0 qui semble accr\u00e9diter la th\u00e8se selon laquelle plus un palais est aiguis\u00e9, plus il s\u2019entra\u00eene, plus il acquiert une mani\u00e8re \u00abfine\u00bb de juger le produit. Et le vin n\u2019est pas un produit comme un autre: il se boit de moins en moins comme un aliment \u2014 ce qu\u2019il \u00e9tait jusque dans les ann\u00e9es 1960 \u2014 mais comme un breuvage de plaisir, h\u00e9doniste. Dans ce contexte nouveau, d\u00e9but novembre, \u00e0 Beaune (Bourgogne), des sp\u00e9cialistes l\u2019ont constat\u00e9 : si par le pass\u00e9 les consommateurs n\u2019aimaient pas \u00eatre surpris par un vin et voulaient retrouver un go\u00fbt \u00abstandardis\u00e9\u00bb, ceux d\u2019aujourd\u2019hui s\u2019int\u00e9ressent \u00e0 l\u2019authenticit\u00e9 d\u2019un cru et \u00e0 sa qualit\u00e9 gustative. Les concours sont-ils le bon moyen de favoriser ces deux crit\u00e8res? Pas s\u00fbr! Car <b>Fran\u00e7ois Murisier<\/b> l\u2019admet\u00a0: <i>\u00abLes producteurs qui participent aux concours savent bien que les vins aimables, fruit\u00e9s, aux tanins souples, avec un taux d\u2019alcool pas trop \u00e9lev\u00e9, vont cr\u00e9er le consensus. Au contraire des vins originaux, personnalis\u00e9s, pourtant de haute qualit\u00e9, mais qui engendreront des jugements plus fragment\u00e9s.\u00bb<\/i> Pour l\u2019affirmer, cet expert s\u2019appuie sur des constatations tir\u00e9es des concours eux-m\u00eames. Il n\u2019emp\u00eache, <i>\u00abon n\u2019a pas trouv\u00e9 mieux que le palais pour appr\u00e9cier la qualit\u00e9 d\u2019un vin\u00bb<\/i>, confirme <b>Fran\u00e7ois Murisier<\/b>. Il y a bien quelques<i> \u00abnez informatis\u00e9s\u00bb (<a title=\"Nez \u00e9lectronique suisse\" href=\"http:\/\/www.thomasvino.ch\/?p=9280\"><b>\u00absnoozers\u00bb<\/b><\/a>)<\/i> de laboratoires. H\u00e9las, ces robots sont \u00e9talonn\u00e9s sur leur cr\u00e9ateur\u2026 humain. Alors, si <i>\u00abon ne conna\u00eet pas la pr\u00e9cision de la m\u00e9thode\u00bb<\/i>, la formule d\u2019un groupe de d\u00e9gustateurs reste la seule praticable pour appr\u00e9cier un vin. M\u00eame s\u2019il faut prendre ses r\u00e9sultats <i>\u00abcomme ceux d\u2019une course de ski, o\u00f9 le classement est influenc\u00e9 par l\u2019ordre de d\u00e9part des coureurs, l\u2019\u00e9volution de la qualit\u00e9 de la piste et de la neige, le brouillard \u00e9ventuel\u00bb<\/i>, r\u00e9sume le Valaisan.<br \/>\nUne comp\u00e9tition o\u00f9, \u00e0 l\u2019inverse d\u2019un slalom, il n\u2019y pas de deuxi\u00e8me manche, sur un trac\u00e9 menac\u00e9 par une avalanche de m\u00e9dailles. Les Jeux olympiques se contentent, tous les quatre ans, d\u2019un seul podium par discipline\u2026<\/p>\n<\/div>\n<h2><i><b> Les points faibles des concours<\/b><\/i><\/h2>\n<div style=\"text-align: justify;\">\n<h2><b>1) Il y a trop de concours.<\/b><b> On en compte plus de 200 de par le monde&#8230;<\/b><\/h2>\n<p>&#8230;mais tous ne sont pas r\u00e9percut\u00e9s en Suisse. Pour les producteurs suisses, quatre \u00e9tages de comp\u00e9tition, o\u00f9 chacun est libre de pr\u00e9senter ses vins\u00a0: les s\u00e9lections cantonales ou r\u00e9gionales, le Grand Prix du Vin Suisse, les concours internationaux de c\u00e9pages (Pinot Noir, Merlot et d\u00e8s l\u2019an prochain, Chasselas) et les concours internationaux g\u00e9n\u00e9ralistes (Vinalies de Paris, Concours\u00a0 Mondial de Bruxelles, Mundusvini).<\/p>\n<h2><b>2) La comp\u00e9tition se joue en vase clos. Les d\u00e9gustateurs restent entre professionnels ou sp\u00e9cialistes&#8230;<\/b><\/h2>\n<p>&#8230;\u00e0 plus ou moins haute dose. Les Vinalies internationales de Paris privil\u00e9gient les \u0153nologues, le Concours mondial de Bruxelles, les journalistes et les acteurs locaux (ce concours est itin\u00e9rant\u00a0: en 2010, il a eu lieu \u00e0 Palerme, en 2011 \u00e0 Luxembourg, en 2012, \u00e0 Guimar\u00e8s).<\/p>\n<h2><b>3) Les conditions des concours ne sont pas divulgu\u00e9es.\u00a0Les organisateurs publient le palmar\u00e8s, mais pas la liste des participants&#8230;<\/b><\/h2>\n<p>Le nombre de points (d\u00e9compt\u00e9s sur 100, selon une fiche de l\u2019OIV) obtenus par le vin n\u2019est pas communiqu\u00e9. A l\u2019inverse des magazines (Wine Spectator, Vinum, Weinwiesser) ou de certains d\u00e9gustateurs (Robert Parker et son \u00e9quipe, Jancis Robinson).<\/p>\n<h2><b>4) La mani\u00e8re de juger n\u2019est pas transparente&#8230;<\/b><\/h2>\n<p>Les jur\u00e9s, qui d\u00e9gustent \u00e0 l\u2019aveugle (sans voir les \u00e9tiquettes ni conna\u00eetre l\u2019origine des vins) ne sont pas \u00e9talonn\u00e9s, au-del\u00e0 de deux vins de \u00abmise en bouche\u00bb. Les s\u00e9ries ne sont pas connues: les vins d\u2019un c\u00e9page (par exemple chardonnay) ou d\u2019une origine pr\u00e9cise (suisses) sont d\u00e9gust\u00e9s par s\u00e9rie \u00abad hoc\u00bb. Le jugement est al\u00e9atoire: les vins soufrent de leur positionnement dans la s\u00e9rie\u00a0; les premiers et les derniers sont mal not\u00e9s, comme le vin qui suit celui qui a obtenu une note haute, etc. Il est recommand\u00e9 de ne pas d\u00e9passer 50 vins en 4 s\u00e9ries sur 4 heures, mais subsiste le risque de fatigue des jur\u00e9s.<\/p>\n<\/div>\n<h2><i>Mondial du Pinot Noir, \u00e0 Sierre<\/i><br \/>\nUn tremplin pour les Suisses<\/h2>\n<div style=\"text-align: justify;\"><b>A lui seul, le principal concours international organis\u00e9 en Suisse, le Mondial du Pinot Noir, pour sa 14\u00e8me \u00e9dition, a attribu\u00e9 plus de m\u00e9dailles de grand or et d\u2019or (95) \u00e0 des vins suisses que tous les autres concours internationaux!<br \/>\n<\/b>Il faut dire que 70% des 1310 vins pr\u00e9sent\u00e9s \u00e9taient d\u2019origine suisse. L\u2019\u0153il-de-perdrix (ros\u00e9) Parfum de Vigne 2010 de <b>Jean-Jacques Steiner<\/b> \u00e0 Dully (VD) a d\u00e9croch\u00e9 une grande m\u00e9daille d\u2019or, la seule pour la Suisse. Les encaveurs de Salquenen (VS) se sont largement distingu\u00e9s, avec trois m\u00e9dailles d\u2019or pour <b>Diego Mathier<\/b>, autant pour la <b>Cave Fernand Cina<\/b> et pour les voisins de Susten, les <b>fr\u00e8res Seewer<\/b> du Leukersonne. Plusieurs vignerons connus du Valais d\u00e9crochent l\u2019or (<b>Rouvinez, Provins, Les Fils de Charles Favre, Domaine du Paradou<\/b>, etc.). Mais aussi le <b>Domaine des Curiades<\/b>, \u00e0 Lully (GE), le <b>Domaine Grisoni<\/b> \u00e0 Cressier (NE), le <b>Domaine de Chambleau<\/b> \u00e0 Colombier (NE) (avec son <i>Pur-Sang<\/i> 2008), <b>Philippe Bovet<\/b>, \u00e0 Givrins (VD), <b>Louis Fonjallaz<\/b>, \u00e0 Epesses (VD), les <b>fr\u00e8res Dizerens<\/b> \u00e0 Lutry (VD), le <b>Ch\u00e2teau de Gl\u00e9rolles<\/b> (VD), <b>Hansruedi Adank<\/b>, \u00e0 Fl\u00e4sch (GR), <b>Rudolf Wullschleger<\/b>, \u00e0 Maienfeld (GR). Pour la deuxi\u00e8me ann\u00e9e cons\u00e9cutive, le Grison <b>Martin Donatsch<\/b>, de Malans, a \u00e9t\u00e9 sacr\u00e9 \u00abchampion du monde\u00bb du pinot noir, sur la base d\u2019une s\u00e9rie de trois mill\u00e9simes de son vin <i>Passion<\/i>.<br \/>\n<i>R\u00e9sultats d\u00e9taill\u00e9s sous<\/i><a href=\"http:\/\/www.mondial-du-pinot-noir.com\/\"><i> www.mondial-du-pinot-noir.com<br \/>\n<\/i><\/a><\/div>\n<h2><i>Grand Prix du Vin Suisse<\/i><br \/>\nUn palmar\u00e8s de confirmation<\/h2>\n<div style=\"text-align: justify;\"><b>Signe d\u2019essoufflement ou de maturit\u00e9? Organis\u00e9 pour la cinqui\u00e8me fois sous cette forme, le Grand Prix du Vin Suisse a d\u00e9sign\u00e9 son \u00abvigneron suisse de l\u2019ann\u00e9e 2011\u00bb. \u00abSurprise\u00bb, c\u2019est le m\u00eame que lors de la premi\u00e8re \u00e9dition, Diego Mathier, entreprenant encaveur de Salquenen (VS), qui avait envoy\u00e9 30 vins \u00e0 juger.<\/b><br \/>\nLe Vaudois <b>Reynald Parmelin<\/b> (La Capitaine, Begnins) s\u2019impose pour la troisi\u00e8me fois cons\u00e9cutive en t\u00eate des vins bios, avec son Johanniter 2010, un blanc. Parmi les vainqueurs des onze cat\u00e9gories, moult confirmations.\u00a0 Mais certains apparaissent l\u00e0 o\u00f9 on ne les attendait pas: <b>Maurice Zufferey<\/b>, de Sierre, ma\u00eetre \u00e8s cornalin, dont l\u2019assemblage rouge <i>Orchis<\/i> 2009 (avec du merlot) a \u00e9t\u00e9 le mieux not\u00e9 de tout le concours, <b>Philippe Constantin<\/b>, de Salquenen (VS), victorieux non avec un pinot noir, mais avec son cornalin 2009, ou <b>Claudy Clavien<\/b>, de Mi\u00e8ge (VS), orf\u00e8vre en rouges, et gagnant en liquoreux, avec une Malvoisie fl\u00e9trie 2010. Et le merlot \u00abde base\u00bb 2009 de la <b>Fattoria Moncucchetto<\/b> \u00e0 Lugano (cave dessin\u00e9e par <b>Mario Botta<\/b>) s\u2019est impos\u00e9 devant des \u00abriservas\u00bb \u00e0 l\u2019\u00e9levage plus luxueux. C\u00e9page d\u00e9licat \u00e0 d\u00e9guster entre tous, le chasselas a couronn\u00e9 un Grand Cru de Perroy 2010 (VD) de <b>Jean-Marie Roch<\/b>, vinifi\u00e9 par <b>Fabio Penta<\/b>, de la maison Hammel. Les autres surprises sont \u00e0 chercher chez les dauphins, <b>Christian Vessaz<\/b>, de M\u00f4tier (Vully fribourgeois) avec son chasselas, <i>Fichillien<\/i> 2009, ou le merlot, <i>R\u00e9serve des Moines<\/i> 2009, de l\u2019<b>Abbaye de Salaz<\/b>, \u00e0 Ollon (VD).<br \/>\n<i>R\u00e9sultats complets sous <\/i><a href=\"http:\/\/www.grandprixduvinsuisse.ch\/v2b_preistraeger_fr.php\"><i>www.grandprixduvinsuisse.ch<\/i><\/a><i>V.O. de l&rsquo;article paru dans <\/i>PME Magazine<i>, d\u00e9cembre 2011.<\/i><\/div>\n","protected":false},"excerpt":{"rendered":"<p>S\u2019il y a un \u00abbusiness\u00bb qui ne conna\u00eet pas la crise, c\u2019est bien celui des concours de vins. Les comp\u00e9titions r\u00e9gionales, nationales, internationales, g\u00e9n\u00e9ralistes ou de c\u00e9pages, se multiplient. Quel cr\u00e9dit accorder aux m\u00e9dailles qu\u2019elles distribuent g\u00e9n\u00e9reusement? Par Pierre Thomas \u00abS\u2019il y a de plus en plus de concours, c\u2019est qu\u2019il y a un r\u00e9el [&hellip;]<\/p>\n","protected":false},"author":3,"featured_media":0,"comment_status":"closed","ping_status":"open","sticky":false,"template":"","format":"standard","meta":{"_monsterinsights_skip_tracking":false,"_monsterinsights_sitenote_active":false,"_monsterinsights_sitenote_note":"","_monsterinsights_sitenote_category":0,"jetpack_post_was_ever_published":false,"jetpack_publicize_message":"","jetpack_is_tweetstorm":false,"jetpack_publicize_feature_enabled":true,"jetpack_social_post_already_shared":false,"jetpack_social_options":{"image_generator_settings":{"template":"highway","enabled":false}}},"categories":[29],"tags":[],"jetpack_publicize_connections":[],"yoast_head":"<!-- This site is optimized with the Yoast SEO plugin v20.6 - https:\/\/yoast.com\/wordpress\/plugins\/seo\/ -->\n<title>Concours: toute m\u00e9daille a son revers - thomasvino<\/title>\n<meta name=\"robots\" content=\"index, follow, max-snippet:-1, max-image-preview:large, max-video-preview:-1\" \/>\n<link rel=\"canonical\" href=\"https:\/\/thomasvino.ch\/?p=9290\" \/>\n<meta property=\"og:locale\" content=\"fr_FR\" \/>\n<meta property=\"og:type\" content=\"article\" \/>\n<meta property=\"og:title\" content=\"Concours: toute m\u00e9daille a son revers - thomasvino\" \/>\n<meta property=\"og:description\" content=\"S\u2019il y a un \u00abbusiness\u00bb qui ne conna\u00eet pas la crise, c\u2019est bien celui des concours de vins. Les comp\u00e9titions r\u00e9gionales, nationales, internationales, g\u00e9n\u00e9ralistes ou de c\u00e9pages, se multiplient. Quel cr\u00e9dit accorder aux m\u00e9dailles qu\u2019elles distribuent g\u00e9n\u00e9reusement? Par Pierre Thomas \u00abS\u2019il y a de plus en plus de concours, c\u2019est qu\u2019il y a un r\u00e9el [&hellip;]\" \/>\n<meta property=\"og:url\" content=\"https:\/\/thomasvino.ch\/?p=9290\" \/>\n<meta property=\"og:site_name\" content=\"thomasvino\" \/>\n<meta property=\"article:published_time\" content=\"2011-12-04T21:05:00+00:00\" \/>\n<meta property=\"article:modified_time\" content=\"2013-06-30T08:33:38+00:00\" \/>\n<meta name=\"author\" content=\"Pierre Thomas\" \/>\n<meta name=\"twitter:label1\" content=\"\u00c9crit par\" \/>\n\t<meta name=\"twitter:data1\" content=\"Pierre Thomas\" \/>\n\t<meta name=\"twitter:label2\" content=\"Dur\u00e9e de lecture estim\u00e9e\" \/>\n\t<meta name=\"twitter:data2\" content=\"12 minutes\" \/>\n<script type=\"application\/ld+json\" class=\"yoast-schema-graph\">{\"@context\":\"https:\/\/schema.org\",\"@graph\":[{\"@type\":\"WebPage\",\"@id\":\"https:\/\/thomasvino.ch\/?p=9290\",\"url\":\"https:\/\/thomasvino.ch\/?p=9290\",\"name\":\"Concours: toute m\u00e9daille a son revers - thomasvino\",\"isPartOf\":{\"@id\":\"https:\/\/thomasvino.ch\/#website\"},\"datePublished\":\"2011-12-04T21:05:00+00:00\",\"dateModified\":\"2013-06-30T08:33:38+00:00\",\"author\":{\"@id\":\"https:\/\/thomasvino.ch\/#\/schema\/person\/670bf4486fe81152cf1d68bd585e062e\"},\"breadcrumb\":{\"@id\":\"https:\/\/thomasvino.ch\/?p=9290#breadcrumb\"},\"inLanguage\":\"fr-FR\",\"potentialAction\":[{\"@type\":\"ReadAction\",\"target\":[\"https:\/\/thomasvino.ch\/?p=9290\"]}]},{\"@type\":\"BreadcrumbList\",\"@id\":\"https:\/\/thomasvino.ch\/?p=9290#breadcrumb\",\"itemListElement\":[{\"@type\":\"ListItem\",\"position\":1,\"name\":\"Accueil\",\"item\":\"https:\/\/thomasvino.ch\/\"},{\"@type\":\"ListItem\",\"position\":2,\"name\":\"Concours: toute m\u00e9daille a son revers\"}]},{\"@type\":\"WebSite\",\"@id\":\"https:\/\/thomasvino.ch\/#website\",\"url\":\"https:\/\/thomasvino.ch\/\",\"name\":\"thomasvino\",\"description\":\"Vins &amp; Gastronomie\",\"potentialAction\":[{\"@type\":\"SearchAction\",\"target\":{\"@type\":\"EntryPoint\",\"urlTemplate\":\"https:\/\/thomasvino.ch\/?s={search_term_string}\"},\"query-input\":\"required name=search_term_string\"}],\"inLanguage\":\"fr-FR\"},{\"@type\":\"Person\",\"@id\":\"https:\/\/thomasvino.ch\/#\/schema\/person\/670bf4486fe81152cf1d68bd585e062e\",\"name\":\"Pierre Thomas\",\"image\":{\"@type\":\"ImageObject\",\"inLanguage\":\"fr-FR\",\"@id\":\"https:\/\/thomasvino.ch\/#\/schema\/person\/image\/\",\"url\":\"https:\/\/secure.gravatar.com\/avatar\/91fd5a76647f140e53db987a0dead4d7?s=96&d=mm&r=g\",\"contentUrl\":\"https:\/\/secure.gravatar.com\/avatar\/91fd5a76647f140e53db987a0dead4d7?s=96&d=mm&r=g\",\"caption\":\"Pierre Thomas\"},\"url\":\"https:\/\/thomasvino.ch\/?author=3\"}]}<\/script>\n<!-- \/ Yoast SEO plugin. -->","yoast_head_json":{"title":"Concours: toute m\u00e9daille a son revers - thomasvino","robots":{"index":"index","follow":"follow","max-snippet":"max-snippet:-1","max-image-preview":"max-image-preview:large","max-video-preview":"max-video-preview:-1"},"canonical":"https:\/\/thomasvino.ch\/?p=9290","og_locale":"fr_FR","og_type":"article","og_title":"Concours: toute m\u00e9daille a son revers - thomasvino","og_description":"S\u2019il y a un \u00abbusiness\u00bb qui ne conna\u00eet pas la crise, c\u2019est bien celui des concours de vins. Les comp\u00e9titions r\u00e9gionales, nationales, internationales, g\u00e9n\u00e9ralistes ou de c\u00e9pages, se multiplient. Quel cr\u00e9dit accorder aux m\u00e9dailles qu\u2019elles distribuent g\u00e9n\u00e9reusement? Par Pierre Thomas \u00abS\u2019il y a de plus en plus de concours, c\u2019est qu\u2019il y a un r\u00e9el [&hellip;]","og_url":"https:\/\/thomasvino.ch\/?p=9290","og_site_name":"thomasvino","article_published_time":"2011-12-04T21:05:00+00:00","article_modified_time":"2013-06-30T08:33:38+00:00","author":"Pierre Thomas","twitter_misc":{"\u00c9crit par":"Pierre Thomas","Dur\u00e9e de lecture estim\u00e9e":"12 minutes"},"schema":{"@context":"https:\/\/schema.org","@graph":[{"@type":"WebPage","@id":"https:\/\/thomasvino.ch\/?p=9290","url":"https:\/\/thomasvino.ch\/?p=9290","name":"Concours: toute m\u00e9daille a son revers - thomasvino","isPartOf":{"@id":"https:\/\/thomasvino.ch\/#website"},"datePublished":"2011-12-04T21:05:00+00:00","dateModified":"2013-06-30T08:33:38+00:00","author":{"@id":"https:\/\/thomasvino.ch\/#\/schema\/person\/670bf4486fe81152cf1d68bd585e062e"},"breadcrumb":{"@id":"https:\/\/thomasvino.ch\/?p=9290#breadcrumb"},"inLanguage":"fr-FR","potentialAction":[{"@type":"ReadAction","target":["https:\/\/thomasvino.ch\/?p=9290"]}]},{"@type":"BreadcrumbList","@id":"https:\/\/thomasvino.ch\/?p=9290#breadcrumb","itemListElement":[{"@type":"ListItem","position":1,"name":"Accueil","item":"https:\/\/thomasvino.ch\/"},{"@type":"ListItem","position":2,"name":"Concours: toute m\u00e9daille a son revers"}]},{"@type":"WebSite","@id":"https:\/\/thomasvino.ch\/#website","url":"https:\/\/thomasvino.ch\/","name":"thomasvino","description":"Vins &amp; Gastronomie","potentialAction":[{"@type":"SearchAction","target":{"@type":"EntryPoint","urlTemplate":"https:\/\/thomasvino.ch\/?s={search_term_string}"},"query-input":"required name=search_term_string"}],"inLanguage":"fr-FR"},{"@type":"Person","@id":"https:\/\/thomasvino.ch\/#\/schema\/person\/670bf4486fe81152cf1d68bd585e062e","name":"Pierre Thomas","image":{"@type":"ImageObject","inLanguage":"fr-FR","@id":"https:\/\/thomasvino.ch\/#\/schema\/person\/image\/","url":"https:\/\/secure.gravatar.com\/avatar\/91fd5a76647f140e53db987a0dead4d7?s=96&d=mm&r=g","contentUrl":"https:\/\/secure.gravatar.com\/avatar\/91fd5a76647f140e53db987a0dead4d7?s=96&d=mm&r=g","caption":"Pierre Thomas"},"url":"https:\/\/thomasvino.ch\/?author=3"}]}},"jetpack_featured_media_url":"","jetpack_sharing_enabled":true,"jetpack_shortlink":"https:\/\/wp.me\/p3m4tZ-2pQ","jetpack_likes_enabled":false,"jetpack-related-posts":[{"id":14191,"url":"https:\/\/thomasvino.ch\/?p=14191","url_meta":{"origin":9290,"position":0},"title":"VINEA: Genolet apr\u00e8s Murisier","date":"8 mars 2017","format":false,"excerpt":"VINEA \u00e0 Sierre reste plus valaisanne que jamais. L'Association, fond\u00e9e pour organiser le Salon des vins suisses du premier week-end de septembre (1 et 2, en 2017) et divers concours, a choisi pour la pr\u00e9sider David Genolet, en remplacement de Fran\u00e7ois Murisier, qui a oeuvr\u00e9 durant sept ans. Le nouveau\u2026","rel":"","context":"Dans &quot;Actus - News&quot;","img":{"alt_text":"","src":"","width":0,"height":0},"classes":[]},{"id":18097,"url":"https:\/\/thomasvino.ch\/?p=18097","url_meta":{"origin":9290,"position":1},"title":"Concours des vins suisses: Vinea et Vinum croisent le fer","date":"28 mars 2023","format":false,"excerpt":"Il faut toujours se m\u00e9fier des communiqu\u00e9s de presse balanc\u00e9s le vendredi soir sur le coup de 18 h., quand plus personne n\u2019est l\u00e0 pour r\u00e9pondre \u00e0 vos questions... C\u2019est ce qui m\u2019est arriv\u00e9, le 10 mars, le lendemain du salon \u00abVinea on tour\u00bb, \u00e0 Fribourg, o\u00f9 je m\u2019\u00e9tais rendu.\u2026","rel":"","context":"Dans &quot;Actus - News&quot;","img":{"alt_text":"","src":"","width":0,"height":0},"classes":[]},{"id":9813,"url":"https:\/\/thomasvino.ch\/?p=9813","url_meta":{"origin":9290,"position":2},"title":"Vins suisses \u2014 La course aux m\u00e9dailles s&rsquo;intensifie","date":"7 juillet 2006","format":false,"excerpt":"Vins suisses \u2014 Concours national La course aux m\u00e9dailles s\u2019intensifie Plus on parle des vins suisses, mieux ils se portent. Mais comment l\u2019acheteur Horeca et le consommateur peuvent-il s'y retrouver dans l\u2019inflation des concours, des m\u00e9dailles et des notes ? D\u00e9codage d\u2019un jeu qui ressemble \u00e0 la \u00abcourse aux armements\u00bb.\u2026","rel":"","context":"Dans &quot;Tendance&quot;","img":{"alt_text":"","src":"","width":0,"height":0},"classes":[]},{"id":12682,"url":"https:\/\/thomasvino.ch\/?p=12682","url_meta":{"origin":9290,"position":3},"title":"Vins blancs  Strasbourg capitale mondiale","date":"1 avril 2015","format":false,"excerpt":"Dimanche 12 et lundi 13 avril se d\u00e9rouleront les Grands Concours du Monde, organis\u00e9s \u00e0 Strasbourg. Les c\u00e9pages cultiv\u00e9s en Alsace sont en lice, sylvaner, pinot blanc, riesling, pinot gris et gewurztraminer. Il n\u2019y manque que le chasselas, si cher \u00e0 la Suisse, et qui a d\u00e9j\u00e0 son propre concours\u2026","rel":"","context":"Dans &quot;Actus - News&quot;","img":{"alt_text":"","src":"","width":0,"height":0},"classes":[]},{"id":16598,"url":"https:\/\/thomasvino.ch\/?p=16598","url_meta":{"origin":9290,"position":4},"title":"Vinea se d\u00e9cale et saute un tour","date":"5 mai 2020","format":false,"excerpt":"Comme elle l'avait laiss\u00e9 entendre il y a quelques jours, \u00e0 l'annonce des Caves ouvertes du Valais, le dernier week-end d'ao\u00fbt, l'Association VINEA, renonce \u00e0 la 27\u00e8me \u00e9dition du Salon, pr\u00e9vu la semaine suivante, d\u00e9but septembre, et report\u00e9 d'une ann\u00e9e (du 3 au 4 septembre 2021). Organisateur de plusieurs concours,\u2026","rel":"","context":"Dans &quot;Actus - News&quot;","img":{"alt_text":"","src":"","width":0,"height":0},"classes":[]},{"id":9000,"url":"https:\/\/thomasvino.ch\/?p=9000","url_meta":{"origin":9290,"position":5},"title":"Fran\u00e7ois Murisier \u00e0 la t\u00eate de VINEA","date":"24 f\u00e9vrier 2010","format":false,"excerpt":"Fran\u00e7ois Murisier \u00e0 la t\u00eate de VINEA Le Valaisan de souche Fran\u00e7ois Murisier, n\u00e9 \u00e0 Orsi\u00e8res en 1946, mais qui habite les hauts de Vevey, a \u00e9t\u00e9 nomm\u00e9 \u00e0 la t\u00eate de VINEA, \u00e0 Sierre, qui se pose en \u00abcentre de comp\u00e9tences au service de la vigne et du vin\u2026","rel":"","context":"Dans &quot;Actus - News&quot;","img":{"alt_text":"","src":"","width":0,"height":0},"classes":[]}],"_links":{"self":[{"href":"https:\/\/thomasvino.ch\/index.php?rest_route=\/wp\/v2\/posts\/9290"}],"collection":[{"href":"https:\/\/thomasvino.ch\/index.php?rest_route=\/wp\/v2\/posts"}],"about":[{"href":"https:\/\/thomasvino.ch\/index.php?rest_route=\/wp\/v2\/types\/post"}],"author":[{"embeddable":true,"href":"https:\/\/thomasvino.ch\/index.php?rest_route=\/wp\/v2\/users\/3"}],"replies":[{"embeddable":true,"href":"https:\/\/thomasvino.ch\/index.php?rest_route=%2Fwp%2Fv2%2Fcomments&post=9290"}],"version-history":[{"count":0,"href":"https:\/\/thomasvino.ch\/index.php?rest_route=\/wp\/v2\/posts\/9290\/revisions"}],"wp:attachment":[{"href":"https:\/\/thomasvino.ch\/index.php?rest_route=%2Fwp%2Fv2%2Fmedia&parent=9290"}],"wp:term":[{"taxonomy":"category","embeddable":true,"href":"https:\/\/thomasvino.ch\/index.php?rest_route=%2Fwp%2Fv2%2Fcategories&post=9290"},{"taxonomy":"post_tag","embeddable":true,"href":"https:\/\/thomasvino.ch\/index.php?rest_route=%2Fwp%2Fv2%2Ftags&post=9290"}],"curies":[{"name":"wp","href":"https:\/\/api.w.org\/{rel}","templated":true}]}}