{"id":9294,"date":"2011-12-13T17:07:00","date_gmt":"2011-12-13T17:07:00","guid":{"rendered":"http:\/\/localhost\/thomasvino\/?p=9294"},"modified":"2011-12-13T17:07:00","modified_gmt":"2011-12-13T17:07:00","slug":"vins-vaudois-2011-le-chasselas-seul-1ers-grands-crus","status":"publish","type":"post","link":"https:\/\/thomasvino.ch\/?p=9294","title":{"rendered":"Vins vaudois 2011: le chasselas seul 1ers Grands Crus"},"content":{"rendered":"<h2><b><i>Vendange vaudoise 2011<\/i><br \/>\n<\/b><\/h2>\n<h1><b>Moins de blanc que pr\u00e9vu<br \/>\n<\/b><\/h1>\n<div style=\"text-align: justify;\"><b>Bise \u00e0 Begnins, devant les vignerons vaudoise, brise \u00e0 Lausanne, devant les journalistes&#160;: le pr\u00e9sident de la Communaut\u00e9 interprofessionnelle du vin vaudois (CIVV), Gilles Cornut \u00e9tait moins alarmiste en pr\u00e9sentant les statistiques des derni\u00e8res vendanges. Le chasselas repr\u00e9sente toujours 2\/3 de la vendange vaudoise et le c\u00e9page d&rsquo;origine l\u00e9manique sera le seul \u00e0 donner droit au titre de 1er Grand Cru.<\/b><br \/>\nA entendre <b>Gilles Cornut<\/b>, qualitativement, l\u2019ann\u00e9e se place entre 2009 \u2014 magnifique mill\u00e9sime pour les rouges \u2014 et 2010 \u2014 des blancs soutenu par une belle acidit\u00e9. Soit une tr\u00e8s bonne ann\u00e9e dans cet \u00abentredeux\u00bb. <br \/>\nLes chiffres, eux, rapprochent de 2007: 2011 a pr\u00e9c\u00e9d\u00e9 de trois ou quatre jours toutes les \u00e9tapes du cycle v\u00e9g\u00e9tatif, jug\u00e9 pr\u00e9coce, il y a quatre ans, tant pour le d\u00e9bourrement, la fleur, les vendanges pr\u00e9coces (\u00e0 mi-septembre) et leur dur\u00e9e (23 jours) et s\u2019en approche dans la teneur en sucre des raisins. <br \/>\nLes trois derniers mill\u00e9simes ont livr\u00e9, en principe, des raisins sains. Le pinot noir a certes souffert des gu\u00eapes, mais, avec 9 millions de litre de vin clair \u2014 les Vaudois sont les seuls de Suisses \u00e0 ne pas exprimer leur r\u00e9colte en kilos de raisin\u2026 \u2014, le volume est un des plus \u00e9lev\u00e9s de ces dix derni\u00e8res ann\u00e9es. Pour les blancs, le chasselas est remont\u00e9 \u00e0 plus de 20 millions de litres (20,3), contre 19,6 et 19,7 ces deux derni\u00e8res ann\u00e9es. <br \/>\n<b>Que des chasselas 1er Grands Crus<\/b><br \/>\nCette ann\u00e9e (2011), 76% de la vendange vaudoise a satisfait aux normes qualitatives de \u00abgrand cru\u00bb: une bonne partie est \u00abd\u00e9class\u00e9e\u00bb, de fait en assemblages r\u00e9gionaux (AOC La C\u00f4te, Lavaux, Chablais, etc.). C\u2019est pratiquement la m\u00eame proportion depuis l\u2019entr\u00e9e en vigueur de la nouvelle l\u00e9gislation sur les appellations vaudoises. On notera que, malgr\u00e9 l\u2019omerta sur les 1er Grands Crus, dont les (rares) noms n\u2019ont pas encore \u00e9t\u00e9 d\u00e9voil\u00e9s, il n\u2019y aura aucun autre c\u00e9page que le chasselas, soit 167.554 litres, r\u00e9partis entre Chardonne, F\u00e9chy, Mont-sur-Rolle, Villeneuve, Vinzel et Yvorne. Aucun dossier de vin rouge (limit\u00e9 \u00e0 pinot noir et gamay) n\u2019a pass\u00e9 l\u2019\u00e9preuve de qualification.<br \/>\n<b>Le chasselas repr\u00e9sente 2\/3 des vins vaudois<\/b><br \/>\nDans l\u2019enc\u00e9pagement, le chasselas recule, mais repr\u00e9sente tout de m\u00eame encore les deux tiers de la production du vin vaudois (66,4%), devant le pinot noir et le gamay (21%), les autres c\u00e9pages rouges (8,63%) et les autres c\u00e9pages blancs (4%). Et si durant les huit ans (2003-2010) o\u00f9 la Conf\u00e9d\u00e9ration a encourag\u00e9 son arrachage par des subsides, le chasselas reculant de 34,6 ha en moyenne annuelle (soit 277 ha de moins), ce rythme est tomb\u00e9 \u00e0 4 ha entre 2010 et 2011. Soit moins que le gamay (\u2014 14 ha) et un peu plus que le pinot noir (\u2014 3,5 ha), tandis que le gamaret (+ 4 ha) et le merlot (+ 2 ha) progressent en rouge, et le doral (+ 2 ha) en blanc. <br \/>\nSur le fond, m\u00eame si le total de la vendange suisse ne devrait, finalement, pas d\u00e9passer 108 millions de litres, <b>Gilles Cornut<\/b> estime que, compte tenu de la conjoncture, <i>\u00abil sera compliqu\u00e9 de commercialiser la r\u00e9colte\u00bb<\/i>.<br \/>\n<i>\u00a9thomasvino.ch<\/i><\/div>\n","protected":false},"excerpt":{"rendered":"<p>Vendange vaudoise 2011 Moins de blanc que pr\u00e9vu Bise \u00e0 Begnins, devant les vignerons vaudoise, brise \u00e0 Lausanne, devant les journalistes&#160;: le pr\u00e9sident de la Communaut\u00e9 interprofessionnelle du vin vaudois (CIVV), Gilles Cornut \u00e9tait moins alarmiste en pr\u00e9sentant les statistiques des derni\u00e8res vendanges. Le chasselas repr\u00e9sente toujours 2\/3 de la vendange vaudoise et le c\u00e9page [&hellip;]<\/p>\n","protected":false},"author":3,"featured_media":0,"comment_status":"closed","ping_status":"open","sticky":false,"template":"","format":"standard","meta":{"_monsterinsights_skip_tracking":false,"_monsterinsights_sitenote_active":false,"_monsterinsights_sitenote_note":"","_monsterinsights_sitenote_category":0,"jetpack_post_was_ever_published":false,"jetpack_publicize_message":"","jetpack_is_tweetstorm":false,"jetpack_publicize_feature_enabled":true,"jetpack_social_post_already_shared":false,"jetpack_social_options":{"image_generator_settings":{"template":"highway","enabled":false}}},"categories":[3],"tags":[],"jetpack_publicize_connections":[],"yoast_head":"<!-- This site is optimized with the Yoast SEO plugin v20.6 - https:\/\/yoast.com\/wordpress\/plugins\/seo\/ -->\n<title>Vins vaudois 2011: le chasselas seul 1ers Grands Crus - thomasvino<\/title>\n<meta name=\"robots\" content=\"index, follow, max-snippet:-1, max-image-preview:large, max-video-preview:-1\" \/>\n<link rel=\"canonical\" href=\"https:\/\/thomasvino.ch\/?p=9294\" \/>\n<meta property=\"og:locale\" content=\"fr_FR\" \/>\n<meta property=\"og:type\" content=\"article\" \/>\n<meta property=\"og:title\" content=\"Vins vaudois 2011: le chasselas seul 1ers Grands Crus - thomasvino\" \/>\n<meta property=\"og:description\" content=\"Vendange vaudoise 2011 Moins de blanc que pr\u00e9vu Bise \u00e0 Begnins, devant les vignerons vaudoise, brise \u00e0 Lausanne, devant les journalistes&#160;: le pr\u00e9sident de la Communaut\u00e9 interprofessionnelle du vin vaudois (CIVV), Gilles Cornut \u00e9tait moins alarmiste en pr\u00e9sentant les statistiques des derni\u00e8res vendanges. Le chasselas repr\u00e9sente toujours 2\/3 de la vendange vaudoise et le c\u00e9page [&hellip;]\" \/>\n<meta property=\"og:url\" content=\"https:\/\/thomasvino.ch\/?p=9294\" \/>\n<meta property=\"og:site_name\" content=\"thomasvino\" \/>\n<meta property=\"article:published_time\" content=\"2011-12-13T17:07:00+00:00\" \/>\n<meta name=\"author\" content=\"Pierre Thomas\" \/>\n<meta name=\"twitter:label1\" content=\"\u00c9crit par\" \/>\n\t<meta name=\"twitter:data1\" content=\"Pierre Thomas\" \/>\n\t<meta name=\"twitter:label2\" content=\"Dur\u00e9e de lecture estim\u00e9e\" \/>\n\t<meta name=\"twitter:data2\" content=\"3 minutes\" \/>\n<script type=\"application\/ld+json\" class=\"yoast-schema-graph\">{\"@context\":\"https:\/\/schema.org\",\"@graph\":[{\"@type\":\"WebPage\",\"@id\":\"https:\/\/thomasvino.ch\/?p=9294\",\"url\":\"https:\/\/thomasvino.ch\/?p=9294\",\"name\":\"Vins vaudois 2011: le chasselas seul 1ers Grands Crus - thomasvino\",\"isPartOf\":{\"@id\":\"https:\/\/thomasvino.ch\/#website\"},\"datePublished\":\"2011-12-13T17:07:00+00:00\",\"dateModified\":\"2011-12-13T17:07:00+00:00\",\"author\":{\"@id\":\"https:\/\/thomasvino.ch\/#\/schema\/person\/670bf4486fe81152cf1d68bd585e062e\"},\"breadcrumb\":{\"@id\":\"https:\/\/thomasvino.ch\/?p=9294#breadcrumb\"},\"inLanguage\":\"fr-FR\",\"potentialAction\":[{\"@type\":\"ReadAction\",\"target\":[\"https:\/\/thomasvino.ch\/?p=9294\"]}]},{\"@type\":\"BreadcrumbList\",\"@id\":\"https:\/\/thomasvino.ch\/?p=9294#breadcrumb\",\"itemListElement\":[{\"@type\":\"ListItem\",\"position\":1,\"name\":\"Accueil\",\"item\":\"https:\/\/thomasvino.ch\/\"},{\"@type\":\"ListItem\",\"position\":2,\"name\":\"Vins vaudois 2011: le chasselas seul 1ers Grands Crus\"}]},{\"@type\":\"WebSite\",\"@id\":\"https:\/\/thomasvino.ch\/#website\",\"url\":\"https:\/\/thomasvino.ch\/\",\"name\":\"thomasvino\",\"description\":\"Vins &amp; Gastronomie\",\"potentialAction\":[{\"@type\":\"SearchAction\",\"target\":{\"@type\":\"EntryPoint\",\"urlTemplate\":\"https:\/\/thomasvino.ch\/?s={search_term_string}\"},\"query-input\":\"required name=search_term_string\"}],\"inLanguage\":\"fr-FR\"},{\"@type\":\"Person\",\"@id\":\"https:\/\/thomasvino.ch\/#\/schema\/person\/670bf4486fe81152cf1d68bd585e062e\",\"name\":\"Pierre Thomas\",\"image\":{\"@type\":\"ImageObject\",\"inLanguage\":\"fr-FR\",\"@id\":\"https:\/\/thomasvino.ch\/#\/schema\/person\/image\/\",\"url\":\"https:\/\/secure.gravatar.com\/avatar\/91fd5a76647f140e53db987a0dead4d7?s=96&d=mm&r=g\",\"contentUrl\":\"https:\/\/secure.gravatar.com\/avatar\/91fd5a76647f140e53db987a0dead4d7?s=96&d=mm&r=g\",\"caption\":\"Pierre Thomas\"},\"url\":\"https:\/\/thomasvino.ch\/?author=3\"}]}<\/script>\n<!-- \/ Yoast SEO plugin. -->","yoast_head_json":{"title":"Vins vaudois 2011: le chasselas seul 1ers Grands Crus - thomasvino","robots":{"index":"index","follow":"follow","max-snippet":"max-snippet:-1","max-image-preview":"max-image-preview:large","max-video-preview":"max-video-preview:-1"},"canonical":"https:\/\/thomasvino.ch\/?p=9294","og_locale":"fr_FR","og_type":"article","og_title":"Vins vaudois 2011: le chasselas seul 1ers Grands Crus - thomasvino","og_description":"Vendange vaudoise 2011 Moins de blanc que pr\u00e9vu Bise \u00e0 Begnins, devant les vignerons vaudoise, brise \u00e0 Lausanne, devant les journalistes&#160;: le pr\u00e9sident de la Communaut\u00e9 interprofessionnelle du vin vaudois (CIVV), Gilles Cornut \u00e9tait moins alarmiste en pr\u00e9sentant les statistiques des derni\u00e8res vendanges. Le chasselas repr\u00e9sente toujours 2\/3 de la vendange vaudoise et le c\u00e9page [&hellip;]","og_url":"https:\/\/thomasvino.ch\/?p=9294","og_site_name":"thomasvino","article_published_time":"2011-12-13T17:07:00+00:00","author":"Pierre Thomas","twitter_misc":{"\u00c9crit par":"Pierre Thomas","Dur\u00e9e de lecture estim\u00e9e":"3 minutes"},"schema":{"@context":"https:\/\/schema.org","@graph":[{"@type":"WebPage","@id":"https:\/\/thomasvino.ch\/?p=9294","url":"https:\/\/thomasvino.ch\/?p=9294","name":"Vins vaudois 2011: le chasselas seul 1ers Grands Crus - thomasvino","isPartOf":{"@id":"https:\/\/thomasvino.ch\/#website"},"datePublished":"2011-12-13T17:07:00+00:00","dateModified":"2011-12-13T17:07:00+00:00","author":{"@id":"https:\/\/thomasvino.ch\/#\/schema\/person\/670bf4486fe81152cf1d68bd585e062e"},"breadcrumb":{"@id":"https:\/\/thomasvino.ch\/?p=9294#breadcrumb"},"inLanguage":"fr-FR","potentialAction":[{"@type":"ReadAction","target":["https:\/\/thomasvino.ch\/?p=9294"]}]},{"@type":"BreadcrumbList","@id":"https:\/\/thomasvino.ch\/?p=9294#breadcrumb","itemListElement":[{"@type":"ListItem","position":1,"name":"Accueil","item":"https:\/\/thomasvino.ch\/"},{"@type":"ListItem","position":2,"name":"Vins vaudois 2011: le chasselas seul 1ers Grands Crus"}]},{"@type":"WebSite","@id":"https:\/\/thomasvino.ch\/#website","url":"https:\/\/thomasvino.ch\/","name":"thomasvino","description":"Vins &amp; Gastronomie","potentialAction":[{"@type":"SearchAction","target":{"@type":"EntryPoint","urlTemplate":"https:\/\/thomasvino.ch\/?s={search_term_string}"},"query-input":"required name=search_term_string"}],"inLanguage":"fr-FR"},{"@type":"Person","@id":"https:\/\/thomasvino.ch\/#\/schema\/person\/670bf4486fe81152cf1d68bd585e062e","name":"Pierre Thomas","image":{"@type":"ImageObject","inLanguage":"fr-FR","@id":"https:\/\/thomasvino.ch\/#\/schema\/person\/image\/","url":"https:\/\/secure.gravatar.com\/avatar\/91fd5a76647f140e53db987a0dead4d7?s=96&d=mm&r=g","contentUrl":"https:\/\/secure.gravatar.com\/avatar\/91fd5a76647f140e53db987a0dead4d7?s=96&d=mm&r=g","caption":"Pierre Thomas"},"url":"https:\/\/thomasvino.ch\/?author=3"}]}},"jetpack_featured_media_url":"","jetpack_sharing_enabled":true,"jetpack_shortlink":"https:\/\/wp.me\/p3m4tZ-2pU","jetpack_likes_enabled":false,"jetpack-related-posts":[{"id":13176,"url":"https:\/\/thomasvino.ch\/?p=13176","url_meta":{"origin":9294,"position":0},"title":"Vendange vaudoise 2015  Quantit\u00e9 jamais vue depuis 35 ans, qualit\u00e9 depuis 70 ans","date":"13 novembre 2015","format":false,"excerpt":"En mati\u00e8re de vin, les deux extr\u00eames sont les vendanges pl\u00e9thoriques de pi\u00e8tre qualit\u00e9 et celles, chiches, mais de grande qualit\u00e9. La Suisse, et le vignoble vaudois, en 2015, vivent le second sc\u00e9nario. La r\u00e9colte devrait \u00e0 peine d\u00e9passer 20 millions de litres (dont 14,5 de blanc). Par Pierre Thomas\u2026","rel":"","context":"Dans &quot;Actus - News&quot;","img":{"alt_text":"","src":"","width":0,"height":0},"classes":[]},{"id":9539,"url":"https:\/\/thomasvino.ch\/?p=9539","url_meta":{"origin":9294,"position":1},"title":"Le premier D\u00e9zaley 1er Grand Cru","date":"27 f\u00e9vrier 2013","format":false,"excerpt":"Vin vaudois Un D\u00e9zaley \u00abpremier\u00bb 1er Grand Cru On le savait d\u00e9j\u00e0: les \u00abnouveaux\u00bb 1ers Grands Crus vaudois ne seront que 15 en 2012, du moins si les 12 promus de l\u2019an pass\u00e9 repassent avec le mill\u00e9sime 2012. Des trois nouveaux, on connaissait le Ch\u00e2teau de La B\u00e2tie, \u00e0 Vinzel\u2026","rel":"","context":"Dans &quot;Vins suisses&quot;","img":{"alt_text":"","src":"img\/dez_gueniettaz.jpg","width":350,"height":200},"classes":[]},{"id":9651,"url":"https:\/\/thomasvino.ch\/?p=9651","url_meta":{"origin":9294,"position":2},"title":"Vaud \u2014 Les vins prim\u00e9s en 2005","date":"13 juillet 2005","format":false,"excerpt":"Vins vaudois dans les concours internationaux 2005 Chasselas en or \u00e0 Bruxelles Les vins vaudois ont mieux brill\u00e9 \u00e0 Bruxelles, en Bourgogne et \u00e0 Bordeaux qu\u2019\u00e0 Paris, dans les concours internationaux du d\u00e9but de l\u2019ann\u00e9e. Fait rare, un chasselas 2003 de La C\u00f4te, de surcro\u00eet original dans sa d\u00e9marche, est\u2026","rel":"","context":"Dans &quot;Vins suisses&quot;","img":{"alt_text":"","src":"","width":0,"height":0},"classes":[]},{"id":9506,"url":"https:\/\/thomasvino.ch\/?p=9506","url_meta":{"origin":9294,"position":3},"title":"Entre Valais et Vaud, 7 millions de litres de vin en moins","date":"7 d\u00e9cembre 2012","format":false,"excerpt":"Vins suisses en 2012 Moins que pr\u00e9vu\u2026 comme pr\u00e9vu Fin 2012, Berne l'a confirm\u00e9: la vendange 2012 ne devrait d\u00e9passer les 100 millions de litres que de tr\u00e8s peu (1,004.040 hl). Soit 10,3% de moins qu'en 2011 et 7% de moins que sur la moyenne des 5 derni\u00e8res ann\u00e9es. C'est\u2026","rel":"","context":"Dans &quot;Actus - News&quot;","img":{"alt_text":"","src":"","width":0,"height":0},"classes":[]},{"id":12106,"url":"https:\/\/thomasvino.ch\/?p=12106","url_meta":{"origin":9294,"position":4},"title":"Pluie d\u2019or sur les chasselas vaudois","date":"24 juillet 2014","format":false,"excerpt":"L\u2019honneur du chasselas vaudois est sauf\u00a0: le 10 juillet, \u00e0 Montreux, c\u2019est le Calamin L\u2019Arp\u00e8ge 2013, de Jean-Luc Blondel, \u00e0 Cully, qui a remport\u00e9 le titre de champion de la S\u00e9lection vaudoise 2014, non seulement en chasselas, mais en note absolue du concours, avec 94,4\/100 points (remportant le \u00abtroph\u00e9e master\u00bb).\u2026","rel":"","context":"Dans &quot;Actus - News&quot;","img":{"alt_text":"","src":"","width":0,"height":0},"classes":[]},{"id":16547,"url":"https:\/\/thomasvino.ch\/?p=16547","url_meta":{"origin":9294,"position":5},"title":"Consommation des vins\u00a0: celle des vaudois s\u2019am\u00e9liore","date":"14 avril 2020","format":false,"excerpt":"Bien s\u00fbr, les chiffres datent d\u2019avant la pand\u00e9mie et la crise de la consommation de vin qui se\u00a0profile\u00a0 m\u00eame si les caves sont ouvertes et que les vignerons promettent de livrer \u00e0 domicile, souvent sans frais\u2026 La consommation des vins vaudois, tant blancs que rouges, s\u2019\u00e9tait am\u00e9lior\u00e9e \u00e0 fin 2019\u2026","rel":"","context":"Dans &quot;Tendance&quot;","img":{"alt_text":"","src":"","width":0,"height":0},"classes":[]}],"_links":{"self":[{"href":"https:\/\/thomasvino.ch\/index.php?rest_route=\/wp\/v2\/posts\/9294"}],"collection":[{"href":"https:\/\/thomasvino.ch\/index.php?rest_route=\/wp\/v2\/posts"}],"about":[{"href":"https:\/\/thomasvino.ch\/index.php?rest_route=\/wp\/v2\/types\/post"}],"author":[{"embeddable":true,"href":"https:\/\/thomasvino.ch\/index.php?rest_route=\/wp\/v2\/users\/3"}],"replies":[{"embeddable":true,"href":"https:\/\/thomasvino.ch\/index.php?rest_route=%2Fwp%2Fv2%2Fcomments&post=9294"}],"version-history":[{"count":0,"href":"https:\/\/thomasvino.ch\/index.php?rest_route=\/wp\/v2\/posts\/9294\/revisions"}],"wp:attachment":[{"href":"https:\/\/thomasvino.ch\/index.php?rest_route=%2Fwp%2Fv2%2Fmedia&parent=9294"}],"wp:term":[{"taxonomy":"category","embeddable":true,"href":"https:\/\/thomasvino.ch\/index.php?rest_route=%2Fwp%2Fv2%2Fcategories&post=9294"},{"taxonomy":"post_tag","embeddable":true,"href":"https:\/\/thomasvino.ch\/index.php?rest_route=%2Fwp%2Fv2%2Ftags&post=9294"}],"curies":[{"name":"wp","href":"https:\/\/api.w.org\/{rel}","templated":true}]}}