{"id":9319,"date":"2012-01-28T22:03:00","date_gmt":"2012-01-28T22:03:00","guid":{"rendered":"http:\/\/localhost\/thomasvino\/?p=9319"},"modified":"2012-01-28T22:03:00","modified_gmt":"2012-01-28T22:03:00","slug":"comment-le-sud-de-leurope-se-profile-sur-le-marche-des-vins","status":"publish","type":"post","link":"https:\/\/thomasvino.ch\/?p=9319","title":{"rendered":"Comment le Sud de l&rsquo;Europe se profile sur le march\u00e9 des vins"},"content":{"rendered":"<h1>Des vins du Sud de l\u2019Europe <br \/>\ntoujours mieux profil\u00e9s<\/h1>\n<div style=\"text-align: justify;\"><i>Par Pierre Thomas, de retour de Trani (Pouilles)<\/i><br \/>\nIl faut avoir eu le privil\u00e8ge de parcourir ces derniers mois les vignobles de la Navarre, du Priorat, de l\u2019Alentejo, et, enfin, des Pouilles. Dans ces quatre r\u00e9gions europ\u00e9ennes, fleurons \u00e9mergents de l\u2019Espagne, de la Catalogne, du Portugal et de l\u2019Italie viticoles, des constantes. Climatiques d\u2019abord: on est l\u00e0 dans les marges du climat id\u00e9al pour la vigne. Un climat quasi continental en Navarre, parfois dans le Priorat, et dans l\u2019Alentejo, avec de grandes diff\u00e9rences de temp\u00e9ratures entre le jour \u2014 tr\u00e8s chaud \u2014 et la nuit \u2014 tr\u00e8s froide \u2014, des conditions favorables au d\u00e9veloppement des ar\u00f4mes des raisins. Un climat m\u00e9diterran\u00e9en exacerb\u00e9 dans les Pouilles, qui se rapprochent des deux autres r\u00e9gions, mais aussi dans le Priorat. <br \/>\nEn Navarre, sur la fa\u00e7ade atlantique du nord de l\u2019Espagne, comme dans l\u2019Alentejo, en retrait des c\u00f4tes atlantiques sous Lisbonne, et dans le Piorat, arri\u00e8re-pays de Tarragone, ces conditions sont r\u00e9gul\u00e9es par des vents, venant tant\u00f4t de la mer, tant\u00f4t de la montagne. Chacune des quatre r\u00e9gions se profile avec des vins qui, gustativement se ressemblent&#160;: le plus souvent rouges, fortement alcoolis\u00e9s (14% en moyenne), n\u00e9anmoins \u00e9quilibr\u00e9s par la fra\u00eecheur des ar\u00f4mes, aptes \u00e0 \u00eatre servis sur de nombreux plats, loin du clich\u00e9 du chianti ou du montepulciano avec la pizza.<br \/>\nChacune de ces r\u00e9gions, o\u00f9 la vigne pousse depuis deux mill\u00e9naires, mise sur un c\u00e9page embl\u00e9matique, au moins&#160;: la Navarre, sur des grenache centenaires, le Priorat, sur de vieux carignans taill\u00e9s par le vent presque en bonza\u00ef sur des schistes, l\u2019Alentejo, sur l\u2019alicante bouschet, vari\u00e9t\u00e9 d\u2019importation fran\u00e7aise qui a trouv\u00e9 sous ce climat ultrasec un des rares endroits o\u00f9 m\u00fbrir \u00e0 satisfaction, les Pouilles, enfin, c\u00e9l\u00e8bres pour leur primitivo. <br \/>\nDans ces quatre r\u00e9gions chaudes et s\u00e8ches, l\u2019alimentation en eau est une des cl\u00e9s de la viticulture. Sans l\u2019arrosage au goutte-\u00e0-goutte, rien ne pousserait ni dans le sud du Portugal, ni dans le sud de l\u2019Italie, des r\u00e9gions \u00e0 la limite des conditions les plus extr\u00eames pour cultiver la vigne. Dans les quatre r\u00e9gions, le mouvement coop\u00e9ratif est important, qui propose des vins d\u2019entr\u00e9e de gamme, mais de qualit\u00e9. La vigne et le vin y sont aussi des valeurs refuges, tant pour de grands groupes que pour des investisseurs locaux, qui misent sur des caves ultramodernes et sur les conseils des meilleurs \u0153nologues&#160;: leurs vins occupent souvent le milieu de gamme. Et sont arriv\u00e9s des vignerons-encaveurs \u2014 comme on dit en Suisse\u2026 \u2014 passionn\u00e9s et de grand talent, pour signer les meilleurs nectars, vendus jusqu\u2019\u00e0 cent francs suisses la bouteille. Lire le reportage sur les vins des Pouilles, ci-dessous.<\/div>\n<h2>Les Pouilles tournent la page <br \/>\ndu vin rouge bon march\u00e9<\/h2>\n<div style=\"text-align: justify;\">Nagu\u00e8re, les Pouilles \u00e9taient \u00e0 l\u2019Italie ce que l\u2019Alg\u00e9rie fut \u00e0 la France ou la Navarre \u00e0 l\u2019Espagne: un r\u00e9servoir de \u00abvins m\u00e9decins\u00bb, destin\u00e9s \u00e0 remonter en couleur et en degr\u00e9s d\u2019alcool des crus plus maigres, mais de grande r\u00e9putation. Aujourd\u2019hui, le sud de l\u2019Italie monte en puissance, pas seulement en quantit\u00e9, mais surtout en qualit\u00e9.<br \/>\nPour la premi\u00e8re fois, en novembre dernier, 21 producteurs et exportateurs de vin des Pouilles, r\u00e9unis sous la banni\u00e8re de <i>Puglia Best Wine<\/i>, organisaient une tourn\u00e9e de d\u00e9gustations pour des journalistes d\u2019une vingtaine de nationalit\u00e9s (dont un seul Suisse). Point d\u2019orgue, une \u00e9valuation \u00e0 l\u2019aveugle des trois principaux c\u00e9pages des Pouilles, le primitivo, le negr(o)amaro \u2014 on ne prononce pas le premier o\u2026 \u2014 et le nero di Troia. Sur la base des \u00e9chantillons de 2010, pas encore mis en bouteilles, juv\u00e9niles, le pannel de d\u00e9gustateurs a d\u00e9cern\u00e9 des \u00e9toiles aux vins. L\u2019issue \u00e9tait pr\u00e9visible! Quatre \u00e9toiles (sur cinq) \u00e0 tous et un tierc\u00e9 en fonction des points obtenus, sans surprise&#160;: charmeur et chaleureux, le primitivo obtient 86 points sur 100, le nero di Troia, plus \u00e9l\u00e9gant, 85 points et le negr(o)amaro, b\u00e2ti pour aller loin dans le temps, souvent gr\u00e2ce \u00e0 un \u00e9levage en barriques, mais plus difficile \u00e0 juger jeune, 83,5 points.<br \/>\n<b>La marque plut\u00f4t que la DOC<\/b><br \/>\nLa d\u00e9gustation s\u2019accompagnait de visites de domaines. Premier constat&#160;: le syst\u00e8me des appellations des Pouilles, complexe, avec pas moins de 26 d\u00e9nominations d\u2019origine contr\u00f4l\u00e9e (DOC) et 6 indications g\u00e9ographiques typiques (IGT) \u2014 qui mue en DOP pour les premi\u00e8res et en IGP pour les secondes, selon la nouvelle r\u00e9glementation de l\u2019Union europ\u00e9enne \u2014 est parfaitement incompr\u00e9hensible. Ce d\u2019autant plus que les grands domaines utilisent les DOP et les IGP \u00e0 g\u00e9om\u00e9trie variable pour leurs diverses gammes de vins. <br \/>\nLes marques et la renomm\u00e9e supplantent donc cette construction qui faisaient la part belle aux int\u00e9r\u00eats locaux \u2014 on raille, sur place, telle ou telle \u00abappellation du syndic\u00bb. Ainsi, <b>Conti Zecca<\/b>, 325 hectares de vignes, \u00e9coule en majorit\u00e9 des IGT. Cette entreprise familiale o\u00f9 quatre fr\u00e8res et quatre s\u0153urs sont aux commandes, fait figure de pionni\u00e8re, puisque sa cave date de 1935, \u00e0 une \u00e9poque o\u00f9 une majorit\u00e9 du vin des Pouilles s\u2019en allait en citerne dans le nord. A Leverano, pr\u00e8s de Lecce, l\u2019organisation est rationnelle, avec des domaines plant\u00e9s \u00e0 5&rsquo;000 pieds\/hectare, et des ceps de 5 \u00e0 35 d\u2019\u00e2ge, majoritairement cultiv\u00e9s sur fil, en cordon permanent, une vendange \u00e0 la machine, une vinification dans des cuves en ciment ou dans des cuves inox rotatives, le refroidissement syst\u00e9matique du mo\u00fbt. <br \/>\nLe domaine vient d\u2019ouvrir une magnifique \u0153noth\u00e8que-restaurant. A la d\u00e9gustation, les vins sont techniquement irr\u00e9prochables. L\u2019assemblage <i><b>Nero<\/b><\/i> (70% de negroamaro et 30% de cabernet sauvignon), salu\u00e9 du sigle des trois verres, la note maximale du guide <i>Gambero Rosso<\/i>, qui f\u00eate sa vingt-cinqui\u00e8me \u00e9dition cette ann\u00e9e (2012), est r\u00e9solument moderne, l\u2019appoint du cabernet renfor\u00e7ant la structure du negroamaro. <br \/>\n<b>Un negr(o)amaro international<\/b><br \/>\nLes <b>Semeraro<\/b>, une famille de banquiers de Lecce,&#160;ont vendu leur affaire en 2000, et les fr\u00e8res et s\u0153urs ont investi dans la viticulture, dans le Salice Salentino, et l\u2019\u0153notourisme local. <i>\u00abAvec le vin, on peut montrer quelle est la force d\u2019expression de notre terroir\u00bb<\/i>, plaide l\u2019avocat <b>Pier Andrea Semeraro<\/b>. Mater Domini est une \u00abvecchia masseria\u00bb \u2014 vieille ferme\u2014 de 60 hectares, partag\u00e9s entre des ceps plant\u00e9s r\u00e9cemment et 15 ha de vieilles vignes, centenaires, cultiv\u00e9es en gobelet. <br \/>\nLa premi\u00e8re vendange remonte \u00e0 2004 et la supervision de la cave a \u00e9t\u00e9 confi\u00e9e \u00e0 l\u2019\u0153nologue <b>Carlo Ferrini<\/b>, le <b>Michel Rolland<\/b> italien&#160;: <i>\u00abOn veut faire un des meilleurs vins des Pouilles, voire d\u2019Italie, alors, son nom s\u2019est imm\u00e9diatement impos\u00e9\u00bb<\/i>. La r\u00e9serve, <i><b>Casili 2008<\/b><\/i>, a, elle aussi obtenu les \u00abtre bicchiere\u00bb du guide italien: le negroamaro y est pr\u00e9sent \u00e0 95%, avec un appoint de 5% de malvoisie noire de Lecce. Ce vin donne dans l\u2019\u00e9l\u00e9gance, avec des notes menthol\u00e9es qui trahissent l\u2019\u00e9levage en barriques de ch\u00eane. On peut lui pr\u00e9f\u00e9rer le <i><b>Marangi 2007<\/b><\/i>, un pur negroamaro, qui affiche plus de 15% d\u2019alcool, mais ne les fait pas, tant l\u2019\u00e9quilibre en bouche est r\u00e9ussi, entre des effluves fum\u00e9s, des ar\u00f4mes floraux, des notes cr\u00e9meuses de confiserie et une finale agr\u00e9ablement acidul\u00e9e. <br \/>\nNon loin, le <b>Castello Monaci<\/b>, 210 hectares, dont 140 d\u2019un seul tenant, entourant un ch\u00e2teau m\u00e9di\u00e9val fond\u00e9 en 1482 par des moines venus de Cluny. Au fil des si\u00e8cles, ce haut lieu de c\u00e9r\u00e9monies de mariage, dans des salles holywoodiennes, a subi moult r\u00e9novations\u2026 L\u2019ancienne cave a \u00e9t\u00e9 transform\u00e9e en mus\u00e9e&#160;; la nouvelle est \u00e0 l\u2019am\u00e9ricaine bient\u00f4t couverte de panneaux solaires. L\u2019exploitation est assur\u00e9e en partenariat avec le <i><b>Grupo Italiano Vini<\/b><\/i>, qui poss\u00e8de une quinzaine de grands domaines dans toute la P\u00e9ninsule et dont le si\u00e8ge est \u00e0 V\u00e9rone. <br \/>\nLe jeune <b>Luigi Serraca<\/b> est fier de pr\u00e9senter le primitivo de haut de gamme du domaine, l\u2019<i><b>Artas<\/b><\/i>, longtemps abonn\u00e9 aux <i>\u00abtrois verres\u00bb<\/i>, notamment avec le magnifique 2006, au nez typique de tabac, de figue, gras, puissant, avec une finale sur les fruits secs et la canelle, alors que le 2007 est plus chocolat\u00e9 et toast\u00e9. Le domaine a \u00e9tudi\u00e9 la maturit\u00e9 id\u00e9ale du primitivo, le raisin vedette des Pouilles, fr\u00e8re a\u00een\u00e9 du zinfandel californien. Et l\u2019\u00e9levage de l\u2019Artas est partag\u00e9 entre 6 mois de barriques et 6 mois de grands f\u00fbts, <i>\u00abcar on ne veut pas faire un vin de Californie ou d\u2019Australie\u00bb. <\/i><br \/>\n<b>Des c\u00e9pages en devenir<\/b><br \/>\nEntre les deux grands c\u00e9pages que sont le primitivo et le negr(o)amaro, les meilleurs caves livrent un match serr\u00e9: au premier, l\u2019imm\u00e9diatet\u00e9, la richesse, la suavit\u00e9, au second, l\u2019\u00e9l\u00e9gance, la puissance, le potentiel de garde. Certains petits producteurs vedettes comme <b>Gianfranco Fino<\/b> signent des \u00abbombes\u00bb dans les deux cat\u00e9gories. Mais le duel pourrait \u00eatre arbitr\u00e9 par deux autres c\u00e9pages, le nero di Troia, alliant longtemps gros rendement et bas de gamme, mais qui, selon un expert local, vient de \u00abretrouver la lumi\u00e8re\u00bb dans la DOC Castel del Monte, et le susumaniello, fort en acidit\u00e9, mais qu\u2019on peut dompter par l\u2019\u00e9levage en barriques. Ces deux vari\u00e9t\u00e9s au bon potentiel de vieillissement pourraient faire de l\u2019ombre au solaire et tr\u00e8s consensuel primitivo\u2026<br \/>\nLes Pouilles produisent 700 millions de litres de vin par an, soit sept fois la production totale du vignoble suisse. Les Suisses en boivent 11% du volume export\u00e9, une quantit\u00e9 non n\u00e9gligeables. Et la r\u00e9gion a encore quelques tr\u00e9sors \u00e0 r\u00e9v\u00e9ler: <i>\u00abNous voulons \u00e9voluer et passer du clich\u00e9 qualit\u00e9-prix vers le meilleur rapport identit\u00e9-prix\u00bb<\/i>, r\u00e9sume <b>Luigi Rubino<\/b>, producteur d\u2019excellents vins modernes, et pr\u00e9sident du groupement Puglia Best Wine.<br \/>\n&#160;&#160;&#160; &#160;&#160;&#160; &#160;&#160;&#160; &#160;&#160;&#160; <br \/>\n<i>*En Suisse, Conti Zecca est distribu\u00e9 par Bindella (et Bindella-Testuz)&#160;; Mater Domini, par 1870 Vins &amp; Conseils, \u00e0 Monthey&#160;; Castello Monaci, par la Weinkellerei \u00e0 Aarau&#160;; Rubino par Wyhus Belp (BE) et Divo, Gianfranco Fino par Caratello et Canneti.<\/i><\/p>\n<p><i>Paru dans le magazine <\/i>H\u00f4tellerie et Gastronomie Hebdo<i>, le 25 janvier 2012.<\/i><\/div>\n","protected":false},"excerpt":{"rendered":"<p>Des vins du Sud de l\u2019Europe toujours mieux profil\u00e9s Par Pierre Thomas, de retour de Trani (Pouilles) Il faut avoir eu le privil\u00e8ge de parcourir ces derniers mois les vignobles de la Navarre, du Priorat, de l\u2019Alentejo, et, enfin, des Pouilles. Dans ces quatre r\u00e9gions europ\u00e9ennes, fleurons \u00e9mergents de l\u2019Espagne, de la Catalogne, du Portugal [&hellip;]<\/p>\n","protected":false},"author":3,"featured_media":0,"comment_status":"closed","ping_status":"open","sticky":false,"template":"","format":"standard","meta":{"_monsterinsights_skip_tracking":false,"_monsterinsights_sitenote_active":false,"_monsterinsights_sitenote_note":"","_monsterinsights_sitenote_category":0,"jetpack_post_was_ever_published":false,"jetpack_publicize_message":"","jetpack_is_tweetstorm":false,"jetpack_publicize_feature_enabled":true,"jetpack_social_post_already_shared":false,"jetpack_social_options":{"image_generator_settings":{"template":"highway","enabled":false}}},"categories":[29],"tags":[],"jetpack_publicize_connections":[],"yoast_head":"<!-- This site is optimized with the Yoast SEO plugin v20.6 - https:\/\/yoast.com\/wordpress\/plugins\/seo\/ -->\n<title>Comment le Sud de l&#039;Europe se profile sur le march\u00e9 des vins - thomasvino<\/title>\n<meta name=\"robots\" content=\"index, follow, max-snippet:-1, max-image-preview:large, max-video-preview:-1\" \/>\n<link rel=\"canonical\" href=\"https:\/\/thomasvino.ch\/?p=9319\" \/>\n<meta property=\"og:locale\" content=\"fr_FR\" \/>\n<meta property=\"og:type\" content=\"article\" \/>\n<meta property=\"og:title\" content=\"Comment le Sud de l&#039;Europe se profile sur le march\u00e9 des vins - thomasvino\" \/>\n<meta property=\"og:description\" content=\"Des vins du Sud de l\u2019Europe toujours mieux profil\u00e9s Par Pierre Thomas, de retour de Trani (Pouilles) Il faut avoir eu le privil\u00e8ge de parcourir ces derniers mois les vignobles de la Navarre, du Priorat, de l\u2019Alentejo, et, enfin, des Pouilles. Dans ces quatre r\u00e9gions europ\u00e9ennes, fleurons \u00e9mergents de l\u2019Espagne, de la Catalogne, du Portugal [&hellip;]\" \/>\n<meta property=\"og:url\" content=\"https:\/\/thomasvino.ch\/?p=9319\" \/>\n<meta property=\"og:site_name\" content=\"thomasvino\" \/>\n<meta property=\"article:published_time\" content=\"2012-01-28T22:03:00+00:00\" \/>\n<meta name=\"author\" content=\"Pierre Thomas\" \/>\n<meta name=\"twitter:label1\" content=\"\u00c9crit par\" \/>\n\t<meta name=\"twitter:data1\" content=\"Pierre Thomas\" \/>\n\t<meta name=\"twitter:label2\" content=\"Dur\u00e9e de lecture estim\u00e9e\" \/>\n\t<meta name=\"twitter:data2\" content=\"9 minutes\" \/>\n<script type=\"application\/ld+json\" class=\"yoast-schema-graph\">{\"@context\":\"https:\/\/schema.org\",\"@graph\":[{\"@type\":\"WebPage\",\"@id\":\"https:\/\/thomasvino.ch\/?p=9319\",\"url\":\"https:\/\/thomasvino.ch\/?p=9319\",\"name\":\"Comment le Sud de l'Europe se profile sur le march\u00e9 des vins - thomasvino\",\"isPartOf\":{\"@id\":\"https:\/\/thomasvino.ch\/#website\"},\"datePublished\":\"2012-01-28T22:03:00+00:00\",\"dateModified\":\"2012-01-28T22:03:00+00:00\",\"author\":{\"@id\":\"https:\/\/thomasvino.ch\/#\/schema\/person\/670bf4486fe81152cf1d68bd585e062e\"},\"breadcrumb\":{\"@id\":\"https:\/\/thomasvino.ch\/?p=9319#breadcrumb\"},\"inLanguage\":\"fr-FR\",\"potentialAction\":[{\"@type\":\"ReadAction\",\"target\":[\"https:\/\/thomasvino.ch\/?p=9319\"]}]},{\"@type\":\"BreadcrumbList\",\"@id\":\"https:\/\/thomasvino.ch\/?p=9319#breadcrumb\",\"itemListElement\":[{\"@type\":\"ListItem\",\"position\":1,\"name\":\"Accueil\",\"item\":\"https:\/\/thomasvino.ch\/\"},{\"@type\":\"ListItem\",\"position\":2,\"name\":\"Comment le Sud de l&rsquo;Europe se profile sur le march\u00e9 des vins\"}]},{\"@type\":\"WebSite\",\"@id\":\"https:\/\/thomasvino.ch\/#website\",\"url\":\"https:\/\/thomasvino.ch\/\",\"name\":\"thomasvino\",\"description\":\"Vins &amp; Gastronomie\",\"potentialAction\":[{\"@type\":\"SearchAction\",\"target\":{\"@type\":\"EntryPoint\",\"urlTemplate\":\"https:\/\/thomasvino.ch\/?s={search_term_string}\"},\"query-input\":\"required name=search_term_string\"}],\"inLanguage\":\"fr-FR\"},{\"@type\":\"Person\",\"@id\":\"https:\/\/thomasvino.ch\/#\/schema\/person\/670bf4486fe81152cf1d68bd585e062e\",\"name\":\"Pierre Thomas\",\"image\":{\"@type\":\"ImageObject\",\"inLanguage\":\"fr-FR\",\"@id\":\"https:\/\/thomasvino.ch\/#\/schema\/person\/image\/\",\"url\":\"https:\/\/secure.gravatar.com\/avatar\/91fd5a76647f140e53db987a0dead4d7?s=96&d=mm&r=g\",\"contentUrl\":\"https:\/\/secure.gravatar.com\/avatar\/91fd5a76647f140e53db987a0dead4d7?s=96&d=mm&r=g\",\"caption\":\"Pierre Thomas\"},\"url\":\"https:\/\/thomasvino.ch\/?author=3\"}]}<\/script>\n<!-- \/ Yoast SEO plugin. -->","yoast_head_json":{"title":"Comment le Sud de l'Europe se profile sur le march\u00e9 des vins - thomasvino","robots":{"index":"index","follow":"follow","max-snippet":"max-snippet:-1","max-image-preview":"max-image-preview:large","max-video-preview":"max-video-preview:-1"},"canonical":"https:\/\/thomasvino.ch\/?p=9319","og_locale":"fr_FR","og_type":"article","og_title":"Comment le Sud de l'Europe se profile sur le march\u00e9 des vins - thomasvino","og_description":"Des vins du Sud de l\u2019Europe toujours mieux profil\u00e9s Par Pierre Thomas, de retour de Trani (Pouilles) Il faut avoir eu le privil\u00e8ge de parcourir ces derniers mois les vignobles de la Navarre, du Priorat, de l\u2019Alentejo, et, enfin, des Pouilles. Dans ces quatre r\u00e9gions europ\u00e9ennes, fleurons \u00e9mergents de l\u2019Espagne, de la Catalogne, du Portugal [&hellip;]","og_url":"https:\/\/thomasvino.ch\/?p=9319","og_site_name":"thomasvino","article_published_time":"2012-01-28T22:03:00+00:00","author":"Pierre Thomas","twitter_misc":{"\u00c9crit par":"Pierre Thomas","Dur\u00e9e de lecture estim\u00e9e":"9 minutes"},"schema":{"@context":"https:\/\/schema.org","@graph":[{"@type":"WebPage","@id":"https:\/\/thomasvino.ch\/?p=9319","url":"https:\/\/thomasvino.ch\/?p=9319","name":"Comment le Sud de l'Europe se profile sur le march\u00e9 des vins - thomasvino","isPartOf":{"@id":"https:\/\/thomasvino.ch\/#website"},"datePublished":"2012-01-28T22:03:00+00:00","dateModified":"2012-01-28T22:03:00+00:00","author":{"@id":"https:\/\/thomasvino.ch\/#\/schema\/person\/670bf4486fe81152cf1d68bd585e062e"},"breadcrumb":{"@id":"https:\/\/thomasvino.ch\/?p=9319#breadcrumb"},"inLanguage":"fr-FR","potentialAction":[{"@type":"ReadAction","target":["https:\/\/thomasvino.ch\/?p=9319"]}]},{"@type":"BreadcrumbList","@id":"https:\/\/thomasvino.ch\/?p=9319#breadcrumb","itemListElement":[{"@type":"ListItem","position":1,"name":"Accueil","item":"https:\/\/thomasvino.ch\/"},{"@type":"ListItem","position":2,"name":"Comment le Sud de l&rsquo;Europe se profile sur le march\u00e9 des vins"}]},{"@type":"WebSite","@id":"https:\/\/thomasvino.ch\/#website","url":"https:\/\/thomasvino.ch\/","name":"thomasvino","description":"Vins &amp; Gastronomie","potentialAction":[{"@type":"SearchAction","target":{"@type":"EntryPoint","urlTemplate":"https:\/\/thomasvino.ch\/?s={search_term_string}"},"query-input":"required name=search_term_string"}],"inLanguage":"fr-FR"},{"@type":"Person","@id":"https:\/\/thomasvino.ch\/#\/schema\/person\/670bf4486fe81152cf1d68bd585e062e","name":"Pierre Thomas","image":{"@type":"ImageObject","inLanguage":"fr-FR","@id":"https:\/\/thomasvino.ch\/#\/schema\/person\/image\/","url":"https:\/\/secure.gravatar.com\/avatar\/91fd5a76647f140e53db987a0dead4d7?s=96&d=mm&r=g","contentUrl":"https:\/\/secure.gravatar.com\/avatar\/91fd5a76647f140e53db987a0dead4d7?s=96&d=mm&r=g","caption":"Pierre Thomas"},"url":"https:\/\/thomasvino.ch\/?author=3"}]}},"jetpack_featured_media_url":"","jetpack_sharing_enabled":true,"jetpack_shortlink":"https:\/\/wp.me\/p3m4tZ-2qj","jetpack_likes_enabled":false,"jetpack-related-posts":[{"id":9312,"url":"https:\/\/thomasvino.ch\/?p=9312","url_meta":{"origin":9319,"position":0},"title":"A la poursuite du \u00abprimitivo\u00bb","date":"11 janvier 2012","format":false,"excerpt":"Vins des Pouilles A la poursuite du \u00abprimitivo\u00bb Non, le \u00abprimitivo\u00bb n\u2019est ni grand singe de la famille des primates. Ni un primitif d\u2019une impraobable peuplade. Mais un \u00abpr\u00e9coce\u00bb\u00a0: le principal c\u00e9page des Pouilles, au sud de l\u2019Italie, dont l\u2019arbre g\u00e9n\u00e9alogique a \u00e9t\u00e9 r\u00e9v\u00e9l\u00e9 par l\u2019ADN. D\u00e9couverte sur place. Pierre\u2026","rel":"","context":"Dans &quot;Vins italiens&quot;","img":{"alt_text":"site_primitivo.jpg","src":"img\/site_primitivo.jpg","width":350,"height":200},"classes":[]},{"id":9272,"url":"https:\/\/thomasvino.ch\/?p=9272","url_meta":{"origin":9319,"position":1},"title":"L&rsquo;Alentejo, nouvel Eldorado (partie I)","date":"11 novembre 2011","format":false,"excerpt":"Vins portugais L\u2019Alentejo, le nouvel Edorado Entre Lisbonne, la capitale, et l\u2019Algarve, la r\u00e9gion touristique du sud du Portugal, l\u2019Alentejo, l\u2019\u00aboutre-Tage\u00bb, d\u00e9roule ses immenses \u00e9tendues. Itin\u00e9raire en trois \u00e9tapes viticoles. Pierre Thomas, de retour d\u2019Evora, textes et photos De la ville universitaire d\u2019Evora \u2014 un peu plus petite que Fribourg\u2026","rel":"","context":"Dans &quot;Carte Postale&quot;","img":{"alt_text":"alent_soares_01.jpg","src":"img\/alent_soares_01.jpg","width":350,"height":200},"classes":[]},{"id":8816,"url":"https:\/\/thomasvino.ch\/?p=8816","url_meta":{"origin":9319,"position":2},"title":"Aux origines du zinfandel","date":"11 janvier 2005","format":false,"excerpt":"Deux origines pour \u00eatre zin' Qu'est-ce qui rapproche le primitivo des Pouilles (Sud de l'Italie) du zinfandel, appell\u00e9 famili\u00e8rement zin', de la Californie (Ouest des Etats-Unis)? Les deux vins sont issus du m\u00eame c\u00e9page! D\u00e9gustation parall\u00e8le. Par Pierre Thomas C'est le jeune chercheur valaisan Jos\u00e9 Vouillamoz, disciple de Carole Meredith\u2026","rel":"","context":"Dans &quot;Conso&quot;","img":{"alt_text":"","src":"","width":0,"height":0},"classes":[]},{"id":9321,"url":"https:\/\/thomasvino.ch\/?p=9321","url_meta":{"origin":9319,"position":3},"title":"Portugal: un itin\u00e9raire dans l&rsquo;Alentejo","date":"5 f\u00e9vrier 2012","format":false,"excerpt":"Un outre-Tage \u00abnew age\u00bb Entre Lisbonne et l\u2019Algarve, l\u2019Alentejo entend devenir une r\u00e9gion phare de l\u2019\u0153notourisme en Europe. De somptueux h\u00f4tels s\u2019ouvrent dans des domaines viticoles de toutes tailles. Reportage paru dans encore! (PDF ici). Par Pierre Thomas, de retour d\u2019Evora Tout beau, tout neuf! L\u2019\u00e9t\u00e9 pass\u00e9, un magnifique h\u00f4tel\u2026","rel":"","context":"Dans &quot;Vins europ\u00e9ens&quot;","img":{"alt_text":"site_grous.jpg","src":"img\/site_grous.jpg","width":350,"height":200},"classes":[]},{"id":9348,"url":"https:\/\/thomasvino.ch\/?p=9348","url_meta":{"origin":9319,"position":4},"title":"Nouvel \u00e9lan pour la Perle du Priorat","date":"21 mars 2012","format":false,"excerpt":"Priorat Rel\u00e8ve romande dans un domaine historique Ancien relais de futurs moines sur le chemin de la chartreuse de Scala Dei, au pied de la cordilli\u00e8re de Montsant, dans l\u2019arri\u00e8re-pays de Tarragone et de Barcelone, la Perle du Priorat a connu une histoire mouvement\u00e9e. Depuis l\u2019automne pass\u00e9,\u00a0 une nouvelle page\u2026","rel":"","context":"Dans &quot;Vins espagnols&quot;","img":{"alt_text":"bartmons.jpg","src":"img\/bartmons.jpg","width":350,"height":200},"classes":[]},{"id":9184,"url":"https:\/\/thomasvino.ch\/?p=9184","url_meta":{"origin":9319,"position":5},"title":"Des vignes sensibles au climat","date":"31 mai 2011","format":false,"excerpt":"Climat\u00a0: se pr\u00e9parer au changement A fin mai 2011, au moment o\u00f9 Berne publie ses lignes directrices de la \u00abStrat\u00e9gie Climat\u00bb pour l\u2019agriculture, on s\u2019inqui\u00e8te, tant en Afrique du Sud qu\u2019au Canada, du changement des conditions climatiques\u2026 Berne, dans la foul\u00e9e de sa Politique agricole 2014-2017, ajoute un volet climatique.\u2026","rel":"","context":"Dans &quot;Tendance&quot;","img":{"alt_text":"","src":"","width":0,"height":0},"classes":[]}],"_links":{"self":[{"href":"https:\/\/thomasvino.ch\/index.php?rest_route=\/wp\/v2\/posts\/9319"}],"collection":[{"href":"https:\/\/thomasvino.ch\/index.php?rest_route=\/wp\/v2\/posts"}],"about":[{"href":"https:\/\/thomasvino.ch\/index.php?rest_route=\/wp\/v2\/types\/post"}],"author":[{"embeddable":true,"href":"https:\/\/thomasvino.ch\/index.php?rest_route=\/wp\/v2\/users\/3"}],"replies":[{"embeddable":true,"href":"https:\/\/thomasvino.ch\/index.php?rest_route=%2Fwp%2Fv2%2Fcomments&post=9319"}],"version-history":[{"count":0,"href":"https:\/\/thomasvino.ch\/index.php?rest_route=\/wp\/v2\/posts\/9319\/revisions"}],"wp:attachment":[{"href":"https:\/\/thomasvino.ch\/index.php?rest_route=%2Fwp%2Fv2%2Fmedia&parent=9319"}],"wp:term":[{"taxonomy":"category","embeddable":true,"href":"https:\/\/thomasvino.ch\/index.php?rest_route=%2Fwp%2Fv2%2Fcategories&post=9319"},{"taxonomy":"post_tag","embeddable":true,"href":"https:\/\/thomasvino.ch\/index.php?rest_route=%2Fwp%2Fv2%2Ftags&post=9319"}],"curies":[{"name":"wp","href":"https:\/\/api.w.org\/{rel}","templated":true}]}}