{"id":9329,"date":"2012-02-17T11:37:00","date_gmt":"2012-02-17T11:37:00","guid":{"rendered":"http:\/\/localhost\/thomasvino\/?p=9329"},"modified":"2012-02-17T11:37:00","modified_gmt":"2012-02-17T11:37:00","slug":"les-encaveurs-du-vully-enfin-unis","status":"publish","type":"post","link":"https:\/\/thomasvino.ch\/?p=9329","title":{"rendered":"Les encaveurs du Vully enfin unis"},"content":{"rendered":"<h2><i>Encaveurs du Vully<\/i><\/h2>\n<h1>Une seule association intercantonale<\/h1>\n<div style=\"text-align: justify;\"><img src=\"img\/site_encavVully.jpg\" alt=\"site_encavVully.jpg\" title=\"site_encavVully.jpg\" style=\"width: 650px; height: 869px;\" \/><\/p>\n<p><i>Un pour tous, tous pour un!<\/i><\/p>\n<p>Suite logique de l\u2019adoption, l&rsquo;an pass\u00e9, par les cantons de Fribourg et de Vaud, sur l\u2019injonction de la Berne f\u00e9d\u00e9rale, des dispositions l\u00e9gales pour une A.O.C. commune \u00e0 tout le Vully, les vignerons du Vully ont cr\u00e9\u00e9, le 16 f\u00e9vrier 2012, \u00e0 la Douane de Gu\u00e9vaux, marquant la fronti\u00e8re des deux cantons, une association des encaveurs du Vully. Elle compte 19 membres. Les t\u00e9nors du Vully (unifi\u00e9) font partie du comit\u00e9, pr\u00e9sid\u00e9 par l\u2019\u0153nologue <b>Christian Vessaz<\/b> (Cru de l\u2019H\u00f4pital de Morat), les Vaudois <b>Roger Matthey<\/b> et <b>Pierre Gentizon<\/b> et les Fribourgeois <b>Christophe Derron<\/b> et <b>Jean-Daniel Chervet<\/b>. L\u2019association sera partie prenante d&rsquo;une interprofession, encore \u00e0 cr\u00e9er, qui discutera, avec la \u00abfamille\u00bb des viticulteurs des quotas et des teneurs en sucre, notamment. <br \/>\nLa nouvelle association annonce dans un communiqu\u00e9 <i>\u00abun tr\u00e8s beau mill\u00e9sime 2011\u00bb<\/i> et <i>\u00abdes stocks de bouteilles au plus bas\u00bb<\/i>. A noter que les vignerons du Vully ont renonc\u00e9, cette ann\u00e9e, \u00e0 organiser leur salon Vullyssima. Mais ils ouvriront les portes de leurs caves, tant dans la partie fribourgeoise (deux tiers des 150 hectares) que dans la partie vaudoise, les 25, 26 et 27 mai. La 12\u00e8me Route gourmande est fix\u00e9e au 30 juin et la f\u00eate des vendanges au 22 et 23 septembre. <br \/>\nLes vins du Vully ont aussi mis en ligne un nouveau site Internet, <a href=\"http:\/\/www.vin-vully.ch\"><b>www.vin-vully.ch.<\/b><\/a><br \/>\n<i>\u00a9thomasvino.ch<\/i><\/div>\n","protected":false},"excerpt":{"rendered":"<p>Encaveurs du Vully Une seule association intercantonale Un pour tous, tous pour un! Suite logique de l\u2019adoption, l&rsquo;an pass\u00e9, par les cantons de Fribourg et de Vaud, sur l\u2019injonction de la Berne f\u00e9d\u00e9rale, des dispositions l\u00e9gales pour une A.O.C. commune \u00e0 tout le Vully, les vignerons du Vully ont cr\u00e9\u00e9, le 16 f\u00e9vrier 2012, \u00e0 [&hellip;]<\/p>\n","protected":false},"author":3,"featured_media":0,"comment_status":"closed","ping_status":"open","sticky":false,"template":"","format":"standard","meta":{"_monsterinsights_skip_tracking":false,"_monsterinsights_sitenote_active":false,"_monsterinsights_sitenote_note":"","_monsterinsights_sitenote_category":0,"jetpack_post_was_ever_published":false,"jetpack_publicize_message":"","jetpack_is_tweetstorm":false,"jetpack_publicize_feature_enabled":true,"jetpack_social_post_already_shared":false,"jetpack_social_options":{"image_generator_settings":{"template":"highway","enabled":false}}},"categories":[15],"tags":[],"jetpack_publicize_connections":[],"yoast_head":"<!-- This site is optimized with the Yoast SEO plugin v20.6 - https:\/\/yoast.com\/wordpress\/plugins\/seo\/ -->\n<title>Les encaveurs du Vully enfin unis - thomasvino<\/title>\n<meta name=\"robots\" content=\"index, follow, max-snippet:-1, max-image-preview:large, max-video-preview:-1\" \/>\n<link rel=\"canonical\" href=\"https:\/\/thomasvino.ch\/?p=9329\" \/>\n<meta property=\"og:locale\" content=\"fr_FR\" \/>\n<meta property=\"og:type\" content=\"article\" \/>\n<meta property=\"og:title\" content=\"Les encaveurs du Vully enfin unis - thomasvino\" \/>\n<meta property=\"og:description\" content=\"Encaveurs du Vully Une seule association intercantonale Un pour tous, tous pour un! Suite logique de l\u2019adoption, l&rsquo;an pass\u00e9, par les cantons de Fribourg et de Vaud, sur l\u2019injonction de la Berne f\u00e9d\u00e9rale, des dispositions l\u00e9gales pour une A.O.C. commune \u00e0 tout le Vully, les vignerons du Vully ont cr\u00e9\u00e9, le 16 f\u00e9vrier 2012, \u00e0 [&hellip;]\" \/>\n<meta property=\"og:url\" content=\"https:\/\/thomasvino.ch\/?p=9329\" \/>\n<meta property=\"og:site_name\" content=\"thomasvino\" \/>\n<meta property=\"article:published_time\" content=\"2012-02-17T11:37:00+00:00\" \/>\n<meta name=\"author\" content=\"Pierre Thomas\" \/>\n<meta name=\"twitter:label1\" content=\"\u00c9crit par\" \/>\n\t<meta name=\"twitter:data1\" content=\"Pierre Thomas\" \/>\n\t<meta name=\"twitter:label2\" content=\"Dur\u00e9e de lecture estim\u00e9e\" \/>\n\t<meta name=\"twitter:data2\" content=\"1 minute\" \/>\n<script type=\"application\/ld+json\" class=\"yoast-schema-graph\">{\"@context\":\"https:\/\/schema.org\",\"@graph\":[{\"@type\":\"WebPage\",\"@id\":\"https:\/\/thomasvino.ch\/?p=9329\",\"url\":\"https:\/\/thomasvino.ch\/?p=9329\",\"name\":\"Les encaveurs du Vully enfin unis - thomasvino\",\"isPartOf\":{\"@id\":\"https:\/\/thomasvino.ch\/#website\"},\"datePublished\":\"2012-02-17T11:37:00+00:00\",\"dateModified\":\"2012-02-17T11:37:00+00:00\",\"author\":{\"@id\":\"https:\/\/thomasvino.ch\/#\/schema\/person\/670bf4486fe81152cf1d68bd585e062e\"},\"breadcrumb\":{\"@id\":\"https:\/\/thomasvino.ch\/?p=9329#breadcrumb\"},\"inLanguage\":\"fr-FR\",\"potentialAction\":[{\"@type\":\"ReadAction\",\"target\":[\"https:\/\/thomasvino.ch\/?p=9329\"]}]},{\"@type\":\"BreadcrumbList\",\"@id\":\"https:\/\/thomasvino.ch\/?p=9329#breadcrumb\",\"itemListElement\":[{\"@type\":\"ListItem\",\"position\":1,\"name\":\"Accueil\",\"item\":\"https:\/\/thomasvino.ch\/\"},{\"@type\":\"ListItem\",\"position\":2,\"name\":\"Les encaveurs du Vully enfin unis\"}]},{\"@type\":\"WebSite\",\"@id\":\"https:\/\/thomasvino.ch\/#website\",\"url\":\"https:\/\/thomasvino.ch\/\",\"name\":\"thomasvino\",\"description\":\"Vins &amp; Gastronomie\",\"potentialAction\":[{\"@type\":\"SearchAction\",\"target\":{\"@type\":\"EntryPoint\",\"urlTemplate\":\"https:\/\/thomasvino.ch\/?s={search_term_string}\"},\"query-input\":\"required name=search_term_string\"}],\"inLanguage\":\"fr-FR\"},{\"@type\":\"Person\",\"@id\":\"https:\/\/thomasvino.ch\/#\/schema\/person\/670bf4486fe81152cf1d68bd585e062e\",\"name\":\"Pierre Thomas\",\"image\":{\"@type\":\"ImageObject\",\"inLanguage\":\"fr-FR\",\"@id\":\"https:\/\/thomasvino.ch\/#\/schema\/person\/image\/\",\"url\":\"https:\/\/secure.gravatar.com\/avatar\/91fd5a76647f140e53db987a0dead4d7?s=96&d=mm&r=g\",\"contentUrl\":\"https:\/\/secure.gravatar.com\/avatar\/91fd5a76647f140e53db987a0dead4d7?s=96&d=mm&r=g\",\"caption\":\"Pierre Thomas\"},\"url\":\"https:\/\/thomasvino.ch\/?author=3\"}]}<\/script>\n<!-- \/ Yoast SEO plugin. -->","yoast_head_json":{"title":"Les encaveurs du Vully enfin unis - thomasvino","robots":{"index":"index","follow":"follow","max-snippet":"max-snippet:-1","max-image-preview":"max-image-preview:large","max-video-preview":"max-video-preview:-1"},"canonical":"https:\/\/thomasvino.ch\/?p=9329","og_locale":"fr_FR","og_type":"article","og_title":"Les encaveurs du Vully enfin unis - thomasvino","og_description":"Encaveurs du Vully Une seule association intercantonale Un pour tous, tous pour un! Suite logique de l\u2019adoption, l&rsquo;an pass\u00e9, par les cantons de Fribourg et de Vaud, sur l\u2019injonction de la Berne f\u00e9d\u00e9rale, des dispositions l\u00e9gales pour une A.O.C. commune \u00e0 tout le Vully, les vignerons du Vully ont cr\u00e9\u00e9, le 16 f\u00e9vrier 2012, \u00e0 [&hellip;]","og_url":"https:\/\/thomasvino.ch\/?p=9329","og_site_name":"thomasvino","article_published_time":"2012-02-17T11:37:00+00:00","author":"Pierre Thomas","twitter_misc":{"\u00c9crit par":"Pierre Thomas","Dur\u00e9e de lecture estim\u00e9e":"1 minute"},"schema":{"@context":"https:\/\/schema.org","@graph":[{"@type":"WebPage","@id":"https:\/\/thomasvino.ch\/?p=9329","url":"https:\/\/thomasvino.ch\/?p=9329","name":"Les encaveurs du Vully enfin unis - thomasvino","isPartOf":{"@id":"https:\/\/thomasvino.ch\/#website"},"datePublished":"2012-02-17T11:37:00+00:00","dateModified":"2012-02-17T11:37:00+00:00","author":{"@id":"https:\/\/thomasvino.ch\/#\/schema\/person\/670bf4486fe81152cf1d68bd585e062e"},"breadcrumb":{"@id":"https:\/\/thomasvino.ch\/?p=9329#breadcrumb"},"inLanguage":"fr-FR","potentialAction":[{"@type":"ReadAction","target":["https:\/\/thomasvino.ch\/?p=9329"]}]},{"@type":"BreadcrumbList","@id":"https:\/\/thomasvino.ch\/?p=9329#breadcrumb","itemListElement":[{"@type":"ListItem","position":1,"name":"Accueil","item":"https:\/\/thomasvino.ch\/"},{"@type":"ListItem","position":2,"name":"Les encaveurs du Vully enfin unis"}]},{"@type":"WebSite","@id":"https:\/\/thomasvino.ch\/#website","url":"https:\/\/thomasvino.ch\/","name":"thomasvino","description":"Vins &amp; Gastronomie","potentialAction":[{"@type":"SearchAction","target":{"@type":"EntryPoint","urlTemplate":"https:\/\/thomasvino.ch\/?s={search_term_string}"},"query-input":"required name=search_term_string"}],"inLanguage":"fr-FR"},{"@type":"Person","@id":"https:\/\/thomasvino.ch\/#\/schema\/person\/670bf4486fe81152cf1d68bd585e062e","name":"Pierre Thomas","image":{"@type":"ImageObject","inLanguage":"fr-FR","@id":"https:\/\/thomasvino.ch\/#\/schema\/person\/image\/","url":"https:\/\/secure.gravatar.com\/avatar\/91fd5a76647f140e53db987a0dead4d7?s=96&d=mm&r=g","contentUrl":"https:\/\/secure.gravatar.com\/avatar\/91fd5a76647f140e53db987a0dead4d7?s=96&d=mm&r=g","caption":"Pierre Thomas"},"url":"https:\/\/thomasvino.ch\/?author=3"}]}},"jetpack_featured_media_url":"","jetpack_sharing_enabled":true,"jetpack_shortlink":"https:\/\/wp.me\/p3m4tZ-2qt","jetpack_likes_enabled":false,"jetpack-related-posts":[{"id":17132,"url":"https:\/\/thomasvino.ch\/?p=17132","url_meta":{"origin":9329,"position":0},"title":"L&rsquo;AOC Vully se professionnalise","date":"10 f\u00e9vrier 2021","format":false,"excerpt":"D\u00e8s le 1er mars 2021, Joanna Rouiller sera la nouvelle directrice de l'Association interprofessionnelle des vins du Vully. Jusqu'ici, l'AIVV avait \u00e9t\u00e9 g\u00e9r\u00e9e par un comit\u00e9 de vignerons et d'encodeurs sur une base volontaire et b\u00e9n\u00e9vole. L'AIVV est une interprofessionnelle qui r\u00e9unit une centaine de producteurs de raisin et 24\u2026","rel":"","context":"Dans &quot;Actus - News&quot;","img":{"alt_text":"","src":"https:\/\/i0.wp.com\/thomasvino.ch\/wp-content\/uploads\/2021\/02\/VullyAOC-300x200.jpg?resize=350%2C200&ssl=1","width":350,"height":200},"classes":[]},{"id":9103,"url":"https:\/\/thomasvino.ch\/?p=9103","url_meta":{"origin":9329,"position":1},"title":"Le Vully n&rsquo;existe plus!","date":"1 d\u00e9cembre 2010","format":false,"excerpt":"La liste des AOC ne le mentionne plus Le Vully n\u2019existe plus Nous l\u2019avons r\u00e9v\u00e9l\u00e9 dans L\u2019Hebdo du 4 novembre\u00a0: le Vully, tant vaudois que fribourgeois, n\u2019appara\u00eet plus dans la liste des AOC suisses, publi\u00e9e par Berne cet \u00e9t\u00e9. Cela fait des ann\u00e9es que Berne demande aux deux cantons d\u2019harmoniser\u2026","rel":"","context":"Dans &quot;Vins suisses&quot;","img":{"alt_text":"","src":"","width":0,"height":0},"classes":[]},{"id":8869,"url":"https:\/\/thomasvino.ch\/?p=8869","url_meta":{"origin":9329,"position":2},"title":"Vully \u2014 Vullyssima 2009 \u00e0 Morat: une premi\u00e8re","date":"15 avril 2009","format":false,"excerpt":"Vullyssima 2009Tout le Vully \u00e0 MoratSamedi 2 mai 2009, tout le Vully se donne rendez-vous \u00e0 Morat. Le Vully viticole, fribourgeois et vaudois, mais aussi celui des terroirs, avec ses fruits et l\u00e9gumes.Pierre Thomas\u00abQuand on m'a dit que le Vully se pr\u00e9sentera d\u00e9but mai sur un bateau \u00e0 Morat, j'ai\u2026","rel":"","context":"Dans &quot;Vins suisses&quot;","img":{"alt_text":"","src":"","width":0,"height":0},"classes":[]},{"id":10816,"url":"https:\/\/thomasvino.ch\/?p=10816","url_meta":{"origin":9329,"position":3},"title":"L\u2019Etat de Fribourg remporte le 1er prix Vullyssimo","date":"14 juin 2013","format":false,"excerpt":"Lundi 10 juin, la S\u00e9lection du Vully s\u2019est jou\u00e9e \u00e0 Lugnorre, pour 60 vins de 21 encaveurs. Nouveaut\u00e9, deux prix sp\u00e9ciaux ont \u00e9t\u00e9 attribu\u00e9s. L\u2019un, appel\u00e9 Vullyssimo, au plus haut pointage de la d\u00e9gustation, qui revient au Pinot Noir 2012 de la Cave de l\u2019Etat de Fribourg, l\u2019autre, le Prix\u2026","rel":"","context":"Dans &quot;Vins suisses&quot;","img":{"alt_text":"","src":"https:\/\/i0.wp.com\/www.thomasvino.ch\/wp-content\/uploads\/2013\/06\/selec_vully_prod-300x214.jpg?resize=350%2C200","width":350,"height":200},"classes":[]},{"id":8738,"url":"https:\/\/thomasvino.ch\/?p=8738","url_meta":{"origin":9329,"position":4},"title":"Vaud \u2014 Le Vully, vignoble charni\u00e8re","date":"19 mai 2008","format":false,"excerpt":"Dossier paru dans le magazine VINUM en allemand et en fran\u00e7ais, printemps 2008.D\u00e9gustation de trois vins et bonnes adresses en fin de texte.Le Vully,vignoble charni\u00e8rePour l\u2019Office du tourisme d\u2019Avenches, c\u2019est un \u00abpetit paradis\u00bb. Pour celui de Morat, au bord du lac homonyme se pr\u00e9lasse la \u00abRiviera fribourgeoise\u00bb. Coup de sonde\u2026","rel":"","context":"Dans &quot;Vins suisses&quot;","img":{"alt_text":"","src":"","width":0,"height":0},"classes":[]},{"id":11161,"url":"https:\/\/thomasvino.ch\/?p=11161","url_meta":{"origin":9329,"position":5},"title":"Vendanges dans le Vully  la f\u00eate avant la r\u00e9colte!","date":"17 septembre 2013","format":false,"excerpt":"La 33\u00e8me F\u00eate des vendanges du Vully aura lieu dans le vieux village de Praz, au bord du lac de Morat, les 21 et 22 septembre. Avec pour th\u00e8me des deux cort\u00e8ges, du samedi apr\u00e8s-midi, r\u00e9serv\u00e9 aux enfants, et du dimanche, \u2026le carnaval, en principe f\u00eat\u00e9 avant le Car\u00eame, \u00e0\u2026","rel":"","context":"Dans &quot;Actus - News&quot;","img":{"alt_text":"","src":"","width":0,"height":0},"classes":[]}],"_links":{"self":[{"href":"https:\/\/thomasvino.ch\/index.php?rest_route=\/wp\/v2\/posts\/9329"}],"collection":[{"href":"https:\/\/thomasvino.ch\/index.php?rest_route=\/wp\/v2\/posts"}],"about":[{"href":"https:\/\/thomasvino.ch\/index.php?rest_route=\/wp\/v2\/types\/post"}],"author":[{"embeddable":true,"href":"https:\/\/thomasvino.ch\/index.php?rest_route=\/wp\/v2\/users\/3"}],"replies":[{"embeddable":true,"href":"https:\/\/thomasvino.ch\/index.php?rest_route=%2Fwp%2Fv2%2Fcomments&post=9329"}],"version-history":[{"count":0,"href":"https:\/\/thomasvino.ch\/index.php?rest_route=\/wp\/v2\/posts\/9329\/revisions"}],"wp:attachment":[{"href":"https:\/\/thomasvino.ch\/index.php?rest_route=%2Fwp%2Fv2%2Fmedia&parent=9329"}],"wp:term":[{"taxonomy":"category","embeddable":true,"href":"https:\/\/thomasvino.ch\/index.php?rest_route=%2Fwp%2Fv2%2Fcategories&post=9329"},{"taxonomy":"post_tag","embeddable":true,"href":"https:\/\/thomasvino.ch\/index.php?rest_route=%2Fwp%2Fv2%2Ftags&post=9329"}],"curies":[{"name":"wp","href":"https:\/\/api.w.org\/{rel}","templated":true}]}}