{"id":9341,"date":"2012-03-14T16:52:00","date_gmt":"2012-03-14T16:52:00","guid":{"rendered":"http:\/\/localhost\/thomasvino\/?p=9341"},"modified":"2012-03-14T16:52:00","modified_gmt":"2012-03-14T16:52:00","slug":"gerard-rabaey-parrain-de-la-semaine-du-gout-2012","status":"publish","type":"post","link":"https:\/\/thomasvino.ch\/?p=9341","title":{"rendered":"G\u00e9rard Rabaey, parrain de la Semaine du Go\u00fbt 2012"},"content":{"rendered":"<h2><i>Semaine du Go\u00fbt 2012<\/i><\/h2>\n<h1>G\u00e9rard Rabaey, parrain du go\u00fbt<\/h1>\n<div style=\"text-align: justify;\"><b>Le grand chef sort de sa retraite pour la promo de la Semaine suisse du Go\u00fbt (du 13 au 23 septembre 2012).<\/b><br \/>\n<i>Par Pierre Thomas<\/i><\/p>\n<p><img loading=\"lazy\" width=\"650\" height=\"372\" src=\"img\/site_rabzizi.jpg\" alt=\"site_rabzizi.jpg\" title=\"site_rabzizi.jpg\" \/><\/p>\n<p><i>G\u00e9rard Rabaey et Joseph Zisyadis, au Pont de Brent.<\/i><\/p>\n<p>Il n\u2019est pas du genre \u00e0 marcher sur les talons de son sucesseur, <a href=\"articles.php?lng=fr&amp;pg=1754\"><b>St\u00e9phane D\u00e9cotterd (lire son portrait)<\/b><\/a>, 36 ans, mais <b>G\u00e9rard Rabaey<\/b>, 64 ans, a tenu \u00e0 ce que son parrainage de la douzi\u00e8me Semaine du Go\u00fbt soit officialis\u00e9 l\u00e0 o\u00f9 il \u0153uvra plus de 30 ans, au Pont de Brent. Sous un triple mot d\u2019ordre:&#160;<i>\u00able go\u00fbt, le terroir, l\u2019authenticit\u00e9\u00bb<\/i>. <br \/>\nL\u2019ex-triple \u00e9toil\u00e9 Michelin (d\u00e8s son d\u00e9part, le restaurant a perdu une \u00e9toile) n\u2019a gu\u00e8re fait parler de lui ces 14 derniers mois, depuis sa retraite. Atteint dans sa sant\u00e9, il dit aujourd\u2019hui \u00eatre en pleine sant\u00e9. Et s\u2019adonne toujours autant au sport, d\u2019hiver, puis au cyclisme. <i>\u00abJ\u2019ai coup\u00e9 court \u00e0 toutes les obligations culinaires\u00bb<\/i>, raconte-t-il. <i>\u00abJe veux voir ce qu\u2019est la vie autrement. Dans la cuisine, on nage dans un microcosme. Il suffit d\u2019en sortir pour constater que la cuisine n\u2019est pas l\u2019objet principal des gens. J\u2019ai toujours \u00e9t\u00e9 un artisan. Et dans n\u2019importe quel m\u00e9tier, je serais all\u00e9 jusqu\u2019au bout des choses. Dans la cuisine, ce qui m\u2019a motiv\u00e9, c\u2019est que le m\u00e9tier donne de la reconnaissance.\u00bb<\/i> Et c\u2019est dans ce sens qu\u2019il faut aussi interpr\u00e9ter la d\u00e9signation de l\u2019ex-chef au titre (honorifique) de \u00abparrain\u00bb de la Semaine du Go\u00fbt. Une mani\u00e8re de saluer celui qui a form\u00e9 les Valaisans <b>Didier de Courten, Jacques Bovier, Mauro Capelli, <\/b>et les<b> Fribourgeois Alain B\u00e4chler, Pierrot Ayer<\/b>, pour ne citer que ceux-ci parmi une kyrielle. Les obligations du parrain se limiteront, en-dehors de quelques interviews, \u00e0 sa pr\u00e9sence au gala d\u2019ouverture de la Semaine du Go\u00fbt, \u00e0 Berne, le 13 septembre.<br \/>\n<b>Lausanne, capitale du go\u00fbt d\u00e8s mai d\u00e9j\u00e0<\/b><br \/>\nLe chef <b>G\u00e9rard Rabaey<\/b> s\u2019est aussi f\u00e9licit\u00e9 que la ville de Lausanne ait \u00e9t\u00e9 d\u00e9sign\u00e9e <i>\u00abville du go\u00fbt\u00bb<\/i>. Le syndic <b>Daniel Br\u00e9laz<\/b> s\u2019\u00e9tait d\u00e9plac\u00e9 pour l\u2019occasion. La capitale vaudoise a d\u00e9cid\u00e9 de voir les choses en grand. La semaine du go\u00fbt y durera plus d\u2019une\u2026 saison, puisqu\u2019elle d\u00e9marrera d\u00e9but mai d\u00e9j\u00e0, avec une s\u00e9rie de manifestations dans les parcs. On pourra notamment manger \u00e0 l\u2019ext\u00e9rieur dans des coins et recoins de la ville, servis par des chefs, hors de leur restaurant. Du moins, si toutes les autorisations sont d\u00e9livr\u00e9es\u2026 car le syndic s\u2019est rendu compte des chicanes administratives pos\u00e9es \u00e0 tout entrepreneur en ville de Lausanne: il l\u2019a dit publiquement. <br \/>\nAvec ses <i>\u00abrestaurants remarquables en moyenne internationale\u00bb<\/i>, selon <b>Daniel Br\u00e9laz<\/b>, Lausanne s\u2019est mise \u00e0 une \u00abculture nouvelle\u00bb et elle a int\u00e9gr\u00e9 depuis quatre ans le r\u00e9seau des villes <i>\u00abgourmandes\u00bb, \u00abd\u00e9lice\u00bb<\/i> (<a href=\"http:\/\/delice-network.org\/\"><b>www.delice-network.org<\/b><\/a>), lanc\u00e9e par Lyon. La ville va mettre en valeur son patrimoine agricole et viticole: elle est propri\u00e9taire d\u2019alpages et de vignobles, dont les trois domaines de Lavaux, qui seront aussi de la partie. Lausanne d\u00e9voilera ses projets d\u00e8s fin avril sur une adresse Internet d\u00e9di\u00e9e, <a href=\"http:\/\/www.lausanne.ch\/view.asp?DomID=65609\"><b>www.lausanne.ch\/villedugout2012.<\/b><\/a><br \/>\nQuant \u00e0 <b>Joseph Zisyadis<\/b>, conseiller national lausannois, retrait\u00e9 lui aussi, mais plus que jamais pr\u00e9sident, et employ\u00e9 \u00e0 mi-temps de l\u2019organisation, il a rompu une lance en faveur d\u2019une alimentation saine et \u00e9quilibr\u00e9e: <i>\u00abBien manger ne co\u00fbte pas cher. Mais il faut adopter des comportements diff\u00e9rents, allez vers les producteurs locaux, au march\u00e9 et r\u00e9habiliter les bonnes pratiques m\u00e9nag\u00e8res. Il faut retrouver une cr\u00e9ativit\u00e9 populaire abandonn\u00e9e!\u00bb <br \/>\n<\/i>Les candidatures \u00e0 des \u00e9v\u00e9nements durant les dix jours nationaux du go\u00fbt sont lanc\u00e9es: parmi les nouvelles cat\u00e9gories, l\u2019invitation lanc\u00e9e par un restaurateur \u00e0 rencontrer un producteur, autour de grandes tables, et un accent sur les produits du commerce \u00e9quitable. Les candidats ont jusqu\u2019au 30 avril pour s\u2019inscrire en ligne sur <a href=\"http:\/\/www.gout.ch\/\"><b>www.gout.ch<\/b><\/a>.<br \/>\n<i>Paru dans <\/i>H\u00f4tellerie et Gastronomie<i> du 13 mars 2012.<\/i><\/div>\n","protected":false},"excerpt":{"rendered":"<p>Semaine du Go\u00fbt 2012 G\u00e9rard Rabaey, parrain du go\u00fbt Le grand chef sort de sa retraite pour la promo de la Semaine suisse du Go\u00fbt (du 13 au 23 septembre 2012). Par Pierre Thomas G\u00e9rard Rabaey et Joseph Zisyadis, au Pont de Brent. Il n\u2019est pas du genre \u00e0 marcher sur les talons de son [&hellip;]<\/p>\n","protected":false},"author":3,"featured_media":0,"comment_status":"closed","ping_status":"open","sticky":false,"template":"","format":"standard","meta":{"_monsterinsights_skip_tracking":false,"_monsterinsights_sitenote_active":false,"_monsterinsights_sitenote_note":"","_monsterinsights_sitenote_category":0,"jetpack_post_was_ever_published":false,"jetpack_publicize_message":"","jetpack_is_tweetstorm":false,"jetpack_publicize_feature_enabled":true,"jetpack_social_post_already_shared":false,"jetpack_social_options":{"image_generator_settings":{"template":"highway","enabled":false}}},"categories":[29],"tags":[],"jetpack_publicize_connections":[],"yoast_head":"<!-- This site is optimized with the Yoast SEO plugin v20.6 - https:\/\/yoast.com\/wordpress\/plugins\/seo\/ -->\n<title>G\u00e9rard Rabaey, parrain de la Semaine du Go\u00fbt 2012 - thomasvino<\/title>\n<meta name=\"robots\" content=\"index, follow, max-snippet:-1, max-image-preview:large, max-video-preview:-1\" \/>\n<link rel=\"canonical\" href=\"https:\/\/thomasvino.ch\/?p=9341\" \/>\n<meta property=\"og:locale\" content=\"fr_FR\" \/>\n<meta property=\"og:type\" content=\"article\" \/>\n<meta property=\"og:title\" content=\"G\u00e9rard Rabaey, parrain de la Semaine du Go\u00fbt 2012 - thomasvino\" \/>\n<meta property=\"og:description\" content=\"Semaine du Go\u00fbt 2012 G\u00e9rard Rabaey, parrain du go\u00fbt Le grand chef sort de sa retraite pour la promo de la Semaine suisse du Go\u00fbt (du 13 au 23 septembre 2012). Par Pierre Thomas G\u00e9rard Rabaey et Joseph Zisyadis, au Pont de Brent. Il n\u2019est pas du genre \u00e0 marcher sur les talons de son [&hellip;]\" \/>\n<meta property=\"og:url\" content=\"https:\/\/thomasvino.ch\/?p=9341\" \/>\n<meta property=\"og:site_name\" content=\"thomasvino\" \/>\n<meta property=\"article:published_time\" content=\"2012-03-14T16:52:00+00:00\" \/>\n<meta name=\"author\" content=\"Pierre Thomas\" \/>\n<meta name=\"twitter:label1\" content=\"\u00c9crit par\" \/>\n\t<meta name=\"twitter:data1\" content=\"Pierre Thomas\" \/>\n\t<meta name=\"twitter:label2\" content=\"Dur\u00e9e de lecture estim\u00e9e\" \/>\n\t<meta name=\"twitter:data2\" content=\"4 minutes\" \/>\n<script type=\"application\/ld+json\" class=\"yoast-schema-graph\">{\"@context\":\"https:\/\/schema.org\",\"@graph\":[{\"@type\":\"WebPage\",\"@id\":\"https:\/\/thomasvino.ch\/?p=9341\",\"url\":\"https:\/\/thomasvino.ch\/?p=9341\",\"name\":\"G\u00e9rard Rabaey, parrain de la Semaine du Go\u00fbt 2012 - thomasvino\",\"isPartOf\":{\"@id\":\"https:\/\/thomasvino.ch\/#website\"},\"datePublished\":\"2012-03-14T16:52:00+00:00\",\"dateModified\":\"2012-03-14T16:52:00+00:00\",\"author\":{\"@id\":\"https:\/\/thomasvino.ch\/#\/schema\/person\/670bf4486fe81152cf1d68bd585e062e\"},\"breadcrumb\":{\"@id\":\"https:\/\/thomasvino.ch\/?p=9341#breadcrumb\"},\"inLanguage\":\"fr-FR\",\"potentialAction\":[{\"@type\":\"ReadAction\",\"target\":[\"https:\/\/thomasvino.ch\/?p=9341\"]}]},{\"@type\":\"BreadcrumbList\",\"@id\":\"https:\/\/thomasvino.ch\/?p=9341#breadcrumb\",\"itemListElement\":[{\"@type\":\"ListItem\",\"position\":1,\"name\":\"Accueil\",\"item\":\"https:\/\/thomasvino.ch\/\"},{\"@type\":\"ListItem\",\"position\":2,\"name\":\"G\u00e9rard Rabaey, parrain de la Semaine du Go\u00fbt 2012\"}]},{\"@type\":\"WebSite\",\"@id\":\"https:\/\/thomasvino.ch\/#website\",\"url\":\"https:\/\/thomasvino.ch\/\",\"name\":\"thomasvino\",\"description\":\"Vins &amp; Gastronomie\",\"potentialAction\":[{\"@type\":\"SearchAction\",\"target\":{\"@type\":\"EntryPoint\",\"urlTemplate\":\"https:\/\/thomasvino.ch\/?s={search_term_string}\"},\"query-input\":\"required name=search_term_string\"}],\"inLanguage\":\"fr-FR\"},{\"@type\":\"Person\",\"@id\":\"https:\/\/thomasvino.ch\/#\/schema\/person\/670bf4486fe81152cf1d68bd585e062e\",\"name\":\"Pierre Thomas\",\"image\":{\"@type\":\"ImageObject\",\"inLanguage\":\"fr-FR\",\"@id\":\"https:\/\/thomasvino.ch\/#\/schema\/person\/image\/\",\"url\":\"https:\/\/secure.gravatar.com\/avatar\/91fd5a76647f140e53db987a0dead4d7?s=96&d=mm&r=g\",\"contentUrl\":\"https:\/\/secure.gravatar.com\/avatar\/91fd5a76647f140e53db987a0dead4d7?s=96&d=mm&r=g\",\"caption\":\"Pierre Thomas\"},\"url\":\"https:\/\/thomasvino.ch\/?author=3\"}]}<\/script>\n<!-- \/ Yoast SEO plugin. -->","yoast_head_json":{"title":"G\u00e9rard Rabaey, parrain de la Semaine du Go\u00fbt 2012 - thomasvino","robots":{"index":"index","follow":"follow","max-snippet":"max-snippet:-1","max-image-preview":"max-image-preview:large","max-video-preview":"max-video-preview:-1"},"canonical":"https:\/\/thomasvino.ch\/?p=9341","og_locale":"fr_FR","og_type":"article","og_title":"G\u00e9rard Rabaey, parrain de la Semaine du Go\u00fbt 2012 - thomasvino","og_description":"Semaine du Go\u00fbt 2012 G\u00e9rard Rabaey, parrain du go\u00fbt Le grand chef sort de sa retraite pour la promo de la Semaine suisse du Go\u00fbt (du 13 au 23 septembre 2012). Par Pierre Thomas G\u00e9rard Rabaey et Joseph Zisyadis, au Pont de Brent. Il n\u2019est pas du genre \u00e0 marcher sur les talons de son [&hellip;]","og_url":"https:\/\/thomasvino.ch\/?p=9341","og_site_name":"thomasvino","article_published_time":"2012-03-14T16:52:00+00:00","author":"Pierre Thomas","twitter_misc":{"\u00c9crit par":"Pierre Thomas","Dur\u00e9e de lecture estim\u00e9e":"4 minutes"},"schema":{"@context":"https:\/\/schema.org","@graph":[{"@type":"WebPage","@id":"https:\/\/thomasvino.ch\/?p=9341","url":"https:\/\/thomasvino.ch\/?p=9341","name":"G\u00e9rard Rabaey, parrain de la Semaine du Go\u00fbt 2012 - thomasvino","isPartOf":{"@id":"https:\/\/thomasvino.ch\/#website"},"datePublished":"2012-03-14T16:52:00+00:00","dateModified":"2012-03-14T16:52:00+00:00","author":{"@id":"https:\/\/thomasvino.ch\/#\/schema\/person\/670bf4486fe81152cf1d68bd585e062e"},"breadcrumb":{"@id":"https:\/\/thomasvino.ch\/?p=9341#breadcrumb"},"inLanguage":"fr-FR","potentialAction":[{"@type":"ReadAction","target":["https:\/\/thomasvino.ch\/?p=9341"]}]},{"@type":"BreadcrumbList","@id":"https:\/\/thomasvino.ch\/?p=9341#breadcrumb","itemListElement":[{"@type":"ListItem","position":1,"name":"Accueil","item":"https:\/\/thomasvino.ch\/"},{"@type":"ListItem","position":2,"name":"G\u00e9rard Rabaey, parrain de la Semaine du Go\u00fbt 2012"}]},{"@type":"WebSite","@id":"https:\/\/thomasvino.ch\/#website","url":"https:\/\/thomasvino.ch\/","name":"thomasvino","description":"Vins &amp; Gastronomie","potentialAction":[{"@type":"SearchAction","target":{"@type":"EntryPoint","urlTemplate":"https:\/\/thomasvino.ch\/?s={search_term_string}"},"query-input":"required name=search_term_string"}],"inLanguage":"fr-FR"},{"@type":"Person","@id":"https:\/\/thomasvino.ch\/#\/schema\/person\/670bf4486fe81152cf1d68bd585e062e","name":"Pierre Thomas","image":{"@type":"ImageObject","inLanguage":"fr-FR","@id":"https:\/\/thomasvino.ch\/#\/schema\/person\/image\/","url":"https:\/\/secure.gravatar.com\/avatar\/91fd5a76647f140e53db987a0dead4d7?s=96&d=mm&r=g","contentUrl":"https:\/\/secure.gravatar.com\/avatar\/91fd5a76647f140e53db987a0dead4d7?s=96&d=mm&r=g","caption":"Pierre Thomas"},"url":"https:\/\/thomasvino.ch\/?author=3"}]}},"jetpack_featured_media_url":"","jetpack_sharing_enabled":true,"jetpack_shortlink":"https:\/\/wp.me\/p3m4tZ-2qF","jetpack_likes_enabled":false,"jetpack-related-posts":[{"id":9340,"url":"https:\/\/thomasvino.ch\/?p=9340","url_meta":{"origin":9341,"position":0},"title":"St\u00e9phane D\u00e9cotterd, le plus \u00e9toil\u00e9 des Fribourgeois","date":"11 mars 2012","format":false,"excerpt":"St\u00e9phane D\u00e9cotterd, le plus \u00e9toil\u00e9 des Fribourgeois Le successeur de G\u00e9rard Rabaey au Pont de Brent pr\u00e8s de Blonay (VD), St\u00e9phane D\u00e9cotterd, est un Fribourgeois pure souche. Il raconte son parcours et ses ambitions, apr\u00e8s un an d\u2019exercice. Par Pierre Thomas N\u00e9 \u00e0 Billens, St\u00e9phane D\u00e9cotterd a toute sa famille\u2026","rel":"","context":"Dans &quot;Gastro&quot;","img":{"alt_text":"pontbrent1.jpg","src":"img\/pontbrent1.jpg","width":350,"height":200},"classes":[]},{"id":9008,"url":"https:\/\/thomasvino.ch\/?p=9008","url_meta":{"origin":9341,"position":1},"title":"G\u00e9rard Rabaey remet son Pont de Brent \u00e0 son second","date":"23 mars 2010","format":false,"excerpt":"Apr\u00e8s 30 ans de bail G\u00e9rard Rabaey remet \u00abson\u00bb Pont de Brent Seul trois macarons Michelin de Suisse, avec Philippe Rochat \u00e0 Crissier, G\u00e9rard Rabaey, 62 ans, et son \u00e9pouse Josette, ont annonc\u00e9 ce soir, 22 mars 2010, qu'ils remettent leur restaurant au chef en second, St\u00e9phane D\u00e9cotterd, 34 ans,\u2026","rel":"","context":"Dans &quot;Actus - News&quot;","img":{"alt_text":"decot_rabaey.jpg","src":"img\/decot_rabaey.jpg","width":350,"height":200},"classes":[]},{"id":8805,"url":"https:\/\/thomasvino.ch\/?p=8805","url_meta":{"origin":9341,"position":2},"title":"Un chef \u00e0 la plume et aux fourneaux","date":"20 octobre 2008","format":false,"excerpt":"G\u00e9rard Rabaey, livre \u00e0 domicileParmi les grands chefs suisses, qui n\u2019a pas son livre de cuisine\u00a0? Pour son deuxi\u00e8me opus, G\u00e9rard Rabaey, du Pont-de-Brent, pr\u00e8s de Montreux, a tout fait de A \u00e0 Z.Par Pierre ThomasDepuis vingt ans au sommet de la cuisine helv\u00e9tique, avec 19 sur 20 au GaultMillau\u2026","rel":"","context":"Dans &quot;Gastro&quot;","img":{"alt_text":"","src":"","width":0,"height":0},"classes":[]},{"id":9382,"url":"https:\/\/thomasvino.ch\/?p=9382","url_meta":{"origin":9341,"position":3},"title":"Lausanne, Ville du Go\u00fbt 2012: r\u00e9servez votre table \u00e9ph\u00e9m\u00e8re sur le Net","date":"21 mai 2012","format":false,"excerpt":"Lausanne, Ville du Go\u00fbt 2012 Le net pour une table \u00e9ph\u00e9m\u00e8re Pour Lausanne Ville du Go\u00fbt 2012, plusieurs chefs r\u00e9put\u00e9s se pr\u00eatent au jeu des rencontres in\u00e9dites. D\u00e8s mardi 22 mai \u00e0 midi, les gourmets peuvent r\u00e9server sur Internet l\u2019une des 15 tables install\u00e9es en des lieux \u00e9tonnants. Inscription sur\u2026","rel":"","context":"Dans &quot;Actus - News&quot;","img":{"alt_text":"","src":"","width":0,"height":0},"classes":[]},{"id":8691,"url":"https:\/\/thomasvino.ch\/?p=8691","url_meta":{"origin":9341,"position":4},"title":"Un livre de G\u00e9rard Rabaey","date":"10 janvier 2005","format":false,"excerpt":"Un livre comme cerise sur le g\u00e2teau Le cuisinier G\u00e9rard Rabaey consigne dans un \u00abbeau livre\u00bb 172 recettes qui font le succ\u00e8s du Pont de Brent, sur Montreux, o\u00f9 il a emm\u00e9nag\u00e9, il y a tout juste vingt-cinq ans. Par Pierre Thomas L\u2019autre jour, au vernissage de l\u2019ouvrage*, cosign\u00e9 par\u2026","rel":"","context":"Dans &quot;Gastro&quot;","img":{"alt_text":"","src":"","width":0,"height":0},"classes":[]},{"id":17401,"url":"https:\/\/thomasvino.ch\/?p=17401","url_meta":{"origin":9341,"position":5},"title":"St\u00e9phane D\u00e9cotterd monte \u00e0 Glion\u00a0!","date":"22 juillet 2021","format":false,"excerpt":"Fin ao\u00fbt, St\u00e9phane et St\u00e9phanie D\u00e9cotterd tourneront la page du Pont de Brent, pour rejoindre, toujours sur les hauts de Montreux, Le Bellevue, restaurant de l\u2019Ecole h\u00f4teli\u00e8re de Glion. Il y tiendront un restaurant gastronomique et une brasserie, dominant le L\u00e9man. Le couple aura tenu l\u2019ancien restaurant de G\u00e9rard Rabaey\u2026","rel":"","context":"Dans &quot;Actus - News&quot;","img":{"alt_text":"","src":"","width":0,"height":0},"classes":[]}],"_links":{"self":[{"href":"https:\/\/thomasvino.ch\/index.php?rest_route=\/wp\/v2\/posts\/9341"}],"collection":[{"href":"https:\/\/thomasvino.ch\/index.php?rest_route=\/wp\/v2\/posts"}],"about":[{"href":"https:\/\/thomasvino.ch\/index.php?rest_route=\/wp\/v2\/types\/post"}],"author":[{"embeddable":true,"href":"https:\/\/thomasvino.ch\/index.php?rest_route=\/wp\/v2\/users\/3"}],"replies":[{"embeddable":true,"href":"https:\/\/thomasvino.ch\/index.php?rest_route=%2Fwp%2Fv2%2Fcomments&post=9341"}],"version-history":[{"count":0,"href":"https:\/\/thomasvino.ch\/index.php?rest_route=\/wp\/v2\/posts\/9341\/revisions"}],"wp:attachment":[{"href":"https:\/\/thomasvino.ch\/index.php?rest_route=%2Fwp%2Fv2%2Fmedia&parent=9341"}],"wp:term":[{"taxonomy":"category","embeddable":true,"href":"https:\/\/thomasvino.ch\/index.php?rest_route=%2Fwp%2Fv2%2Fcategories&post=9341"},{"taxonomy":"post_tag","embeddable":true,"href":"https:\/\/thomasvino.ch\/index.php?rest_route=%2Fwp%2Fv2%2Ftags&post=9341"}],"curies":[{"name":"wp","href":"https:\/\/api.w.org\/{rel}","templated":true}]}}