{"id":9381,"date":"2012-05-16T14:05:00","date_gmt":"2012-05-16T14:05:00","guid":{"rendered":"http:\/\/localhost\/thomasvino\/?p=9381"},"modified":"2012-05-16T14:05:00","modified_gmt":"2012-05-16T14:05:00","slug":"putsch-a-la-tete-de-swp","status":"publish","type":"post","link":"https:\/\/thomasvino.ch\/?p=9381","title":{"rendered":"Putsch \u00e0 la t\u00eate de SWP"},"content":{"rendered":"<h2><i>Swiss Wine Promotion<\/i><\/h2>\n<h1>J.-A. Orsat \u00e9vinc\u00e9 <br \/>\npar Gilles Besse<\/h1>\n<div style=\"text-align: justify;\"><b>Assembl\u00e9e houleuse de Swiss Wine Promotion, \u00e0 Gen\u00e8ve, le 9 mai: en place depuis 2008, r\u00e9\u00e9lu en 2010, le n\u00e9gociant valaisan Jacques-Alphonse Orsat n&rsquo;a pas pu se pr\u00e9senter pour un troisi\u00e8me mandat \u00e0 la t\u00eate de l&rsquo;organisme de promotion des vins suisses, \u00e9manation des offices cantonaux et de la soci\u00e9t\u00e9 des exportateurs SWEA. C&rsquo;est un autre Valaisan, l&rsquo;\u0153nologue Gilles Besse, 46 ans, qui a \u00e9t\u00e9 \u00e9lu.<\/b><br \/>\nCe remplacement avait \u00e9t\u00e9 d\u00e9cid\u00e9 au sein de l&rsquo;Interprofession de la vigne et du vin du Valais (IVVV), quelques semaines auparavant. Et, dans les coulisses d&rsquo;Arvinis, \u00e0 Morges, o\u00f9 SWP \u00e9tait l&rsquo;invit\u00e9 d&rsquo;honneur, en avril, le d\u00e9part de <b>Jacques-Alphonse Orsat<\/b> \u00e9tait \u00e9voqu\u00e9. Il aurait pay\u00e9 son soutien \u00e0 l&rsquo;ancien directeur de l&rsquo;IVVV, <b>Pierre Devanth\u00e9ry<\/b>, lui aussi remerci\u00e9 \u00e0 fin 2010. <br \/>\nDans une courte vid\u00e9o (de 2 minutes) de la <a href=\"http:\/\/valaisduvin.com\/2012\/05\/15\/promotion-des-vins-suisses-un-valaisan-chasse-lautre\/\"><b>TV valaisanne Canal 9<\/b><\/a>, les deux protagonistes \u00e9voquent cette affaire. <b>Gilles Besse<\/b> parle de \u00abrepr\u00e9sentativit\u00e9\u00bb que n&rsquo;aurait plus Jacques-Alphonse Orsat, plus membre du comit\u00e9 de l&rsquo;interprofession valaisanne, o\u00f9 il avait repr\u00e9sent\u00e9 les n\u00e9gociants de la troisi\u00e8me force , et de \u00abcoh\u00e9rence nationale\u00bb pour l&rsquo;avenir. Et <b>Jacques-Alphonse Orsat<\/b> se montre particuli\u00e8rement f\u00e2ch\u00e9 de son \u00e9viction, au moment o\u00f9 SWP a chang\u00e9 de partenaire ex\u00e9cutif et nomm\u00e9 au d\u00e9but janvier <b>S\u00e9bastien Fabbi<\/b>, de l&rsquo;antenne genevoise de l&rsquo;agence de communication zurichoise et internationale OMD, comme secr\u00e9taire g\u00e9n\u00e9ral, apr\u00e8s <a href=\"articles.php?lng=fr&amp;pg=1762\"><b>un divorce \u00ab\u00e0 l&rsquo;amiable\u00bb d&rsquo;avec Swiss Cheese Marketing<\/b><\/a>. Rappelons que Swiss Wine Promotion avait pris le relais de <a href=\"articles.php?lng=fr&amp;pg=559\"><b>Swiss Wine Communication<\/b><\/a>, apr\u00e8s son sabordage en f\u00e9vrier 2006, pr\u00e9c\u00e9dant sa faillite comptable. <br \/>\n<i>\u00a9thomasvino.ch<\/i><\/div>\n","protected":false},"excerpt":{"rendered":"<p>Swiss Wine Promotion J.-A. Orsat \u00e9vinc\u00e9 par Gilles Besse Assembl\u00e9e houleuse de Swiss Wine Promotion, \u00e0 Gen\u00e8ve, le 9 mai: en place depuis 2008, r\u00e9\u00e9lu en 2010, le n\u00e9gociant valaisan Jacques-Alphonse Orsat n&rsquo;a pas pu se pr\u00e9senter pour un troisi\u00e8me mandat \u00e0 la t\u00eate de l&rsquo;organisme de promotion des vins suisses, \u00e9manation des offices cantonaux [&hellip;]<\/p>\n","protected":false},"author":3,"featured_media":0,"comment_status":"closed","ping_status":"open","sticky":false,"template":"","format":"standard","meta":{"_monsterinsights_skip_tracking":false,"_monsterinsights_sitenote_active":false,"_monsterinsights_sitenote_note":"","_monsterinsights_sitenote_category":0,"jetpack_post_was_ever_published":false,"jetpack_publicize_message":"","jetpack_is_tweetstorm":false,"jetpack_publicize_feature_enabled":true,"jetpack_social_post_already_shared":false,"jetpack_social_options":{"image_generator_settings":{"template":"highway","enabled":false}}},"categories":[15],"tags":[],"jetpack_publicize_connections":[],"yoast_head":"<!-- This site is optimized with the Yoast SEO plugin v20.6 - https:\/\/yoast.com\/wordpress\/plugins\/seo\/ -->\n<title>Putsch \u00e0 la t\u00eate de SWP - thomasvino<\/title>\n<meta name=\"robots\" content=\"index, follow, max-snippet:-1, max-image-preview:large, max-video-preview:-1\" \/>\n<link rel=\"canonical\" href=\"https:\/\/thomasvino.ch\/?p=9381\" \/>\n<meta property=\"og:locale\" content=\"fr_FR\" \/>\n<meta property=\"og:type\" content=\"article\" \/>\n<meta property=\"og:title\" content=\"Putsch \u00e0 la t\u00eate de SWP - thomasvino\" \/>\n<meta property=\"og:description\" content=\"Swiss Wine Promotion J.-A. Orsat \u00e9vinc\u00e9 par Gilles Besse Assembl\u00e9e houleuse de Swiss Wine Promotion, \u00e0 Gen\u00e8ve, le 9 mai: en place depuis 2008, r\u00e9\u00e9lu en 2010, le n\u00e9gociant valaisan Jacques-Alphonse Orsat n&rsquo;a pas pu se pr\u00e9senter pour un troisi\u00e8me mandat \u00e0 la t\u00eate de l&rsquo;organisme de promotion des vins suisses, \u00e9manation des offices cantonaux [&hellip;]\" \/>\n<meta property=\"og:url\" content=\"https:\/\/thomasvino.ch\/?p=9381\" \/>\n<meta property=\"og:site_name\" content=\"thomasvino\" \/>\n<meta property=\"article:published_time\" content=\"2012-05-16T14:05:00+00:00\" \/>\n<meta name=\"author\" content=\"Pierre Thomas\" \/>\n<meta name=\"twitter:label1\" content=\"\u00c9crit par\" \/>\n\t<meta name=\"twitter:data1\" content=\"Pierre Thomas\" \/>\n\t<meta name=\"twitter:label2\" content=\"Dur\u00e9e de lecture estim\u00e9e\" \/>\n\t<meta name=\"twitter:data2\" content=\"1 minute\" \/>\n<script type=\"application\/ld+json\" class=\"yoast-schema-graph\">{\"@context\":\"https:\/\/schema.org\",\"@graph\":[{\"@type\":\"WebPage\",\"@id\":\"https:\/\/thomasvino.ch\/?p=9381\",\"url\":\"https:\/\/thomasvino.ch\/?p=9381\",\"name\":\"Putsch \u00e0 la t\u00eate de SWP - thomasvino\",\"isPartOf\":{\"@id\":\"https:\/\/thomasvino.ch\/#website\"},\"datePublished\":\"2012-05-16T14:05:00+00:00\",\"dateModified\":\"2012-05-16T14:05:00+00:00\",\"author\":{\"@id\":\"https:\/\/thomasvino.ch\/#\/schema\/person\/670bf4486fe81152cf1d68bd585e062e\"},\"breadcrumb\":{\"@id\":\"https:\/\/thomasvino.ch\/?p=9381#breadcrumb\"},\"inLanguage\":\"fr-FR\",\"potentialAction\":[{\"@type\":\"ReadAction\",\"target\":[\"https:\/\/thomasvino.ch\/?p=9381\"]}]},{\"@type\":\"BreadcrumbList\",\"@id\":\"https:\/\/thomasvino.ch\/?p=9381#breadcrumb\",\"itemListElement\":[{\"@type\":\"ListItem\",\"position\":1,\"name\":\"Accueil\",\"item\":\"https:\/\/thomasvino.ch\/\"},{\"@type\":\"ListItem\",\"position\":2,\"name\":\"Putsch \u00e0 la t\u00eate de SWP\"}]},{\"@type\":\"WebSite\",\"@id\":\"https:\/\/thomasvino.ch\/#website\",\"url\":\"https:\/\/thomasvino.ch\/\",\"name\":\"thomasvino\",\"description\":\"Vins &amp; Gastronomie\",\"potentialAction\":[{\"@type\":\"SearchAction\",\"target\":{\"@type\":\"EntryPoint\",\"urlTemplate\":\"https:\/\/thomasvino.ch\/?s={search_term_string}\"},\"query-input\":\"required name=search_term_string\"}],\"inLanguage\":\"fr-FR\"},{\"@type\":\"Person\",\"@id\":\"https:\/\/thomasvino.ch\/#\/schema\/person\/670bf4486fe81152cf1d68bd585e062e\",\"name\":\"Pierre Thomas\",\"image\":{\"@type\":\"ImageObject\",\"inLanguage\":\"fr-FR\",\"@id\":\"https:\/\/thomasvino.ch\/#\/schema\/person\/image\/\",\"url\":\"https:\/\/secure.gravatar.com\/avatar\/91fd5a76647f140e53db987a0dead4d7?s=96&d=mm&r=g\",\"contentUrl\":\"https:\/\/secure.gravatar.com\/avatar\/91fd5a76647f140e53db987a0dead4d7?s=96&d=mm&r=g\",\"caption\":\"Pierre Thomas\"},\"url\":\"https:\/\/thomasvino.ch\/?author=3\"}]}<\/script>\n<!-- \/ Yoast SEO plugin. -->","yoast_head_json":{"title":"Putsch \u00e0 la t\u00eate de SWP - thomasvino","robots":{"index":"index","follow":"follow","max-snippet":"max-snippet:-1","max-image-preview":"max-image-preview:large","max-video-preview":"max-video-preview:-1"},"canonical":"https:\/\/thomasvino.ch\/?p=9381","og_locale":"fr_FR","og_type":"article","og_title":"Putsch \u00e0 la t\u00eate de SWP - thomasvino","og_description":"Swiss Wine Promotion J.-A. Orsat \u00e9vinc\u00e9 par Gilles Besse Assembl\u00e9e houleuse de Swiss Wine Promotion, \u00e0 Gen\u00e8ve, le 9 mai: en place depuis 2008, r\u00e9\u00e9lu en 2010, le n\u00e9gociant valaisan Jacques-Alphonse Orsat n&rsquo;a pas pu se pr\u00e9senter pour un troisi\u00e8me mandat \u00e0 la t\u00eate de l&rsquo;organisme de promotion des vins suisses, \u00e9manation des offices cantonaux [&hellip;]","og_url":"https:\/\/thomasvino.ch\/?p=9381","og_site_name":"thomasvino","article_published_time":"2012-05-16T14:05:00+00:00","author":"Pierre Thomas","twitter_misc":{"\u00c9crit par":"Pierre Thomas","Dur\u00e9e de lecture estim\u00e9e":"1 minute"},"schema":{"@context":"https:\/\/schema.org","@graph":[{"@type":"WebPage","@id":"https:\/\/thomasvino.ch\/?p=9381","url":"https:\/\/thomasvino.ch\/?p=9381","name":"Putsch \u00e0 la t\u00eate de SWP - thomasvino","isPartOf":{"@id":"https:\/\/thomasvino.ch\/#website"},"datePublished":"2012-05-16T14:05:00+00:00","dateModified":"2012-05-16T14:05:00+00:00","author":{"@id":"https:\/\/thomasvino.ch\/#\/schema\/person\/670bf4486fe81152cf1d68bd585e062e"},"breadcrumb":{"@id":"https:\/\/thomasvino.ch\/?p=9381#breadcrumb"},"inLanguage":"fr-FR","potentialAction":[{"@type":"ReadAction","target":["https:\/\/thomasvino.ch\/?p=9381"]}]},{"@type":"BreadcrumbList","@id":"https:\/\/thomasvino.ch\/?p=9381#breadcrumb","itemListElement":[{"@type":"ListItem","position":1,"name":"Accueil","item":"https:\/\/thomasvino.ch\/"},{"@type":"ListItem","position":2,"name":"Putsch \u00e0 la t\u00eate de SWP"}]},{"@type":"WebSite","@id":"https:\/\/thomasvino.ch\/#website","url":"https:\/\/thomasvino.ch\/","name":"thomasvino","description":"Vins &amp; Gastronomie","potentialAction":[{"@type":"SearchAction","target":{"@type":"EntryPoint","urlTemplate":"https:\/\/thomasvino.ch\/?s={search_term_string}"},"query-input":"required name=search_term_string"}],"inLanguage":"fr-FR"},{"@type":"Person","@id":"https:\/\/thomasvino.ch\/#\/schema\/person\/670bf4486fe81152cf1d68bd585e062e","name":"Pierre Thomas","image":{"@type":"ImageObject","inLanguage":"fr-FR","@id":"https:\/\/thomasvino.ch\/#\/schema\/person\/image\/","url":"https:\/\/secure.gravatar.com\/avatar\/91fd5a76647f140e53db987a0dead4d7?s=96&d=mm&r=g","contentUrl":"https:\/\/secure.gravatar.com\/avatar\/91fd5a76647f140e53db987a0dead4d7?s=96&d=mm&r=g","caption":"Pierre Thomas"},"url":"https:\/\/thomasvino.ch\/?author=3"}]}},"jetpack_featured_media_url":"","jetpack_sharing_enabled":true,"jetpack_shortlink":"https:\/\/wp.me\/p3m4tZ-2rj","jetpack_likes_enabled":false,"jetpack-related-posts":[{"id":8801,"url":"https:\/\/thomasvino.ch\/?p=8801","url_meta":{"origin":9381,"position":0},"title":"Un Valaisan pr\u00e9sident des vins suisses","date":"13 octobre 2008","format":false,"excerpt":"Jacques-Alphonse Orsat \u00e0 la t\u00eate de Swiss Wine PromotionLa semaine pass\u00e9e (le 7 octobre 2008), Swiss Wine Promotion, qui regroupe les offices de promotion des r\u00e9gions viticoles, s\u2019est donn\u00e9 un nouveau pr\u00e9sident. Au Vaudois Robert Cr\u00fcll, sorti de la sc\u00e8ne au d\u00e9but de l\u2019\u00e9t\u00e9, succ\u00e8de le Valaisan Jacques-Alphonse Orsat, actuel\u2026","rel":"","context":"Dans &quot;Actus - News&quot;","img":{"alt_text":"","src":"","width":0,"height":0},"classes":[]},{"id":9386,"url":"https:\/\/thomasvino.ch\/?p=9386","url_meta":{"origin":9381,"position":1},"title":"Directeur d&rsquo;office des vins? Mission impossible!","date":"29 mai 2012","format":false,"excerpt":"Promotion des vins Mission impossible C\u2019\u00e9tait le 13 mars. Un mardi. Ce jour-l\u00e0, le salon Arvinis pr\u00e9sentait son h\u00f4te d\u2019honneur, Swiss Wine Promotion. Une quinzaine de journalistes avaient fait le d\u00e9placement de Morges, comme tout le gratin du vin vaudois et suisse. La conf\u00e9rence de presse se tenait dans l\u2019arri\u00e8re-salle\u2026","rel":"","context":"Dans &quot;Tendance&quot;","img":{"alt_text":"swpovv.jpg","src":"img\/swpovv.jpg","width":350,"height":200},"classes":[]},{"id":13489,"url":"https:\/\/thomasvino.ch\/?p=13489","url_meta":{"origin":9381,"position":2},"title":"Swiss Wine Promotion  Une SA plus large et plus\u2026 pro","date":"11 avril 2016","format":false,"excerpt":"Le d\u00e9part pr\u00e9cipit\u00e9 du secr\u00e9taire g\u00e9n\u00e9ral en poste, en automne 2015, a plong\u00e9 Swiss Wine Promotion (SWP) dans le doute. L\u2019association de promotion\u00a0\u00abg\u00e9n\u00e9rique\u00bb des vins suisses va se muer en soci\u00e9t\u00e9 anonyme, associant non plus les seuls offices de promotion r\u00e9gionaux, mais tous les acteurs du monde du vin suisse,\u2026","rel":"","context":"Dans &quot;Actus - News&quot;","img":{"alt_text":"","src":"","width":0,"height":0},"classes":[]},{"id":9347,"url":"https:\/\/thomasvino.ch\/?p=9347","url_meta":{"origin":9381,"position":3},"title":"Arvinis 2012, tremplin des \u00abvins suisses\u00bb","date":"21 mars 2012","format":false,"excerpt":"Tandis que les vins se s\u00e9parent des fromages Arvinis, tremplin des vins suisses Du 18 au 23 avril 2012, pour sa 17\u00e8me \u00e9dition, le Salon Arvinis, \u00e0 Morges, entend promouvoir les vins suisses. Ou plut\u00f4t servir de tribune \u00e0 Swiss Wine Promotion. Apr\u00e8s une convention de six ans avec Swiss\u2026","rel":"","context":"Dans &quot;Tendance&quot;","img":{"alt_text":"site_swp.jpg","src":"img\/site_swp.jpg","width":350,"height":200},"classes":[]},{"id":13036,"url":"https:\/\/thomasvino.ch\/?p=13036","url_meta":{"origin":9381,"position":4},"title":"Swiss Wine Promotion  Le secr\u00e9taire g\u00e9n\u00e9ral remerci\u00e9","date":"24 septembre 2015","format":false,"excerpt":"Le secr\u00e9taire g\u00e9n\u00e9ral de Swiss Wine Promotion, S\u00e9bastien Fabbi, a \u00e9t\u00e9 remerci\u00e9 ce mois, avec d\u00e9lai au 30 septembre. Selon un communiqu\u00e9 officiel de SWP, il aurait \u00abd\u00e9cid\u00e9 de ne pas renouveler son mandat, arriv\u00e9 \u00e0 \u00e9ch\u00e9ance apr\u00e8s 3 ans\u00bb. Ad interim, son poste va \u00eatre occup\u00e9 par Jean-Marc Amez-Droz,\u2026","rel":"","context":"Dans &quot;Actus - News&quot;","img":{"alt_text":"","src":"https:\/\/i0.wp.com\/www.thomasvino.ch\/wp-content\/uploads\/2015\/09\/besse_klinger_zh310815-300x200.jpg?resize=350%2C200","width":350,"height":200},"classes":[]},{"id":8980,"url":"https:\/\/thomasvino.ch\/?p=8980","url_meta":{"origin":9381,"position":5},"title":"L&rsquo;interprofession des vins suisses n&rsquo;est pas pour demain","date":"12 d\u00e9cembre 2009","format":false,"excerpt":"Interprofession de la vigne et des vins suisses (IVVS) S\u00e9ance constitutive renvoy\u00e9e Lundi 14 d\u00e9cembre, \u00e0 Berne, l\u2019Interprofession de la vigne et des vins suisses devait \u00eatre port\u00e9e sur les fonts baptismaux. La s\u00e9ance a \u00e9t\u00e9 renvoy\u00e9e \u00absine die\u00bb. L\u2019Interprofession de la vigne et du vin du Valais (IVV) a,\u2026","rel":"","context":"Dans &quot;Actus - News&quot;","img":{"alt_text":"","src":"","width":0,"height":0},"classes":[]}],"_links":{"self":[{"href":"https:\/\/thomasvino.ch\/index.php?rest_route=\/wp\/v2\/posts\/9381"}],"collection":[{"href":"https:\/\/thomasvino.ch\/index.php?rest_route=\/wp\/v2\/posts"}],"about":[{"href":"https:\/\/thomasvino.ch\/index.php?rest_route=\/wp\/v2\/types\/post"}],"author":[{"embeddable":true,"href":"https:\/\/thomasvino.ch\/index.php?rest_route=\/wp\/v2\/users\/3"}],"replies":[{"embeddable":true,"href":"https:\/\/thomasvino.ch\/index.php?rest_route=%2Fwp%2Fv2%2Fcomments&post=9381"}],"version-history":[{"count":0,"href":"https:\/\/thomasvino.ch\/index.php?rest_route=\/wp\/v2\/posts\/9381\/revisions"}],"wp:attachment":[{"href":"https:\/\/thomasvino.ch\/index.php?rest_route=%2Fwp%2Fv2%2Fmedia&parent=9381"}],"wp:term":[{"taxonomy":"category","embeddable":true,"href":"https:\/\/thomasvino.ch\/index.php?rest_route=%2Fwp%2Fv2%2Fcategories&post=9381"},{"taxonomy":"post_tag","embeddable":true,"href":"https:\/\/thomasvino.ch\/index.php?rest_route=%2Fwp%2Fv2%2Ftags&post=9381"}],"curies":[{"name":"wp","href":"https:\/\/api.w.org\/{rel}","templated":true}]}}