{"id":9382,"date":"2012-05-21T16:46:00","date_gmt":"2012-05-21T16:46:00","guid":{"rendered":"http:\/\/localhost\/thomasvino\/?p=9382"},"modified":"2012-05-21T16:46:00","modified_gmt":"2012-05-21T16:46:00","slug":"lausanne-ville-du-gout-2012-reservez-votre-table-ephemere-sur-le-net","status":"publish","type":"post","link":"https:\/\/thomasvino.ch\/?p=9382","title":{"rendered":"Lausanne, Ville du Go\u00fbt 2012: r\u00e9servez votre table \u00e9ph\u00e9m\u00e8re sur le Net"},"content":{"rendered":"<h2><i>Lausanne, Ville du Go\u00fbt 2012<\/i><\/h2>\n<h1>Le net pour une table \u00e9ph\u00e9m\u00e8re<\/h1>\n<div style=\"text-align: justify;\"><b>Pour Lausanne Ville du Go\u00fbt 2012, plusieurs chefs r\u00e9put\u00e9s se pr\u00eatent au jeu des rencontres in\u00e9dites. D\u00e8s mardi 22 mai \u00e0 midi, les gourmets peuvent r\u00e9server sur Internet l\u2019une des 15 tables install\u00e9es en des lieux \u00e9tonnants. Inscription sur <\/b><a href=\"http:\/\/www.lausanne.ch\/UploadedAsp\/36628\/2\/F\/ContentExterne.asp?DomID=65619&amp;Version=2\"><b>www.lausanne.ch\/villedugo\u00fbt2012<\/b><\/a><b>.<\/b><br \/>\nPour cette exp\u00e9rience, un menu exclusif a \u00e9t\u00e9 concoct\u00e9 par <b>Nicolas Abegg<\/b> (L&rsquo;Esquisse), <b>Edgard Bovier<\/b> (La Table du Lausanne Palace &amp; Spa), <b>Philippe Ligron<\/b> (professeur \u00e0 l&rsquo;Ecole H\u00f4teli\u00e8re Lausanne), <b>Anne-Sophie Pic<\/b> (Beau-Rivage Palace) ou <b>Gabriel Serero<\/b> (Conte-Go\u00fbts). Le menu est payant. <b>Tirage au sort mardi 29 mai.<\/b> <br \/>\nLe lancement de l\u2019op\u00e9ration aura lieu le 22 mai dans les studios de Couleur 3 avec un menu de Philippe Ligron. Les tables \u00e9ph\u00e9m\u00e8res offrent \u00e0 quelques chanceux, le temps d\u2019une soir\u00e9e entre mai et ao\u00fbt, de d\u00e9guster le menu d\u2019un grand chef, dans un lieu in\u00e9dit, que ce soit \u00e0 la collection de l&rsquo;Art Brut, au jardin de l\u2019Hermitage, au stade de la Pontaise, dans le clocher de la Cath\u00e9drale, au Beau-Rivage Palace ou encore au D! Club. Le programme sera mis en ligne et les inscriptions ouvertes le 22 mai \u00e0 midi!<br \/>\nDu 31 mai au 28 ao\u00fbt 2012, 14 tables \u00e9ph\u00e9m\u00e8res seront install\u00e9es dans des endroits in\u00e9dits de la Ville. Pour participer, rien de plus simple: l\u2019internaute s\u00e9lectionne la table de son choix sur <a href=\"http:\/\/www.lausanne.ch\/UploadedAsp\/36628\/2\/F\/ContentExterne.asp?DomID=65619&amp;Version=2\"><b>www.lausanne.ch\/villedugo\u00fbt2012<\/b><\/a> et remplit le formulaire. <b>Une seule inscription est possible par personne. Les inscriptions sont ouvertes jusqu\u2019au mardi 29 mai, \u00e0 midi.<\/b> <br \/>\nLe parrain de la Semaine suisse du Go\u00fbt, le chef retrait\u00e9 apr\u00e8s avoir \u00e9t\u00e9 triplement \u00e9toil\u00e9, <b>G\u00e9rard Rabaey<\/b>, tirera au sort une personne par table. Chaque table \u00e9ph\u00e9m\u00e8re sera compos\u00e9e de quatre personnes. Ainsi, la personne s\u00e9lectionn\u00e9e pourra choisir les trois autres personnes qui l\u2019accompagneront.<br \/>\n<i>com\/\u00a9thomasvino.ch<\/i><\/div>\n","protected":false},"excerpt":{"rendered":"<p>Lausanne, Ville du Go\u00fbt 2012 Le net pour une table \u00e9ph\u00e9m\u00e8re Pour Lausanne Ville du Go\u00fbt 2012, plusieurs chefs r\u00e9put\u00e9s se pr\u00eatent au jeu des rencontres in\u00e9dites. D\u00e8s mardi 22 mai \u00e0 midi, les gourmets peuvent r\u00e9server sur Internet l\u2019une des 15 tables install\u00e9es en des lieux \u00e9tonnants. Inscription sur www.lausanne.ch\/villedugo\u00fbt2012. Pour cette exp\u00e9rience, un [&hellip;]<\/p>\n","protected":false},"author":3,"featured_media":0,"comment_status":"closed","ping_status":"open","sticky":false,"template":"","format":"standard","meta":{"_monsterinsights_skip_tracking":false,"_monsterinsights_sitenote_active":false,"_monsterinsights_sitenote_note":"","_monsterinsights_sitenote_category":0,"jetpack_post_was_ever_published":false,"jetpack_publicize_message":"","jetpack_is_tweetstorm":false,"jetpack_publicize_feature_enabled":true,"jetpack_social_post_already_shared":false,"jetpack_social_options":{"image_generator_settings":{"template":"highway","enabled":false}}},"categories":[15],"tags":[],"jetpack_publicize_connections":[],"yoast_head":"<!-- This site is optimized with the Yoast SEO plugin v20.6 - https:\/\/yoast.com\/wordpress\/plugins\/seo\/ -->\n<title>Lausanne, Ville du Go\u00fbt 2012: r\u00e9servez votre table \u00e9ph\u00e9m\u00e8re sur le Net - thomasvino<\/title>\n<meta name=\"robots\" content=\"index, follow, max-snippet:-1, max-image-preview:large, max-video-preview:-1\" \/>\n<link rel=\"canonical\" href=\"https:\/\/thomasvino.ch\/?p=9382\" \/>\n<meta property=\"og:locale\" content=\"fr_FR\" \/>\n<meta property=\"og:type\" content=\"article\" \/>\n<meta property=\"og:title\" content=\"Lausanne, Ville du Go\u00fbt 2012: r\u00e9servez votre table \u00e9ph\u00e9m\u00e8re sur le Net - thomasvino\" \/>\n<meta property=\"og:description\" content=\"Lausanne, Ville du Go\u00fbt 2012 Le net pour une table \u00e9ph\u00e9m\u00e8re Pour Lausanne Ville du Go\u00fbt 2012, plusieurs chefs r\u00e9put\u00e9s se pr\u00eatent au jeu des rencontres in\u00e9dites. D\u00e8s mardi 22 mai \u00e0 midi, les gourmets peuvent r\u00e9server sur Internet l\u2019une des 15 tables install\u00e9es en des lieux \u00e9tonnants. Inscription sur www.lausanne.ch\/villedugo\u00fbt2012. Pour cette exp\u00e9rience, un [&hellip;]\" \/>\n<meta property=\"og:url\" content=\"https:\/\/thomasvino.ch\/?p=9382\" \/>\n<meta property=\"og:site_name\" content=\"thomasvino\" \/>\n<meta property=\"article:published_time\" content=\"2012-05-21T16:46:00+00:00\" \/>\n<meta name=\"author\" content=\"Pierre Thomas\" \/>\n<meta name=\"twitter:label1\" content=\"\u00c9crit par\" \/>\n\t<meta name=\"twitter:data1\" content=\"Pierre Thomas\" \/>\n\t<meta name=\"twitter:label2\" content=\"Dur\u00e9e de lecture estim\u00e9e\" \/>\n\t<meta name=\"twitter:data2\" content=\"2 minutes\" \/>\n<script type=\"application\/ld+json\" class=\"yoast-schema-graph\">{\"@context\":\"https:\/\/schema.org\",\"@graph\":[{\"@type\":\"WebPage\",\"@id\":\"https:\/\/thomasvino.ch\/?p=9382\",\"url\":\"https:\/\/thomasvino.ch\/?p=9382\",\"name\":\"Lausanne, Ville du Go\u00fbt 2012: r\u00e9servez votre table \u00e9ph\u00e9m\u00e8re sur le Net - thomasvino\",\"isPartOf\":{\"@id\":\"https:\/\/thomasvino.ch\/#website\"},\"datePublished\":\"2012-05-21T16:46:00+00:00\",\"dateModified\":\"2012-05-21T16:46:00+00:00\",\"author\":{\"@id\":\"https:\/\/thomasvino.ch\/#\/schema\/person\/670bf4486fe81152cf1d68bd585e062e\"},\"breadcrumb\":{\"@id\":\"https:\/\/thomasvino.ch\/?p=9382#breadcrumb\"},\"inLanguage\":\"fr-FR\",\"potentialAction\":[{\"@type\":\"ReadAction\",\"target\":[\"https:\/\/thomasvino.ch\/?p=9382\"]}]},{\"@type\":\"BreadcrumbList\",\"@id\":\"https:\/\/thomasvino.ch\/?p=9382#breadcrumb\",\"itemListElement\":[{\"@type\":\"ListItem\",\"position\":1,\"name\":\"Accueil\",\"item\":\"https:\/\/thomasvino.ch\/\"},{\"@type\":\"ListItem\",\"position\":2,\"name\":\"Lausanne, Ville du Go\u00fbt 2012: r\u00e9servez votre table \u00e9ph\u00e9m\u00e8re sur le Net\"}]},{\"@type\":\"WebSite\",\"@id\":\"https:\/\/thomasvino.ch\/#website\",\"url\":\"https:\/\/thomasvino.ch\/\",\"name\":\"thomasvino\",\"description\":\"Vins &amp; Gastronomie\",\"potentialAction\":[{\"@type\":\"SearchAction\",\"target\":{\"@type\":\"EntryPoint\",\"urlTemplate\":\"https:\/\/thomasvino.ch\/?s={search_term_string}\"},\"query-input\":\"required name=search_term_string\"}],\"inLanguage\":\"fr-FR\"},{\"@type\":\"Person\",\"@id\":\"https:\/\/thomasvino.ch\/#\/schema\/person\/670bf4486fe81152cf1d68bd585e062e\",\"name\":\"Pierre Thomas\",\"image\":{\"@type\":\"ImageObject\",\"inLanguage\":\"fr-FR\",\"@id\":\"https:\/\/thomasvino.ch\/#\/schema\/person\/image\/\",\"url\":\"https:\/\/secure.gravatar.com\/avatar\/91fd5a76647f140e53db987a0dead4d7?s=96&d=mm&r=g\",\"contentUrl\":\"https:\/\/secure.gravatar.com\/avatar\/91fd5a76647f140e53db987a0dead4d7?s=96&d=mm&r=g\",\"caption\":\"Pierre Thomas\"},\"url\":\"https:\/\/thomasvino.ch\/?author=3\"}]}<\/script>\n<!-- \/ Yoast SEO plugin. -->","yoast_head_json":{"title":"Lausanne, Ville du Go\u00fbt 2012: r\u00e9servez votre table \u00e9ph\u00e9m\u00e8re sur le Net - thomasvino","robots":{"index":"index","follow":"follow","max-snippet":"max-snippet:-1","max-image-preview":"max-image-preview:large","max-video-preview":"max-video-preview:-1"},"canonical":"https:\/\/thomasvino.ch\/?p=9382","og_locale":"fr_FR","og_type":"article","og_title":"Lausanne, Ville du Go\u00fbt 2012: r\u00e9servez votre table \u00e9ph\u00e9m\u00e8re sur le Net - thomasvino","og_description":"Lausanne, Ville du Go\u00fbt 2012 Le net pour une table \u00e9ph\u00e9m\u00e8re Pour Lausanne Ville du Go\u00fbt 2012, plusieurs chefs r\u00e9put\u00e9s se pr\u00eatent au jeu des rencontres in\u00e9dites. D\u00e8s mardi 22 mai \u00e0 midi, les gourmets peuvent r\u00e9server sur Internet l\u2019une des 15 tables install\u00e9es en des lieux \u00e9tonnants. Inscription sur www.lausanne.ch\/villedugo\u00fbt2012. Pour cette exp\u00e9rience, un [&hellip;]","og_url":"https:\/\/thomasvino.ch\/?p=9382","og_site_name":"thomasvino","article_published_time":"2012-05-21T16:46:00+00:00","author":"Pierre Thomas","twitter_misc":{"\u00c9crit par":"Pierre Thomas","Dur\u00e9e de lecture estim\u00e9e":"2 minutes"},"schema":{"@context":"https:\/\/schema.org","@graph":[{"@type":"WebPage","@id":"https:\/\/thomasvino.ch\/?p=9382","url":"https:\/\/thomasvino.ch\/?p=9382","name":"Lausanne, Ville du Go\u00fbt 2012: r\u00e9servez votre table \u00e9ph\u00e9m\u00e8re sur le Net - thomasvino","isPartOf":{"@id":"https:\/\/thomasvino.ch\/#website"},"datePublished":"2012-05-21T16:46:00+00:00","dateModified":"2012-05-21T16:46:00+00:00","author":{"@id":"https:\/\/thomasvino.ch\/#\/schema\/person\/670bf4486fe81152cf1d68bd585e062e"},"breadcrumb":{"@id":"https:\/\/thomasvino.ch\/?p=9382#breadcrumb"},"inLanguage":"fr-FR","potentialAction":[{"@type":"ReadAction","target":["https:\/\/thomasvino.ch\/?p=9382"]}]},{"@type":"BreadcrumbList","@id":"https:\/\/thomasvino.ch\/?p=9382#breadcrumb","itemListElement":[{"@type":"ListItem","position":1,"name":"Accueil","item":"https:\/\/thomasvino.ch\/"},{"@type":"ListItem","position":2,"name":"Lausanne, Ville du Go\u00fbt 2012: r\u00e9servez votre table \u00e9ph\u00e9m\u00e8re sur le Net"}]},{"@type":"WebSite","@id":"https:\/\/thomasvino.ch\/#website","url":"https:\/\/thomasvino.ch\/","name":"thomasvino","description":"Vins &amp; Gastronomie","potentialAction":[{"@type":"SearchAction","target":{"@type":"EntryPoint","urlTemplate":"https:\/\/thomasvino.ch\/?s={search_term_string}"},"query-input":"required name=search_term_string"}],"inLanguage":"fr-FR"},{"@type":"Person","@id":"https:\/\/thomasvino.ch\/#\/schema\/person\/670bf4486fe81152cf1d68bd585e062e","name":"Pierre Thomas","image":{"@type":"ImageObject","inLanguage":"fr-FR","@id":"https:\/\/thomasvino.ch\/#\/schema\/person\/image\/","url":"https:\/\/secure.gravatar.com\/avatar\/91fd5a76647f140e53db987a0dead4d7?s=96&d=mm&r=g","contentUrl":"https:\/\/secure.gravatar.com\/avatar\/91fd5a76647f140e53db987a0dead4d7?s=96&d=mm&r=g","caption":"Pierre Thomas"},"url":"https:\/\/thomasvino.ch\/?author=3"}]}},"jetpack_featured_media_url":"","jetpack_sharing_enabled":true,"jetpack_shortlink":"https:\/\/wp.me\/p3m4tZ-2rk","jetpack_likes_enabled":false,"jetpack-related-posts":[{"id":12139,"url":"https:\/\/thomasvino.ch\/?p=12139","url_meta":{"origin":9382,"position":0},"title":"Lausanne Restaurant-Day le 17 ao\u00fbt  La mi-ao\u00fbt du go\u00fbt","date":"4 ao\u00fbt 2014","format":false,"excerpt":"Deux mots reviennent dans le discours dominant du moment\u00a0: le \u00abd\u00e9veloppement durable\u00bb et son exact contraire, l\u2019\u00ab\u00e9ph\u00e9m\u00e8re\u00bb, un peu comme l\u2019alpha et l\u2019omega. Nul doute que le go\u00fbt dont se r\u00e9clame la ville de Lausanne participe au \u00abd\u00e9veloppement durable\u00bb de longue haleine, m\u00eame si, le dimanche 17 ao\u00fbt, et ce\u2026","rel":"","context":"Dans &quot;Actus - News&quot;","img":{"alt_text":"","src":"","width":0,"height":0},"classes":[]},{"id":9358,"url":"https:\/\/thomasvino.ch\/?p=9358","url_meta":{"origin":9382,"position":1},"title":"Lausanne, Ville du Go\u00fbt 2012: demandez le programme!","date":"25 avril 2012","format":false,"excerpt":"Lausanne, Ville du go\u00fbt 2012 Demandez le programme! Durant les beaux jours, de mai \u00e0 septembre 2012, la ville fera d\u00e9couvrir les saveurs de sa r\u00e9gion et de ses m\u00e9tissages, avec un programme plac\u00e9 sous le signe des rencontres in\u00e9dites, note la Municipalit\u00e9 dans un communiqu\u00e9. Les manifestations sont pr\u00e9sent\u00e9es\u2026","rel":"","context":"Dans &quot;Tendance&quot;","img":{"alt_text":"","src":"","width":0,"height":0},"classes":[]},{"id":9341,"url":"https:\/\/thomasvino.ch\/?p=9341","url_meta":{"origin":9382,"position":2},"title":"G\u00e9rard Rabaey, parrain de la Semaine du Go\u00fbt 2012","date":"14 mars 2012","format":false,"excerpt":"Semaine du Go\u00fbt 2012 G\u00e9rard Rabaey, parrain du go\u00fbt Le grand chef sort de sa retraite pour la promo de la Semaine suisse du Go\u00fbt (du 13 au 23 septembre 2012). Par Pierre Thomas G\u00e9rard Rabaey et Joseph Zisyadis, au Pont de Brent. Il n\u2019est pas du genre \u00e0 marcher\u2026","rel":"","context":"Dans &quot;Tendance&quot;","img":{"alt_text":"site_rabzizi.jpg","src":"img\/site_rabzizi.jpg","width":350,"height":200},"classes":[]},{"id":9510,"url":"https:\/\/thomasvino.ch\/?p=9510","url_meta":{"origin":9382,"position":3},"title":"OVV: retour au Lausanne-Palace","date":"10 d\u00e9cembre 2012","format":false,"excerpt":"Office des vins vaudois Retour au Lausanne-Palace! On le sait, le nouveau directeur de l\u2019Office des vins vaudois (OVV), Nicolas Joss, avait occup\u00e9 un poste aux achats du Lausanne-Palace. Il y avait sans doute crois\u00e9 un habitu\u00e9 des lieux, le pr\u00e9sident de l\u2019OVV, Pierre Keller\u2026 Pas \u00e9tonnant que la nouvelle\u2026","rel":"","context":"Dans &quot;Actus - News&quot;","img":{"alt_text":"","src":"","width":0,"height":0},"classes":[]},{"id":10725,"url":"https:\/\/thomasvino.ch\/?p=10725","url_meta":{"origin":9382,"position":4},"title":"\u00abVins de Lausanne\u00bb:  la ville s\u2019adresse \u00e0 ses citoyens","date":"15 mai 2013","format":false,"excerpt":"La ville de Lausanne, plus gros propri\u00e9taire public de vigne de Suisse, propose une seconde gamme. Ces 25 \u00abvins de Lausanne\u00bb ont \u00e9t\u00e9 pr\u00e9sent\u00e9s lundi 13 mai 2013, dans l\u2019ex-pr\u00e9fecture de la place de La Louve. Par Pierre Thomas Les deux jeunes femmes \u00e0 la t\u00eate des vignobles de la\u2026","rel":"","context":"Dans &quot;Tendance&quot;","img":{"alt_text":"","src":"","width":0,"height":0},"classes":[]},{"id":8716,"url":"https:\/\/thomasvino.ch\/?p=8716","url_meta":{"origin":9382,"position":5},"title":"Semaine Suisse du Go\u00fbt 2008","date":"1 mars 2008","format":false,"excerpt":"8\u00e8me Semaine suisse du Go\u00fbtLe go\u00fbt par-dessus les roestisDu 18 au 28 septembre 2008, la Semaine suisse du Go\u00fbt aura pour parrain le chef schaffhousois Andr\u00e9 Jaeger et Saint-Gall a \u00e9t\u00e9 choisie \u00abville du go\u00fbt\u00bb de cette huiti\u00e8me \u00e9dition. Une volont\u00e9 affirm\u00e9e de franchir la barri\u00e8re des roestis.Pierre ThomasLes quelque\u2026","rel":"","context":"Dans &quot;Gastro&quot;","img":{"alt_text":"","src":"","width":0,"height":0},"classes":[]}],"_links":{"self":[{"href":"https:\/\/thomasvino.ch\/index.php?rest_route=\/wp\/v2\/posts\/9382"}],"collection":[{"href":"https:\/\/thomasvino.ch\/index.php?rest_route=\/wp\/v2\/posts"}],"about":[{"href":"https:\/\/thomasvino.ch\/index.php?rest_route=\/wp\/v2\/types\/post"}],"author":[{"embeddable":true,"href":"https:\/\/thomasvino.ch\/index.php?rest_route=\/wp\/v2\/users\/3"}],"replies":[{"embeddable":true,"href":"https:\/\/thomasvino.ch\/index.php?rest_route=%2Fwp%2Fv2%2Fcomments&post=9382"}],"version-history":[{"count":0,"href":"https:\/\/thomasvino.ch\/index.php?rest_route=\/wp\/v2\/posts\/9382\/revisions"}],"wp:attachment":[{"href":"https:\/\/thomasvino.ch\/index.php?rest_route=%2Fwp%2Fv2%2Fmedia&parent=9382"}],"wp:term":[{"taxonomy":"category","embeddable":true,"href":"https:\/\/thomasvino.ch\/index.php?rest_route=%2Fwp%2Fv2%2Fcategories&post=9382"},{"taxonomy":"post_tag","embeddable":true,"href":"https:\/\/thomasvino.ch\/index.php?rest_route=%2Fwp%2Fv2%2Ftags&post=9382"}],"curies":[{"name":"wp","href":"https:\/\/api.w.org\/{rel}","templated":true}]}}