{"id":9384,"date":"2005-01-06T16:59:00","date_gmt":"2005-01-06T16:59:00","guid":{"rendered":"http:\/\/localhost\/thomasvino\/?p=9384"},"modified":"2013-04-02T13:34:09","modified_gmt":"2013-04-02T12:34:09","slug":"mase-vs-le-trappeur","status":"publish","type":"post","link":"https:\/\/thomasvino.ch\/?p=9384","title":{"rendered":"Mase (VS) \u2014 Le Trappeur"},"content":{"rendered":"<div style=\"text-align: justify;\">Le Trappeur \u00e0 Mase (VS)<br \/> <font size=\"5\"><span style=\"font-weight: bold;\">Sp\u00e9cial copinage<\/span><\/font><br \/> On f\u00eate cette ann\u00e9e les 200 ans de la naissance (et les 130 ans de la mort) de Jules Janin. Ce \u00abprince des critiques\u00bb est pass\u00e9 \u00e0 la post\u00e9rit\u00e9 pour une citation: \u00abLe journalisme m\u00e8ne \u00e0 tout \u00e0 condition d\u2019en sortir\u00bb. Jean-Fran\u00e7ois Luy, rayonnant patron de bistrot valaisan, a appliqu\u00e9 la maxime \u00e0 la lettre. Remerci\u00e9 d\u2019un magazine romand \u00e0 cinquante balais, cet ancien photographe, puis journaliste \u00e0 l\u2019agence AIR <span style=\"font-style: italic;\">(qui nourrissait cles colonnes du Matin et de 24 heures, donc\u2026)<\/span> a vir\u00e9 sa cuti. <br \/> Martignerain d\u2019origine, Evol\u00e9nard au gr\u00e9 de vacances familiales, il a atterri \u00e0 l\u2019entr\u00e9e du Val d\u2019H\u00e9rens, \u00e0 Mase. \u00abQuand j\u2019ai d\u00e9pos\u00e9 mes papiers, j\u2019\u00e9tais le 222\u00e8me habitant\u00bb. Au Trappeur, il aurait pu \u00eatre accueilli comme le dernier des Dalton\u2026 Mais non, tout s\u2019est bien pass\u00e9, et il y ach\u00e8ve, apr\u00e8s un premier hiver, son premier \u00e9t\u00e9. <br \/> Au pied du bisse de Tsa Cr\u00eata, qu\u2019un bistrot se nomme Le Trappeur, soit d\u00e9cor\u00e9 de chaises habill\u00e9es comme des squaws, entre des murs peints en jaune, vert et rouge, (d)\u00e9tonne. Ce cadre fut \u00e9ph\u00e9m\u00e8re au Cercle des Travailleurs de Neuch\u00e2tel, avant de d\u00e9m\u00e9nager en Valais. Jean-Fran\u00e7ois Luy n\u2019y a pas touch\u00e9, mais il a \u00e9pur\u00e9 la carte des mets, \u00abtu\u00e9\u00bb le bison, gard\u00e9 le caribou du Qu\u00e9bec, l\u2019antilope du K\u00e9nya, le b\u0153uf du Br\u00e9sil et le cerf d\u2019Autriche. Carnivores bienvenus! <br \/> Le journaliste qui a tourn\u00e9 la page a \u00abh\u00e9rit\u00e9\u00bb d\u2019une ex-belle-m\u00e8re quelques trucs du m\u00e9tier. Il pratique l\u2019accueil personnalis\u00e9 \u00e0 l\u2019h\u00f4tel (deux chambres) et au bistrot (o\u00f9 tout le monde se conna\u00eet et revient) et diffuse les journaux (la caissette du Matin-Dimanche tr\u00f4ne devant le bar), sans oublier la terrasse qui surplombe les toits. <br \/> Le n\u00e9ophyte s\u2019est entour\u00e9 de quelques piliers. En cuisine, Francis Germanier, un ancien patron de bistrot, tient le piano. Il appr\u00eate autant des fondues aux fromages \u00abimport\u00e9s\u00bb de Ch\u00e2tel-Saint-Denis que les viandes sur ardoise. La plus amusante? Des d\u00e9s de b\u0153ufs marin\u00e9s au cognac, tendres, qui cuisent sous vos yeux \u2014 et vous voil\u00e0 d\u00e9cor\u00e9 d\u2019un bavoir en papier, pour \u00e9viter les \u00e9clats br\u00fblants\u2026 Le T-bone rappelle la grande Prairie et pour les petites faims, il y a des assiettes valaisannes. Et des poissons. Sans oublier un menu du jour. Le tout \u00e0 prix doux (compter 30 \u00e0 40 francs par personne, le soir \u00e0 la carte, boissons comprises). En salle, C\u00e9cile est \u00able personnage essentiel\u00bb, dixit Jean-Fran\u00e7ois. Les vins viennent du Valais, d\u2019un n\u00e9gociant s\u00e9dunois, d\u2019un encaveur voisin (lire ci-contre) ou des \u00abAmis de la Syrah\u00bb, un c\u00f4tes-du-rh\u00f4ne auquel je ne suis pas totalement \u00e9tranger. L\u00e0, c\u2019est du \u00absp\u00e9cial copinage\u00bb service compris!<\/p>\n<p> <span style=\"font-weight: bold; text-decoration: underline;\">La bonne adresse<\/span><br \/> Le Trappeur<br \/> Mase (VS)<br \/> T\u00e9l. 027 281 28 28<\/p>\n<p> <font size=\"3\"><span style=\"font-weight: bold; font-style: italic;\">Le vin qui va avec&#8230;<\/span><br style=\"font-weight: bold; text-decoration: underline;\"> <span style=\"font-weight: bold; text-decoration: underline;\">Mono et microcuv\u00e9e<\/span> <\/font><br \/> Cette syrah 2002 de la Cave du Paradou, Jean-Fran\u00e7ois Luy nous l\u2019a amen\u00e9e \u00e0 table comme un ostensoir. On l\u2019a bue avec tout le respect d\u00fb au pr\u00e9cieux liquide, noir, \u00e0 la fois fruit\u00e9 et poivr\u00e9, long en bouche, aux tanins soyeux. A l\u2019image d\u2019un Jean Crettenand (Desfayes-Crettenand \u00e0 Leytron), Jean-Laurent Spring, employ\u00e9 \u00e0 la recherche viticole f\u00e9d\u00e9rale \u00e0 Pully, montre qu\u2019on peut allier th\u00e9orie et pratique. Ce petit domaine familial \u00e0 Nax, qui grimpe jusqu\u2019\u00e0 940 m. d\u2019altitude, r\u00e9parti sur quelques dizaines de parcelles (3 ha au total), de part et d\u2019autre du Rh\u00f4ne, produit deux douzaines de vins, tous en monoc\u00e9page, \u00e0 l\u2019exception de la d\u00f4le, pour 35&#39;000 bouteilles (toutes) vendues. Depuis dix ans, un \u0153nologue d\u2019origine p\u00e9ruvienne, Augusto Magallanes, \u00e9labore ces vins, notamment issus des trouvailles de Changins, du doral en blanc, et en rouge, du gamaret, garanoir, diolinoir et, petit dernier prometteur, le carminoir, croisement de cabernet et de pinot noir. Un pinot qui a du reste valu un VINEA d\u2019or au Paradou, en l\u2019an 2000. Rappel : VINEA, la vitrine des vins du Valais \u00e0 ciel ouvert, \u00e0 Sierre, c\u2019est le week-end prochain.<\/p>\n<p> <span style=\"font-style: italic;\">Rubrique parue dans Le Matin-Dimanche, Lausanne, du 29 ao\u00fbt 2004<\/span><\/p>\n<p> <\/div>\n","protected":false},"excerpt":{"rendered":"<p>Le Trappeur \u00e0 Mase (VS) Sp\u00e9cial copinage On f\u00eate cette ann\u00e9e les 200 ans de la naissance (et les 130 ans de la mort) de Jules Janin. Ce \u00abprince des critiques\u00bb est pass\u00e9 \u00e0 la post\u00e9rit\u00e9 pour une citation: \u00abLe journalisme m\u00e8ne \u00e0 tout \u00e0 condition d\u2019en sortir\u00bb. Jean-Fran\u00e7ois Luy, rayonnant patron de bistrot valaisan, [&hellip;]<\/p>\n","protected":false},"author":3,"featured_media":0,"comment_status":"closed","ping_status":"open","sticky":false,"template":"","format":"standard","meta":{"_monsterinsights_skip_tracking":false,"_monsterinsights_sitenote_active":false,"_monsterinsights_sitenote_note":"","_monsterinsights_sitenote_category":0,"jetpack_post_was_ever_published":false,"jetpack_publicize_message":"","jetpack_is_tweetstorm":false,"jetpack_publicize_feature_enabled":true,"jetpack_social_post_already_shared":false,"jetpack_social_options":{"image_generator_settings":{"template":"highway","enabled":false}}},"categories":[19,20],"tags":[],"jetpack_publicize_connections":[],"yoast_head":"<!-- This site is optimized with the Yoast SEO plugin v20.6 - https:\/\/yoast.com\/wordpress\/plugins\/seo\/ -->\n<title>Mase (VS) \u2014 Le Trappeur - thomasvino<\/title>\n<meta name=\"robots\" content=\"index, follow, max-snippet:-1, max-image-preview:large, max-video-preview:-1\" \/>\n<link rel=\"canonical\" href=\"https:\/\/thomasvino.ch\/?p=9384\" \/>\n<meta property=\"og:locale\" content=\"fr_FR\" \/>\n<meta property=\"og:type\" content=\"article\" \/>\n<meta property=\"og:title\" content=\"Mase (VS) \u2014 Le Trappeur - thomasvino\" \/>\n<meta property=\"og:description\" content=\"Le Trappeur \u00e0 Mase (VS) Sp\u00e9cial copinage On f\u00eate cette ann\u00e9e les 200 ans de la naissance (et les 130 ans de la mort) de Jules Janin. Ce \u00abprince des critiques\u00bb est pass\u00e9 \u00e0 la post\u00e9rit\u00e9 pour une citation: \u00abLe journalisme m\u00e8ne \u00e0 tout \u00e0 condition d\u2019en sortir\u00bb. Jean-Fran\u00e7ois Luy, rayonnant patron de bistrot valaisan, [&hellip;]\" \/>\n<meta property=\"og:url\" content=\"https:\/\/thomasvino.ch\/?p=9384\" \/>\n<meta property=\"og:site_name\" content=\"thomasvino\" \/>\n<meta property=\"article:published_time\" content=\"2005-01-06T16:59:00+00:00\" \/>\n<meta property=\"article:modified_time\" content=\"2013-04-02T12:34:09+00:00\" \/>\n<meta name=\"author\" content=\"Pierre Thomas\" \/>\n<meta name=\"twitter:label1\" content=\"\u00c9crit par\" \/>\n\t<meta name=\"twitter:data1\" content=\"Pierre Thomas\" \/>\n\t<meta name=\"twitter:label2\" content=\"Dur\u00e9e de lecture estim\u00e9e\" \/>\n\t<meta name=\"twitter:data2\" content=\"4 minutes\" \/>\n<script type=\"application\/ld+json\" class=\"yoast-schema-graph\">{\"@context\":\"https:\/\/schema.org\",\"@graph\":[{\"@type\":\"WebPage\",\"@id\":\"https:\/\/thomasvino.ch\/?p=9384\",\"url\":\"https:\/\/thomasvino.ch\/?p=9384\",\"name\":\"Mase (VS) \u2014 Le Trappeur - thomasvino\",\"isPartOf\":{\"@id\":\"https:\/\/thomasvino.ch\/#website\"},\"datePublished\":\"2005-01-06T16:59:00+00:00\",\"dateModified\":\"2013-04-02T12:34:09+00:00\",\"author\":{\"@id\":\"https:\/\/thomasvino.ch\/#\/schema\/person\/670bf4486fe81152cf1d68bd585e062e\"},\"breadcrumb\":{\"@id\":\"https:\/\/thomasvino.ch\/?p=9384#breadcrumb\"},\"inLanguage\":\"fr-FR\",\"potentialAction\":[{\"@type\":\"ReadAction\",\"target\":[\"https:\/\/thomasvino.ch\/?p=9384\"]}]},{\"@type\":\"BreadcrumbList\",\"@id\":\"https:\/\/thomasvino.ch\/?p=9384#breadcrumb\",\"itemListElement\":[{\"@type\":\"ListItem\",\"position\":1,\"name\":\"Accueil\",\"item\":\"https:\/\/thomasvino.ch\/\"},{\"@type\":\"ListItem\",\"position\":2,\"name\":\"Mase (VS) \u2014 Le Trappeur\"}]},{\"@type\":\"WebSite\",\"@id\":\"https:\/\/thomasvino.ch\/#website\",\"url\":\"https:\/\/thomasvino.ch\/\",\"name\":\"thomasvino\",\"description\":\"Vins &amp; Gastronomie\",\"potentialAction\":[{\"@type\":\"SearchAction\",\"target\":{\"@type\":\"EntryPoint\",\"urlTemplate\":\"https:\/\/thomasvino.ch\/?s={search_term_string}\"},\"query-input\":\"required name=search_term_string\"}],\"inLanguage\":\"fr-FR\"},{\"@type\":\"Person\",\"@id\":\"https:\/\/thomasvino.ch\/#\/schema\/person\/670bf4486fe81152cf1d68bd585e062e\",\"name\":\"Pierre Thomas\",\"image\":{\"@type\":\"ImageObject\",\"inLanguage\":\"fr-FR\",\"@id\":\"https:\/\/thomasvino.ch\/#\/schema\/person\/image\/\",\"url\":\"https:\/\/secure.gravatar.com\/avatar\/91fd5a76647f140e53db987a0dead4d7?s=96&d=mm&r=g\",\"contentUrl\":\"https:\/\/secure.gravatar.com\/avatar\/91fd5a76647f140e53db987a0dead4d7?s=96&d=mm&r=g\",\"caption\":\"Pierre Thomas\"},\"url\":\"https:\/\/thomasvino.ch\/?author=3\"}]}<\/script>\n<!-- \/ Yoast SEO plugin. -->","yoast_head_json":{"title":"Mase (VS) \u2014 Le Trappeur - thomasvino","robots":{"index":"index","follow":"follow","max-snippet":"max-snippet:-1","max-image-preview":"max-image-preview:large","max-video-preview":"max-video-preview:-1"},"canonical":"https:\/\/thomasvino.ch\/?p=9384","og_locale":"fr_FR","og_type":"article","og_title":"Mase (VS) \u2014 Le Trappeur - thomasvino","og_description":"Le Trappeur \u00e0 Mase (VS) Sp\u00e9cial copinage On f\u00eate cette ann\u00e9e les 200 ans de la naissance (et les 130 ans de la mort) de Jules Janin. Ce \u00abprince des critiques\u00bb est pass\u00e9 \u00e0 la post\u00e9rit\u00e9 pour une citation: \u00abLe journalisme m\u00e8ne \u00e0 tout \u00e0 condition d\u2019en sortir\u00bb. Jean-Fran\u00e7ois Luy, rayonnant patron de bistrot valaisan, [&hellip;]","og_url":"https:\/\/thomasvino.ch\/?p=9384","og_site_name":"thomasvino","article_published_time":"2005-01-06T16:59:00+00:00","article_modified_time":"2013-04-02T12:34:09+00:00","author":"Pierre Thomas","twitter_misc":{"\u00c9crit par":"Pierre Thomas","Dur\u00e9e de lecture estim\u00e9e":"4 minutes"},"schema":{"@context":"https:\/\/schema.org","@graph":[{"@type":"WebPage","@id":"https:\/\/thomasvino.ch\/?p=9384","url":"https:\/\/thomasvino.ch\/?p=9384","name":"Mase (VS) \u2014 Le Trappeur - thomasvino","isPartOf":{"@id":"https:\/\/thomasvino.ch\/#website"},"datePublished":"2005-01-06T16:59:00+00:00","dateModified":"2013-04-02T12:34:09+00:00","author":{"@id":"https:\/\/thomasvino.ch\/#\/schema\/person\/670bf4486fe81152cf1d68bd585e062e"},"breadcrumb":{"@id":"https:\/\/thomasvino.ch\/?p=9384#breadcrumb"},"inLanguage":"fr-FR","potentialAction":[{"@type":"ReadAction","target":["https:\/\/thomasvino.ch\/?p=9384"]}]},{"@type":"BreadcrumbList","@id":"https:\/\/thomasvino.ch\/?p=9384#breadcrumb","itemListElement":[{"@type":"ListItem","position":1,"name":"Accueil","item":"https:\/\/thomasvino.ch\/"},{"@type":"ListItem","position":2,"name":"Mase (VS) \u2014 Le Trappeur"}]},{"@type":"WebSite","@id":"https:\/\/thomasvino.ch\/#website","url":"https:\/\/thomasvino.ch\/","name":"thomasvino","description":"Vins &amp; Gastronomie","potentialAction":[{"@type":"SearchAction","target":{"@type":"EntryPoint","urlTemplate":"https:\/\/thomasvino.ch\/?s={search_term_string}"},"query-input":"required name=search_term_string"}],"inLanguage":"fr-FR"},{"@type":"Person","@id":"https:\/\/thomasvino.ch\/#\/schema\/person\/670bf4486fe81152cf1d68bd585e062e","name":"Pierre Thomas","image":{"@type":"ImageObject","inLanguage":"fr-FR","@id":"https:\/\/thomasvino.ch\/#\/schema\/person\/image\/","url":"https:\/\/secure.gravatar.com\/avatar\/91fd5a76647f140e53db987a0dead4d7?s=96&d=mm&r=g","contentUrl":"https:\/\/secure.gravatar.com\/avatar\/91fd5a76647f140e53db987a0dead4d7?s=96&d=mm&r=g","caption":"Pierre Thomas"},"url":"https:\/\/thomasvino.ch\/?author=3"}]}},"jetpack_featured_media_url":"","jetpack_sharing_enabled":true,"jetpack_shortlink":"https:\/\/wp.me\/p3m4tZ-2rm","jetpack_likes_enabled":false,"jetpack-related-posts":[{"id":9854,"url":"https:\/\/thomasvino.ch\/?p=9854","url_meta":{"origin":9384,"position":0},"title":"Vins suisses \u2014 Apr\u00e8s l&rsquo;or, le \u00abGrand Or\u00bb au  Concours Expovina 06","date":"4 ao\u00fbt 2006","format":false,"excerpt":"Vins suisses \u2014 Concours Expovina 2006 Apr\u00e8s l\u2019or, le grand or! L\u2019inflation des m\u00e9dailles continue au Concours Expovina, \u00e0 Zurich. Non seulement 153 m\u00e9dailles d\u2019or ont \u00e9t\u00e9 attribu\u00e9es \u00e0 des vins suisses, mais dix vins suisses not\u00e9s \u00e0 92 points sur 100 et plus re\u00e7oivent un titre nouveau, le \u00abGrand\u2026","rel":"","context":"Dans &quot;Actus - News&quot;","img":{"alt_text":"","src":"","width":0,"height":0},"classes":[]},{"id":9991,"url":"https:\/\/thomasvino.ch\/?p=9991","url_meta":{"origin":9384,"position":1},"title":"Valais \u2014 Les syrahs 2005 font un tabac \u00e0 Bruxelles","date":"8 juillet 2007","format":false,"excerpt":"Chronique Tierc\u00e9 gagnant, \u00abCuisine de Saison\u00bb, juin 2007Syrah format mondialA quoi servent les grands concours internationaux, \u00e0 Bruxelles, V\u00e9rone, Paris ou Londres? La plupart des producteurs du monde entier esp\u00e8rent une m\u00e9daille pour que le consommateur rep\u00e8re le flacon ainsi estampill\u00e9 sur les rayons des supermarch\u00e9s. D\u2019autres sont en qu\u00eate\u2026","rel":"","context":"Dans &quot;Vins suisses&quot;","img":{"alt_text":"","src":"","width":0,"height":0},"classes":[]},{"id":9835,"url":"https:\/\/thomasvino.ch\/?p=9835","url_meta":{"origin":9384,"position":2},"title":"M comme Moutarde (de B\u00e9nichon)","date":"8 juillet 2006","format":false,"excerpt":"Retour du march\u00e9 du Matin du samedi 1er octobre 2005 Moutarde b\u00e9nie et adoub\u00e9e Pour s\u00fbr, de la \u00abmoutarde de B\u00e9nichon\u00bb, on en trouve, en cette saison, sur les march\u00e9s. Mais la meilleure de toutes, il faut aller la chercher au pied du col du Jaun, \u00e0 Bellegarde. Officieux \u00abroi\u2026","rel":"","context":"Dans &quot;Retour du march\u00e9&quot;","img":{"alt_text":"","src":"","width":0,"height":0},"classes":[]},{"id":9869,"url":"https:\/\/thomasvino.ch\/?p=9869","url_meta":{"origin":9384,"position":3},"title":"Conthey (VS) \u2014 Le Clair-de-Lune, Mayens-de-Conthey","date":"1 septembre 2006","format":false,"excerpt":"Le Clair-de-Lune, Mayens-de-Conthey (VS) Au montagnard solitaire Au-dessus de la plaine du Rh\u00f4ne, il faut grimper une dizaine de kilom\u00e8tres d\u2019un vrai jeu de pistes, sur Conthey, et filer \u00e0 gauche et non vers Derborence. Et puis, apr\u00e8s quelques lacets, l\u2019auberge\u2026 Jean Ev\u00e9quoz la construisit de ses mains. Il est\u2026","rel":"","context":"Dans &quot;Adresses&quot;","img":{"alt_text":"","src":"","width":0,"height":0},"classes":[]},{"id":8765,"url":"https:\/\/thomasvino.ch\/?p=8765","url_meta":{"origin":9384,"position":4},"title":"Valais \u2014 Axel et Jean-Fran\u00e7ois Maye \u00e0 tirage limit\u00e9","date":"17 juillet 2008","format":false,"excerpt":"Axel et J.-F. Maye \u00e0 Saint-Pierre-de-Clages (Valais)Un triomphe \u00e0 tirage limit\u00e9Automne 2007: le Grand jury europ\u00e9en (GJE) d\u00e9signe quatre syrahs suisses du mill\u00e9sime 2001 en t\u00eate d\u2019une d\u00e9gustation. Au sommet, la syrah \u00abvieilles vignes\u00bb d\u2019Axel et de Jean-Fran\u00e7ois Maye, de Saint-Pierre-de-Clages. Soudain, des quatre coins de l\u2019Europe, on d\u00e9couvre ce\u2026","rel":"","context":"Dans &quot;Vins suisses&quot;","img":{"alt_text":"","src":"","width":0,"height":0},"classes":[]},{"id":9674,"url":"https:\/\/thomasvino.ch\/?p=9674","url_meta":{"origin":9384,"position":5},"title":"Monthey (VS) \u2014 Brasserie du Th\u00e9\u00e2tre du Crochetan","date":"2 octobre 2005","format":false,"excerpt":"Brasserie du Crochetan, Monthey (VS) La cantine d\u2019un artiste Il a failli partir pour Shanghai ou Saint-P\u00e9tersbourg, Mauro Capelli\u2026 Il a juste chang\u00e9 de canton, mais pas de r\u00e9gion, et pass\u00e9 de la rive droite \u00e0 la rive gauche du Rh\u00f4ne. Adoss\u00e9 \u00e0 quelques grands pins, le moderne Th\u00e9\u00e2tre du\u2026","rel":"","context":"Dans &quot;Adresses&quot;","img":{"alt_text":"","src":"","width":0,"height":0},"classes":[]}],"_links":{"self":[{"href":"https:\/\/thomasvino.ch\/index.php?rest_route=\/wp\/v2\/posts\/9384"}],"collection":[{"href":"https:\/\/thomasvino.ch\/index.php?rest_route=\/wp\/v2\/posts"}],"about":[{"href":"https:\/\/thomasvino.ch\/index.php?rest_route=\/wp\/v2\/types\/post"}],"author":[{"embeddable":true,"href":"https:\/\/thomasvino.ch\/index.php?rest_route=\/wp\/v2\/users\/3"}],"replies":[{"embeddable":true,"href":"https:\/\/thomasvino.ch\/index.php?rest_route=%2Fwp%2Fv2%2Fcomments&post=9384"}],"version-history":[{"count":0,"href":"https:\/\/thomasvino.ch\/index.php?rest_route=\/wp\/v2\/posts\/9384\/revisions"}],"wp:attachment":[{"href":"https:\/\/thomasvino.ch\/index.php?rest_route=%2Fwp%2Fv2%2Fmedia&parent=9384"}],"wp:term":[{"taxonomy":"category","embeddable":true,"href":"https:\/\/thomasvino.ch\/index.php?rest_route=%2Fwp%2Fv2%2Fcategories&post=9384"},{"taxonomy":"post_tag","embeddable":true,"href":"https:\/\/thomasvino.ch\/index.php?rest_route=%2Fwp%2Fv2%2Ftags&post=9384"}],"curies":[{"name":"wp","href":"https:\/\/api.w.org\/{rel}","templated":true}]}}