{"id":9385,"date":"2005-01-14T20:49:00","date_gmt":"2005-01-14T20:49:00","guid":{"rendered":"http:\/\/localhost\/thomasvino\/?p=9385"},"modified":"2005-01-14T20:49:00","modified_gmt":"2005-01-14T20:49:00","slug":"cotes-du-rhone-deux-chateauneufs-du-pape","status":"publish","type":"post","link":"https:\/\/thomasvino.ch\/?p=9385","title":{"rendered":"C\u00f4tes-du-Rh\u00f4ne \u2014 Deux ch\u00e2teauneufs-du-pape&#8230;"},"content":{"rendered":"<div style=\"text-align: justify;\"><font style=\"font-weight: bold;\" size=\"5\">Deux ch\u00e2teauneufs-du-pape en majest\u00e9<\/font><br \/> On ne les voit plus gu\u00e8re sur les cartes de restaurant, les ch\u00e2teauneufs-du-pape. La faute \u00e0 Robert Parker! L&#39;Am\u00e9ricain, le plus enthousiaste des avocats des C\u00f4test-du-Rh\u00f4ne, a \u00e9t\u00e9 sacr\u00e9 citoyen d&#39;honneur de la cit\u00e9 castelpapale, il y a pr\u00e8s de dix ans. Mais l&#39;appellation, grande comme le Pays de Vaud viticole (soit plus de 3200 hectares), n&#39;avait pas attendu ce messie d&#39;outre-atlantique pour renouer avec le succ\u00e8s qui fut le sien \u00e0 l&#39;\u00e9poque ancienne de Jean XXII. Vieille appellation, mais souvent \u00e0 la pointe du progr\u00e8s, quand il s&#39;est agi, en pleine crise des ann\u00e9es 1930, de d\u00e9fendre l&#39;\u00abappellation d&#39;origine contr\u00f4l\u00e9e\u00bb. L&#39;AOC est n\u00e9e l\u00e0, par la volont\u00e9 d&#39;un authentique baron du vignoble.<br \/> Comme \u00e0 Chablis, o\u00f9 une bataille hom\u00e9rique divisa les vignerons, le sol n&#39;explique pas seulement la grandeur de ces beaux vins rouges et riches en alcool (14\u00b0 garantis naturels!). Pas plus que les c\u00e9pages, qui sont treize. Mais parfois un seul et unique, le fameux grenache noir qui, de toute mani\u00e8re, sert de base \u00e0 ce vin rouge. C&#39;est lui qui lui donne ce go\u00fbt d&#39;olive noire, de garrigue, qui fleure bon la Provence. Une touche de ceci, souvent la syrah, fruit\u00e9e, \u00e9pic\u00e9e, ou de cela, le mourv\u00e8dre, plus sudiste encore, qui tire les vins vers le cuir et les ar\u00f4mes qui \u00abrenardent\u00bb. Ces trois l\u00e0, avec un peu de counoise et de muscardin, se retrouvent dans le tr\u00e8s classique <span style=\"font-weight: bold;\">Clos des Papes<\/span>, de Vincent-Paul Avril, le fils de Paul. Un arch\u00e9type, souvent assez souple, mais harmonieux, et d&#39;une magnifique complexit\u00e9 aromatique, comme le magnifique 2000.<br \/> Ce clos n&#39;a pas la densit\u00e9 \u00e9poustouflante de Beaucastel, le formidable \u00e9talon de l&#39;appellation. Le mourv\u00e8dre lui conf\u00e8re une intensit\u00e9 \u00e0 nulle autre pareille. Le domaine des Perrin a \u00e9tendu son spectre au deux extr\u00e9mit\u00e9s de la hi\u00e9rarchie. Les grandes ann\u00e9es, un \u00abhommage \u00e0 Jacques Perrin\u00bb hors de prix vient couronner la gamme&#8230; Les petites ann\u00e9es, Les Sinards, absorbent la majorit\u00e9 du domaine. Ce sera le cas pour la tragique ann\u00e9e 2002, o\u00f9 la temp\u00eate fit des morts dans la r\u00e9gion, d\u00e9versant des trombes d&#39;eau \u00e0 la veille des vendanges. On l&#39;annonce ici: il n&#39;y aura pas de Beaucastel 2002. Ce qui aurait pu en devenir finira dans les bouteilles des Sinards&#8230; En revanche, <span style=\"font-weight: bold;\">les Sinards <\/span>2000, avec un assemblage \u00e9quilibr\u00e9 de moiti\u00e9 de grenache, compl\u00e9t\u00e9 par de la syrah, du mourv\u00e8dre et d&#39;un invit\u00e9 surprise, le cinsaut, procure un plaisir imm\u00e9diat. Clos des Papes comme Beaucastel annoncent quant \u00e0 eux un mill\u00e9sime 2001 de grande classe, le meilleur depuis 1990. En attendant, bien s\u00fbr, 2003, aux concentrations extr\u00eames: \u00e0 Ch\u00e2teauneuf aussi, ils donnera de tr\u00e8s, tr\u00e8s grandes choses. En toute petite quantit\u00e9, de quoi faire encore grimper les prix!<\/p>\n<p> <span style=\"font-style: italic;\">Chronique parue dans Edelweiss, Lausanne, en d\u00e9cembre 2003<\/span><\/p>\n<p>  <\/div>\n","protected":false},"excerpt":{"rendered":"<p>Deux ch\u00e2teauneufs-du-pape en majest\u00e9 On ne les voit plus gu\u00e8re sur les cartes de restaurant, les ch\u00e2teauneufs-du-pape. La faute \u00e0 Robert Parker! L&#39;Am\u00e9ricain, le plus enthousiaste des avocats des C\u00f4test-du-Rh\u00f4ne, a \u00e9t\u00e9 sacr\u00e9 citoyen d&#39;honneur de la cit\u00e9 castelpapale, il y a pr\u00e8s de dix ans. Mais l&#39;appellation, grande comme le Pays de Vaud viticole [&hellip;]<\/p>\n","protected":false},"author":3,"featured_media":0,"comment_status":"closed","ping_status":"open","sticky":false,"template":"","format":"standard","meta":{"_monsterinsights_skip_tracking":false,"_monsterinsights_sitenote_active":false,"_monsterinsights_sitenote_note":"","_monsterinsights_sitenote_category":0,"jetpack_post_was_ever_published":false,"jetpack_publicize_message":"","jetpack_is_tweetstorm":false,"jetpack_publicize_feature_enabled":true,"jetpack_social_post_already_shared":false,"jetpack_social_options":{"image_generator_settings":{"template":"highway","enabled":false}}},"categories":[9],"tags":[],"jetpack_publicize_connections":[],"yoast_head":"<!-- This site is optimized with the Yoast SEO plugin v20.6 - https:\/\/yoast.com\/wordpress\/plugins\/seo\/ -->\n<title>C\u00f4tes-du-Rh\u00f4ne \u2014 Deux ch\u00e2teauneufs-du-pape... - thomasvino<\/title>\n<meta name=\"robots\" content=\"index, follow, max-snippet:-1, max-image-preview:large, max-video-preview:-1\" \/>\n<link rel=\"canonical\" href=\"https:\/\/thomasvino.ch\/?p=9385\" \/>\n<meta property=\"og:locale\" content=\"fr_FR\" \/>\n<meta property=\"og:type\" content=\"article\" \/>\n<meta property=\"og:title\" content=\"C\u00f4tes-du-Rh\u00f4ne \u2014 Deux ch\u00e2teauneufs-du-pape... - thomasvino\" \/>\n<meta property=\"og:description\" content=\"Deux ch\u00e2teauneufs-du-pape en majest\u00e9 On ne les voit plus gu\u00e8re sur les cartes de restaurant, les ch\u00e2teauneufs-du-pape. La faute \u00e0 Robert Parker! L&#039;Am\u00e9ricain, le plus enthousiaste des avocats des C\u00f4test-du-Rh\u00f4ne, a \u00e9t\u00e9 sacr\u00e9 citoyen d&#039;honneur de la cit\u00e9 castelpapale, il y a pr\u00e8s de dix ans. Mais l&#039;appellation, grande comme le Pays de Vaud viticole [&hellip;]\" \/>\n<meta property=\"og:url\" content=\"https:\/\/thomasvino.ch\/?p=9385\" \/>\n<meta property=\"og:site_name\" content=\"thomasvino\" \/>\n<meta property=\"article:published_time\" content=\"2005-01-14T20:49:00+00:00\" \/>\n<meta name=\"author\" content=\"Pierre Thomas\" \/>\n<meta name=\"twitter:label1\" content=\"\u00c9crit par\" \/>\n\t<meta name=\"twitter:data1\" content=\"Pierre Thomas\" \/>\n\t<meta name=\"twitter:label2\" content=\"Dur\u00e9e de lecture estim\u00e9e\" \/>\n\t<meta name=\"twitter:data2\" content=\"3 minutes\" \/>\n<script type=\"application\/ld+json\" class=\"yoast-schema-graph\">{\"@context\":\"https:\/\/schema.org\",\"@graph\":[{\"@type\":\"WebPage\",\"@id\":\"https:\/\/thomasvino.ch\/?p=9385\",\"url\":\"https:\/\/thomasvino.ch\/?p=9385\",\"name\":\"C\u00f4tes-du-Rh\u00f4ne \u2014 Deux ch\u00e2teauneufs-du-pape... - thomasvino\",\"isPartOf\":{\"@id\":\"https:\/\/thomasvino.ch\/#website\"},\"datePublished\":\"2005-01-14T20:49:00+00:00\",\"dateModified\":\"2005-01-14T20:49:00+00:00\",\"author\":{\"@id\":\"https:\/\/thomasvino.ch\/#\/schema\/person\/670bf4486fe81152cf1d68bd585e062e\"},\"breadcrumb\":{\"@id\":\"https:\/\/thomasvino.ch\/?p=9385#breadcrumb\"},\"inLanguage\":\"fr-FR\",\"potentialAction\":[{\"@type\":\"ReadAction\",\"target\":[\"https:\/\/thomasvino.ch\/?p=9385\"]}]},{\"@type\":\"BreadcrumbList\",\"@id\":\"https:\/\/thomasvino.ch\/?p=9385#breadcrumb\",\"itemListElement\":[{\"@type\":\"ListItem\",\"position\":1,\"name\":\"Accueil\",\"item\":\"https:\/\/thomasvino.ch\/\"},{\"@type\":\"ListItem\",\"position\":2,\"name\":\"C\u00f4tes-du-Rh\u00f4ne \u2014 Deux ch\u00e2teauneufs-du-pape&#8230;\"}]},{\"@type\":\"WebSite\",\"@id\":\"https:\/\/thomasvino.ch\/#website\",\"url\":\"https:\/\/thomasvino.ch\/\",\"name\":\"thomasvino\",\"description\":\"Vins &amp; Gastronomie\",\"potentialAction\":[{\"@type\":\"SearchAction\",\"target\":{\"@type\":\"EntryPoint\",\"urlTemplate\":\"https:\/\/thomasvino.ch\/?s={search_term_string}\"},\"query-input\":\"required name=search_term_string\"}],\"inLanguage\":\"fr-FR\"},{\"@type\":\"Person\",\"@id\":\"https:\/\/thomasvino.ch\/#\/schema\/person\/670bf4486fe81152cf1d68bd585e062e\",\"name\":\"Pierre Thomas\",\"image\":{\"@type\":\"ImageObject\",\"inLanguage\":\"fr-FR\",\"@id\":\"https:\/\/thomasvino.ch\/#\/schema\/person\/image\/\",\"url\":\"https:\/\/secure.gravatar.com\/avatar\/91fd5a76647f140e53db987a0dead4d7?s=96&d=mm&r=g\",\"contentUrl\":\"https:\/\/secure.gravatar.com\/avatar\/91fd5a76647f140e53db987a0dead4d7?s=96&d=mm&r=g\",\"caption\":\"Pierre Thomas\"},\"url\":\"https:\/\/thomasvino.ch\/?author=3\"}]}<\/script>\n<!-- \/ Yoast SEO plugin. -->","yoast_head_json":{"title":"C\u00f4tes-du-Rh\u00f4ne \u2014 Deux ch\u00e2teauneufs-du-pape... - thomasvino","robots":{"index":"index","follow":"follow","max-snippet":"max-snippet:-1","max-image-preview":"max-image-preview:large","max-video-preview":"max-video-preview:-1"},"canonical":"https:\/\/thomasvino.ch\/?p=9385","og_locale":"fr_FR","og_type":"article","og_title":"C\u00f4tes-du-Rh\u00f4ne \u2014 Deux ch\u00e2teauneufs-du-pape... - thomasvino","og_description":"Deux ch\u00e2teauneufs-du-pape en majest\u00e9 On ne les voit plus gu\u00e8re sur les cartes de restaurant, les ch\u00e2teauneufs-du-pape. La faute \u00e0 Robert Parker! L&#39;Am\u00e9ricain, le plus enthousiaste des avocats des C\u00f4test-du-Rh\u00f4ne, a \u00e9t\u00e9 sacr\u00e9 citoyen d&#39;honneur de la cit\u00e9 castelpapale, il y a pr\u00e8s de dix ans. Mais l&#39;appellation, grande comme le Pays de Vaud viticole [&hellip;]","og_url":"https:\/\/thomasvino.ch\/?p=9385","og_site_name":"thomasvino","article_published_time":"2005-01-14T20:49:00+00:00","author":"Pierre Thomas","twitter_misc":{"\u00c9crit par":"Pierre Thomas","Dur\u00e9e de lecture estim\u00e9e":"3 minutes"},"schema":{"@context":"https:\/\/schema.org","@graph":[{"@type":"WebPage","@id":"https:\/\/thomasvino.ch\/?p=9385","url":"https:\/\/thomasvino.ch\/?p=9385","name":"C\u00f4tes-du-Rh\u00f4ne \u2014 Deux ch\u00e2teauneufs-du-pape... - thomasvino","isPartOf":{"@id":"https:\/\/thomasvino.ch\/#website"},"datePublished":"2005-01-14T20:49:00+00:00","dateModified":"2005-01-14T20:49:00+00:00","author":{"@id":"https:\/\/thomasvino.ch\/#\/schema\/person\/670bf4486fe81152cf1d68bd585e062e"},"breadcrumb":{"@id":"https:\/\/thomasvino.ch\/?p=9385#breadcrumb"},"inLanguage":"fr-FR","potentialAction":[{"@type":"ReadAction","target":["https:\/\/thomasvino.ch\/?p=9385"]}]},{"@type":"BreadcrumbList","@id":"https:\/\/thomasvino.ch\/?p=9385#breadcrumb","itemListElement":[{"@type":"ListItem","position":1,"name":"Accueil","item":"https:\/\/thomasvino.ch\/"},{"@type":"ListItem","position":2,"name":"C\u00f4tes-du-Rh\u00f4ne \u2014 Deux ch\u00e2teauneufs-du-pape&#8230;"}]},{"@type":"WebSite","@id":"https:\/\/thomasvino.ch\/#website","url":"https:\/\/thomasvino.ch\/","name":"thomasvino","description":"Vins &amp; Gastronomie","potentialAction":[{"@type":"SearchAction","target":{"@type":"EntryPoint","urlTemplate":"https:\/\/thomasvino.ch\/?s={search_term_string}"},"query-input":"required name=search_term_string"}],"inLanguage":"fr-FR"},{"@type":"Person","@id":"https:\/\/thomasvino.ch\/#\/schema\/person\/670bf4486fe81152cf1d68bd585e062e","name":"Pierre Thomas","image":{"@type":"ImageObject","inLanguage":"fr-FR","@id":"https:\/\/thomasvino.ch\/#\/schema\/person\/image\/","url":"https:\/\/secure.gravatar.com\/avatar\/91fd5a76647f140e53db987a0dead4d7?s=96&d=mm&r=g","contentUrl":"https:\/\/secure.gravatar.com\/avatar\/91fd5a76647f140e53db987a0dead4d7?s=96&d=mm&r=g","caption":"Pierre Thomas"},"url":"https:\/\/thomasvino.ch\/?author=3"}]}},"jetpack_featured_media_url":"","jetpack_sharing_enabled":true,"jetpack_shortlink":"https:\/\/wp.me\/p3m4tZ-2rn","jetpack_likes_enabled":false,"jetpack-related-posts":[{"id":9021,"url":"https:\/\/thomasvino.ch\/?p=9021","url_meta":{"origin":9385,"position":0},"title":"C\u00f4tes-du-Rh\u00f4ne \u2014 Ch\u00e2teauneuf-du-Pape r\u00e8gne par la diversit\u00e9","date":"11 janvier 2005","format":false,"excerpt":"Ch\u00e2teauneuf-du-Pape r\u00e8gne par la diversit\u00e9 Blason des C\u00f4tes-du-Rh\u00f4ne, la plus ancienne appellation d'origine contr\u00f4l\u00e9e (AOC) de France retrouve ses lettres de noblesse. Et toute sa valeur sp\u00e9culative. Par Pierre Thomas On vous le dit, c'est le dernier vin qui fait causer, \u00e0 New-York comme \u00e0 Gen\u00e8ve. Au pied des ruines\u2026","rel":"","context":"Dans &quot;Vins fran\u00e7ais&quot;","img":{"alt_text":"","src":"","width":0,"height":0},"classes":[]},{"id":8841,"url":"https:\/\/thomasvino.ch\/?p=8841","url_meta":{"origin":9385,"position":1},"title":"Que valent les ch\u00e2teauneufs de supermarch\u00e9s?","date":"11 janvier 2005","format":false,"excerpt":"Un pape et ses vertus cardinalesS'il y a un vin qui symbolise \u00e0 la fois \u00able terroir\u00bb et l'appellation d'origine contr\u00f4l\u00e9e (AOC), c'est bien le ch\u00e2teauneuf-du-pape. Mais ce prince (de l'Eglise) n'\u00e9chappe pas \u00e0 la hi\u00e9rarchie de la d\u00e9gustation, contrast\u00e9e.Par Pierre ThomasLe Ch\u00e2teauneuf-du-Pape a tout pour plaire. Une origine qui\u2026","rel":"","context":"Dans &quot;Conso&quot;","img":{"alt_text":"","src":"","width":0,"height":0},"classes":[]},{"id":12305,"url":"https:\/\/thomasvino.ch\/?p=12305","url_meta":{"origin":9385,"position":2},"title":"Une tourn\u00e9e \u00e0 Ch\u00e2teauneuf-du-Pape en six \u00e9tapes","date":"30 octobre 2014","format":false,"excerpt":"A l\u2019\u00e9chelle de la France, les 3200 hectares, r\u00e9partis en 230 domaines, de Ch\u00e2teauneuf-du-Pape ne sont pas bien grands. Pourtant, gr\u00e2ce au gourou am\u00e9ricain Robert Parker, ce rouge capiteux est \u00e0 nouveau \u00e0 la mode dans les pays anglo-saxons, depuis quinze ans. 70% des vins sont export\u00e9s, et la Suisse\u2026","rel":"","context":"Dans &quot;Vins fran\u00e7ais&quot;","img":{"alt_text":"","src":"https:\/\/i0.wp.com\/www.thomasvino.ch\/wp-content\/uploads\/2014\/10\/site_cdp_chatgigognan.pts_-300x225.jpg?resize=350%2C200","width":350,"height":200},"classes":[]},{"id":12525,"url":"https:\/\/thomasvino.ch\/?p=12525","url_meta":{"origin":9385,"position":3},"title":"Mill\u00e9simes pour m\u00e9moire","date":"26 janvier 2015","format":false,"excerpt":"Quels sont les meilleurs mill\u00e9simes, selon les pays et les r\u00e9gions\u00a0? Les cartes diffus\u00e9es en d\u00e9but d\u2019ann\u00e9e par le magazine Vinum ou le club d\u2019amateurs de vins CAVE SA, qui a f\u00eat\u00e9 ses 30 ans, offrent des rep\u00e8res sur des minicartes de mill\u00e9simes. Sachant que les meilleurs vignerons se font\u2026","rel":"","context":"Dans &quot;Tendance&quot;","img":{"alt_text":"","src":"","width":0,"height":0},"classes":[]},{"id":8988,"url":"https:\/\/thomasvino.ch\/?p=8988","url_meta":{"origin":9385,"position":4},"title":"Une Acad\u00e9mie pour des vins \u00ab\u00e9thiques\u00bb","date":"31 d\u00e9cembre 2009","format":false,"excerpt":"Pour une \u00e9thique du vin Oui, l\u2019Acad\u00e9mie du vin existe\u00a0! Depuis bient\u00f4t 40 ans, l\u2019Acad\u00e9mie internationale du vin si\u00e8ge \u00e0 Gen\u00e8ve, chaque fin d\u2019ann\u00e9e. Pour la premi\u00e8re fois, elle est sortie non pas du palace qui l\u2019accueille (tant\u00f4t l\u2019ex-H\u00f4tel du Rh\u00f4ne, tant\u00f4t l\u2019Intercontinental), mais de sa r\u00e9serve. Par Pierre Thomas\u2026","rel":"","context":"Dans &quot;Tendance&quot;","img":{"alt_text":"","src":"img\/brunoprats.jpg","width":350,"height":200},"classes":[]},{"id":18445,"url":"https:\/\/thomasvino.ch\/?p=18445","url_meta":{"origin":9385,"position":5},"title":"De Changins \u00e0 Ch\u00e2teauneuf(-du-Pape)","date":"15 mai 2024","format":false,"excerpt":"Chaque ann\u00e9e, des \u00e9l\u00e8ves \u00e9trangers viennent se former \u00e0 la haute \u00e9cole viti-\u0153no de Changins, pr\u00e8s de Nyon, le centre de comp\u00e9tences suisse du vin. On en a retrouv\u00e9 un, Axel Vacheron, \u00e0 peine 30 ans, dans ses vignes, au Sud de la France. Par Pierre Thomas Pour les Valaisans,\u2026","rel":"","context":"Dans &quot;Vins fran\u00e7ais&quot;","img":{"alt_text":"","src":"https:\/\/i0.wp.com\/thomasvino.ch\/wp-content\/uploads\/2024\/05\/hg_ARobertAetMVacheronjpg-300x225.jpg?resize=350%2C200&ssl=1","width":350,"height":200},"classes":[]}],"_links":{"self":[{"href":"https:\/\/thomasvino.ch\/index.php?rest_route=\/wp\/v2\/posts\/9385"}],"collection":[{"href":"https:\/\/thomasvino.ch\/index.php?rest_route=\/wp\/v2\/posts"}],"about":[{"href":"https:\/\/thomasvino.ch\/index.php?rest_route=\/wp\/v2\/types\/post"}],"author":[{"embeddable":true,"href":"https:\/\/thomasvino.ch\/index.php?rest_route=\/wp\/v2\/users\/3"}],"replies":[{"embeddable":true,"href":"https:\/\/thomasvino.ch\/index.php?rest_route=%2Fwp%2Fv2%2Fcomments&post=9385"}],"version-history":[{"count":0,"href":"https:\/\/thomasvino.ch\/index.php?rest_route=\/wp\/v2\/posts\/9385\/revisions"}],"wp:attachment":[{"href":"https:\/\/thomasvino.ch\/index.php?rest_route=%2Fwp%2Fv2%2Fmedia&parent=9385"}],"wp:term":[{"taxonomy":"category","embeddable":true,"href":"https:\/\/thomasvino.ch\/index.php?rest_route=%2Fwp%2Fv2%2Fcategories&post=9385"},{"taxonomy":"post_tag","embeddable":true,"href":"https:\/\/thomasvino.ch\/index.php?rest_route=%2Fwp%2Fv2%2Ftags&post=9385"}],"curies":[{"name":"wp","href":"https:\/\/api.w.org\/{rel}","templated":true}]}}