{"id":9390,"date":"2012-06-03T16:13:00","date_gmt":"2012-06-03T16:13:00","guid":{"rendered":"http:\/\/localhost\/thomasvino\/?p=9390"},"modified":"2012-06-03T16:13:00","modified_gmt":"2012-06-03T16:13:00","slug":"les-cotes-du-rhone-satisfaits-du-marche-suisse","status":"publish","type":"post","link":"https:\/\/thomasvino.ch\/?p=9390","title":{"rendered":"Les C\u00f4tes-du-Rh\u00f4ne satisfaits du march\u00e9 suisse"},"content":{"rendered":"<h2>C\u00f4tes-du-Rh\u00f4ne: la Suisse consolide<\/h2>\n<div style=\"text-align: justify;\">Inter Rh\u00f4ne, l\u2019interprofession des vins AOC de la Vall\u00e9es du Rh\u00f4ne (plus de 70&rsquo;000 hectares, 308 millions de litres r\u00e9colt\u00e9s en 2011, soit davantage que la consommation totale du vin en Suisse) pavoise. Par une campagne de promotion, qui <a href=\"articles.php?lng=fr&amp;pg=1661\"><b>les a men\u00e9s en Suisse<\/b><\/a> pour la premi\u00e8re fois depuis plusieurs ann\u00e9es, les vignerons des AOC rhodaniennes ont r\u00e9ussi \u00e0 stabiliser leurs ventes (les vins du Rh\u00f4ne repr\u00e9sentent 21% du chiffre d\u2019affaires de l\u2019HoReCa en France). <b>15% des vins \u00e9trangers bus en Suisse proviendraient des C\u00f4tes-du-Rh\u00f4ne<\/b> (soit 28 millions des 45 millions de litres import\u00e9s de France), selon Inter Rh\u00f4ne, soit la deuxi\u00e8me performance d&rsquo;un march\u00e9 pour les C\u00f4tes-du-Rh\u00f4ne, apr\u00e8s les Etats-Unis.<br \/>\nAu total, les exportations vers tous les pays se sont mont\u00e9 \u00e0 86 millions de litres en 2011, soit le plus haut niveau depuis 10 ans. La Suisse se place au deuxi\u00e8me rang derri\u00e8re les Etats-Unis pour la consommation des vins de la Vall\u00e9e du Rh\u00f4ne. Les crus des C\u00f4tes-du-Rh\u00f4ne repr\u00e9sentent un million de litres export\u00e9s vers la Suisse, soit une augmentation de 12% du volume et de 22% de la valeur en 2011, par rapport \u00e0 2010. A noter que la vitiviniculture bio repr\u00e9sente 7,4% des surfaces AOC de la vall\u00e9e du Rh\u00f4ne, en hausse, et les Suisses sont les deuxi\u00e8mes clients de ces vins bios. <br \/>\n<i>\u00a9thomasvino.ch<\/i><\/div>\n","protected":false},"excerpt":{"rendered":"<p>C\u00f4tes-du-Rh\u00f4ne: la Suisse consolide Inter Rh\u00f4ne, l\u2019interprofession des vins AOC de la Vall\u00e9es du Rh\u00f4ne (plus de 70&rsquo;000 hectares, 308 millions de litres r\u00e9colt\u00e9s en 2011, soit davantage que la consommation totale du vin en Suisse) pavoise. Par une campagne de promotion, qui les a men\u00e9s en Suisse pour la premi\u00e8re fois depuis plusieurs ann\u00e9es, [&hellip;]<\/p>\n","protected":false},"author":3,"featured_media":0,"comment_status":"closed","ping_status":"open","sticky":false,"template":"","format":"standard","meta":{"_monsterinsights_skip_tracking":false,"_monsterinsights_sitenote_active":false,"_monsterinsights_sitenote_note":"","_monsterinsights_sitenote_category":0,"jetpack_post_was_ever_published":false,"jetpack_publicize_message":"","jetpack_is_tweetstorm":false,"jetpack_publicize_feature_enabled":true,"jetpack_social_post_already_shared":false,"jetpack_social_options":{"image_generator_settings":{"template":"highway","enabled":false}}},"categories":[15],"tags":[],"jetpack_publicize_connections":[],"yoast_head":"<!-- This site is optimized with the Yoast SEO plugin v20.6 - https:\/\/yoast.com\/wordpress\/plugins\/seo\/ -->\n<title>Les C\u00f4tes-du-Rh\u00f4ne satisfaits du march\u00e9 suisse - thomasvino<\/title>\n<meta name=\"robots\" content=\"index, follow, max-snippet:-1, max-image-preview:large, max-video-preview:-1\" \/>\n<link rel=\"canonical\" href=\"https:\/\/thomasvino.ch\/?p=9390\" \/>\n<meta property=\"og:locale\" content=\"fr_FR\" \/>\n<meta property=\"og:type\" content=\"article\" \/>\n<meta property=\"og:title\" content=\"Les C\u00f4tes-du-Rh\u00f4ne satisfaits du march\u00e9 suisse - thomasvino\" \/>\n<meta property=\"og:description\" content=\"C\u00f4tes-du-Rh\u00f4ne: la Suisse consolide Inter Rh\u00f4ne, l\u2019interprofession des vins AOC de la Vall\u00e9es du Rh\u00f4ne (plus de 70&rsquo;000 hectares, 308 millions de litres r\u00e9colt\u00e9s en 2011, soit davantage que la consommation totale du vin en Suisse) pavoise. Par une campagne de promotion, qui les a men\u00e9s en Suisse pour la premi\u00e8re fois depuis plusieurs ann\u00e9es, [&hellip;]\" \/>\n<meta property=\"og:url\" content=\"https:\/\/thomasvino.ch\/?p=9390\" \/>\n<meta property=\"og:site_name\" content=\"thomasvino\" \/>\n<meta property=\"article:published_time\" content=\"2012-06-03T16:13:00+00:00\" \/>\n<meta name=\"author\" content=\"Pierre Thomas\" \/>\n<meta name=\"twitter:label1\" content=\"\u00c9crit par\" \/>\n\t<meta name=\"twitter:data1\" content=\"Pierre Thomas\" \/>\n\t<meta name=\"twitter:label2\" content=\"Dur\u00e9e de lecture estim\u00e9e\" \/>\n\t<meta name=\"twitter:data2\" content=\"1 minute\" \/>\n<script type=\"application\/ld+json\" class=\"yoast-schema-graph\">{\"@context\":\"https:\/\/schema.org\",\"@graph\":[{\"@type\":\"WebPage\",\"@id\":\"https:\/\/thomasvino.ch\/?p=9390\",\"url\":\"https:\/\/thomasvino.ch\/?p=9390\",\"name\":\"Les C\u00f4tes-du-Rh\u00f4ne satisfaits du march\u00e9 suisse - thomasvino\",\"isPartOf\":{\"@id\":\"https:\/\/thomasvino.ch\/#website\"},\"datePublished\":\"2012-06-03T16:13:00+00:00\",\"dateModified\":\"2012-06-03T16:13:00+00:00\",\"author\":{\"@id\":\"https:\/\/thomasvino.ch\/#\/schema\/person\/670bf4486fe81152cf1d68bd585e062e\"},\"breadcrumb\":{\"@id\":\"https:\/\/thomasvino.ch\/?p=9390#breadcrumb\"},\"inLanguage\":\"fr-FR\",\"potentialAction\":[{\"@type\":\"ReadAction\",\"target\":[\"https:\/\/thomasvino.ch\/?p=9390\"]}]},{\"@type\":\"BreadcrumbList\",\"@id\":\"https:\/\/thomasvino.ch\/?p=9390#breadcrumb\",\"itemListElement\":[{\"@type\":\"ListItem\",\"position\":1,\"name\":\"Accueil\",\"item\":\"https:\/\/thomasvino.ch\/\"},{\"@type\":\"ListItem\",\"position\":2,\"name\":\"Les C\u00f4tes-du-Rh\u00f4ne satisfaits du march\u00e9 suisse\"}]},{\"@type\":\"WebSite\",\"@id\":\"https:\/\/thomasvino.ch\/#website\",\"url\":\"https:\/\/thomasvino.ch\/\",\"name\":\"thomasvino\",\"description\":\"Vins &amp; Gastronomie\",\"potentialAction\":[{\"@type\":\"SearchAction\",\"target\":{\"@type\":\"EntryPoint\",\"urlTemplate\":\"https:\/\/thomasvino.ch\/?s={search_term_string}\"},\"query-input\":\"required name=search_term_string\"}],\"inLanguage\":\"fr-FR\"},{\"@type\":\"Person\",\"@id\":\"https:\/\/thomasvino.ch\/#\/schema\/person\/670bf4486fe81152cf1d68bd585e062e\",\"name\":\"Pierre Thomas\",\"image\":{\"@type\":\"ImageObject\",\"inLanguage\":\"fr-FR\",\"@id\":\"https:\/\/thomasvino.ch\/#\/schema\/person\/image\/\",\"url\":\"https:\/\/secure.gravatar.com\/avatar\/91fd5a76647f140e53db987a0dead4d7?s=96&d=mm&r=g\",\"contentUrl\":\"https:\/\/secure.gravatar.com\/avatar\/91fd5a76647f140e53db987a0dead4d7?s=96&d=mm&r=g\",\"caption\":\"Pierre Thomas\"},\"url\":\"https:\/\/thomasvino.ch\/?author=3\"}]}<\/script>\n<!-- \/ Yoast SEO plugin. -->","yoast_head_json":{"title":"Les C\u00f4tes-du-Rh\u00f4ne satisfaits du march\u00e9 suisse - thomasvino","robots":{"index":"index","follow":"follow","max-snippet":"max-snippet:-1","max-image-preview":"max-image-preview:large","max-video-preview":"max-video-preview:-1"},"canonical":"https:\/\/thomasvino.ch\/?p=9390","og_locale":"fr_FR","og_type":"article","og_title":"Les C\u00f4tes-du-Rh\u00f4ne satisfaits du march\u00e9 suisse - thomasvino","og_description":"C\u00f4tes-du-Rh\u00f4ne: la Suisse consolide Inter Rh\u00f4ne, l\u2019interprofession des vins AOC de la Vall\u00e9es du Rh\u00f4ne (plus de 70&rsquo;000 hectares, 308 millions de litres r\u00e9colt\u00e9s en 2011, soit davantage que la consommation totale du vin en Suisse) pavoise. Par une campagne de promotion, qui les a men\u00e9s en Suisse pour la premi\u00e8re fois depuis plusieurs ann\u00e9es, [&hellip;]","og_url":"https:\/\/thomasvino.ch\/?p=9390","og_site_name":"thomasvino","article_published_time":"2012-06-03T16:13:00+00:00","author":"Pierre Thomas","twitter_misc":{"\u00c9crit par":"Pierre Thomas","Dur\u00e9e de lecture estim\u00e9e":"1 minute"},"schema":{"@context":"https:\/\/schema.org","@graph":[{"@type":"WebPage","@id":"https:\/\/thomasvino.ch\/?p=9390","url":"https:\/\/thomasvino.ch\/?p=9390","name":"Les C\u00f4tes-du-Rh\u00f4ne satisfaits du march\u00e9 suisse - thomasvino","isPartOf":{"@id":"https:\/\/thomasvino.ch\/#website"},"datePublished":"2012-06-03T16:13:00+00:00","dateModified":"2012-06-03T16:13:00+00:00","author":{"@id":"https:\/\/thomasvino.ch\/#\/schema\/person\/670bf4486fe81152cf1d68bd585e062e"},"breadcrumb":{"@id":"https:\/\/thomasvino.ch\/?p=9390#breadcrumb"},"inLanguage":"fr-FR","potentialAction":[{"@type":"ReadAction","target":["https:\/\/thomasvino.ch\/?p=9390"]}]},{"@type":"BreadcrumbList","@id":"https:\/\/thomasvino.ch\/?p=9390#breadcrumb","itemListElement":[{"@type":"ListItem","position":1,"name":"Accueil","item":"https:\/\/thomasvino.ch\/"},{"@type":"ListItem","position":2,"name":"Les C\u00f4tes-du-Rh\u00f4ne satisfaits du march\u00e9 suisse"}]},{"@type":"WebSite","@id":"https:\/\/thomasvino.ch\/#website","url":"https:\/\/thomasvino.ch\/","name":"thomasvino","description":"Vins &amp; Gastronomie","potentialAction":[{"@type":"SearchAction","target":{"@type":"EntryPoint","urlTemplate":"https:\/\/thomasvino.ch\/?s={search_term_string}"},"query-input":"required name=search_term_string"}],"inLanguage":"fr-FR"},{"@type":"Person","@id":"https:\/\/thomasvino.ch\/#\/schema\/person\/670bf4486fe81152cf1d68bd585e062e","name":"Pierre Thomas","image":{"@type":"ImageObject","inLanguage":"fr-FR","@id":"https:\/\/thomasvino.ch\/#\/schema\/person\/image\/","url":"https:\/\/secure.gravatar.com\/avatar\/91fd5a76647f140e53db987a0dead4d7?s=96&d=mm&r=g","contentUrl":"https:\/\/secure.gravatar.com\/avatar\/91fd5a76647f140e53db987a0dead4d7?s=96&d=mm&r=g","caption":"Pierre Thomas"},"url":"https:\/\/thomasvino.ch\/?author=3"}]}},"jetpack_featured_media_url":"","jetpack_sharing_enabled":true,"jetpack_shortlink":"https:\/\/wp.me\/p3m4tZ-2rs","jetpack_likes_enabled":false,"jetpack-related-posts":[{"id":9250,"url":"https:\/\/thomasvino.ch\/?p=9250","url_meta":{"origin":9390,"position":0},"title":"Les C\u00f4tes du Rh\u00f4ne retrouvent la Suisse","date":"8 octobre 2011","format":false,"excerpt":"Les vins du Rh\u00f4ne renouent avec la Suisse L\u2019image des CdR en jeu Le 3 octobre 2011, dans leur tourn\u00e9e parrain\u00e9e par l\u2019Union Europ\u00e9enne (dans les pays non-membres de l\u2019UE), les vins de la vall\u00e9e du Rh\u00f4ne sont remont\u00e9s jusqu\u2019au L\u00e9man. Sur le bateau \u00abLausanne\u00bb, d\u00e9gustations et commentaires. Si les\u2026","rel":"","context":"Dans &quot;Tendance&quot;","img":{"alt_text":"","src":"","width":0,"height":0},"classes":[]},{"id":9642,"url":"https:\/\/thomasvino.ch\/?p=9642","url_meta":{"origin":9390,"position":1},"title":"C\u00f4tes-du-Rh\u00f4ne \u2014 Elles hissent le pavillon rouge","date":"6 janvier 2005","format":false,"excerpt":"Les c\u00f4tes-du-rh\u00f4ne hissent le pavillon rougeUne offensive de la deuxi\u00e8me plus grande r\u00e9gion viticole fran\u00e7aise pour r\u00e9sister aux vins du Nouveau Monde et d\u00e9poussi\u00e9rer une image de vins jug\u00e9s ringards.Par Pierre ThomasIl n'y a pas que les producteurs suisses de chasselas qui redoutent l'avenir... On peut appartenir au plus prestigieux\u2026","rel":"","context":"Dans &quot;Vins fran\u00e7ais&quot;","img":{"alt_text":"","src":"","width":0,"height":0},"classes":[]},{"id":12332,"url":"https:\/\/thomasvino.ch\/?p=12332","url_meta":{"origin":9390,"position":2},"title":"Vins de France   Importations en chute libre","date":"2 novembre 2014","format":false,"excerpt":"On est tomb\u00e9 sur la statistique des chiffres d\u2019importation des vins fran\u00e7ais en Suisse, entre 2002 et 2012, via les donn\u00e9es des douanes fran\u00e7aises, relay\u00e9es par Agrimer. La chute est impressionnante, passant de 36 \u00e0 19 millions de litres de vin rouge, corrig\u00e9 par un l\u00e9ger mieux en blanc, de\u2026","rel":"","context":"Dans &quot;Actus - News&quot;","img":{"alt_text":"","src":"","width":0,"height":0},"classes":[]},{"id":15722,"url":"https:\/\/thomasvino.ch\/?p=15722","url_meta":{"origin":9390,"position":3},"title":"Les C\u00f4tes-du-Rh\u00f4ne misent sur le blanc","date":"16 avril 2019","format":false,"excerpt":"\u00abLes Millenials veulent boire frais et aiment les bulles\u00bb, a dit, \u00e0 Ampuis, \u00e0 l\u2019occasion de la tourn\u00e9e biennale des appellations de la Vall\u00e9e du Rh\u00f4ne, le pr\u00e9sident d\u2019Inter Rh\u00f4ne, Michel Chapoutier. C\u2019est le site Internet de l\u2019expansion-l\u2019express qui le rapporte, en ajoutant, \u00abdu coup, les jeunes consommateurs d\u00e9laissent les\u2026","rel":"","context":"Dans &quot;Lu sur Internet&quot;","img":{"alt_text":"","src":"","width":0,"height":0},"classes":[]},{"id":9997,"url":"https:\/\/thomasvino.ch\/?p=9997","url_meta":{"origin":9390,"position":4},"title":"Appellations: la Suisse prise au pi\u00e8ge","date":"11 ao\u00fbt 2007","format":false,"excerpt":"Ordonnance sur le vin: la Suisse prise au pi\u00e8gePA 2011 doit permettre \u00e0 la Suisse de s\u2019aligner sur les r\u00e8glements viticoles de l\u2019Union europ\u00e9enne. Mais l\u2019ordonnance f\u00e9d\u00e9rale sur le vin, en consultation jusqu\u2019au d\u00e9but septembre 2007, fait grincer des dents les milieux viticoles.Pour illustrer la quadrature du cercle, prenons l\u2019exemple\u2026","rel":"","context":"Dans &quot;Actus - News&quot;","img":{"alt_text":"","src":"","width":0,"height":0},"classes":[]},{"id":8972,"url":"https:\/\/thomasvino.ch\/?p=8972","url_meta":{"origin":9390,"position":5},"title":"Salons: la France drague Gen\u00e8ve","date":"24 novembre 2009","format":false,"excerpt":"Salons de d\u00e9gustation La France \u00abdrague\u00bb Gen\u00e8ve La rivalit\u00e9 entre Gen\u00e8ve et Lausanne est identique \u00e0 celle entre Zurich, B\u00e2le et Berne. Les Fran\u00e7ais consid\u00e8rent Gen\u00e8ve comme une t\u00eate de pont pour le march\u00e9 suisse. Par Pierre Thomas. D\u00e9but novembre, Bernard Garret, animateur du Club des Professionnels du Vin, organisait\u2026","rel":"","context":"Dans &quot;Tendance&quot;","img":{"alt_text":"jvs_clubpro01.jpg","src":"img\/jvs_clubpro01.jpg","width":350,"height":200},"classes":[]}],"_links":{"self":[{"href":"https:\/\/thomasvino.ch\/index.php?rest_route=\/wp\/v2\/posts\/9390"}],"collection":[{"href":"https:\/\/thomasvino.ch\/index.php?rest_route=\/wp\/v2\/posts"}],"about":[{"href":"https:\/\/thomasvino.ch\/index.php?rest_route=\/wp\/v2\/types\/post"}],"author":[{"embeddable":true,"href":"https:\/\/thomasvino.ch\/index.php?rest_route=\/wp\/v2\/users\/3"}],"replies":[{"embeddable":true,"href":"https:\/\/thomasvino.ch\/index.php?rest_route=%2Fwp%2Fv2%2Fcomments&post=9390"}],"version-history":[{"count":0,"href":"https:\/\/thomasvino.ch\/index.php?rest_route=\/wp\/v2\/posts\/9390\/revisions"}],"wp:attachment":[{"href":"https:\/\/thomasvino.ch\/index.php?rest_route=%2Fwp%2Fv2%2Fmedia&parent=9390"}],"wp:term":[{"taxonomy":"category","embeddable":true,"href":"https:\/\/thomasvino.ch\/index.php?rest_route=%2Fwp%2Fv2%2Fcategories&post=9390"},{"taxonomy":"post_tag","embeddable":true,"href":"https:\/\/thomasvino.ch\/index.php?rest_route=%2Fwp%2Fv2%2Ftags&post=9390"}],"curies":[{"name":"wp","href":"https:\/\/api.w.org\/{rel}","templated":true}]}}