{"id":9400,"date":"2012-06-25T14:34:00","date_gmt":"2012-06-25T14:34:00","guid":{"rendered":"http:\/\/localhost\/thomasvino\/?p=9400"},"modified":"2012-06-25T14:34:00","modified_gmt":"2012-06-25T14:34:00","slug":"rueda-les-blancs-espagnols-qui-montent","status":"publish","type":"post","link":"https:\/\/thomasvino.ch\/?p=9400","title":{"rendered":"Rueda: les blancs (espagnols) qui montent"},"content":{"rendered":"<h1>D.O. Rueda <br \/>\nles blancs (espagnols) qui montent&#160;!<\/h1>\n<div style=\"text-align: justify;\"><b>La Suisse, paradis du chasselas, exclusivit\u00e9 mondiale, est aussi le pays le plus friand du monde, par t\u00eate, pour les vins blancs de la Rueda (un million de bouteilles import\u00e9es en 2011). En Rueda, au centre-nord-ouest de l\u2019Espagne, 10&rsquo;000 ha (deux tiers du vignoble suisse) sont plant\u00e9s en vari\u00e9t\u00e9 locale, le verdejo, et 1&rsquo;800 ha (la moiti\u00e9 du vignoble vaudois) en sauvignon blanc. Compte rendu d&rsquo;une d\u00e9gustation, le 20 juin 2012, au bar \u00e0 vins lausannois <a href=\"http:\/\/www.midi20.ch\/\">Midi 20<\/a>.<\/p>\n<p><img loading=\"lazy\" width=\"650\" height=\"488\" src=\"img\/rueda3.jpg\" alt=\"rueda3.jpg\" title=\"rueda3.jpg\" \/><br \/>\n<\/b><br \/>\nA la lumi\u00e8re du succ\u00e8s helv\u00e9tique des blancs hispaniques, on comprend mieux les difficult\u00e9s du blanc romand&#8230; Car rien de plus \u00e9loign\u00e9 du chasselas que le verdejo, vinifi\u00e9 syst\u00e9matiquement sans malolactique et qui se rapproche alors du sauvignon, auquel il est parfois m\u00e9lang\u00e9 sous l\u2019appellation Rueda. Les premiers \u00e0 avoir cru dans ces vins blancs sont les propri\u00e9taires (et h\u00e9ritiers\u2026) de Marqu\u00e8s de Riscal, fameuse bodega de la Rioja. Sur les conseils du Bordelais Emile Peynaud, ils ont mis sur le march\u00e9, au milieu des ann\u00e9es 1970, le premier assemblage verdejo-sauvignon blanc. Depuis, les deux c\u00e9pages cohabitent souvent en flacons s\u00e9par\u00e9s. Le 20 juin 2012, la D.O. Rueda avait choisi le bar \u00e0 vins Midi 20 pour pr\u00e9senter ses vins. Les meilleurs et leur importateur&#160;:<br \/>\n<i>Verdejo 100%<\/i><br \/>\n<b>Finca La Colina 2011 \u2013 www.jeggli.ch<\/b><br \/>\nNez puissant, notes d\u2019allumette frott\u00e9e, attaque sur les fruits de la passion&#160;; bouche dynamique&#160;; bonne expression, avec une acidit\u00e9 assez fondue, du gras et de l\u2019\u00e9l\u00e9gance, <i><b>92\/100<\/b><\/i><br \/>\n<b>K-Naia 2011 \u2013 www.boucherville.ch<\/b><br \/>\nAssemblage de sauvignon blanc 85% et de verdejo 15%&#160;; nez domin\u00e9 par le sauvignon, le buis&#160;; attaque puissante, du gras, des ar\u00f4mes d\u2019ananas, de fruit de la passion, avec une pointe d\u2019amertume en finale&#160;; complexe, <i><b>90\/100<\/b><\/i><br \/>\n<b>Quatro Rayas 2011 \u2013 www.sante.ch<\/b><br \/>\nPar ses ar\u00f4mes, rappelle un autre c\u00e9page, valaisan, la petite arvine. Bonne structure, belle acidit\u00e9, de la fra\u00eecheur, <i><b>90\/100<\/b><\/i><br \/>\n<b>Bornos 2011 \u2013 www.obrist.ch<\/b><br \/>\nNez min\u00e9ral, de schiste&#160;; attaque relativement souple, ar\u00f4mes de grapefruit rose&#160;; frais, un peu plus tendre, 88\/100<br \/>\n<b>Vina Mayor 2011 \u2014 Vilaclara, Grand-Lancy (GE)<\/b><br \/>\nNez d\u2019agrumes, qui rappelle le sauvignon&#160;; bonne expression, de la puissance, bien fait&#160;; <i><b>88\/100<\/b><\/i><br \/>\n(la version ferment\u00e9e en barriques est tr\u00e8s marqu\u00e9e par le bois\u00e9, noix de coco)<br \/>\n<b>Ermita Veracruz 2011 \u2013 www.casadelvino.ch<\/b><br \/>\nNez fruit\u00e9, frais&#160;; attaque florale, souple&#160;; ar\u00f4mes de fleurs blanches, de mangue&#160;; bien fait, <i><b>88\/100<\/b><\/i><br \/>\n<b>PR3 Barricas 2008 \u2014 www.caveamann.ch<\/b><br \/>\nNez curieux, un peu goudronn\u00e9&#160;; du gras, de la puissance, long en bouche&#160;; le bois se fond, mais reste pr\u00e9sent&#160;; 87\/100<br \/>\n<b>Castelo de Medina 2011 \u2013 www.dovinasol.ch<\/b><br \/>\nNez de pelure d\u2019orange&#160;; attaque assez tendre sur la p\u00eache blanche, le citron vert&#160;; finale \u00abbitter\u00bb, manque d\u2019\u00e9quilibre, <i><b>86\/100<\/b><\/i> (son sauvignon blanc est tr\u00e8s v\u00e9g\u00e9tal, style Nouvelle-Z\u00e9lande\u2026)<br \/>\n<b>PradoRey 2011 \u2014 www.caveamann.ch<\/b><br \/>\nNez min\u00e9ral, de schistes&#160;; attaque sur un l\u00e9ger CO2, ar\u00f4mes de grapefruit, de citron vert&#160;; un peu creux en milieu de bouche&#160;; finale fra\u00eeche, sur une acidit\u00e9 tranch\u00e9e, <i><b>86\/100<\/b><\/i><br \/>\n<b>Blume 2011, Pagos del Rey \u2013 www.haecky.ch<\/b><br \/>\nLe nom a \u00e9t\u00e9 choisi pour les consommateurs allemands\u2026 rappelle certains riesling, avec un nez p\u00e9trol\u00e9, une certaine souplesse (4 g. de sucre r\u00e9siduel&#160;!), du CO2, une finale sur l\u2019\u00e9corce de citron vert&#160;; tr\u00e8s fabriqu\u00e9\u2026<i><b> 84\/100<\/b><\/i><br \/>\n(le sauvignon est tr\u00e8s v\u00e9g\u00e9tal, avec des ar\u00f4mes de l\u00e9gumes&#160;: asperge au nez, cr\u00e8me froide de petit pois en bouche, l\u00e0 encore, tr\u00e8s fabriqu\u00e9)<\/p>\n<p><img loading=\"lazy\" width=\"650\" height=\"366\" src=\"img\/rueda1.jpg\" alt=\"rueda1.jpg\" title=\"rueda1.jpg\" \/><\/p>\n<p><i>Du beau monde au bar le Midi 20, \u00e0 Lausanne, pour cette d\u00e9gustation-d\u00e9couverte.<\/i><br \/>\n<i><br \/>\n\u00a9thomasvino.ch<\/i><\/div>\n","protected":false},"excerpt":{"rendered":"<p>D.O. Rueda les blancs (espagnols) qui montent&#160;! La Suisse, paradis du chasselas, exclusivit\u00e9 mondiale, est aussi le pays le plus friand du monde, par t\u00eate, pour les vins blancs de la Rueda (un million de bouteilles import\u00e9es en 2011). En Rueda, au centre-nord-ouest de l\u2019Espagne, 10&rsquo;000 ha (deux tiers du vignoble suisse) sont plant\u00e9s en [&hellip;]<\/p>\n","protected":false},"author":3,"featured_media":0,"comment_status":"closed","ping_status":"open","sticky":false,"template":"","format":"standard","meta":{"_monsterinsights_skip_tracking":false,"_monsterinsights_sitenote_active":false,"_monsterinsights_sitenote_note":"","_monsterinsights_sitenote_category":0,"jetpack_post_was_ever_published":false,"jetpack_publicize_message":"","jetpack_is_tweetstorm":false,"jetpack_publicize_feature_enabled":true,"jetpack_social_post_already_shared":false,"jetpack_social_options":{"image_generator_settings":{"template":"highway","enabled":false}}},"categories":[23],"tags":[],"jetpack_publicize_connections":[],"yoast_head":"<!-- This site is optimized with the Yoast SEO plugin v20.6 - https:\/\/yoast.com\/wordpress\/plugins\/seo\/ -->\n<title>Rueda: les blancs (espagnols) qui montent - thomasvino<\/title>\n<meta name=\"robots\" content=\"index, follow, max-snippet:-1, max-image-preview:large, max-video-preview:-1\" \/>\n<link rel=\"canonical\" href=\"https:\/\/thomasvino.ch\/?p=9400\" \/>\n<meta property=\"og:locale\" content=\"fr_FR\" \/>\n<meta property=\"og:type\" content=\"article\" \/>\n<meta property=\"og:title\" content=\"Rueda: les blancs (espagnols) qui montent - thomasvino\" \/>\n<meta property=\"og:description\" content=\"D.O. Rueda les blancs (espagnols) qui montent&#160;! La Suisse, paradis du chasselas, exclusivit\u00e9 mondiale, est aussi le pays le plus friand du monde, par t\u00eate, pour les vins blancs de la Rueda (un million de bouteilles import\u00e9es en 2011). En Rueda, au centre-nord-ouest de l\u2019Espagne, 10&rsquo;000 ha (deux tiers du vignoble suisse) sont plant\u00e9s en [&hellip;]\" \/>\n<meta property=\"og:url\" content=\"https:\/\/thomasvino.ch\/?p=9400\" \/>\n<meta property=\"og:site_name\" content=\"thomasvino\" \/>\n<meta property=\"article:published_time\" content=\"2012-06-25T14:34:00+00:00\" \/>\n<meta name=\"author\" content=\"Pierre Thomas\" \/>\n<meta name=\"twitter:label1\" content=\"\u00c9crit par\" \/>\n\t<meta name=\"twitter:data1\" content=\"Pierre Thomas\" \/>\n\t<meta name=\"twitter:label2\" content=\"Dur\u00e9e de lecture estim\u00e9e\" \/>\n\t<meta name=\"twitter:data2\" content=\"3 minutes\" \/>\n<script type=\"application\/ld+json\" class=\"yoast-schema-graph\">{\"@context\":\"https:\/\/schema.org\",\"@graph\":[{\"@type\":\"WebPage\",\"@id\":\"https:\/\/thomasvino.ch\/?p=9400\",\"url\":\"https:\/\/thomasvino.ch\/?p=9400\",\"name\":\"Rueda: les blancs (espagnols) qui montent - thomasvino\",\"isPartOf\":{\"@id\":\"https:\/\/thomasvino.ch\/#website\"},\"datePublished\":\"2012-06-25T14:34:00+00:00\",\"dateModified\":\"2012-06-25T14:34:00+00:00\",\"author\":{\"@id\":\"https:\/\/thomasvino.ch\/#\/schema\/person\/670bf4486fe81152cf1d68bd585e062e\"},\"breadcrumb\":{\"@id\":\"https:\/\/thomasvino.ch\/?p=9400#breadcrumb\"},\"inLanguage\":\"fr-FR\",\"potentialAction\":[{\"@type\":\"ReadAction\",\"target\":[\"https:\/\/thomasvino.ch\/?p=9400\"]}]},{\"@type\":\"BreadcrumbList\",\"@id\":\"https:\/\/thomasvino.ch\/?p=9400#breadcrumb\",\"itemListElement\":[{\"@type\":\"ListItem\",\"position\":1,\"name\":\"Accueil\",\"item\":\"https:\/\/thomasvino.ch\/\"},{\"@type\":\"ListItem\",\"position\":2,\"name\":\"Rueda: les blancs (espagnols) qui montent\"}]},{\"@type\":\"WebSite\",\"@id\":\"https:\/\/thomasvino.ch\/#website\",\"url\":\"https:\/\/thomasvino.ch\/\",\"name\":\"thomasvino\",\"description\":\"Vins &amp; Gastronomie\",\"potentialAction\":[{\"@type\":\"SearchAction\",\"target\":{\"@type\":\"EntryPoint\",\"urlTemplate\":\"https:\/\/thomasvino.ch\/?s={search_term_string}\"},\"query-input\":\"required name=search_term_string\"}],\"inLanguage\":\"fr-FR\"},{\"@type\":\"Person\",\"@id\":\"https:\/\/thomasvino.ch\/#\/schema\/person\/670bf4486fe81152cf1d68bd585e062e\",\"name\":\"Pierre Thomas\",\"image\":{\"@type\":\"ImageObject\",\"inLanguage\":\"fr-FR\",\"@id\":\"https:\/\/thomasvino.ch\/#\/schema\/person\/image\/\",\"url\":\"https:\/\/secure.gravatar.com\/avatar\/91fd5a76647f140e53db987a0dead4d7?s=96&d=mm&r=g\",\"contentUrl\":\"https:\/\/secure.gravatar.com\/avatar\/91fd5a76647f140e53db987a0dead4d7?s=96&d=mm&r=g\",\"caption\":\"Pierre Thomas\"},\"url\":\"https:\/\/thomasvino.ch\/?author=3\"}]}<\/script>\n<!-- \/ Yoast SEO plugin. -->","yoast_head_json":{"title":"Rueda: les blancs (espagnols) qui montent - thomasvino","robots":{"index":"index","follow":"follow","max-snippet":"max-snippet:-1","max-image-preview":"max-image-preview:large","max-video-preview":"max-video-preview:-1"},"canonical":"https:\/\/thomasvino.ch\/?p=9400","og_locale":"fr_FR","og_type":"article","og_title":"Rueda: les blancs (espagnols) qui montent - thomasvino","og_description":"D.O. Rueda les blancs (espagnols) qui montent&#160;! La Suisse, paradis du chasselas, exclusivit\u00e9 mondiale, est aussi le pays le plus friand du monde, par t\u00eate, pour les vins blancs de la Rueda (un million de bouteilles import\u00e9es en 2011). En Rueda, au centre-nord-ouest de l\u2019Espagne, 10&rsquo;000 ha (deux tiers du vignoble suisse) sont plant\u00e9s en [&hellip;]","og_url":"https:\/\/thomasvino.ch\/?p=9400","og_site_name":"thomasvino","article_published_time":"2012-06-25T14:34:00+00:00","author":"Pierre Thomas","twitter_misc":{"\u00c9crit par":"Pierre Thomas","Dur\u00e9e de lecture estim\u00e9e":"3 minutes"},"schema":{"@context":"https:\/\/schema.org","@graph":[{"@type":"WebPage","@id":"https:\/\/thomasvino.ch\/?p=9400","url":"https:\/\/thomasvino.ch\/?p=9400","name":"Rueda: les blancs (espagnols) qui montent - thomasvino","isPartOf":{"@id":"https:\/\/thomasvino.ch\/#website"},"datePublished":"2012-06-25T14:34:00+00:00","dateModified":"2012-06-25T14:34:00+00:00","author":{"@id":"https:\/\/thomasvino.ch\/#\/schema\/person\/670bf4486fe81152cf1d68bd585e062e"},"breadcrumb":{"@id":"https:\/\/thomasvino.ch\/?p=9400#breadcrumb"},"inLanguage":"fr-FR","potentialAction":[{"@type":"ReadAction","target":["https:\/\/thomasvino.ch\/?p=9400"]}]},{"@type":"BreadcrumbList","@id":"https:\/\/thomasvino.ch\/?p=9400#breadcrumb","itemListElement":[{"@type":"ListItem","position":1,"name":"Accueil","item":"https:\/\/thomasvino.ch\/"},{"@type":"ListItem","position":2,"name":"Rueda: les blancs (espagnols) qui montent"}]},{"@type":"WebSite","@id":"https:\/\/thomasvino.ch\/#website","url":"https:\/\/thomasvino.ch\/","name":"thomasvino","description":"Vins &amp; Gastronomie","potentialAction":[{"@type":"SearchAction","target":{"@type":"EntryPoint","urlTemplate":"https:\/\/thomasvino.ch\/?s={search_term_string}"},"query-input":"required name=search_term_string"}],"inLanguage":"fr-FR"},{"@type":"Person","@id":"https:\/\/thomasvino.ch\/#\/schema\/person\/670bf4486fe81152cf1d68bd585e062e","name":"Pierre Thomas","image":{"@type":"ImageObject","inLanguage":"fr-FR","@id":"https:\/\/thomasvino.ch\/#\/schema\/person\/image\/","url":"https:\/\/secure.gravatar.com\/avatar\/91fd5a76647f140e53db987a0dead4d7?s=96&d=mm&r=g","contentUrl":"https:\/\/secure.gravatar.com\/avatar\/91fd5a76647f140e53db987a0dead4d7?s=96&d=mm&r=g","caption":"Pierre Thomas"},"url":"https:\/\/thomasvino.ch\/?author=3"}]}},"jetpack_featured_media_url":"","jetpack_sharing_enabled":true,"jetpack_shortlink":"https:\/\/wp.me\/p3m4tZ-2rC","jetpack_likes_enabled":false,"jetpack-related-posts":[{"id":9744,"url":"https:\/\/thomasvino.ch\/?p=9744","url_meta":{"origin":9400,"position":0},"title":"Des blancs espagnols en \u00e9vidence","date":"26 avril 2006","format":false,"excerpt":"(Paru dans \u00abTout Compte Fait\u00bb de mars 2006) Vins blancs de supermarch\u00e9s: ol\u00e9\u00a0! Qui l\u2019e\u00fbt cru\u00a0? Dans les supermarch\u00e9s, les blancs espagnols font des ravages. Les Suisses essaient de r\u00e9gater, en vain, en-dehors de leur chasselas, chasse gard\u00e9e. Il y a vingt ans, personne n\u2019e\u00fbt pari\u00e9 une peseta sur les\u2026","rel":"","context":"Dans &quot;Conso&quot;","img":{"alt_text":"","src":"","width":0,"height":0},"classes":[]},{"id":12363,"url":"https:\/\/thomasvino.ch\/?p=12363","url_meta":{"origin":9400,"position":1},"title":"Rueda (Espagne) et Collio (Italie)  Vins blancs de terroir ou de c\u00e9page ?","date":"13 novembre 2014","format":false,"excerpt":"Gr\u00e2ce aux techniques modernes de vinification, les r\u00e9gions r\u00e9put\u00e9es chaudes peuvent produire des blancs d\u2019une belle fra\u00eecheur aromatique, par la ma\u00eetrise du froid en cave. A condition de disposer de deux \u00e9l\u00e9ments ad\u00e9quats, le terroir et le c\u00e9page. Exemples par deux r\u00e9gions qui se cherchent en mati\u00e8re de styles, l\u2019une,\u2026","rel":"","context":"Dans &quot;Vins espagnols&quot;","img":{"alt_text":"","src":"https:\/\/i0.wp.com\/www.thomasvino.ch\/wp-content\/uploads\/2014\/11\/site_rueda_verdejo-300x226.jpg?resize=350%2C200","width":350,"height":200},"classes":[]},{"id":13789,"url":"https:\/\/thomasvino.ch\/?p=13789","url_meta":{"origin":9400,"position":2},"title":"La Rueda, nouvel Eldorado confirm\u00e9","date":"22 ao\u00fbt 2016","format":false,"excerpt":"Au centre nord de l\u2019Espagne, la r\u00e9gion de la Rueda fait figure d\u2019Eldorado du vin blanc sec, favoris\u00e9 par un climat continental, sur un haut plateau \u00e0 800 m. d\u2019altitude. Le verdejo, c\u00e9page indig\u00e8ne, pr\u00e9sent depuis pr\u00e8s de mille ans, amen\u00e9 par les Mozarabes, est tr\u00e8s tendance et pla\u00eet aux\u2026","rel":"","context":"Dans &quot;Vins espagnols&quot;","img":{"alt_text":"","src":"https:\/\/i0.wp.com\/www.thomasvino.ch\/wp-content\/uploads\/2016\/08\/rueda_pub-300x225.jpg?resize=350%2C200","width":350,"height":200},"classes":[]},{"id":12946,"url":"https:\/\/thomasvino.ch\/?p=12946","url_meta":{"origin":9400,"position":3},"title":"Espagne: un guide du \u00abvin quotidien\u00bb","date":"17 ao\u00fbt 2015","format":false,"excerpt":"Depuis 15 ans (2001), la chute de la consommation du vin est vertigineuse en Espagne. Elle n'atteint plus qu'une vingtaine de litres per capita (contre 35 litres en Suisse et 48 l. en Italie, 47 l. en France). L'\u00e9quipe du magazine MiVino-Vinum (fusionn\u00e9 en 2012) fait para\u00eetre un int\u00e9ressant guide\u2026","rel":"","context":"Dans &quot;Actus - News&quot;","img":{"alt_text":"","src":"","width":0,"height":0},"classes":[]},{"id":10013,"url":"https:\/\/thomasvino.ch\/?p=10013","url_meta":{"origin":9400,"position":4},"title":"Des blancs aromatiques et&#8230; exotiques","date":"19 septembre 2007","format":false,"excerpt":"Vins blancs de supermarch\u00e9Aromatiques\u00a0et\u2026 exotiquesL\u2019offre des vins blancs en supermarch\u00e9 s\u2019ouvre toujours plus. Pour absorber l\u2019arriv\u00e9e des vins \u00e9trangers, mais aussi suisses. D\u00e9gustation au rayon aromatique.Pierre ThomasQu\u2019est-ce qu\u2019un raisin, un c\u00e9page aromatique\u00a0? La question divise. Une chose est s\u00fbre, le chasselas, neutre et r\u00e9v\u00e9lateur de terroir(s), n\u2019est produit et bu\u2026","rel":"","context":"Dans &quot;Conso&quot;","img":{"alt_text":"","src":"","width":0,"height":0},"classes":[]},{"id":9950,"url":"https:\/\/thomasvino.ch\/?p=9950","url_meta":{"origin":9400,"position":5},"title":"Les Suisses boivent plus de rouge indig\u00e8ne que de blanc","date":"6 avril 2007","format":false,"excerpt":"Les chiffres du vin suisse 2006Les Helv\u00e8tes boivent plus de vin rouge indig\u00e8ne que de blancTournant historique: pour la premi\u00e8re fois, les Suisses ont consomm\u00e9 un peu plus de vin rouge du pays que de blanc. Dans la baisse de la consommation, qui se confirme, c\u2019est encore le blanc local\u2026","rel":"","context":"Dans &quot;Tendance&quot;","img":{"alt_text":"","src":"","width":0,"height":0},"classes":[]}],"_links":{"self":[{"href":"https:\/\/thomasvino.ch\/index.php?rest_route=\/wp\/v2\/posts\/9400"}],"collection":[{"href":"https:\/\/thomasvino.ch\/index.php?rest_route=\/wp\/v2\/posts"}],"about":[{"href":"https:\/\/thomasvino.ch\/index.php?rest_route=\/wp\/v2\/types\/post"}],"author":[{"embeddable":true,"href":"https:\/\/thomasvino.ch\/index.php?rest_route=\/wp\/v2\/users\/3"}],"replies":[{"embeddable":true,"href":"https:\/\/thomasvino.ch\/index.php?rest_route=%2Fwp%2Fv2%2Fcomments&post=9400"}],"version-history":[{"count":0,"href":"https:\/\/thomasvino.ch\/index.php?rest_route=\/wp\/v2\/posts\/9400\/revisions"}],"wp:attachment":[{"href":"https:\/\/thomasvino.ch\/index.php?rest_route=%2Fwp%2Fv2%2Fmedia&parent=9400"}],"wp:term":[{"taxonomy":"category","embeddable":true,"href":"https:\/\/thomasvino.ch\/index.php?rest_route=%2Fwp%2Fv2%2Fcategories&post=9400"},{"taxonomy":"post_tag","embeddable":true,"href":"https:\/\/thomasvino.ch\/index.php?rest_route=%2Fwp%2Fv2%2Ftags&post=9400"}],"curies":[{"name":"wp","href":"https:\/\/api.w.org\/{rel}","templated":true}]}}