{"id":9434,"date":"2012-09-01T18:26:00","date_gmt":"2012-09-01T18:26:00","guid":{"rendered":"http:\/\/localhost\/thomasvino\/?p=9434"},"modified":"2012-09-01T18:26:00","modified_gmt":"2012-09-01T18:26:00","slug":"vinea-et-volent-les-notes","status":"publish","type":"post","link":"https:\/\/thomasvino.ch\/?p=9434","title":{"rendered":"VINEA, et volent les notes!"},"content":{"rendered":"<h1>Et volent les notes \u00e0 VINEA<\/h1>\n<div style=\"text-align: justify;\"><b>Entre un d\u00e9bat sur la vitiviniculture suisse (lire <a href=\"articles.php?lng=fr&amp;pg=1846\">l&rsquo;article paru la veille dans <i>L&rsquo;Hebdo<\/i><\/a>), une d\u00e9gustation dans le prolongement du palmar\u00e8s du Mondial des Pinots (un <a href=\"articles.php?lng=fr&amp;pg=1847\">concours toujours plus difficile \u00e0 cerner<\/a> dans ses intentions), et une pr\u00e9sentation de L&rsquo;<a href=\"articles.php?lng=fr&amp;pg=1817\">Esprit de Gen\u00e8ve<\/a> (sur laquelle nous reviendrons), quelques pas dans la rue, \u00e0 Sierre, \u00e0 l&rsquo;occasion de VINEA 2012, vendredi 31.08.<\/b> <b>A la vol\u00e9e, entre mains serr\u00e9es, et mains tr\u00e8s fra\u00eeches, quelques commentaires sur les meilleurs vins d\u00e9gust\u00e9s.<\/b><br \/>\nChez le Sierrois <b>Nicolas Zufferey<\/b>, on a bien aim\u00e9 la <i><b>Petite Arvine 2011 (92\/100)<\/b><\/i>, s\u00e8che, au contraire de la plupart des petites arvines de ce mill\u00e9sime une fois de plus difficile pour le plus embl\u00e9matique des c\u00e9pages valaisans, un vin de grande expression, marqu\u00e9e par les fruits exotiques et une acidit\u00e9 d\u00e9capante, avec un bel \u00e9quilibre et une min\u00e9ralit\u00e9 finale remarquable. Autre exercice p\u00e9rilleux avec son assemblage <i><b>Le Blanc 2009 (90)<\/b><\/i>, riesling, pa\u00efen et sylvaner, au nez encore barriqu\u00e9, avec des notes de pamplemousse \u2014 un peu plus, et on croirait avoir affaire \u00e0 une petite arvine \u00abf\u00fbt\u00e9e\u00bb! \u2014 puis, en bouche, d&rsquo;abricot, avec une stup\u00e9fiante fra\u00eecheur pour cette ann\u00e9e chaude, d\u00e9licate dans les blancs valaisans (2010 avait r\u00e9serv\u00e9 des vins plus vifs). Sur le fruit et la tension, avec des notes typiques \u00abviand\u00e9es\u00bb, propres au terroir valaisan, le <i><b>Gamay 2011 est frais (89)<\/b><\/i>. Dans les rouges, on a bien aim\u00e9 la <i><b>Syrah barrique 2010 (88)<\/b><\/i>, au nez de tabac, de cuir, d&rsquo;\u00e9pices, assez souple en bouche, sur une jolie texture, et plus encore le <i><b>Pinot noir Clos des Bernunes 2010 (92)<\/b><\/i>, au nez caract\u00e9ristique de pinot (finalement plus rare qu&rsquo;on ne le pense, \u00e0 go\u00fbter les m\u00e9dailles d&rsquo;or du Mondial!), ouvert, agr\u00e9able \u00e0 l&rsquo;attaque, puissant et gras, avec une finale un peu astringente, mais tout cela devrait se fondre dans les mois \u00e0 venir: longue mac\u00e9ration \u00e0 froid et \u00e9levage en barrique ont bien convenu \u00e0 ce pinot de clones bourguignons et qui ne renie pas ses origines!<br \/>\nBelles confirmations chez un autre Sierrois, mais de Grange cette fois, <b>Robert Taramarcaz<\/b>. La <i><b>Petite Arvine Tradition 2011 (90)<\/b><\/i> explose au nez de fruits exotiques, de citron vert, de beaux ar\u00f4mes qu&rsquo;on retrouve en bouche, avec le soutien acide qui rappelle le pamplemousse et m\u00eame la rhubarbe, et le tout demeure d&rsquo;une rare \u00e9l\u00e9gance. <b>Le tryptique humagne rouge &#8211; cornalin &#8211; syrah frise les 92 points!<\/b> Peut-\u00eatre, s&rsquo;il fallait chipoter, le <i><b>Cornalin Tradition 2011<\/b><\/i><i><b> (90)<\/b><\/i>, \u00e0 cause d&rsquo;un nez discret, reste-t-il un peu en retrait, mais sur la cerise noire croquante, avec cette finesse des tanins et cette \u00e9l\u00e9gance qui caract\u00e9risent tous les vins rouges du Domaine des Muses. L&rsquo;<i><b>Humagne Tradition (92-94)<\/b><\/i> est, \u00e0 cet \u00e9gard, un arch\u00e9type: nez magnifique, typ\u00e9 du c\u00e9page bien m\u00fbr, puissance aromatique \u00e0 l&rsquo;attaque, texture d&rsquo;une rare finesse pour un vin r\u00e9put\u00e9 rustique, du tout grand art! La <i><b>Syrah R\u00e9serve 2010<\/b><\/i><i><b> (92)<\/b><\/i>, une des six finalistes du <a href=\"articles.php?lng=fr&amp;pg=1841\"><b>Grand Prix du Vin Suisse<\/b><\/a>, est du m\u00eame tonneau, avec son nez exub\u00e9rant et poivr\u00e9, son bois\u00e9 subtil mais perceptible; l&rsquo;ann\u00e9e de plus lui conf\u00e8re une certaine tendret\u00e9; l&rsquo;ensemble est joliment complexe, long et harmonieux. Podium garanti? On ne peut jamais jurer de rien avec un jury&#8230;<br \/>\nLa <b>Cave La Romaine<\/b> est en plein remue-m\u00e9nage: <b>Jo\u00ebl Briguet<\/b>, avec des associ\u00e9s, dont son \u0153nologue et <b>Emmanuel Charpin<\/b>, le secr\u00e9taire-pr\u00e9sident de la <a href=\"articles.php?lng=fr&amp;pg=1840\"><b>Charte Grain Noble ConfidenCiel<\/b><\/a>, peaufine son projet <b>Tsampihro<\/b>, sur un peu moins de 3 hectares, \u00e0 Lens, rachet\u00e9s patiemment \u00e0 30 propri\u00e9taires, avec l&rsquo;aide d&rsquo;un financier genevois. Un mousseux \u00e0 base de chardonnay (\u00e9tonnement garanti!) et deux assemblages, blanc et rouge, devraient na\u00eetre de ce projet haut de gamme. Pour l&rsquo;instant, les vins sont log\u00e9s dans 9 barriques, qui devraient passer progressivement \u00e0 70: la cave est en pleine transformation pour les accueillir&#8230; On a bien aim\u00e9, dans la gamme Castel d&rsquo;Uvrier, la <i><b>Petite Arvine 2011 (89)<\/b><\/i>, aux ar\u00f4mes de pamplemousse, bien tenu par l&rsquo;acidit\u00e9, un vin tr\u00e8s agr\u00e9able, un brin lin\u00e9aire. Pour les amateurs de bois\u00e9 vanill\u00e9 sur les vins blancs \u2014 \u00e0 voir l&rsquo;offre, il doit y en avoir de plus en plus! \u2014, l&rsquo;<i><b>Heida 2010 (88)<\/b><\/i>, encore marqu\u00e9 par l&rsquo;\u00e9levage, mais d&rsquo;une belle puissance, comme la <i><b>Marsanne 2011 (86)<\/b><\/i>, elle aussi puissante, avec du gras, et un peu trop de sucrosit\u00e9 \u00e0 notre go\u00fbt (malgr\u00e9 les 14,5% d&rsquo;alcool)&#8230; mais c&rsquo;est un support pour une r\u00e9tro bien marqu\u00e9e par les fruits blancs. <br \/>\nDans un style plus sage, chez <b>Francis Salamin<\/b>, de la <b>Cave de la Danse<\/b> (1,2 ha mais 16 vins, mazette!), on a bien aim\u00e9 une Marsanne, appell\u00e9e <i><b>Ermitage 2011 (89)<\/b><\/i>, puissant, grasse et longue, sans \u00eatre huileuse. Joli <i><b>Johannisberg (de Sierre!) 2011 (88)<\/b><\/i>, bien typ\u00e9 amande et fruits \u00e0 noyaux (mirabelle). Et un<i><b> Cornalin 2011 (86)<\/b><\/i> tout en dentelle: les ar\u00f4mes y sont, certes, avec un nez sur le fruit, la cerise noire, mais sur un corps moyen et une finale sur une note d&rsquo;amande am\u00e8re. Un vin digeste et sans complication \u2014 la version pass\u00e9e en f\u00fbts de ch\u00eane est un peu plus volumineuse, assure le vigneron&#8230; qui ne la faisait pas d\u00e9guster.<br \/>\nOn est revenu, enfin, sur des vins de grande densit\u00e9, chez les fr\u00e8res <b>Antoine et Christophe B\u00e9trisey<\/b>, de Saint-L\u00e9onard. On a go\u00fbt\u00e9 un <i><b>PInot noir 2010 (90)<\/b><\/i>, m\u00e9daill\u00e9 d&rsquo;or au Concours Mondial de Bruxelles (alors que le 2011 s&rsquo;est par\u00e9 d&rsquo;or au Mondial des PInots), \u00e0 la robe dense, au fruit \u00e9panoui, mais sans mollesse, qui se livre progressivement en bouche, d&rsquo;une belle tenue et d&rsquo;une grande fra\u00eecheur, un bien joli exemple de pinot, ma foi. Sur le mill\u00e9sime 2010 aussi, le <i><b>Cornalin Ph\u00e9nom\u00e9nal (92\/94)<\/b><\/i> s&rsquo;av\u00e8re d&rsquo;une somptueuse densit\u00e9, avec un fruit un rien brid\u00e9, qui s&rsquo;ouvre, et une texture impressionnante, bien soutenue par de l&rsquo;acidit\u00e9, qui lui assure de la fra\u00eecheur; l&rsquo;\u00e9levage en bois para\u00eet, avec un an de recul, bien ma\u00eetris\u00e9 et le tout livre un jus concentr\u00e9, alliant puissance et \u00e9l\u00e9gance. Un vin que l&rsquo;on appr\u00e9cie lentement \u00e0 la mesure de sa remarquable tenue en bouche \u2014 l&rsquo;\u00e9toffe se livre, \u00e9paisse, savoureuse, complexe.<br \/>\n<i>\u00a9thomasvino.ch<\/i><\/div>\n","protected":false},"excerpt":{"rendered":"<p>Et volent les notes \u00e0 VINEA Entre un d\u00e9bat sur la vitiviniculture suisse (lire l&rsquo;article paru la veille dans L&rsquo;Hebdo), une d\u00e9gustation dans le prolongement du palmar\u00e8s du Mondial des Pinots (un concours toujours plus difficile \u00e0 cerner dans ses intentions), et une pr\u00e9sentation de L&rsquo;Esprit de Gen\u00e8ve (sur laquelle nous reviendrons), quelques pas dans [&hellip;]<\/p>\n","protected":false},"author":3,"featured_media":0,"comment_status":"closed","ping_status":"open","sticky":false,"template":"","format":"standard","meta":{"_monsterinsights_skip_tracking":false,"_monsterinsights_sitenote_active":false,"_monsterinsights_sitenote_note":"","_monsterinsights_sitenote_category":0,"jetpack_post_was_ever_published":false,"jetpack_publicize_message":"","jetpack_is_tweetstorm":false,"jetpack_publicize_feature_enabled":true,"jetpack_social_post_already_shared":false,"jetpack_social_options":{"image_generator_settings":{"template":"highway","enabled":false}}},"categories":[23],"tags":[],"jetpack_publicize_connections":[],"yoast_head":"<!-- This site is optimized with the Yoast SEO plugin v20.6 - https:\/\/yoast.com\/wordpress\/plugins\/seo\/ -->\n<title>VINEA, et volent les notes! - thomasvino<\/title>\n<meta name=\"robots\" content=\"index, follow, max-snippet:-1, max-image-preview:large, max-video-preview:-1\" \/>\n<link rel=\"canonical\" href=\"https:\/\/thomasvino.ch\/?p=9434\" \/>\n<meta property=\"og:locale\" content=\"fr_FR\" \/>\n<meta property=\"og:type\" content=\"article\" \/>\n<meta property=\"og:title\" content=\"VINEA, et volent les notes! - thomasvino\" \/>\n<meta property=\"og:description\" content=\"Et volent les notes \u00e0 VINEA Entre un d\u00e9bat sur la vitiviniculture suisse (lire l&rsquo;article paru la veille dans L&rsquo;Hebdo), une d\u00e9gustation dans le prolongement du palmar\u00e8s du Mondial des Pinots (un concours toujours plus difficile \u00e0 cerner dans ses intentions), et une pr\u00e9sentation de L&rsquo;Esprit de Gen\u00e8ve (sur laquelle nous reviendrons), quelques pas dans [&hellip;]\" \/>\n<meta property=\"og:url\" content=\"https:\/\/thomasvino.ch\/?p=9434\" \/>\n<meta property=\"og:site_name\" content=\"thomasvino\" \/>\n<meta property=\"article:published_time\" content=\"2012-09-01T18:26:00+00:00\" \/>\n<meta name=\"author\" content=\"Pierre Thomas\" \/>\n<meta name=\"twitter:label1\" content=\"\u00c9crit par\" \/>\n\t<meta name=\"twitter:data1\" content=\"Pierre Thomas\" \/>\n\t<meta name=\"twitter:label2\" content=\"Dur\u00e9e de lecture estim\u00e9e\" \/>\n\t<meta name=\"twitter:data2\" content=\"5 minutes\" \/>\n<script type=\"application\/ld+json\" class=\"yoast-schema-graph\">{\"@context\":\"https:\/\/schema.org\",\"@graph\":[{\"@type\":\"WebPage\",\"@id\":\"https:\/\/thomasvino.ch\/?p=9434\",\"url\":\"https:\/\/thomasvino.ch\/?p=9434\",\"name\":\"VINEA, et volent les notes! - thomasvino\",\"isPartOf\":{\"@id\":\"https:\/\/thomasvino.ch\/#website\"},\"datePublished\":\"2012-09-01T18:26:00+00:00\",\"dateModified\":\"2012-09-01T18:26:00+00:00\",\"author\":{\"@id\":\"https:\/\/thomasvino.ch\/#\/schema\/person\/670bf4486fe81152cf1d68bd585e062e\"},\"breadcrumb\":{\"@id\":\"https:\/\/thomasvino.ch\/?p=9434#breadcrumb\"},\"inLanguage\":\"fr-FR\",\"potentialAction\":[{\"@type\":\"ReadAction\",\"target\":[\"https:\/\/thomasvino.ch\/?p=9434\"]}]},{\"@type\":\"BreadcrumbList\",\"@id\":\"https:\/\/thomasvino.ch\/?p=9434#breadcrumb\",\"itemListElement\":[{\"@type\":\"ListItem\",\"position\":1,\"name\":\"Accueil\",\"item\":\"https:\/\/thomasvino.ch\/\"},{\"@type\":\"ListItem\",\"position\":2,\"name\":\"VINEA, et volent les notes!\"}]},{\"@type\":\"WebSite\",\"@id\":\"https:\/\/thomasvino.ch\/#website\",\"url\":\"https:\/\/thomasvino.ch\/\",\"name\":\"thomasvino\",\"description\":\"Vins &amp; Gastronomie\",\"potentialAction\":[{\"@type\":\"SearchAction\",\"target\":{\"@type\":\"EntryPoint\",\"urlTemplate\":\"https:\/\/thomasvino.ch\/?s={search_term_string}\"},\"query-input\":\"required name=search_term_string\"}],\"inLanguage\":\"fr-FR\"},{\"@type\":\"Person\",\"@id\":\"https:\/\/thomasvino.ch\/#\/schema\/person\/670bf4486fe81152cf1d68bd585e062e\",\"name\":\"Pierre Thomas\",\"image\":{\"@type\":\"ImageObject\",\"inLanguage\":\"fr-FR\",\"@id\":\"https:\/\/thomasvino.ch\/#\/schema\/person\/image\/\",\"url\":\"https:\/\/secure.gravatar.com\/avatar\/91fd5a76647f140e53db987a0dead4d7?s=96&d=mm&r=g\",\"contentUrl\":\"https:\/\/secure.gravatar.com\/avatar\/91fd5a76647f140e53db987a0dead4d7?s=96&d=mm&r=g\",\"caption\":\"Pierre Thomas\"},\"url\":\"https:\/\/thomasvino.ch\/?author=3\"}]}<\/script>\n<!-- \/ Yoast SEO plugin. -->","yoast_head_json":{"title":"VINEA, et volent les notes! - thomasvino","robots":{"index":"index","follow":"follow","max-snippet":"max-snippet:-1","max-image-preview":"max-image-preview:large","max-video-preview":"max-video-preview:-1"},"canonical":"https:\/\/thomasvino.ch\/?p=9434","og_locale":"fr_FR","og_type":"article","og_title":"VINEA, et volent les notes! - thomasvino","og_description":"Et volent les notes \u00e0 VINEA Entre un d\u00e9bat sur la vitiviniculture suisse (lire l&rsquo;article paru la veille dans L&rsquo;Hebdo), une d\u00e9gustation dans le prolongement du palmar\u00e8s du Mondial des Pinots (un concours toujours plus difficile \u00e0 cerner dans ses intentions), et une pr\u00e9sentation de L&rsquo;Esprit de Gen\u00e8ve (sur laquelle nous reviendrons), quelques pas dans [&hellip;]","og_url":"https:\/\/thomasvino.ch\/?p=9434","og_site_name":"thomasvino","article_published_time":"2012-09-01T18:26:00+00:00","author":"Pierre Thomas","twitter_misc":{"\u00c9crit par":"Pierre Thomas","Dur\u00e9e de lecture estim\u00e9e":"5 minutes"},"schema":{"@context":"https:\/\/schema.org","@graph":[{"@type":"WebPage","@id":"https:\/\/thomasvino.ch\/?p=9434","url":"https:\/\/thomasvino.ch\/?p=9434","name":"VINEA, et volent les notes! - thomasvino","isPartOf":{"@id":"https:\/\/thomasvino.ch\/#website"},"datePublished":"2012-09-01T18:26:00+00:00","dateModified":"2012-09-01T18:26:00+00:00","author":{"@id":"https:\/\/thomasvino.ch\/#\/schema\/person\/670bf4486fe81152cf1d68bd585e062e"},"breadcrumb":{"@id":"https:\/\/thomasvino.ch\/?p=9434#breadcrumb"},"inLanguage":"fr-FR","potentialAction":[{"@type":"ReadAction","target":["https:\/\/thomasvino.ch\/?p=9434"]}]},{"@type":"BreadcrumbList","@id":"https:\/\/thomasvino.ch\/?p=9434#breadcrumb","itemListElement":[{"@type":"ListItem","position":1,"name":"Accueil","item":"https:\/\/thomasvino.ch\/"},{"@type":"ListItem","position":2,"name":"VINEA, et volent les notes!"}]},{"@type":"WebSite","@id":"https:\/\/thomasvino.ch\/#website","url":"https:\/\/thomasvino.ch\/","name":"thomasvino","description":"Vins &amp; Gastronomie","potentialAction":[{"@type":"SearchAction","target":{"@type":"EntryPoint","urlTemplate":"https:\/\/thomasvino.ch\/?s={search_term_string}"},"query-input":"required name=search_term_string"}],"inLanguage":"fr-FR"},{"@type":"Person","@id":"https:\/\/thomasvino.ch\/#\/schema\/person\/670bf4486fe81152cf1d68bd585e062e","name":"Pierre Thomas","image":{"@type":"ImageObject","inLanguage":"fr-FR","@id":"https:\/\/thomasvino.ch\/#\/schema\/person\/image\/","url":"https:\/\/secure.gravatar.com\/avatar\/91fd5a76647f140e53db987a0dead4d7?s=96&d=mm&r=g","contentUrl":"https:\/\/secure.gravatar.com\/avatar\/91fd5a76647f140e53db987a0dead4d7?s=96&d=mm&r=g","caption":"Pierre Thomas"},"url":"https:\/\/thomasvino.ch\/?author=3"}]}},"jetpack_featured_media_url":"","jetpack_sharing_enabled":true,"jetpack_shortlink":"https:\/\/wp.me\/p3m4tZ-2sa","jetpack_likes_enabled":false,"jetpack-related-posts":[{"id":9440,"url":"https:\/\/thomasvino.ch\/?p=9440","url_meta":{"origin":9434,"position":0},"title":"VINEA: \u00e0 quoi ressemblera la 20\u00e8me \u00e9dition?","date":"9 septembre 2012","format":false,"excerpt":"VINEA 2012 Carton jaune ou carton rouge\u00a0? Que sera la vingti\u00e8me \u00e9dition de VINEA, la vitrine des vins du Valais, qui s\u2019est mu\u00e9e en salon autoproclam\u00e9 des vins suisses\u00a0? La 19\u00e8me \u00e9dition, le vendredi 31 ao\u00fbt et le samedi 1er septembre 2012, a \u00e9t\u00e9 accueillie s\u00e8chement par les producteurs. Au\u2026","rel":"","context":"Dans &quot;Tendance&quot;","img":{"alt_text":"","src":"","width":0,"height":0},"classes":[]},{"id":18097,"url":"https:\/\/thomasvino.ch\/?p=18097","url_meta":{"origin":9434,"position":1},"title":"Concours des vins suisses: Vinea et Vinum croisent le fer","date":"28 mars 2023","format":false,"excerpt":"Il faut toujours se m\u00e9fier des communiqu\u00e9s de presse balanc\u00e9s le vendredi soir sur le coup de 18 h., quand plus personne n\u2019est l\u00e0 pour r\u00e9pondre \u00e0 vos questions... C\u2019est ce qui m\u2019est arriv\u00e9, le 10 mars, le lendemain du salon \u00abVinea on tour\u00bb, \u00e0 Fribourg, o\u00f9 je m\u2019\u00e9tais rendu.\u2026","rel":"","context":"Dans &quot;Actus - News&quot;","img":{"alt_text":"","src":"","width":0,"height":0},"classes":[]},{"id":9476,"url":"https:\/\/thomasvino.ch\/?p=9476","url_meta":{"origin":9434,"position":2},"title":"Mythes et limites des concours","date":"6 janvier 2005","format":false,"excerpt":"En marge de Vinea et du Mondial du pinot noir Mythe et limites des concours Parmi les journalistes invit\u00e9s \u00e0 Vinea pour mieux faire connaissance avec les vins suisses, Bernard Burtschy. L\u2019avis de cet expert \u00e0 la fois sur le concours mondial du pinot noir et sur la d\u00e9licate question\u2026","rel":"","context":"Dans &quot;Tendance&quot;","img":{"alt_text":"","src":"","width":0,"height":0},"classes":[]},{"id":8975,"url":"https:\/\/thomasvino.ch\/?p=8975","url_meta":{"origin":9434,"position":3},"title":"Valais \u2014 Grain Noble ConfidenCiel 98 et 99","date":"11 janvier 2005","format":false,"excerpt":"Une charte qui vise la qualit\u00e9 absolue A VINEA, les vins liquoreux respectueux de la Charte Grain Noble Confidentiel ont fait un tabac. Par Pierre Thomas Avec ses d\u00e9gustations th\u00e9matiques, sa nouvelle ouverture au monde (qui commence aux portes du Vieux-Pays, puisque la Baronnie du D\u00e9zaley \u00e9tait le premier invit\u00e9\u2026","rel":"","context":"Dans &quot;Vins suisses&quot;","img":{"alt_text":"","src":"","width":0,"height":0},"classes":[]},{"id":16900,"url":"https:\/\/thomasvino.ch\/?p=16900","url_meta":{"origin":9434,"position":4},"title":"GPVS et Vinea: le virus a raison d&rsquo;eux!","date":"27 octobre 2020","format":false,"excerpt":"La 2\u00e8me vague du Covid a eu raison d'eux. Le gala du Grand Prix du Vin Suisse (GPVS), r\u00e9duit \u00e0 une c\u00e9r\u00e9monie \u00e0 midi ce jeudi 29 octobre \u00e0 Berne, et le \u00absalon du vin suisse\u00bb,\u00a0dans une formule redimensionn\u00e9e et s\u00e9duisante, \u00e0 Sierre,\u00a0agend\u00e9 aux 13 et 14 novembre, ont renonc\u00e9\u2026","rel":"","context":"Dans &quot;Actus - News&quot;","img":{"alt_text":"","src":"","width":0,"height":0},"classes":[]},{"id":9439,"url":"https:\/\/thomasvino.ch\/?p=9439","url_meta":{"origin":9434,"position":5},"title":"D\u00e9bat \u00e0 VINEA : comment relancer le vin suisse?","date":"6 septembre 2012","format":false,"excerpt":"D\u00e9bat sans r\u00e9ponse \u00e0 VINEA 2012 Comment relancer le vin suisse ? Le premier jour de VINEA\u00a0 2012 \u00e0 Sierre, vendredi 31 ao\u00fbt, des acteurs du monde vitivinicole helv\u00e9tique se sont demand\u00e9 comment mieux vendre les vins suisses. D\u00e8s 2013 devrait se tenir une \u00abSemaine du vin suisse\u00bb dans les\u2026","rel":"","context":"Dans &quot;Tendance&quot;","img":{"alt_text":"site_osonsvinsch.jpg","src":"img\/site_osonsvinsch.jpg","width":350,"height":200},"classes":[]}],"_links":{"self":[{"href":"https:\/\/thomasvino.ch\/index.php?rest_route=\/wp\/v2\/posts\/9434"}],"collection":[{"href":"https:\/\/thomasvino.ch\/index.php?rest_route=\/wp\/v2\/posts"}],"about":[{"href":"https:\/\/thomasvino.ch\/index.php?rest_route=\/wp\/v2\/types\/post"}],"author":[{"embeddable":true,"href":"https:\/\/thomasvino.ch\/index.php?rest_route=\/wp\/v2\/users\/3"}],"replies":[{"embeddable":true,"href":"https:\/\/thomasvino.ch\/index.php?rest_route=%2Fwp%2Fv2%2Fcomments&post=9434"}],"version-history":[{"count":0,"href":"https:\/\/thomasvino.ch\/index.php?rest_route=\/wp\/v2\/posts\/9434\/revisions"}],"wp:attachment":[{"href":"https:\/\/thomasvino.ch\/index.php?rest_route=%2Fwp%2Fv2%2Fmedia&parent=9434"}],"wp:term":[{"taxonomy":"category","embeddable":true,"href":"https:\/\/thomasvino.ch\/index.php?rest_route=%2Fwp%2Fv2%2Fcategories&post=9434"},{"taxonomy":"post_tag","embeddable":true,"href":"https:\/\/thomasvino.ch\/index.php?rest_route=%2Fwp%2Fv2%2Ftags&post=9434"}],"curies":[{"name":"wp","href":"https:\/\/api.w.org\/{rel}","templated":true}]}}