{"id":9453,"date":"2012-10-04T09:28:00","date_gmt":"2012-10-04T09:28:00","guid":{"rendered":"http:\/\/localhost\/thomasvino\/?p=9453"},"modified":"2012-10-04T09:28:00","modified_gmt":"2012-10-04T09:28:00","slug":"une-vendange-modeste-dans-un-marche-tendu","status":"publish","type":"post","link":"https:\/\/thomasvino.ch\/?p=9453","title":{"rendered":"Une vendange modeste dans un march\u00e9 tendu"},"content":{"rendered":"<h2 style=\"text-align: justify;\"><i>Vendanges 2012 <\/i><br \/>\nLa quantit\u00e9 en baisse en Valais<\/h2>\n<div style=\"text-align: justify;\"><b>Ca y est, les vendanges 2012 battent leur plein, entre deux averses\u2026 Les vignerons se f\u00e9licitent n\u00e9anmoins d\u2019une fin d\u2019\u00e9t\u00e9 et d\u2019un d\u00e9but d\u2019automne plut\u00f4t ensoleill\u00e9 et sec, o\u00f9 le diction <i>\u00abseptembre fait les vendanges\u00bb<\/i> pour en cueillir les fruits m\u00fbrs en octobre, comme il est de r\u00e8gle sous le climat l\u00e9manique et rhodanien.<\/b><br \/>\nEn Valais, indique <b>Madeleine Gay<\/b>, \u0153nologue vedette de Provins-Valais, les c\u00e9pages ont respect\u00e9 leur cycle naturel connu de longue date, le cornalin et l\u2019humagne arrivant en troisi\u00e8me p\u00e9riode apr\u00e8s le chasselas, qui sert d\u2019index, soit \u00e0 la mi-octobre. Pour <b>G\u00e9rald Carrupt<\/b>, directeur technique de Provins, la plus grande entreprise viticole valaisanne et suisse (avec le groupe Schenk, qui, lui, est \u00e9tabli sur trois cantons, Vaud, Valais et Gen\u00e8ve), et qui encave un quart de la vendange du plus grand canton viticole, le Valais donc, la qualit\u00e9 est bonne, avec un retour \u00e0 une ann\u00e9e au cycle v\u00e9g\u00e9tatif \u00abnormal\u00bb, avec des maturations pouss\u00e9es jusqu\u2019en automne. <br \/>\n<b>15 \u00e0 20% de r\u00e9colte en moins par rapport \u00e0 2011<\/b><br \/>\nLe volume de la vendange devrait \u00eatre proche de 2009, soit inf\u00e9rieur de 15 \u00e0 20% par rapport \u00e0 2011, relativement grosse ann\u00e9e de r\u00e9colte en Valais. La coop\u00e9rative a annonc\u00e9 qu\u2019elle avait pay\u00e9 95% de la r\u00e9colte 2011 de ses viticulteurs professionnels \u00e0 fin mars d\u00e9j\u00e0. Rappelons qu\u2019elle oblig\u00e9e par ses statuts d&rsquo;accepter l\u2019entier des raisins fournis par les coop\u00e9rateurs, dans les limites du plafonnement \u00e9tabli en fonction des quotas et de l\u2019\u00e9chelle de paiement du raisin. <br \/>\nProvins vient de rappeler que la situation \u00e9conomique suisse est tr\u00e8s tendue, avec une consommation de vin en recul, et des prix du vrac en chute libre. Dans ces conditions, une baisse notable du volume encav\u00e9 en 2012 all\u00e8gerait le march\u00e9, m\u00eame si ses effets ne se feraient pas ressentir dans l\u2019imm\u00e9diat, mais au mieux \u00e0 partir du printemps 2013, explique <b>G\u00e9rald Carrupt<\/b>. Qui rappelle que la situation de 2012 n&rsquo;a rien \u00e0 voir avec les crises pr\u00e9c\u00e9dentes, notamment des mill\u00e9simes 1982 et 1983, avec des stocks qui ont encombr\u00e9 le march\u00e9 pendant plusieurs ann\u00e9es.<br \/>\n<i>\u00a9thomasvino.ch<\/i><\/div>\n","protected":false},"excerpt":{"rendered":"<p>Vendanges 2012 La quantit\u00e9 en baisse en Valais Ca y est, les vendanges 2012 battent leur plein, entre deux averses\u2026 Les vignerons se f\u00e9licitent n\u00e9anmoins d\u2019une fin d\u2019\u00e9t\u00e9 et d\u2019un d\u00e9but d\u2019automne plut\u00f4t ensoleill\u00e9 et sec, o\u00f9 le diction \u00abseptembre fait les vendanges\u00bb pour en cueillir les fruits m\u00fbrs en octobre, comme il est de [&hellip;]<\/p>\n","protected":false},"author":3,"featured_media":0,"comment_status":"closed","ping_status":"open","sticky":false,"template":"","format":"standard","meta":{"_monsterinsights_skip_tracking":false,"_monsterinsights_sitenote_active":false,"_monsterinsights_sitenote_note":"","_monsterinsights_sitenote_category":0,"jetpack_post_was_ever_published":false,"jetpack_publicize_message":"","jetpack_is_tweetstorm":false,"jetpack_publicize_feature_enabled":true,"jetpack_social_post_already_shared":false,"jetpack_social_options":{"image_generator_settings":{"template":"highway","enabled":false}}},"categories":[15],"tags":[],"jetpack_publicize_connections":[],"yoast_head":"<!-- This site is optimized with the Yoast SEO plugin v20.6 - https:\/\/yoast.com\/wordpress\/plugins\/seo\/ -->\n<title>Une vendange modeste dans un march\u00e9 tendu - thomasvino<\/title>\n<meta name=\"robots\" content=\"index, follow, max-snippet:-1, max-image-preview:large, max-video-preview:-1\" \/>\n<link rel=\"canonical\" href=\"https:\/\/thomasvino.ch\/?p=9453\" \/>\n<meta property=\"og:locale\" content=\"fr_FR\" \/>\n<meta property=\"og:type\" content=\"article\" \/>\n<meta property=\"og:title\" content=\"Une vendange modeste dans un march\u00e9 tendu - thomasvino\" \/>\n<meta property=\"og:description\" content=\"Vendanges 2012 La quantit\u00e9 en baisse en Valais Ca y est, les vendanges 2012 battent leur plein, entre deux averses\u2026 Les vignerons se f\u00e9licitent n\u00e9anmoins d\u2019une fin d\u2019\u00e9t\u00e9 et d\u2019un d\u00e9but d\u2019automne plut\u00f4t ensoleill\u00e9 et sec, o\u00f9 le diction \u00abseptembre fait les vendanges\u00bb pour en cueillir les fruits m\u00fbrs en octobre, comme il est de [&hellip;]\" \/>\n<meta property=\"og:url\" content=\"https:\/\/thomasvino.ch\/?p=9453\" \/>\n<meta property=\"og:site_name\" content=\"thomasvino\" \/>\n<meta property=\"article:published_time\" content=\"2012-10-04T09:28:00+00:00\" \/>\n<meta name=\"author\" content=\"Pierre Thomas\" \/>\n<meta name=\"twitter:label1\" content=\"\u00c9crit par\" \/>\n\t<meta name=\"twitter:data1\" content=\"Pierre Thomas\" \/>\n\t<meta name=\"twitter:label2\" content=\"Dur\u00e9e de lecture estim\u00e9e\" \/>\n\t<meta name=\"twitter:data2\" content=\"2 minutes\" \/>\n<script type=\"application\/ld+json\" class=\"yoast-schema-graph\">{\"@context\":\"https:\/\/schema.org\",\"@graph\":[{\"@type\":\"WebPage\",\"@id\":\"https:\/\/thomasvino.ch\/?p=9453\",\"url\":\"https:\/\/thomasvino.ch\/?p=9453\",\"name\":\"Une vendange modeste dans un march\u00e9 tendu - thomasvino\",\"isPartOf\":{\"@id\":\"https:\/\/thomasvino.ch\/#website\"},\"datePublished\":\"2012-10-04T09:28:00+00:00\",\"dateModified\":\"2012-10-04T09:28:00+00:00\",\"author\":{\"@id\":\"https:\/\/thomasvino.ch\/#\/schema\/person\/670bf4486fe81152cf1d68bd585e062e\"},\"breadcrumb\":{\"@id\":\"https:\/\/thomasvino.ch\/?p=9453#breadcrumb\"},\"inLanguage\":\"fr-FR\",\"potentialAction\":[{\"@type\":\"ReadAction\",\"target\":[\"https:\/\/thomasvino.ch\/?p=9453\"]}]},{\"@type\":\"BreadcrumbList\",\"@id\":\"https:\/\/thomasvino.ch\/?p=9453#breadcrumb\",\"itemListElement\":[{\"@type\":\"ListItem\",\"position\":1,\"name\":\"Accueil\",\"item\":\"https:\/\/thomasvino.ch\/\"},{\"@type\":\"ListItem\",\"position\":2,\"name\":\"Une vendange modeste dans un march\u00e9 tendu\"}]},{\"@type\":\"WebSite\",\"@id\":\"https:\/\/thomasvino.ch\/#website\",\"url\":\"https:\/\/thomasvino.ch\/\",\"name\":\"thomasvino\",\"description\":\"Vins &amp; Gastronomie\",\"potentialAction\":[{\"@type\":\"SearchAction\",\"target\":{\"@type\":\"EntryPoint\",\"urlTemplate\":\"https:\/\/thomasvino.ch\/?s={search_term_string}\"},\"query-input\":\"required name=search_term_string\"}],\"inLanguage\":\"fr-FR\"},{\"@type\":\"Person\",\"@id\":\"https:\/\/thomasvino.ch\/#\/schema\/person\/670bf4486fe81152cf1d68bd585e062e\",\"name\":\"Pierre Thomas\",\"image\":{\"@type\":\"ImageObject\",\"inLanguage\":\"fr-FR\",\"@id\":\"https:\/\/thomasvino.ch\/#\/schema\/person\/image\/\",\"url\":\"https:\/\/secure.gravatar.com\/avatar\/91fd5a76647f140e53db987a0dead4d7?s=96&d=mm&r=g\",\"contentUrl\":\"https:\/\/secure.gravatar.com\/avatar\/91fd5a76647f140e53db987a0dead4d7?s=96&d=mm&r=g\",\"caption\":\"Pierre Thomas\"},\"url\":\"https:\/\/thomasvino.ch\/?author=3\"}]}<\/script>\n<!-- \/ Yoast SEO plugin. -->","yoast_head_json":{"title":"Une vendange modeste dans un march\u00e9 tendu - thomasvino","robots":{"index":"index","follow":"follow","max-snippet":"max-snippet:-1","max-image-preview":"max-image-preview:large","max-video-preview":"max-video-preview:-1"},"canonical":"https:\/\/thomasvino.ch\/?p=9453","og_locale":"fr_FR","og_type":"article","og_title":"Une vendange modeste dans un march\u00e9 tendu - thomasvino","og_description":"Vendanges 2012 La quantit\u00e9 en baisse en Valais Ca y est, les vendanges 2012 battent leur plein, entre deux averses\u2026 Les vignerons se f\u00e9licitent n\u00e9anmoins d\u2019une fin d\u2019\u00e9t\u00e9 et d\u2019un d\u00e9but d\u2019automne plut\u00f4t ensoleill\u00e9 et sec, o\u00f9 le diction \u00abseptembre fait les vendanges\u00bb pour en cueillir les fruits m\u00fbrs en octobre, comme il est de [&hellip;]","og_url":"https:\/\/thomasvino.ch\/?p=9453","og_site_name":"thomasvino","article_published_time":"2012-10-04T09:28:00+00:00","author":"Pierre Thomas","twitter_misc":{"\u00c9crit par":"Pierre Thomas","Dur\u00e9e de lecture estim\u00e9e":"2 minutes"},"schema":{"@context":"https:\/\/schema.org","@graph":[{"@type":"WebPage","@id":"https:\/\/thomasvino.ch\/?p=9453","url":"https:\/\/thomasvino.ch\/?p=9453","name":"Une vendange modeste dans un march\u00e9 tendu - thomasvino","isPartOf":{"@id":"https:\/\/thomasvino.ch\/#website"},"datePublished":"2012-10-04T09:28:00+00:00","dateModified":"2012-10-04T09:28:00+00:00","author":{"@id":"https:\/\/thomasvino.ch\/#\/schema\/person\/670bf4486fe81152cf1d68bd585e062e"},"breadcrumb":{"@id":"https:\/\/thomasvino.ch\/?p=9453#breadcrumb"},"inLanguage":"fr-FR","potentialAction":[{"@type":"ReadAction","target":["https:\/\/thomasvino.ch\/?p=9453"]}]},{"@type":"BreadcrumbList","@id":"https:\/\/thomasvino.ch\/?p=9453#breadcrumb","itemListElement":[{"@type":"ListItem","position":1,"name":"Accueil","item":"https:\/\/thomasvino.ch\/"},{"@type":"ListItem","position":2,"name":"Une vendange modeste dans un march\u00e9 tendu"}]},{"@type":"WebSite","@id":"https:\/\/thomasvino.ch\/#website","url":"https:\/\/thomasvino.ch\/","name":"thomasvino","description":"Vins &amp; Gastronomie","potentialAction":[{"@type":"SearchAction","target":{"@type":"EntryPoint","urlTemplate":"https:\/\/thomasvino.ch\/?s={search_term_string}"},"query-input":"required name=search_term_string"}],"inLanguage":"fr-FR"},{"@type":"Person","@id":"https:\/\/thomasvino.ch\/#\/schema\/person\/670bf4486fe81152cf1d68bd585e062e","name":"Pierre Thomas","image":{"@type":"ImageObject","inLanguage":"fr-FR","@id":"https:\/\/thomasvino.ch\/#\/schema\/person\/image\/","url":"https:\/\/secure.gravatar.com\/avatar\/91fd5a76647f140e53db987a0dead4d7?s=96&d=mm&r=g","contentUrl":"https:\/\/secure.gravatar.com\/avatar\/91fd5a76647f140e53db987a0dead4d7?s=96&d=mm&r=g","caption":"Pierre Thomas"},"url":"https:\/\/thomasvino.ch\/?author=3"}]}},"jetpack_featured_media_url":"","jetpack_sharing_enabled":true,"jetpack_shortlink":"https:\/\/wp.me\/p3m4tZ-2st","jetpack_likes_enabled":false,"jetpack-related-posts":[{"id":9703,"url":"https:\/\/thomasvino.ch\/?p=9703","url_meta":{"origin":9453,"position":0},"title":"Valais \u2014 2005, un tr\u00e8s bon mill\u00e9sime en Valais","date":"20 d\u00e9cembre 2005","format":false,"excerpt":"Vendange valaisanne 2005 Excellent mill\u00e9sime en vue Moins de raisin qu\u2019en 2004 et autant de richesse en sucre qu\u2019en 2003, l\u2019ann\u00e9e caniculaire : les Valaisans ont attendu d\u00e9cembre pour afficher la bonne mine de leurs vendanges 2005. Et m\u00eame si le vin blanc reprend deux points, le rouge domine toujours\u2026","rel":"","context":"Dans &quot;Vins suisses&quot;","img":{"alt_text":"","src":"","width":0,"height":0},"classes":[]},{"id":8829,"url":"https:\/\/thomasvino.ch\/?p=8829","url_meta":{"origin":9453,"position":1},"title":"Vendanges 2008: Vaud-Valais pour 70 millions de litres","date":"10 d\u00e9cembre 2008","format":false,"excerpt":"Vendanges 2008 en Valais et VaudLa Suisse en manque de chasselas?Chose inimaginable depuis la surproduction d\u2019il y a vingt-cinq ans, le chasselas va-t-il manquer \u00e0 la Suisse? Sachant que le fendant (du Valais) se rar\u00e9fie, les Vaudois le laissent entendre: avec 20,7 millions de litres de \u00abvin clair\u00bb en blanc,\u2026","rel":"","context":"Dans &quot;Vins suisses&quot;","img":{"alt_text":"","src":"","width":0,"height":0},"classes":[]},{"id":9361,"url":"https:\/\/thomasvino.ch\/?p=9361","url_meta":{"origin":9453,"position":2},"title":"Vaud et Valais: quotas \u00e0 la baisse en 2012","date":"26 avril 2012","format":false,"excerpt":"L'ann\u00e9e 2011 p\u00e8se lourd sur 2012 Les vignerons devraient vendanger l\u00e9ger cet automne Consommation de vin, et surtout de vins indig\u00e8nes, en baisse en 2011, et vendanges g\u00e9n\u00e9reuses font que les caves suisses sont pleines. Surtout dans les deux cantons gros producteurs, le Valais, avec 39% de parts de march\u00e9,\u2026","rel":"","context":"Dans &quot;Tendance&quot;","img":{"alt_text":"","src":"","width":0,"height":0},"classes":[]},{"id":9475,"url":"https:\/\/thomasvino.ch\/?p=9475","url_meta":{"origin":9453,"position":3},"title":"Coup de sonde apr\u00e8s-vendanges: 2012, p\u00e9rilleux mill\u00e9sime!","date":"21 octobre 2012","format":false,"excerpt":"Attaqu\u00e9 par le mildiou et l\u2019o\u00efdium au printemps, le vignoble romand a d\u00fb faire face \u00e0 des pluies intermittentes au moment des vendanges. En vue, un mill\u00e9sime moyen, rappelant le 2007, agit\u00e9 durant l'ann\u00e9e et sauv\u00e9 (relativement) par un bel automne. En Europe et en Suisse. Coup de sonde. Pierre\u2026","rel":"","context":"Dans &quot;Tendance&quot;","img":{"alt_text":"vend12cavegex.jpg","src":"img\/vend12cavegex.jpg","width":350,"height":200},"classes":[]},{"id":9159,"url":"https:\/\/thomasvino.ch\/?p=9159","url_meta":{"origin":9453,"position":4},"title":"A chacun son flacon!","date":"31 mars 2011","format":false,"excerpt":"Vaud et Valais, multiplication des contenants A chaque (grand) cru sa bouteille\u00a0! En attendant Provins-Valais la semaine prochaine, c\u2019est Clos, Domaines & Ch\u00e2teaux qui lance sa bouteille. R\u00e9serv\u00e9e \u00e0 des chasselas vaudois. Pierre Thomas Propri\u00e9taire du Ch\u00e2teau de Mont (sur Rolle), la famille Naef, a fait b\u00e9n\u00e9ficier l\u2019ensemble des 21\u2026","rel":"","context":"Dans &quot;Tendance&quot;","img":{"alt_text":"bout_cdc.jpg","src":"img\/bout_cdc.jpg","width":350,"height":200},"classes":[]},{"id":9296,"url":"https:\/\/thomasvino.ch\/?p=9296","url_meta":{"origin":9453,"position":5},"title":"Les enjeux \u00e9conomiques du vin suisse en 2011","date":"15 d\u00e9cembre 2011","format":false,"excerpt":"Prix du raisin r\u00e9ellement pay\u00e9 Provins-Valais calme le jeu En Valais, le prix de base du solde de la vendange 2010 a fait des vagues, apr\u00e8s les vendanges 2011, puisque le cycle de paiement par acomptes court sur une ann\u00e9e. Provins-Valais, qui repr\u00e9sente un quart de la vendange valaisanne, calme\u2026","rel":"","context":"Dans &quot;Tendance&quot;","img":{"alt_text":"","src":"","width":0,"height":0},"classes":[]}],"_links":{"self":[{"href":"https:\/\/thomasvino.ch\/index.php?rest_route=\/wp\/v2\/posts\/9453"}],"collection":[{"href":"https:\/\/thomasvino.ch\/index.php?rest_route=\/wp\/v2\/posts"}],"about":[{"href":"https:\/\/thomasvino.ch\/index.php?rest_route=\/wp\/v2\/types\/post"}],"author":[{"embeddable":true,"href":"https:\/\/thomasvino.ch\/index.php?rest_route=\/wp\/v2\/users\/3"}],"replies":[{"embeddable":true,"href":"https:\/\/thomasvino.ch\/index.php?rest_route=%2Fwp%2Fv2%2Fcomments&post=9453"}],"version-history":[{"count":0,"href":"https:\/\/thomasvino.ch\/index.php?rest_route=\/wp\/v2\/posts\/9453\/revisions"}],"wp:attachment":[{"href":"https:\/\/thomasvino.ch\/index.php?rest_route=%2Fwp%2Fv2%2Fmedia&parent=9453"}],"wp:term":[{"taxonomy":"category","embeddable":true,"href":"https:\/\/thomasvino.ch\/index.php?rest_route=%2Fwp%2Fv2%2Fcategories&post=9453"},{"taxonomy":"post_tag","embeddable":true,"href":"https:\/\/thomasvino.ch\/index.php?rest_route=%2Fwp%2Fv2%2Ftags&post=9453"}],"curies":[{"name":"wp","href":"https:\/\/api.w.org\/{rel}","templated":true}]}}