{"id":9477,"date":"2005-01-14T21:56:00","date_gmt":"2005-01-14T21:56:00","guid":{"rendered":"http:\/\/localhost\/thomasvino\/?p=9477"},"modified":"2013-04-02T13:34:08","modified_gmt":"2013-04-02T12:34:08","slug":"lausanne-vd-le-jasmin","status":"publish","type":"post","link":"https:\/\/thomasvino.ch\/?p=9477","title":{"rendered":"Lausanne (VD) \u2014 Le Jasmin"},"content":{"rendered":"<div style=\"text-align: justify;\"><font style=\"font-weight: bold;\" size=\"5\"><font size=\"3\">Le Jasmin, Lausanne-Bl\u00e9cherette (VD)<\/font><\/font><br \/> <font style=\"font-weight: bold;\" size=\"5\">Tourner son b\u0153uf sept fois<\/font><br \/> L&#39;endroit ne paie pas de mine. Au niveau terrasse d&#39;un immeuble au diable vauvert des Plaines-du-Loup, non loin du stade de la Pontaise, \u00e0 Lausanne, une jeune Vietnamienne, Dung Nguyen, a ouvert il y a quelques mois \u00abson\u00bb restaurant. Vieux r\u00eave, si l&#39;on en croit son parcours, o\u00f9 ne manque ni le souvenir des bombes marquant la prise \u2014 ou la lib\u00e9ration \u2014 de Sa\u00efgon, devenue H\u00f4 Chi Minh-ville, le 1er avril 1975, ni celui des \u00abboat people\u00bb qui ont fui le pays dans les ans qui suivirent: avec sa famille, Dung est arriv\u00e9e en Suisse \u00e0 12 ans, en 1979. <br \/> La cuisine vietnamienne est r\u00e9put\u00e9e \u00abmoins \u00e9labor\u00e9e et plus l\u00e9g\u00e8re que la chinoise\u00bb, selon le critique gastronomique fran\u00e7ais Robet J. Courtine. Apr\u00e8s les poissons, les crustac\u00e9s, le poulet et le porc, le boeuf n&#39;y joue qu&#39;un r\u00f4le marginal. Pourtant, au Jasmin, il constitue le solide plat de r\u00e9sistance, en menu d\u00e9clin\u00e9 en sept plats (\u00abbo 7 mon\u00bb), pour la somme modique de 48 francs par personne. Il faut avoir l&#39;estomac solide pour attaquer cette suite, qu&#39;on imaginerait, en Asie, pos\u00e9e sur la table, ce qui permettrait de picorer dans les plats&#8230; On a m\u00eame l&#39;impression d&#39;avoir mang\u00e9 autant qu&#39;un Vietnamien en sept&#8230; jours. <br \/> Tout commence par une ravigotante salade de boeuf au citron vert, cacahu\u00e8te et coriandre fra\u00eeche (\u00abbo&#39; tai chanh\u00bb). Suit un \u00e9minc\u00e9 saut\u00e9, l&#39;exacte signification de \u00abbo l\u00f9c lac\u00bb. Puis un p\u00e2t\u00e9 de boeuf (\u00abcha dum\u00bb), sorte de \u00abhamburger\u00bb aux oignons frits et au go\u00fbt ent\u00eatant de \u00abcinq-\u00e9pices\u00bb, o\u00f9 badiane, girofle, fenouil, cannelle et poivre se m\u00e9langent dans un condiment \u00e0 la fois doux et fort. Deux plats \u2014 \u00e0 ce stade, et la patronne, hilare, admet ne pas aller au-del\u00e0 de trois&#8230; \u2014 paraissent un rien redondants, le boeuf enrob\u00e9 aux feuilles \u00abla lot\u00bb et des brochettes (\u00abbo lui\u00bb) plats. C&#39;est aussi que le client et appel\u00e9 \u00e0 travailler lui-m\u00eame: dans une galette de riz pr\u00e9alablement tremp\u00e9e dans de l&#39;eau ti\u00e8de, il disposera de feuille de salade et d&#39;herbes, d&#39;\u00e9chalotes au vinaigre, puis roulera le tout, genre rouleau de printemps, qu&#39;il trempera dans le fameux \u00abnuoc-m\u00e2m\u00bb, \u00abl&#39;eau de poisson\u00bb, caract\u00e9ristique de la cuisine indochinoise. Suit encore la fondue au vinaigre, largement assaisonn\u00e9e de gingembre, et le bouillon au boeuf hach\u00e9, un plat en soi, o\u00f9 toutes les saveurs s&#39;agglutinent au riz, support gustatif. Il faut bien trois heures pour faire le tour de ce menu, appr\u00eat\u00e9 par un cuisinier vietnamien qui a d\u00e9j\u00e0 \u0153uvr\u00e9 \u00e0 Nyon. Les desserts, en fin de semaine, sont faits, eux, par une cuisini\u00e8re venue de Berne&#8230; <br \/> La jeune patronne, charmante, entend bien d\u00e9velopper sa carte, d\u00e9j\u00e0 bien garnie de saveurs in\u00e9dites. Couronn\u00e9es, pour terminer, par un th\u00e9 de fleurs de lotus, plus subtile que ce jasmin dont se pare pourtant l&#39;enseigne. Le d\u00e9cor, plafond bois\u00e9, parois oranges, lumi\u00e8re indirectes et amusant rideau de bambou, d\u00e9payse juste ce qu&#39;il faut pour ne pas d\u00e9tourner l&#39;int\u00e9r\u00eat de l&#39;assiette.<\/p>\n<p> <span style=\"font-weight: bold;\">La bonne adresse<\/span><br \/> Caf\u00e9-restaurant Le Jasmin<br \/> rte des Plaines-du-Loup 10<br \/> 1018 Lausanne<br \/> t\u00e9l. 021 646 32 75<br \/> Ferm\u00e9 samedi midi et dimanche<\/p>\n<p> <font style=\"font-weight: bold;\" size=\"4\"><span style=\"font-style: italic;\">Le vin qui va avec&#8230;<\/span><br \/> Un invit\u00e9 vaudois<\/font><br \/> Que boire avec des mets \u00e9pic\u00e9s? Casse-t\u00eate chinois!Jacques-Louis Delpal, dans un \u00e9patant petit livre (\u00abComment marier les mets et les vins\u00bb, \u00e9ditions Proxima, 1999), quoique par trop franco-fran\u00e7ais, conseille, avec la cuisine vietnamienne, les blancs d&#39;acidit\u00e9 mod\u00e9r\u00e9e, avec du sucre r\u00e9siduel (essayez la petite arvine!), les ros\u00e9s qui \u00abfacilitent aimablement les choses\u00bb. Ou les rouges, qui \u00absont pr\u00e9f\u00e9rables souples, plut\u00f4t jeunes\u00bb. Un vaudois peut donc s&#39;inviter \u00e0 la table indochinoise sans complexe. Tel est le cas du tr\u00e8s classique Ch\u00e2teau d&#39;Allaman rouge. Ce beau domaine de La C\u00f4te, d&#39;une douzaine d&#39;hectares, a \u00e9t\u00e9 confi\u00e9 \u00e0 un vigneron-r\u00e9gisseur, et la vinification est r\u00e9alis\u00e9e chez Schenk, \u00e0 Rolle. Prototype des rouges vaudois il y a trente ans (un m\u00e9morable 1971 jug\u00e9 20 sur 20 par des d\u00e9gustateurs du cru), ce \u00abCh\u00e2teau\u00bb tient toujours son rang: au fil des ans, au pinot noir et au gamay se sont adjout\u00e9s le gamaret et le garanoir pour l&#39;\u00e9toffer. Les ar\u00f4mes, de fruits rouges termin\u00e9s sur une l\u00e9g\u00e8re amertume, sont frais et fruit\u00e9s, les tanins souples: pas besoin d&#39;aller chercher plus loin! <\/p>\n<p> <span style=\"font-style: italic;\">Chronique de Pierre Thomas, dans Le Matin-Dimanche, f\u00e9vrier 2004<\/span> <\/div>\n","protected":false},"excerpt":{"rendered":"<p>Le Jasmin, Lausanne-Bl\u00e9cherette (VD) Tourner son b\u0153uf sept fois L&#39;endroit ne paie pas de mine. Au niveau terrasse d&#39;un immeuble au diable vauvert des Plaines-du-Loup, non loin du stade de la Pontaise, \u00e0 Lausanne, une jeune Vietnamienne, Dung Nguyen, a ouvert il y a quelques mois \u00abson\u00bb restaurant. Vieux r\u00eave, si l&#39;on en croit son [&hellip;]<\/p>\n","protected":false},"author":3,"featured_media":0,"comment_status":"closed","ping_status":"open","sticky":false,"template":"","format":"standard","meta":{"_monsterinsights_skip_tracking":false,"_monsterinsights_sitenote_active":false,"_monsterinsights_sitenote_note":"","_monsterinsights_sitenote_category":0,"jetpack_post_was_ever_published":false,"jetpack_publicize_message":"","jetpack_is_tweetstorm":false,"jetpack_publicize_feature_enabled":true,"jetpack_social_post_already_shared":false,"jetpack_social_options":{"image_generator_settings":{"template":"highway","enabled":false}}},"categories":[19,20],"tags":[],"jetpack_publicize_connections":[],"yoast_head":"<!-- This site is optimized with the Yoast SEO plugin v20.6 - https:\/\/yoast.com\/wordpress\/plugins\/seo\/ -->\n<title>Lausanne (VD) \u2014 Le Jasmin - thomasvino<\/title>\n<meta name=\"robots\" content=\"index, follow, max-snippet:-1, max-image-preview:large, max-video-preview:-1\" \/>\n<link rel=\"canonical\" href=\"https:\/\/thomasvino.ch\/?p=9477\" \/>\n<meta property=\"og:locale\" content=\"fr_FR\" \/>\n<meta property=\"og:type\" content=\"article\" \/>\n<meta property=\"og:title\" content=\"Lausanne (VD) \u2014 Le Jasmin - thomasvino\" \/>\n<meta property=\"og:description\" content=\"Le Jasmin, Lausanne-Bl\u00e9cherette (VD) Tourner son b\u0153uf sept fois L&#039;endroit ne paie pas de mine. Au niveau terrasse d&#039;un immeuble au diable vauvert des Plaines-du-Loup, non loin du stade de la Pontaise, \u00e0 Lausanne, une jeune Vietnamienne, Dung Nguyen, a ouvert il y a quelques mois \u00abson\u00bb restaurant. Vieux r\u00eave, si l&#039;on en croit son [&hellip;]\" \/>\n<meta property=\"og:url\" content=\"https:\/\/thomasvino.ch\/?p=9477\" \/>\n<meta property=\"og:site_name\" content=\"thomasvino\" \/>\n<meta property=\"article:published_time\" content=\"2005-01-14T21:56:00+00:00\" \/>\n<meta property=\"article:modified_time\" content=\"2013-04-02T12:34:08+00:00\" \/>\n<meta name=\"author\" content=\"Pierre Thomas\" \/>\n<meta name=\"twitter:label1\" content=\"\u00c9crit par\" \/>\n\t<meta name=\"twitter:data1\" content=\"Pierre Thomas\" \/>\n\t<meta name=\"twitter:label2\" content=\"Dur\u00e9e de lecture estim\u00e9e\" \/>\n\t<meta name=\"twitter:data2\" content=\"4 minutes\" \/>\n<script type=\"application\/ld+json\" class=\"yoast-schema-graph\">{\"@context\":\"https:\/\/schema.org\",\"@graph\":[{\"@type\":\"WebPage\",\"@id\":\"https:\/\/thomasvino.ch\/?p=9477\",\"url\":\"https:\/\/thomasvino.ch\/?p=9477\",\"name\":\"Lausanne (VD) \u2014 Le Jasmin - thomasvino\",\"isPartOf\":{\"@id\":\"https:\/\/thomasvino.ch\/#website\"},\"datePublished\":\"2005-01-14T21:56:00+00:00\",\"dateModified\":\"2013-04-02T12:34:08+00:00\",\"author\":{\"@id\":\"https:\/\/thomasvino.ch\/#\/schema\/person\/670bf4486fe81152cf1d68bd585e062e\"},\"breadcrumb\":{\"@id\":\"https:\/\/thomasvino.ch\/?p=9477#breadcrumb\"},\"inLanguage\":\"fr-FR\",\"potentialAction\":[{\"@type\":\"ReadAction\",\"target\":[\"https:\/\/thomasvino.ch\/?p=9477\"]}]},{\"@type\":\"BreadcrumbList\",\"@id\":\"https:\/\/thomasvino.ch\/?p=9477#breadcrumb\",\"itemListElement\":[{\"@type\":\"ListItem\",\"position\":1,\"name\":\"Accueil\",\"item\":\"https:\/\/thomasvino.ch\/\"},{\"@type\":\"ListItem\",\"position\":2,\"name\":\"Lausanne (VD) \u2014 Le Jasmin\"}]},{\"@type\":\"WebSite\",\"@id\":\"https:\/\/thomasvino.ch\/#website\",\"url\":\"https:\/\/thomasvino.ch\/\",\"name\":\"thomasvino\",\"description\":\"Vins &amp; Gastronomie\",\"potentialAction\":[{\"@type\":\"SearchAction\",\"target\":{\"@type\":\"EntryPoint\",\"urlTemplate\":\"https:\/\/thomasvino.ch\/?s={search_term_string}\"},\"query-input\":\"required name=search_term_string\"}],\"inLanguage\":\"fr-FR\"},{\"@type\":\"Person\",\"@id\":\"https:\/\/thomasvino.ch\/#\/schema\/person\/670bf4486fe81152cf1d68bd585e062e\",\"name\":\"Pierre Thomas\",\"image\":{\"@type\":\"ImageObject\",\"inLanguage\":\"fr-FR\",\"@id\":\"https:\/\/thomasvino.ch\/#\/schema\/person\/image\/\",\"url\":\"https:\/\/secure.gravatar.com\/avatar\/91fd5a76647f140e53db987a0dead4d7?s=96&d=mm&r=g\",\"contentUrl\":\"https:\/\/secure.gravatar.com\/avatar\/91fd5a76647f140e53db987a0dead4d7?s=96&d=mm&r=g\",\"caption\":\"Pierre Thomas\"},\"url\":\"https:\/\/thomasvino.ch\/?author=3\"}]}<\/script>\n<!-- \/ Yoast SEO plugin. -->","yoast_head_json":{"title":"Lausanne (VD) \u2014 Le Jasmin - thomasvino","robots":{"index":"index","follow":"follow","max-snippet":"max-snippet:-1","max-image-preview":"max-image-preview:large","max-video-preview":"max-video-preview:-1"},"canonical":"https:\/\/thomasvino.ch\/?p=9477","og_locale":"fr_FR","og_type":"article","og_title":"Lausanne (VD) \u2014 Le Jasmin - thomasvino","og_description":"Le Jasmin, Lausanne-Bl\u00e9cherette (VD) Tourner son b\u0153uf sept fois L&#39;endroit ne paie pas de mine. Au niveau terrasse d&#39;un immeuble au diable vauvert des Plaines-du-Loup, non loin du stade de la Pontaise, \u00e0 Lausanne, une jeune Vietnamienne, Dung Nguyen, a ouvert il y a quelques mois \u00abson\u00bb restaurant. Vieux r\u00eave, si l&#39;on en croit son [&hellip;]","og_url":"https:\/\/thomasvino.ch\/?p=9477","og_site_name":"thomasvino","article_published_time":"2005-01-14T21:56:00+00:00","article_modified_time":"2013-04-02T12:34:08+00:00","author":"Pierre Thomas","twitter_misc":{"\u00c9crit par":"Pierre Thomas","Dur\u00e9e de lecture estim\u00e9e":"4 minutes"},"schema":{"@context":"https:\/\/schema.org","@graph":[{"@type":"WebPage","@id":"https:\/\/thomasvino.ch\/?p=9477","url":"https:\/\/thomasvino.ch\/?p=9477","name":"Lausanne (VD) \u2014 Le Jasmin - thomasvino","isPartOf":{"@id":"https:\/\/thomasvino.ch\/#website"},"datePublished":"2005-01-14T21:56:00+00:00","dateModified":"2013-04-02T12:34:08+00:00","author":{"@id":"https:\/\/thomasvino.ch\/#\/schema\/person\/670bf4486fe81152cf1d68bd585e062e"},"breadcrumb":{"@id":"https:\/\/thomasvino.ch\/?p=9477#breadcrumb"},"inLanguage":"fr-FR","potentialAction":[{"@type":"ReadAction","target":["https:\/\/thomasvino.ch\/?p=9477"]}]},{"@type":"BreadcrumbList","@id":"https:\/\/thomasvino.ch\/?p=9477#breadcrumb","itemListElement":[{"@type":"ListItem","position":1,"name":"Accueil","item":"https:\/\/thomasvino.ch\/"},{"@type":"ListItem","position":2,"name":"Lausanne (VD) \u2014 Le Jasmin"}]},{"@type":"WebSite","@id":"https:\/\/thomasvino.ch\/#website","url":"https:\/\/thomasvino.ch\/","name":"thomasvino","description":"Vins &amp; Gastronomie","potentialAction":[{"@type":"SearchAction","target":{"@type":"EntryPoint","urlTemplate":"https:\/\/thomasvino.ch\/?s={search_term_string}"},"query-input":"required name=search_term_string"}],"inLanguage":"fr-FR"},{"@type":"Person","@id":"https:\/\/thomasvino.ch\/#\/schema\/person\/670bf4486fe81152cf1d68bd585e062e","name":"Pierre Thomas","image":{"@type":"ImageObject","inLanguage":"fr-FR","@id":"https:\/\/thomasvino.ch\/#\/schema\/person\/image\/","url":"https:\/\/secure.gravatar.com\/avatar\/91fd5a76647f140e53db987a0dead4d7?s=96&d=mm&r=g","contentUrl":"https:\/\/secure.gravatar.com\/avatar\/91fd5a76647f140e53db987a0dead4d7?s=96&d=mm&r=g","caption":"Pierre Thomas"},"url":"https:\/\/thomasvino.ch\/?author=3"}]}},"jetpack_featured_media_url":"","jetpack_sharing_enabled":true,"jetpack_shortlink":"https:\/\/wp.me\/p3m4tZ-2sR","jetpack_likes_enabled":false,"jetpack-related-posts":[{"id":9032,"url":"https:\/\/thomasvino.ch\/?p=9032","url_meta":{"origin":9477,"position":0},"title":"Auberge d&rsquo;Aclens: un duo prometteur","date":"23 juin 2010","format":false,"excerpt":"Auberge Communale d\u2019Aclens (VD) Du bon b\u0153uf \u00e0 la Charrue A Aclens, depuis trois ans, le chef Luc Parmentier et sa compagne Nathalie Borne, meilleur sommelier romand 2003, font la paire. Entre ville et campagne. Texte et photos\u00a0: Pierre Thomas Pas \u00e9vident de d\u00e9barquer dans la campagne vaudoise, apr\u00e8s avoir\u2026","rel":"","context":"Dans &quot;Gastro&quot;","img":{"alt_text":"site_aclens.jpg","src":"img\/site_aclens.jpg","width":350,"height":200},"classes":[]},{"id":9932,"url":"https:\/\/thomasvino.ch\/?p=9932","url_meta":{"origin":9477,"position":1},"title":"Lausanne-Dorigny (VD) \u2014 Festival de cuisine ou\u00efgour","date":"11 f\u00e9vrier 2007","format":false,"excerpt":"Restaurant de Dorigny-Lausanne (jusqu'au 23.02.07)Sur les traces de Marco Polo et d'Ella MaillartS\u2019il est une tradition ancr\u00e9e dans les m\u0153urs vaudoises, c\u2019est bien le festival de gastronomie chinoise du restaurant de l\u2019Universit\u00e9 de Lausanne, \u00e0 Dorigny. Il en est \u00e0 sa dix-neuvi\u00e8me \u00e9dition et tombe sur le Nouvel-An chinois, \u00e0\u2026","rel":"","context":"Dans &quot;Adresses&quot;","img":{"alt_text":"","src":"","width":0,"height":0},"classes":[]},{"id":9878,"url":"https:\/\/thomasvino.ch\/?p=9878","url_meta":{"origin":9477,"position":2},"title":"Le Jura sur un plateau","date":"21 septembre 2006","format":false,"excerpt":"Paru dans Tout Compte Fait, septembre 2006 Les cr\u00eates du Jura sur un plateau Il n\u2019y a pas que les Pr\u00e9alpes ou les Alpes! Si vous leur tournez le dos, vous irez parcourir les p\u00e2turages du Jura. Pour les paresseux des piques-niques et autres \u00abtorr\u00e9es\u00bb neuch\u00e2teloises (saucisson cuit sous la\u2026","rel":"","context":"Dans &quot;Adresses&quot;","img":{"alt_text":"","src":"","width":0,"height":0},"classes":[]},{"id":9664,"url":"https:\/\/thomasvino.ch\/?p=9664","url_meta":{"origin":9477,"position":3},"title":"Lausanne (VD) \u2014 La Table d&rsquo;Edgard, Lausanne Palace","date":"12 septembre 2005","format":false,"excerpt":"La Table d\u2019Edgard, Lausanne L\u2019air vif de Nice-sur-L\u00e9man M\u00e9diterran\u00e9e ou L\u00e9man? Cap de la C\u00f4te ou rive fran\u00e7aise? Le nez dans l\u2019assiette, o\u00f9 se pr\u00e9lassent une d\u00e9licieuse fleur de courgette emplie d\u2019un d\u00e9licat m\u00e9lange de ricotta et de ch\u00e8vre, une tomate, une courgette et un artichaut, \u00e0 chaque fois farcis\u2026","rel":"","context":"Dans &quot;Adresses&quot;","img":{"alt_text":"","src":"","width":0,"height":0},"classes":[]},{"id":9717,"url":"https:\/\/thomasvino.ch\/?p=9717","url_meta":{"origin":9477,"position":4},"title":"Lausanne (VD) \u2014 Arirang","date":"29 janvier 2006","format":false,"excerpt":"Restaurant Arirang \u00e0 Lausanne Kimchi sans chichi Des restaurants chinois, japonais, tha\u00efs, vietnamiens\u2026 N\u2019en jetez plus\u00a0! Mais cor\u00e9ens\u00a0? A part \u00e0 Gen\u00e8ve, o\u00f9 ils sont quatre, il n\u2019y en avait pas en Suisse romande. Jusqu\u2019\u00e0 ce que Nami Meyer Lee ouvre le sien, du nom d\u2019un fameux chant populaire, au\u2026","rel":"","context":"Dans &quot;Adresses&quot;","img":{"alt_text":"","src":"","width":0,"height":0},"classes":[]},{"id":9923,"url":"https:\/\/thomasvino.ch\/?p=9923","url_meta":{"origin":9477,"position":5},"title":"Villars (VD) \u2014 Golf Club de Villars-Bretaye","date":"8 janvier 2007","format":false,"excerpt":"Restaurant du Club House, Villars (VD)De l\u2019Alentejo aux joies des Alpes\u00abOn est les Portugais les plus hauts plac\u00e9s\u2026 en altitude\u00bb, rigole Joaquim Gordo. Il a repris \u00e0 mi-d\u00e9cembre le Club-House de Villars, \u00e0 1640 m. au-dessus du niveau de l\u2019Atlantique. Un golf en hiver? Le restaurant se retrouve au milieu\u2026","rel":"","context":"Dans &quot;Adresses&quot;","img":{"alt_text":"","src":"","width":0,"height":0},"classes":[]}],"_links":{"self":[{"href":"https:\/\/thomasvino.ch\/index.php?rest_route=\/wp\/v2\/posts\/9477"}],"collection":[{"href":"https:\/\/thomasvino.ch\/index.php?rest_route=\/wp\/v2\/posts"}],"about":[{"href":"https:\/\/thomasvino.ch\/index.php?rest_route=\/wp\/v2\/types\/post"}],"author":[{"embeddable":true,"href":"https:\/\/thomasvino.ch\/index.php?rest_route=\/wp\/v2\/users\/3"}],"replies":[{"embeddable":true,"href":"https:\/\/thomasvino.ch\/index.php?rest_route=%2Fwp%2Fv2%2Fcomments&post=9477"}],"version-history":[{"count":0,"href":"https:\/\/thomasvino.ch\/index.php?rest_route=\/wp\/v2\/posts\/9477\/revisions"}],"wp:attachment":[{"href":"https:\/\/thomasvino.ch\/index.php?rest_route=%2Fwp%2Fv2%2Fmedia&parent=9477"}],"wp:term":[{"taxonomy":"category","embeddable":true,"href":"https:\/\/thomasvino.ch\/index.php?rest_route=%2Fwp%2Fv2%2Fcategories&post=9477"},{"taxonomy":"post_tag","embeddable":true,"href":"https:\/\/thomasvino.ch\/index.php?rest_route=%2Fwp%2Fv2%2Ftags&post=9477"}],"curies":[{"name":"wp","href":"https:\/\/api.w.org\/{rel}","templated":true}]}}