{"id":9492,"date":"2012-11-16T10:26:00","date_gmt":"2012-11-16T10:26:00","guid":{"rendered":"http:\/\/localhost\/thomasvino\/?p=9492"},"modified":"2013-10-12T11:02:49","modified_gmt":"2013-10-12T10:02:49","slug":"les-suisses-voyagent-plus-chez-leurs-voisins-viticoles","status":"publish","type":"post","link":"https:\/\/thomasvino.ch\/?p=9492","title":{"rendered":"Les Suisses voyagent plus chez leurs voisins viticoles"},"content":{"rendered":"<h2><i>Avec des bouteilles dans leurs valises&#160;?<\/i><\/h2>\n<h1>Les Suisses voyagent toujours plus<\/h1>\n<div style=\"text-align: justify;\"><b>Le franc fort a des r\u00e9percussions sur les voyages des Suisses. En 2011, par rapport \u00e0 2010, le volume de voyage a augment\u00e9 de 8%, soit pr\u00e8s d\u2019un million de mouvements nets, pour un pays de 8 millions d\u2019habitants. Le 8.11.12, le magazine <i>Travel Inside<\/i> a fait para\u00eetre sont enqu\u00eate sur les voyages 2011. <\/b><br \/>\nLa France a enregistr\u00e9 5,7 millions (+ 4%) d\u2019arriv\u00e9es de Suisses, devant l\u2019Allemagne, 2,3 mios (+ 13,2%), l\u2019Italie, 1,9 mios (+ 4%), l\u2019Espagne, 1,4 mios (+ 18,6%), l\u2019Autriche, 1,2 mios (+13,8%), <b>soit primo, des pays voisins et facilement accessibles en voiture, secundo tous producteurs de vins!<\/b> Si les quelques 13 millions de mouvements g\u00e9n\u00e8rent ne serait-ce qu\u2019une fois sur deux l\u2019importation des 2 litres de vin r\u00e8glementaires et sans droits de douane en trafic international, cela fait donc 13 millions de litres de vins import\u00e9s \u00aben douce\u00bb. <b>Soit un bon 10% de la consommation de vins suisses\u2026 \u00e0 supposer que ces vins se substituent non pas \u00e0 des vins \u00e9trangers qui auraient \u00e9t\u00e9 achet\u00e9s en Suisse, mais \u00e0 des vins (potentiellement) suisses. Le pr\u00e9sident de l\u2019Interprofession de la vigne et des vins suisses, et de la F\u00e9d\u00e9ration suisse des vignerons, le conseiller national neuch\u00e2telois Laurent Favre est un partisan de cette th\u00e8se<\/b>, qui expliquerait la baisse de la consommation des vins en Suisse, r\u00e9sultant d\u2019une soustraction des stocks.<br \/>\n<b>Le hit-parade touristique: les \u00eeles ont la cote<\/b><br \/>\nTous les autres pays se situent sous le million d\u2019entr\u00e9es. La Gr\u00e8ce (+ 31,7%), la Hongrie (+ 23%), les Etats-Unis (+ 22%), le Portugal (+ 15,5%), la Hollande (+ 11%), la Croatie (+ 9,8%) et la Tha\u00eflande (+ 9,1%) figurent parmi les grands b\u00e9n\u00e9ficiaires du 20 des destinations favorites des Suisses, tandis que les pays du Maghreb ont beaucoup perdu de touristes, en raison des \u00e9v\u00e9nements politiques&#160;: Egypte (- 28%) et Maroc (- 5,6%) et Tunisie (- 56%&#160;!), et le Japon (- 37%), en raison du tremblement de terre. Parmi les b\u00e9n\u00e9ficiaires plus modestes en nombre d\u2019entr\u00e9es, mais \u00e0 forte progression, l\u2019\u00eele Maurice (+ 31%), Abu Dhabi (+ 28%), Isra\u00ebl (+ 19%), les Maldives (+ 17%), les Seychelles (+ 17%) et Cuba (+ 12,7%).<br \/>\n<i>\u00a9thomasvino.ch<\/i><\/div>\n","protected":false},"excerpt":{"rendered":"<p>Avec des bouteilles dans leurs valises&#160;? Les Suisses voyagent toujours plus Le franc fort a des r\u00e9percussions sur les voyages des Suisses. En 2011, par rapport \u00e0 2010, le volume de voyage a augment\u00e9 de 8%, soit pr\u00e8s d\u2019un million de mouvements nets, pour un pays de 8 millions d\u2019habitants. Le 8.11.12, le magazine Travel [&hellip;]<\/p>\n","protected":false},"author":3,"featured_media":0,"comment_status":"closed","ping_status":"open","sticky":false,"template":"","format":"standard","meta":{"_monsterinsights_skip_tracking":false,"_monsterinsights_sitenote_active":false,"_monsterinsights_sitenote_note":"","_monsterinsights_sitenote_category":0,"jetpack_post_was_ever_published":false,"jetpack_publicize_message":"","jetpack_is_tweetstorm":false,"jetpack_publicize_feature_enabled":true,"jetpack_social_post_already_shared":false,"jetpack_social_options":{"image_generator_settings":{"template":"highway","enabled":false}}},"categories":[15],"tags":[],"jetpack_publicize_connections":[],"yoast_head":"<!-- This site is optimized with the Yoast SEO plugin v20.6 - https:\/\/yoast.com\/wordpress\/plugins\/seo\/ -->\n<title>Les Suisses voyagent plus chez leurs voisins viticoles - thomasvino<\/title>\n<meta name=\"robots\" content=\"index, follow, max-snippet:-1, max-image-preview:large, max-video-preview:-1\" \/>\n<link rel=\"canonical\" href=\"https:\/\/thomasvino.ch\/?p=9492\" \/>\n<meta property=\"og:locale\" content=\"fr_FR\" \/>\n<meta property=\"og:type\" content=\"article\" \/>\n<meta property=\"og:title\" content=\"Les Suisses voyagent plus chez leurs voisins viticoles - thomasvino\" \/>\n<meta property=\"og:description\" content=\"Avec des bouteilles dans leurs valises&#160;? Les Suisses voyagent toujours plus Le franc fort a des r\u00e9percussions sur les voyages des Suisses. En 2011, par rapport \u00e0 2010, le volume de voyage a augment\u00e9 de 8%, soit pr\u00e8s d\u2019un million de mouvements nets, pour un pays de 8 millions d\u2019habitants. Le 8.11.12, le magazine Travel [&hellip;]\" \/>\n<meta property=\"og:url\" content=\"https:\/\/thomasvino.ch\/?p=9492\" \/>\n<meta property=\"og:site_name\" content=\"thomasvino\" \/>\n<meta property=\"article:published_time\" content=\"2012-11-16T10:26:00+00:00\" \/>\n<meta property=\"article:modified_time\" content=\"2013-10-12T10:02:49+00:00\" \/>\n<meta name=\"author\" content=\"Pierre Thomas\" \/>\n<meta name=\"twitter:label1\" content=\"\u00c9crit par\" \/>\n\t<meta name=\"twitter:data1\" content=\"Pierre Thomas\" \/>\n\t<meta name=\"twitter:label2\" content=\"Dur\u00e9e de lecture estim\u00e9e\" \/>\n\t<meta name=\"twitter:data2\" content=\"2 minutes\" \/>\n<script type=\"application\/ld+json\" class=\"yoast-schema-graph\">{\"@context\":\"https:\/\/schema.org\",\"@graph\":[{\"@type\":\"WebPage\",\"@id\":\"https:\/\/thomasvino.ch\/?p=9492\",\"url\":\"https:\/\/thomasvino.ch\/?p=9492\",\"name\":\"Les Suisses voyagent plus chez leurs voisins viticoles - thomasvino\",\"isPartOf\":{\"@id\":\"https:\/\/thomasvino.ch\/#website\"},\"datePublished\":\"2012-11-16T10:26:00+00:00\",\"dateModified\":\"2013-10-12T10:02:49+00:00\",\"author\":{\"@id\":\"https:\/\/thomasvino.ch\/#\/schema\/person\/670bf4486fe81152cf1d68bd585e062e\"},\"breadcrumb\":{\"@id\":\"https:\/\/thomasvino.ch\/?p=9492#breadcrumb\"},\"inLanguage\":\"fr-FR\",\"potentialAction\":[{\"@type\":\"ReadAction\",\"target\":[\"https:\/\/thomasvino.ch\/?p=9492\"]}]},{\"@type\":\"BreadcrumbList\",\"@id\":\"https:\/\/thomasvino.ch\/?p=9492#breadcrumb\",\"itemListElement\":[{\"@type\":\"ListItem\",\"position\":1,\"name\":\"Accueil\",\"item\":\"https:\/\/thomasvino.ch\/\"},{\"@type\":\"ListItem\",\"position\":2,\"name\":\"Les Suisses voyagent plus chez leurs voisins viticoles\"}]},{\"@type\":\"WebSite\",\"@id\":\"https:\/\/thomasvino.ch\/#website\",\"url\":\"https:\/\/thomasvino.ch\/\",\"name\":\"thomasvino\",\"description\":\"Vins &amp; Gastronomie\",\"potentialAction\":[{\"@type\":\"SearchAction\",\"target\":{\"@type\":\"EntryPoint\",\"urlTemplate\":\"https:\/\/thomasvino.ch\/?s={search_term_string}\"},\"query-input\":\"required name=search_term_string\"}],\"inLanguage\":\"fr-FR\"},{\"@type\":\"Person\",\"@id\":\"https:\/\/thomasvino.ch\/#\/schema\/person\/670bf4486fe81152cf1d68bd585e062e\",\"name\":\"Pierre Thomas\",\"image\":{\"@type\":\"ImageObject\",\"inLanguage\":\"fr-FR\",\"@id\":\"https:\/\/thomasvino.ch\/#\/schema\/person\/image\/\",\"url\":\"https:\/\/secure.gravatar.com\/avatar\/91fd5a76647f140e53db987a0dead4d7?s=96&d=mm&r=g\",\"contentUrl\":\"https:\/\/secure.gravatar.com\/avatar\/91fd5a76647f140e53db987a0dead4d7?s=96&d=mm&r=g\",\"caption\":\"Pierre Thomas\"},\"url\":\"https:\/\/thomasvino.ch\/?author=3\"}]}<\/script>\n<!-- \/ Yoast SEO plugin. -->","yoast_head_json":{"title":"Les Suisses voyagent plus chez leurs voisins viticoles - thomasvino","robots":{"index":"index","follow":"follow","max-snippet":"max-snippet:-1","max-image-preview":"max-image-preview:large","max-video-preview":"max-video-preview:-1"},"canonical":"https:\/\/thomasvino.ch\/?p=9492","og_locale":"fr_FR","og_type":"article","og_title":"Les Suisses voyagent plus chez leurs voisins viticoles - thomasvino","og_description":"Avec des bouteilles dans leurs valises&#160;? Les Suisses voyagent toujours plus Le franc fort a des r\u00e9percussions sur les voyages des Suisses. En 2011, par rapport \u00e0 2010, le volume de voyage a augment\u00e9 de 8%, soit pr\u00e8s d\u2019un million de mouvements nets, pour un pays de 8 millions d\u2019habitants. Le 8.11.12, le magazine Travel [&hellip;]","og_url":"https:\/\/thomasvino.ch\/?p=9492","og_site_name":"thomasvino","article_published_time":"2012-11-16T10:26:00+00:00","article_modified_time":"2013-10-12T10:02:49+00:00","author":"Pierre Thomas","twitter_misc":{"\u00c9crit par":"Pierre Thomas","Dur\u00e9e de lecture estim\u00e9e":"2 minutes"},"schema":{"@context":"https:\/\/schema.org","@graph":[{"@type":"WebPage","@id":"https:\/\/thomasvino.ch\/?p=9492","url":"https:\/\/thomasvino.ch\/?p=9492","name":"Les Suisses voyagent plus chez leurs voisins viticoles - thomasvino","isPartOf":{"@id":"https:\/\/thomasvino.ch\/#website"},"datePublished":"2012-11-16T10:26:00+00:00","dateModified":"2013-10-12T10:02:49+00:00","author":{"@id":"https:\/\/thomasvino.ch\/#\/schema\/person\/670bf4486fe81152cf1d68bd585e062e"},"breadcrumb":{"@id":"https:\/\/thomasvino.ch\/?p=9492#breadcrumb"},"inLanguage":"fr-FR","potentialAction":[{"@type":"ReadAction","target":["https:\/\/thomasvino.ch\/?p=9492"]}]},{"@type":"BreadcrumbList","@id":"https:\/\/thomasvino.ch\/?p=9492#breadcrumb","itemListElement":[{"@type":"ListItem","position":1,"name":"Accueil","item":"https:\/\/thomasvino.ch\/"},{"@type":"ListItem","position":2,"name":"Les Suisses voyagent plus chez leurs voisins viticoles"}]},{"@type":"WebSite","@id":"https:\/\/thomasvino.ch\/#website","url":"https:\/\/thomasvino.ch\/","name":"thomasvino","description":"Vins &amp; Gastronomie","potentialAction":[{"@type":"SearchAction","target":{"@type":"EntryPoint","urlTemplate":"https:\/\/thomasvino.ch\/?s={search_term_string}"},"query-input":"required name=search_term_string"}],"inLanguage":"fr-FR"},{"@type":"Person","@id":"https:\/\/thomasvino.ch\/#\/schema\/person\/670bf4486fe81152cf1d68bd585e062e","name":"Pierre Thomas","image":{"@type":"ImageObject","inLanguage":"fr-FR","@id":"https:\/\/thomasvino.ch\/#\/schema\/person\/image\/","url":"https:\/\/secure.gravatar.com\/avatar\/91fd5a76647f140e53db987a0dead4d7?s=96&d=mm&r=g","contentUrl":"https:\/\/secure.gravatar.com\/avatar\/91fd5a76647f140e53db987a0dead4d7?s=96&d=mm&r=g","caption":"Pierre Thomas"},"url":"https:\/\/thomasvino.ch\/?author=3"}]}},"jetpack_featured_media_url":"","jetpack_sharing_enabled":true,"jetpack_shortlink":"https:\/\/wp.me\/p3m4tZ-2t6","jetpack_likes_enabled":false,"jetpack-related-posts":[{"id":17248,"url":"https:\/\/thomasvino.ch\/?p=17248","url_meta":{"origin":9492,"position":0},"title":"Consommation en baisse, mais les vins suisses r\u00e9sistent!","date":"29 avril 2021","format":false,"excerpt":"On n\u2019a jamais aussi peu bu de vin en Suisse qu\u2019en 2020. Tel est le verdict des chiffres publi\u00e9s par l\u2019Office f\u00e9d\u00e9ral de l\u2019agriculture (OFAG) \u00e0 fin avril 2021. La consommation des vins, blancs et rouges, s\u2019est contract\u00e9e de 6% par rapport \u00e0 2019, qui avait marqu\u00e9 une embellie. Mais\u2026","rel":"","context":"Dans &quot;Actus - News&quot;","img":{"alt_text":"","src":"","width":0,"height":0},"classes":[]},{"id":8856,"url":"https:\/\/thomasvino.ch\/?p=8856","url_meta":{"origin":9492,"position":1},"title":"Import et export suisses reculent en 2008","date":"13 mars 2009","format":false,"excerpt":"Import & exportLa Suisse importe un peu moins de vinEn 2008, l\u2019importation des vins en Suisse a l\u00e9g\u00e8rement fl\u00e9chi, \u00e0 174,5 millions de litres. Rappel\u00a0: les importations repr\u00e9sentent pr\u00e8s de 60% de la consommation totale de vins en Suisse. Des chiffres tir\u00e9s de Wine & Spirits, le nouvel organe officiel\u2026","rel":"","context":"Dans &quot;Actus - News&quot;","img":{"alt_text":"","src":"","width":0,"height":0},"classes":[]},{"id":8706,"url":"https:\/\/thomasvino.ch\/?p=8706","url_meta":{"origin":9492,"position":2},"title":"Vins suisses \u2014 Les vendanges 2007","date":"20 janvier 2008","format":false,"excerpt":"Vendanges suisses en 2007Le carton plein des VaudoisDes trois principaux cantons viticoles romands, Valais, Vaud et Gen\u00e8ve, ce sont les Vaudois qui ont davantage encav\u00e9 de raisins en 2007. Le march\u00e9 va-t-il suivre\u00a0?Pierre ThomasCes trois principaux cantons romands produisent les trois quarts du vin suisse. Cumul\u00e9s, leurs r\u00e9sultats de vendange\u2026","rel":"","context":"Dans &quot;Vins suisses&quot;","img":{"alt_text":"","src":"","width":0,"height":0},"classes":[]},{"id":9950,"url":"https:\/\/thomasvino.ch\/?p=9950","url_meta":{"origin":9492,"position":3},"title":"Les Suisses boivent plus de rouge indig\u00e8ne que de blanc","date":"6 avril 2007","format":false,"excerpt":"Les chiffres du vin suisse 2006Les Helv\u00e8tes boivent plus de vin rouge indig\u00e8ne que de blancTournant historique: pour la premi\u00e8re fois, les Suisses ont consomm\u00e9 un peu plus de vin rouge du pays que de blanc. Dans la baisse de la consommation, qui se confirme, c\u2019est encore le blanc local\u2026","rel":"","context":"Dans &quot;Tendance&quot;","img":{"alt_text":"","src":"","width":0,"height":0},"classes":[]},{"id":15763,"url":"https:\/\/thomasvino.ch\/?p=15763","url_meta":{"origin":9492,"position":4},"title":"Consommation\u00a0: les vins suisses r\u00e9sistent","date":"30 avril 2019","format":false,"excerpt":"En 2018, la consommation des vins en Suisse a l\u00e9g\u00e8rement d\u00e9cru, de 550'000 litres. Mais les vins indig\u00e8nes ont l\u00e9g\u00e8rement progress\u00e9, permettant \u00e0 leur part du march\u00e9 de passer de 35% \u00e0 36,6%. La Suisse a produit en 2018 exactement une bouteille de vin de 75 cl par m\u00e8tre carr\u00e9\u2026","rel":"","context":"Dans &quot;Actus - News&quot;","img":{"alt_text":"","src":"","width":0,"height":0},"classes":[]},{"id":18700,"url":"https:\/\/thomasvino.ch\/?p=18700","url_meta":{"origin":9492,"position":5},"title":"Vins suisses\u00a0: \u00a0+ 2 points \u00e0 l\u2019arrache\u00a0!","date":"21 avril 2026","format":false,"excerpt":"Apr\u00e8s l\u2019alarmisme et le d\u00e9faitisme, la r\u00e9sistance ! Selon les chiffres de l\u2019Office f\u00e9d\u00e9ral de l\u2019agriculture (OFAG), la part des vins suisses dans la consommation totale de l\u2019ann\u00e9e 2025 est remont\u00e9e de 2 points, \u00e0 37,5%. Les vins import\u00e9s, eux, trinquent : \u2013 6,4%. Toutes provenances confondues, la consommation de\u2026","rel":"","context":"Dans &quot;Tendance&quot;","img":{"alt_text":"","src":"","width":0,"height":0},"classes":[]}],"_links":{"self":[{"href":"https:\/\/thomasvino.ch\/index.php?rest_route=\/wp\/v2\/posts\/9492"}],"collection":[{"href":"https:\/\/thomasvino.ch\/index.php?rest_route=\/wp\/v2\/posts"}],"about":[{"href":"https:\/\/thomasvino.ch\/index.php?rest_route=\/wp\/v2\/types\/post"}],"author":[{"embeddable":true,"href":"https:\/\/thomasvino.ch\/index.php?rest_route=\/wp\/v2\/users\/3"}],"replies":[{"embeddable":true,"href":"https:\/\/thomasvino.ch\/index.php?rest_route=%2Fwp%2Fv2%2Fcomments&post=9492"}],"version-history":[{"count":0,"href":"https:\/\/thomasvino.ch\/index.php?rest_route=\/wp\/v2\/posts\/9492\/revisions"}],"wp:attachment":[{"href":"https:\/\/thomasvino.ch\/index.php?rest_route=%2Fwp%2Fv2%2Fmedia&parent=9492"}],"wp:term":[{"taxonomy":"category","embeddable":true,"href":"https:\/\/thomasvino.ch\/index.php?rest_route=%2Fwp%2Fv2%2Fcategories&post=9492"},{"taxonomy":"post_tag","embeddable":true,"href":"https:\/\/thomasvino.ch\/index.php?rest_route=%2Fwp%2Fv2%2Ftags&post=9492"}],"curies":[{"name":"wp","href":"https:\/\/api.w.org\/{rel}","templated":true}]}}