{"id":9497,"date":"2005-01-14T22:11:00","date_gmt":"2005-01-14T22:11:00","guid":{"rendered":"http:\/\/localhost\/thomasvino\/?p=9497"},"modified":"2013-04-02T13:34:08","modified_gmt":"2013-04-02T12:34:08","slug":"geneve-ge-la-brochelarquebuse","status":"publish","type":"post","link":"https:\/\/thomasvino.ch\/?p=9497","title":{"rendered":"Gen\u00e8ve (GE) \u2014 La Broche\/L&rsquo;Arquebuse"},"content":{"rendered":"<p><DIV style=\"TEXT-ALIGN: justify\"><FONT size=5><FONT size=3><SPAN style=\"FONT-WEIGHT: bold\">L&#39;Arquebuse, Gen\u00e8ve<\/SPAN><\/FONT><\/FONT><BR style=\"FONT-WEIGHT: bold\"><FONT size=5><SPAN style=\"FONT-WEIGHT: bold\">Un concept fait au feu<\/SPAN><\/FONT><br \/>Il y a deux ans qu&#39;elle tourne, la broche de l&#39;Arquebuse. C&#39;est un peu comme si les v\u00e9n\u00e9rables propri\u00e9taires de cette fondation, bas\u00e9e sur les exercices de tir, mentionn\u00e9s dans la chronique genevoise en 1474, avaient troqu\u00e9 l&#39;arbal\u00e8te contre le lance-flammes&#8230; Aliment\u00e9e \u00e0 gaz, dress\u00e9e derri\u00e8re une \u00e9l\u00e9gante paroi de bois o\u00f9 se logent des bouteilles de vin bien choisies, la broche tourne en fin d&#39;apr\u00e8s-midi d\u00e9j\u00e0, dorant des coquelets qui, avec l&#39;agneau, constituent les plats de r\u00e9sistance d&#39;une formule mise au point par Philippe Rubod.<br \/><SPAN style=\"FONT-WEIGHT: bold\">Coquelets et compagnie <\/SPAN><br \/>Ce Genevois, ancien h\u00f4telier \u2014 il a r\u00e9habilit\u00e9 l&#39;H\u00f4tel d&#39;Angleterre, pass\u00e9 de vieille dame anglaise d\u00e9cattie \u00e0 un mini-palace en mains sud-africaines \u2014, esp\u00e8re d\u00e9sormais que \u00abLa Broche\u00bb essaimera dans le monde entier. Il en a prot\u00e9g\u00e9 le concept, m\u00eame s&#39;il a d\u00fb mettre un peu d&#39;eau dans son jus, servant non seulement les deux viandes de base (\u00e0 25 fr le coquelet et 30 fr. l&#39;agneau, garnis), mais aussi magret, aiguillette de b\u0153uf, carr\u00e9 de porc, \u00e9paule de veau, saumon d&#39;Ecosse, tous \u00e0 la broche et dans cet ordre, rituellement, du lundi au vendredi, en plat du jour \u00e0 21 francs. Et, pour les non-carnivores, des salades compos\u00e9es, entre 17 et 23 francs. <br \/>Le sous-sol du b\u00e2timent genevois faussement moyen\u00e2geux, dans une rue perpendiculaire, entre le pont de la Coulouvreni\u00e8re et Plainpalais, s&#39;est transform\u00e9 en \u00ablounge\u00bb \u00e0 grandes tabl\u00e9es: l&#39;autre soir, la formule faisait le plein. Preuve que les restaurants \u00ab\u00e0 th\u00e8me\u00bb sont une des cl\u00e9s du succ\u00e8s de la restauration d&#39;aujourd&#39;hui. Et Philippe Rubod pourrait s&#39;\u00e9tablir prochainement, via un franchis\u00e9, \u00e0 Lausanne, en attendant Paris ou Beyrouth.<br \/><SPAN style=\"FONT-WEIGHT: bold\">Des vins \u00abintelligents\u00bb<\/SPAN><br \/>La formule en appelle plus \u00e0 Brillat-Savarin qu&#39;\u00e0 Saint-Laurent ou \u00e0 Jeanne-d&#39;Arc. Le gastronome voisin du Genevois \u00e9crivit: \u00abOn devient cuisinier, mais on na\u00eet r\u00f4tisseur\u00bb. Forte maxime soulign\u00e9e par Escoffier: \u00abLa cuisson d&#39;un r\u00f4ti \u00e0 la broche se fait \u00e0 l&#39;air libre, dans une atmosph\u00e8re s\u00e8che, qui laisse \u00e0 la pi\u00e8ce l&#39;int\u00e9gralit\u00e9 de son fumet sui generis.\u00bb On peut l&#39;agr\u00e9menter de sauces et le chef Philippe Berzane ne craint pas le choc des go\u00fbts, avec des appr\u00eats tant\u00f4t marocain ou indien.<br \/>Une nourriture solide, aux go\u00fbts tranch\u00e9s \u00e0 vif, qui peut donner soif&#8230; Eric Duret, meilleur sommelier d&#39;Europe 1998 et MOF (meilleur ouvrier de France), a \u00e9t\u00e9 appel\u00e9 \u00e0 la rescousse. Il propose une demi-douzaine de vins blancs et une trentaine de rouges, habilement choisis. Et, en plus, quelques \u00abcoups de c\u0153ur\u00bb saisonniers. Pour peu, \u00abLa Broche\u00bb se transformerait en \u00abwine bar\u00bb, avec son ambiance cosy et ses chaises, alternant bois clair et fonc\u00e9, avec quelques tables haut perch\u00e9es et un bar.<\/p>\n<p><SPAN style=\"FONT-WEIGHT: bold\">La bonne adresse<\/SPAN><br \/>Restaurant de l&#39;Arquebuse<br \/>rue du Stand 36, Gen\u00e8ve<br \/>t\u00e9l. 022 321 22 60<br \/><A href=\"http:\/\/www.restaurantlabroche.ch\" target=_blank>www.restaurantlabroche.ch<\/A><\/p>\n<p><FONT size=4><SPAN style=\"FONT-WEIGHT: bold; FONT-STYLE: italic\">Le vin qui va avec&#8230;<\/SPAN><BR style=\"FONT-WEIGHT: bold\"><SPAN style=\"FONT-WEIGHT: bold\">Un heureux h\u00e9ritage<\/SPAN><\/FONT><br \/>Si la jeune et talentueuse \u0153nologue Sarah Perez est n\u00e9e \u00e0 Gen\u00e8ve, o\u00f9 son p\u00e8re, futur r\u00e9novateur des vins du Priorat, vivait en exil, un autre vignoble catalan a des liens \u00e9troits avec la cit\u00e9 du bout du lac. Derri\u00e8re les pr\u00e9curseurs d\u00e9j\u00e0 mythiques que sont les Clos Mogador, Martinet, Dolfi et de l&#39;Obac, le Mas dels Frares se fraie une noble voie. L&#39;avocat genevois Yves Pirenne en est l&#39;heureux propri\u00e9taire et y a install\u00e9 son fils, Charles. La cuv\u00e9e principale du domaine, qui se nomma un temps \u00abla perle du Priorat\u00bb, \u00abComte Pirenne\u00bb, a \u00e9t\u00e9 salu\u00e9e par la critique, au niveau du quatuor pr\u00e9cit\u00e9. Son petit fr\u00e8re, Clos des Fites, s\u00e9lectionn\u00e9 par Eric Duret et import\u00e9 par Mathieu Vins \u00e0 Aclens (VD), s\u00e9duit, dans sa version 2000, par son nez d&#39;herbes s\u00e8ches. Son attaque moelleuse trahit le Sud m\u00e9diterran\u00e9en. Elle est due aux tr\u00e8s vieux grenaches, compl\u00e9t\u00e9s par du carignan et du cabernet, m\u00fbris sur sol d&#39;ardoise. La bouche est marqu\u00e9e par des ar\u00f4mes sauvages et de grande maturit\u00e9. Un vin d&#39;initiation aux myst\u00e8res du Priorat.<\/p>\n<p><SPAN style=\"FONT-STYLE: italic\">Chronique de Pierre Thomas, parue dans Le Matin-Dimanche, en avril 2004<\/SPAN><br \/><\/DIV><\/p>\n","protected":false},"excerpt":{"rendered":"<p>L&#39;Arquebuse, Gen\u00e8veUn concept fait au feuIl y a deux ans qu&#39;elle tourne, la broche de l&#39;Arquebuse. C&#39;est un peu comme si les v\u00e9n\u00e9rables propri\u00e9taires de cette fondation, bas\u00e9e sur les exercices de tir, mentionn\u00e9s dans la chronique genevoise en 1474, avaient troqu\u00e9 l&#39;arbal\u00e8te contre le lance-flammes&#8230; Aliment\u00e9e \u00e0 gaz, dress\u00e9e derri\u00e8re une \u00e9l\u00e9gante paroi de [&hellip;]<\/p>\n","protected":false},"author":3,"featured_media":0,"comment_status":"closed","ping_status":"open","sticky":false,"template":"","format":"standard","meta":{"_monsterinsights_skip_tracking":false,"_monsterinsights_sitenote_active":false,"_monsterinsights_sitenote_note":"","_monsterinsights_sitenote_category":0,"jetpack_post_was_ever_published":false,"jetpack_publicize_message":"","jetpack_is_tweetstorm":false,"jetpack_publicize_feature_enabled":true,"jetpack_social_post_already_shared":false,"jetpack_social_options":{"image_generator_settings":{"template":"highway","enabled":false}}},"categories":[19,20],"tags":[],"jetpack_publicize_connections":[],"yoast_head":"<!-- This site is optimized with the Yoast SEO plugin v20.6 - https:\/\/yoast.com\/wordpress\/plugins\/seo\/ -->\n<title>Gen\u00e8ve (GE) \u2014 La Broche\/L&#039;Arquebuse - thomasvino<\/title>\n<meta name=\"robots\" content=\"index, follow, max-snippet:-1, max-image-preview:large, max-video-preview:-1\" \/>\n<link rel=\"canonical\" href=\"https:\/\/thomasvino.ch\/?p=9497\" \/>\n<meta property=\"og:locale\" content=\"fr_FR\" \/>\n<meta property=\"og:type\" content=\"article\" \/>\n<meta property=\"og:title\" content=\"Gen\u00e8ve (GE) \u2014 La Broche\/L&#039;Arquebuse - thomasvino\" \/>\n<meta property=\"og:description\" content=\"L&#039;Arquebuse, Gen\u00e8veUn concept fait au feuIl y a deux ans qu&#039;elle tourne, la broche de l&#039;Arquebuse. C&#039;est un peu comme si les v\u00e9n\u00e9rables propri\u00e9taires de cette fondation, bas\u00e9e sur les exercices de tir, mentionn\u00e9s dans la chronique genevoise en 1474, avaient troqu\u00e9 l&#039;arbal\u00e8te contre le lance-flammes&#8230; Aliment\u00e9e \u00e0 gaz, dress\u00e9e derri\u00e8re une \u00e9l\u00e9gante paroi de [&hellip;]\" \/>\n<meta property=\"og:url\" content=\"https:\/\/thomasvino.ch\/?p=9497\" \/>\n<meta property=\"og:site_name\" content=\"thomasvino\" \/>\n<meta property=\"article:published_time\" content=\"2005-01-14T22:11:00+00:00\" \/>\n<meta property=\"article:modified_time\" content=\"2013-04-02T12:34:08+00:00\" \/>\n<meta name=\"author\" content=\"Pierre Thomas\" \/>\n<meta name=\"twitter:label1\" content=\"\u00c9crit par\" \/>\n\t<meta name=\"twitter:data1\" content=\"Pierre Thomas\" \/>\n\t<meta name=\"twitter:label2\" content=\"Dur\u00e9e de lecture estim\u00e9e\" \/>\n\t<meta name=\"twitter:data2\" content=\"4 minutes\" \/>\n<script type=\"application\/ld+json\" class=\"yoast-schema-graph\">{\"@context\":\"https:\/\/schema.org\",\"@graph\":[{\"@type\":\"WebPage\",\"@id\":\"https:\/\/thomasvino.ch\/?p=9497\",\"url\":\"https:\/\/thomasvino.ch\/?p=9497\",\"name\":\"Gen\u00e8ve (GE) \u2014 La Broche\/L'Arquebuse - thomasvino\",\"isPartOf\":{\"@id\":\"https:\/\/thomasvino.ch\/#website\"},\"datePublished\":\"2005-01-14T22:11:00+00:00\",\"dateModified\":\"2013-04-02T12:34:08+00:00\",\"author\":{\"@id\":\"https:\/\/thomasvino.ch\/#\/schema\/person\/670bf4486fe81152cf1d68bd585e062e\"},\"breadcrumb\":{\"@id\":\"https:\/\/thomasvino.ch\/?p=9497#breadcrumb\"},\"inLanguage\":\"fr-FR\",\"potentialAction\":[{\"@type\":\"ReadAction\",\"target\":[\"https:\/\/thomasvino.ch\/?p=9497\"]}]},{\"@type\":\"BreadcrumbList\",\"@id\":\"https:\/\/thomasvino.ch\/?p=9497#breadcrumb\",\"itemListElement\":[{\"@type\":\"ListItem\",\"position\":1,\"name\":\"Accueil\",\"item\":\"https:\/\/thomasvino.ch\/\"},{\"@type\":\"ListItem\",\"position\":2,\"name\":\"Gen\u00e8ve (GE) \u2014 La Broche\/L&rsquo;Arquebuse\"}]},{\"@type\":\"WebSite\",\"@id\":\"https:\/\/thomasvino.ch\/#website\",\"url\":\"https:\/\/thomasvino.ch\/\",\"name\":\"thomasvino\",\"description\":\"Vins &amp; Gastronomie\",\"potentialAction\":[{\"@type\":\"SearchAction\",\"target\":{\"@type\":\"EntryPoint\",\"urlTemplate\":\"https:\/\/thomasvino.ch\/?s={search_term_string}\"},\"query-input\":\"required name=search_term_string\"}],\"inLanguage\":\"fr-FR\"},{\"@type\":\"Person\",\"@id\":\"https:\/\/thomasvino.ch\/#\/schema\/person\/670bf4486fe81152cf1d68bd585e062e\",\"name\":\"Pierre Thomas\",\"image\":{\"@type\":\"ImageObject\",\"inLanguage\":\"fr-FR\",\"@id\":\"https:\/\/thomasvino.ch\/#\/schema\/person\/image\/\",\"url\":\"https:\/\/secure.gravatar.com\/avatar\/91fd5a76647f140e53db987a0dead4d7?s=96&d=mm&r=g\",\"contentUrl\":\"https:\/\/secure.gravatar.com\/avatar\/91fd5a76647f140e53db987a0dead4d7?s=96&d=mm&r=g\",\"caption\":\"Pierre Thomas\"},\"url\":\"https:\/\/thomasvino.ch\/?author=3\"}]}<\/script>\n<!-- \/ Yoast SEO plugin. -->","yoast_head_json":{"title":"Gen\u00e8ve (GE) \u2014 La Broche\/L'Arquebuse - thomasvino","robots":{"index":"index","follow":"follow","max-snippet":"max-snippet:-1","max-image-preview":"max-image-preview:large","max-video-preview":"max-video-preview:-1"},"canonical":"https:\/\/thomasvino.ch\/?p=9497","og_locale":"fr_FR","og_type":"article","og_title":"Gen\u00e8ve (GE) \u2014 La Broche\/L'Arquebuse - thomasvino","og_description":"L&#39;Arquebuse, Gen\u00e8veUn concept fait au feuIl y a deux ans qu&#39;elle tourne, la broche de l&#39;Arquebuse. C&#39;est un peu comme si les v\u00e9n\u00e9rables propri\u00e9taires de cette fondation, bas\u00e9e sur les exercices de tir, mentionn\u00e9s dans la chronique genevoise en 1474, avaient troqu\u00e9 l&#39;arbal\u00e8te contre le lance-flammes&#8230; Aliment\u00e9e \u00e0 gaz, dress\u00e9e derri\u00e8re une \u00e9l\u00e9gante paroi de [&hellip;]","og_url":"https:\/\/thomasvino.ch\/?p=9497","og_site_name":"thomasvino","article_published_time":"2005-01-14T22:11:00+00:00","article_modified_time":"2013-04-02T12:34:08+00:00","author":"Pierre Thomas","twitter_misc":{"\u00c9crit par":"Pierre Thomas","Dur\u00e9e de lecture estim\u00e9e":"4 minutes"},"schema":{"@context":"https:\/\/schema.org","@graph":[{"@type":"WebPage","@id":"https:\/\/thomasvino.ch\/?p=9497","url":"https:\/\/thomasvino.ch\/?p=9497","name":"Gen\u00e8ve (GE) \u2014 La Broche\/L'Arquebuse - thomasvino","isPartOf":{"@id":"https:\/\/thomasvino.ch\/#website"},"datePublished":"2005-01-14T22:11:00+00:00","dateModified":"2013-04-02T12:34:08+00:00","author":{"@id":"https:\/\/thomasvino.ch\/#\/schema\/person\/670bf4486fe81152cf1d68bd585e062e"},"breadcrumb":{"@id":"https:\/\/thomasvino.ch\/?p=9497#breadcrumb"},"inLanguage":"fr-FR","potentialAction":[{"@type":"ReadAction","target":["https:\/\/thomasvino.ch\/?p=9497"]}]},{"@type":"BreadcrumbList","@id":"https:\/\/thomasvino.ch\/?p=9497#breadcrumb","itemListElement":[{"@type":"ListItem","position":1,"name":"Accueil","item":"https:\/\/thomasvino.ch\/"},{"@type":"ListItem","position":2,"name":"Gen\u00e8ve (GE) \u2014 La Broche\/L&rsquo;Arquebuse"}]},{"@type":"WebSite","@id":"https:\/\/thomasvino.ch\/#website","url":"https:\/\/thomasvino.ch\/","name":"thomasvino","description":"Vins &amp; Gastronomie","potentialAction":[{"@type":"SearchAction","target":{"@type":"EntryPoint","urlTemplate":"https:\/\/thomasvino.ch\/?s={search_term_string}"},"query-input":"required name=search_term_string"}],"inLanguage":"fr-FR"},{"@type":"Person","@id":"https:\/\/thomasvino.ch\/#\/schema\/person\/670bf4486fe81152cf1d68bd585e062e","name":"Pierre Thomas","image":{"@type":"ImageObject","inLanguage":"fr-FR","@id":"https:\/\/thomasvino.ch\/#\/schema\/person\/image\/","url":"https:\/\/secure.gravatar.com\/avatar\/91fd5a76647f140e53db987a0dead4d7?s=96&d=mm&r=g","contentUrl":"https:\/\/secure.gravatar.com\/avatar\/91fd5a76647f140e53db987a0dead4d7?s=96&d=mm&r=g","caption":"Pierre Thomas"},"url":"https:\/\/thomasvino.ch\/?author=3"}]}},"jetpack_featured_media_url":"","jetpack_sharing_enabled":true,"jetpack_shortlink":"https:\/\/wp.me\/p3m4tZ-2tb","jetpack_likes_enabled":false,"jetpack-related-posts":[{"id":9674,"url":"https:\/\/thomasvino.ch\/?p=9674","url_meta":{"origin":9497,"position":0},"title":"Monthey (VS) \u2014 Brasserie du Th\u00e9\u00e2tre du Crochetan","date":"2 octobre 2005","format":false,"excerpt":"Brasserie du Crochetan, Monthey (VS) La cantine d\u2019un artiste Il a failli partir pour Shanghai ou Saint-P\u00e9tersbourg, Mauro Capelli\u2026 Il a juste chang\u00e9 de canton, mais pas de r\u00e9gion, et pass\u00e9 de la rive droite \u00e0 la rive gauche du Rh\u00f4ne. Adoss\u00e9 \u00e0 quelques grands pins, le moderne Th\u00e9\u00e2tre du\u2026","rel":"","context":"Dans &quot;Adresses&quot;","img":{"alt_text":"","src":"","width":0,"height":0},"classes":[]},{"id":9815,"url":"https:\/\/thomasvino.ch\/?p=9815","url_meta":{"origin":9497,"position":1},"title":"Bex (VD) \u2014 Le St-Christophe","date":"7 juillet 2006","format":false,"excerpt":"Le St Christophe, Bex (VD) Solide comme un roc Longtemps tenu par le couple Capelli, qui en avait fait la meilleure table entre Aigle et Saint-Maurice, le St Christophe avait vacill\u00e9 sur ses fondations m\u00e9di\u00e9vales. Cette ferme fortifi\u00e9e, qui porte le nom du saint patron des automobilistes, est visible de\u2026","rel":"","context":"Dans &quot;Adresses&quot;","img":{"alt_text":"","src":"","width":0,"height":0},"classes":[]},{"id":9917,"url":"https:\/\/thomasvino.ch\/?p=9917","url_meta":{"origin":9497,"position":2},"title":"Bernard Ravet, cuisinier de l&rsquo;ann\u00e9e 1993, selon GaultMillau","date":"30 d\u00e9cembre 2006","format":false,"excerpt":"Paru dans L'Illustr\u00e9 du 24 octobre 1992 Bernard Ravet, faut-il sauver la cuisine suisse? D\u00e9sign\u00e9 \u00abcuisinier de l'ann\u00e9e\u00bb 1993, Bernard Ravet, avec six autres grands chefs, sera au piano de Gastrononiia, \u00e0 Lausanne, du 24 au 28 octobre 1992. Les recettes du chef bourguignon de Vufflens-le-Ch\u00e2teau pour faire \u00e9voluer la\u2026","rel":"","context":"Dans &quot;Gastro&quot;","img":{"alt_text":"","src":"","width":0,"height":0},"classes":[]},{"id":17638,"url":"https:\/\/thomasvino.ch\/?p=17638","url_meta":{"origin":9497,"position":3},"title":"Gastronomie: L&rsquo;Ermitage tire sa r\u00e9v\u00e9rence","date":"17 f\u00e9vrier 2022","format":false,"excerpt":"Le grand chef Bernard Ravet f\u00eatera ses 75 ans le 11 mars. Avec sa femme, Ruth, sa fille, Nathalie, sommeli\u00e8re, et son fils Guy, jeune pr\u00e9sident du r\u00e9seau des Grandes Tables de Suisse, il va fermer cet \u00e9t\u00e9 son Ermitage de Vufflens-le-Ch\u00e2teau, au-dessus de Morges. C\u2019est le blog du guide\u2026","rel":"","context":"Dans &quot;Actus - News&quot;","img":{"alt_text":"","src":"","width":0,"height":0},"classes":[]},{"id":13912,"url":"https:\/\/thomasvino.ch\/?p=13912","url_meta":{"origin":9497,"position":4},"title":"Gastronomia f\u00eate ses 30 ans avec de jeunes pros","date":"9 novembre 2016","format":false,"excerpt":"D\u00e8s ce week-end, du dimanche 13 au mercredi 16 novembre, le salon Gastronomia se d\u00e9roulera \u00e0 Beaulieu, \u00e0 Lausanne, sous la direction d\u2019une nouvelle \u00e9quipe emmen\u00e9e par Tanja Pulfer. Ce salon qui draine les professionnels de l\u2019h\u00f4tellerie et de la restauration romande se tourne r\u00e9solument vers la rel\u00e8ve. Ainsi, les\u2026","rel":"","context":"Dans &quot;Actus - News&quot;","img":{"alt_text":"","src":"","width":0,"height":0},"classes":[]},{"id":9498,"url":"https:\/\/thomasvino.ch\/?p=9498","url_meta":{"origin":9497,"position":5},"title":"Le chasselas est une girouette","date":"20 novembre 2012","format":false,"excerpt":"Par Pierre Thomas, novembre 2012* Pas facile, ce sacr\u00e9 chasselas! On a beau avoir sond\u00e9 son ADN, il est orphelin de p\u00e8re et de m\u00e8re. Impossible qu\u2019il figure dans la cour des grands (c\u00e9pages), plus souvent tir\u00e9s du vil gouais Casanova que de la cuisse de Jupiter. Et difficile de\u2026","rel":"","context":"Dans &quot;Tendance&quot;","img":{"alt_text":"","src":"","width":0,"height":0},"classes":[]}],"_links":{"self":[{"href":"https:\/\/thomasvino.ch\/index.php?rest_route=\/wp\/v2\/posts\/9497"}],"collection":[{"href":"https:\/\/thomasvino.ch\/index.php?rest_route=\/wp\/v2\/posts"}],"about":[{"href":"https:\/\/thomasvino.ch\/index.php?rest_route=\/wp\/v2\/types\/post"}],"author":[{"embeddable":true,"href":"https:\/\/thomasvino.ch\/index.php?rest_route=\/wp\/v2\/users\/3"}],"replies":[{"embeddable":true,"href":"https:\/\/thomasvino.ch\/index.php?rest_route=%2Fwp%2Fv2%2Fcomments&post=9497"}],"version-history":[{"count":0,"href":"https:\/\/thomasvino.ch\/index.php?rest_route=\/wp\/v2\/posts\/9497\/revisions"}],"wp:attachment":[{"href":"https:\/\/thomasvino.ch\/index.php?rest_route=%2Fwp%2Fv2%2Fmedia&parent=9497"}],"wp:term":[{"taxonomy":"category","embeddable":true,"href":"https:\/\/thomasvino.ch\/index.php?rest_route=%2Fwp%2Fv2%2Fcategories&post=9497"},{"taxonomy":"post_tag","embeddable":true,"href":"https:\/\/thomasvino.ch\/index.php?rest_route=%2Fwp%2Fv2%2Ftags&post=9497"}],"curies":[{"name":"wp","href":"https:\/\/api.w.org\/{rel}","templated":true}]}}