{"id":9521,"date":"2013-01-14T18:17:00","date_gmt":"2013-01-14T18:17:00","guid":{"rendered":"http:\/\/localhost\/thomasvino\/?p=9521"},"modified":"2013-10-12T11:02:47","modified_gmt":"2013-10-12T10:02:47","slug":"le-non-filtre-2013-sort-des-caves","status":"publish","type":"post","link":"https:\/\/thomasvino.ch\/?p=9521","title":{"rendered":"Le non-filtr\u00e9 2013 sort des caves!"},"content":{"rendered":"<h2><i>1er Chasselas 2012 \u00e0 Neuch\u00e2tel <\/i><\/h2>\n<h1>C\u2019est le temps du non-filtr\u00e9&#160;!<\/h1>\n<div style=\"text-align: justify;\"><img loading=\"lazy\" width=\"250\" vspace=\"3\" hspace=\"9\" height=\"664\" align=\"left\" src=\"img\/non_filtre76913.jpg\" alt=\"non_filtre76913.jpg\" title=\"non_filtre76913.jpg\" \/><b>Comme chaque ann\u00e9e, le 3\u00e8me mercredi de janvier (et tr\u00e8s t\u00f4t, cette ann\u00e9e 2013, o\u00f9 le 1er janvier tombait sur un mardi\u2026), le chasselas non-filtr\u00e9 de Neuch\u00e2tel sort officiellement de cuve et de cave. <\/b><br \/>\nLes Neuch\u00e2telois se donnent rendez-vous sur deux \u00e9tages de l\u2019H\u00f4tel-de-Ville du chef-lieu, ce mercredi 16 janvier, de 16 h 30 \u00e0 20 h 30. A La Chaux-de-Fonds, la d\u00e9gustation publique a lieu le lendemain, jeudi 17 janvier, \u00e9galement de 16 h 30 \u00e0 20 h 30, \u00e0 la salle Ton sur Ton, rue du Progr\u00e8s 48. <br \/>\nOn conna\u00eet <a href=\"articles.php?lng=fr&amp;pg=1739\"><b>sa saga, renouvel\u00e9e chaque ann\u00e9e<\/b><\/a>. Sans vivacit\u00e9, sans ar\u00f4mes primaires, pas de chasselas non-filtr\u00e9! Le 2012 tient toutes ses promesses\u2026 Outre le climat de l\u2019ann\u00e9e et la provenance, les levures utilis\u00e9es font beaucoup dans le style des non-filtr\u00e9s. <br \/>\nAvec moins de 150&rsquo;000 bouteilles vendues par an (8% de la vendange en chasselas), ce vin reste une sp\u00e9cialit\u00e9, surtout d\u00e9gust\u00e9e dans sa r\u00e9gion de production, sur le Littoral neuch\u00e2telois (55%), dans le reste du canton (19%), dans la m\u00eame proportion qu\u2019en Suisse al\u00e9manique (19%), tandis que la Suisse romande fait encore la fine bouche (7%). Clients particuliers (47%) et restaurateurs et grossistes (53%) se partagent \u00e9quitablement les achats. <br \/>\nA noter que certaines caves se distinguent. Ainsi les <b>Caves de la B\u00e9roche<\/b>, \u00e0 Saint-Aubin. Chaque ann\u00e9e, depuis cinq ans, elles lancent un concours pour l\u2019\u00e9tiquette de leur vin non-filtr\u00e9. Cette ann\u00e9e, c\u2019est <b>Anne-Laure Aloe<\/b>, de Gorgier (NE), qui a eu le privil\u00e8ge de voir son motif, non pas sur une \u00e9tiquette, mais directement imprim\u00e9 sur le flacon (<i>illustration ci-dessus<\/i>), un vrai collector! <br \/>\nOn peut envoyer ses croquis et id\u00e9es, originaux \u00e9videmment, \u00e0 info@caves-b\u00e9roche.ch, d\u2019ici fin juin 2013, pour esp\u00e9rer illustrer la cuv\u00e9e 2013\u2026 mise en vente d\u00e8s le troisi\u00e8me mercredi de janvier 2014\u2026 Et, soulignent les Caves de la B\u00e9roche, <i>\u00abce blanc trouble et vif (\u2026) se consomme tout au long de l\u2019ann\u00e9e\u00bb<\/i>.<br \/>\n<i>\u00a9thomasvino.ch<\/i><\/div>\n","protected":false},"excerpt":{"rendered":"<p>1er Chasselas 2012 \u00e0 Neuch\u00e2tel C\u2019est le temps du non-filtr\u00e9&#160;! Comme chaque ann\u00e9e, le 3\u00e8me mercredi de janvier (et tr\u00e8s t\u00f4t, cette ann\u00e9e 2013, o\u00f9 le 1er janvier tombait sur un mardi\u2026), le chasselas non-filtr\u00e9 de Neuch\u00e2tel sort officiellement de cuve et de cave. Les Neuch\u00e2telois se donnent rendez-vous sur deux \u00e9tages de l\u2019H\u00f4tel-de-Ville du [&hellip;]<\/p>\n","protected":false},"author":3,"featured_media":0,"comment_status":"closed","ping_status":"open","sticky":false,"template":"","format":"standard","meta":{"_monsterinsights_skip_tracking":false,"_monsterinsights_sitenote_active":false,"_monsterinsights_sitenote_note":"","_monsterinsights_sitenote_category":0,"jetpack_post_was_ever_published":false,"jetpack_publicize_message":"","jetpack_is_tweetstorm":false,"jetpack_publicize_feature_enabled":true,"jetpack_social_post_already_shared":false,"jetpack_social_options":{"image_generator_settings":{"template":"highway","enabled":false}}},"categories":[15],"tags":[],"jetpack_publicize_connections":[],"yoast_head":"<!-- This site is optimized with the Yoast SEO plugin v20.6 - https:\/\/yoast.com\/wordpress\/plugins\/seo\/ -->\n<title>Le non-filtr\u00e9 2013 sort des caves! - thomasvino<\/title>\n<meta name=\"robots\" content=\"index, follow, max-snippet:-1, max-image-preview:large, max-video-preview:-1\" \/>\n<link rel=\"canonical\" href=\"https:\/\/thomasvino.ch\/?p=9521\" \/>\n<meta property=\"og:locale\" content=\"fr_FR\" \/>\n<meta property=\"og:type\" content=\"article\" \/>\n<meta property=\"og:title\" content=\"Le non-filtr\u00e9 2013 sort des caves! - thomasvino\" \/>\n<meta property=\"og:description\" content=\"1er Chasselas 2012 \u00e0 Neuch\u00e2tel C\u2019est le temps du non-filtr\u00e9&#160;! Comme chaque ann\u00e9e, le 3\u00e8me mercredi de janvier (et tr\u00e8s t\u00f4t, cette ann\u00e9e 2013, o\u00f9 le 1er janvier tombait sur un mardi\u2026), le chasselas non-filtr\u00e9 de Neuch\u00e2tel sort officiellement de cuve et de cave. Les Neuch\u00e2telois se donnent rendez-vous sur deux \u00e9tages de l\u2019H\u00f4tel-de-Ville du [&hellip;]\" \/>\n<meta property=\"og:url\" content=\"https:\/\/thomasvino.ch\/?p=9521\" \/>\n<meta property=\"og:site_name\" content=\"thomasvino\" \/>\n<meta property=\"article:published_time\" content=\"2013-01-14T18:17:00+00:00\" \/>\n<meta property=\"article:modified_time\" content=\"2013-10-12T10:02:47+00:00\" \/>\n<meta name=\"author\" content=\"Pierre Thomas\" \/>\n<meta name=\"twitter:label1\" content=\"\u00c9crit par\" \/>\n\t<meta name=\"twitter:data1\" content=\"Pierre Thomas\" \/>\n\t<meta name=\"twitter:label2\" content=\"Dur\u00e9e de lecture estim\u00e9e\" \/>\n\t<meta name=\"twitter:data2\" content=\"2 minutes\" \/>\n<script type=\"application\/ld+json\" class=\"yoast-schema-graph\">{\"@context\":\"https:\/\/schema.org\",\"@graph\":[{\"@type\":\"WebPage\",\"@id\":\"https:\/\/thomasvino.ch\/?p=9521\",\"url\":\"https:\/\/thomasvino.ch\/?p=9521\",\"name\":\"Le non-filtr\u00e9 2013 sort des caves! - thomasvino\",\"isPartOf\":{\"@id\":\"https:\/\/thomasvino.ch\/#website\"},\"datePublished\":\"2013-01-14T18:17:00+00:00\",\"dateModified\":\"2013-10-12T10:02:47+00:00\",\"author\":{\"@id\":\"https:\/\/thomasvino.ch\/#\/schema\/person\/670bf4486fe81152cf1d68bd585e062e\"},\"breadcrumb\":{\"@id\":\"https:\/\/thomasvino.ch\/?p=9521#breadcrumb\"},\"inLanguage\":\"fr-FR\",\"potentialAction\":[{\"@type\":\"ReadAction\",\"target\":[\"https:\/\/thomasvino.ch\/?p=9521\"]}]},{\"@type\":\"BreadcrumbList\",\"@id\":\"https:\/\/thomasvino.ch\/?p=9521#breadcrumb\",\"itemListElement\":[{\"@type\":\"ListItem\",\"position\":1,\"name\":\"Accueil\",\"item\":\"https:\/\/thomasvino.ch\/\"},{\"@type\":\"ListItem\",\"position\":2,\"name\":\"Le non-filtr\u00e9 2013 sort des caves!\"}]},{\"@type\":\"WebSite\",\"@id\":\"https:\/\/thomasvino.ch\/#website\",\"url\":\"https:\/\/thomasvino.ch\/\",\"name\":\"thomasvino\",\"description\":\"Vins &amp; Gastronomie\",\"potentialAction\":[{\"@type\":\"SearchAction\",\"target\":{\"@type\":\"EntryPoint\",\"urlTemplate\":\"https:\/\/thomasvino.ch\/?s={search_term_string}\"},\"query-input\":\"required name=search_term_string\"}],\"inLanguage\":\"fr-FR\"},{\"@type\":\"Person\",\"@id\":\"https:\/\/thomasvino.ch\/#\/schema\/person\/670bf4486fe81152cf1d68bd585e062e\",\"name\":\"Pierre Thomas\",\"image\":{\"@type\":\"ImageObject\",\"inLanguage\":\"fr-FR\",\"@id\":\"https:\/\/thomasvino.ch\/#\/schema\/person\/image\/\",\"url\":\"https:\/\/secure.gravatar.com\/avatar\/91fd5a76647f140e53db987a0dead4d7?s=96&d=mm&r=g\",\"contentUrl\":\"https:\/\/secure.gravatar.com\/avatar\/91fd5a76647f140e53db987a0dead4d7?s=96&d=mm&r=g\",\"caption\":\"Pierre Thomas\"},\"url\":\"https:\/\/thomasvino.ch\/?author=3\"}]}<\/script>\n<!-- \/ Yoast SEO plugin. -->","yoast_head_json":{"title":"Le non-filtr\u00e9 2013 sort des caves! - thomasvino","robots":{"index":"index","follow":"follow","max-snippet":"max-snippet:-1","max-image-preview":"max-image-preview:large","max-video-preview":"max-video-preview:-1"},"canonical":"https:\/\/thomasvino.ch\/?p=9521","og_locale":"fr_FR","og_type":"article","og_title":"Le non-filtr\u00e9 2013 sort des caves! - thomasvino","og_description":"1er Chasselas 2012 \u00e0 Neuch\u00e2tel C\u2019est le temps du non-filtr\u00e9&#160;! Comme chaque ann\u00e9e, le 3\u00e8me mercredi de janvier (et tr\u00e8s t\u00f4t, cette ann\u00e9e 2013, o\u00f9 le 1er janvier tombait sur un mardi\u2026), le chasselas non-filtr\u00e9 de Neuch\u00e2tel sort officiellement de cuve et de cave. Les Neuch\u00e2telois se donnent rendez-vous sur deux \u00e9tages de l\u2019H\u00f4tel-de-Ville du [&hellip;]","og_url":"https:\/\/thomasvino.ch\/?p=9521","og_site_name":"thomasvino","article_published_time":"2013-01-14T18:17:00+00:00","article_modified_time":"2013-10-12T10:02:47+00:00","author":"Pierre Thomas","twitter_misc":{"\u00c9crit par":"Pierre Thomas","Dur\u00e9e de lecture estim\u00e9e":"2 minutes"},"schema":{"@context":"https:\/\/schema.org","@graph":[{"@type":"WebPage","@id":"https:\/\/thomasvino.ch\/?p=9521","url":"https:\/\/thomasvino.ch\/?p=9521","name":"Le non-filtr\u00e9 2013 sort des caves! - thomasvino","isPartOf":{"@id":"https:\/\/thomasvino.ch\/#website"},"datePublished":"2013-01-14T18:17:00+00:00","dateModified":"2013-10-12T10:02:47+00:00","author":{"@id":"https:\/\/thomasvino.ch\/#\/schema\/person\/670bf4486fe81152cf1d68bd585e062e"},"breadcrumb":{"@id":"https:\/\/thomasvino.ch\/?p=9521#breadcrumb"},"inLanguage":"fr-FR","potentialAction":[{"@type":"ReadAction","target":["https:\/\/thomasvino.ch\/?p=9521"]}]},{"@type":"BreadcrumbList","@id":"https:\/\/thomasvino.ch\/?p=9521#breadcrumb","itemListElement":[{"@type":"ListItem","position":1,"name":"Accueil","item":"https:\/\/thomasvino.ch\/"},{"@type":"ListItem","position":2,"name":"Le non-filtr\u00e9 2013 sort des caves!"}]},{"@type":"WebSite","@id":"https:\/\/thomasvino.ch\/#website","url":"https:\/\/thomasvino.ch\/","name":"thomasvino","description":"Vins &amp; Gastronomie","potentialAction":[{"@type":"SearchAction","target":{"@type":"EntryPoint","urlTemplate":"https:\/\/thomasvino.ch\/?s={search_term_string}"},"query-input":"required name=search_term_string"}],"inLanguage":"fr-FR"},{"@type":"Person","@id":"https:\/\/thomasvino.ch\/#\/schema\/person\/670bf4486fe81152cf1d68bd585e062e","name":"Pierre Thomas","image":{"@type":"ImageObject","inLanguage":"fr-FR","@id":"https:\/\/thomasvino.ch\/#\/schema\/person\/image\/","url":"https:\/\/secure.gravatar.com\/avatar\/91fd5a76647f140e53db987a0dead4d7?s=96&d=mm&r=g","contentUrl":"https:\/\/secure.gravatar.com\/avatar\/91fd5a76647f140e53db987a0dead4d7?s=96&d=mm&r=g","caption":"Pierre Thomas"},"url":"https:\/\/thomasvino.ch\/?author=3"}]}},"jetpack_featured_media_url":"","jetpack_sharing_enabled":true,"jetpack_shortlink":"https:\/\/wp.me\/p3m4tZ-2tz","jetpack_likes_enabled":false,"jetpack-related-posts":[{"id":11654,"url":"https:\/\/thomasvino.ch\/?p=11654","url_meta":{"origin":9521,"position":0},"title":"Non-filtr\u00e9 : les Neuch\u00e2telois y tiennent !","date":"14 janvier 2014","format":false,"excerpt":"Ce troisi\u00e8me mercredi de janvier, et m\u00eame si c\u2019est tr\u00e8s t\u00f4t, le 15 janvier 2014, le chasselas non-filtr\u00e9 de Neuch\u00e2tel sortira officiellement des caves. Ce mercredi, il sera pr\u00e9sent\u00e9 par 23 producteurs de 16 h. 30 \u00e0 20 h. 30 sous le p\u00e9ristyle de l\u2019H\u00f4tel-de-Ville de Neuch\u00e2tel (verre de d\u00e9gustation\u2026","rel":"","context":"Dans &quot;Actus - News&quot;","img":{"alt_text":"","src":"https:\/\/i0.wp.com\/www.thomasvino.ch\/wp-content\/uploads\/2014\/01\/nonfiltreverre-300x200.jpg?resize=350%2C200","width":350,"height":200},"classes":[]},{"id":13329,"url":"https:\/\/thomasvino.ch\/?p=13329","url_meta":{"origin":9521,"position":1},"title":"Et voil\u00e0 les 26 non-filtr\u00e9s 2015 \u00e0 Neuch\u00e2tel","date":"19 janvier 2016","format":false,"excerpt":"On lui fait de la pub chaque ann\u00e9e, parce que c\u2019est le premier vin suisse qui arrive sur le march\u00e9 trois mois apr\u00e8s les vendanges: le chasselas non-filtr\u00e9 de Neuch\u00e2tel. On le sait, Neuch\u00e2tel ne repr\u00e9sente, pour 603 ha, que 3% de la production nationale. Le blanc, et particuli\u00e8rement le\u2026","rel":"","context":"Dans &quot;Actus - News&quot;","img":{"alt_text":"","src":"https:\/\/i0.wp.com\/www.thomasvino.ch\/wp-content\/uploads\/2016\/01\/NE_Porret_Nonfiltre\u00cc\u00812016-300x200.jpg?resize=350%2C200","width":350,"height":200},"classes":[]},{"id":9130,"url":"https:\/\/thomasvino.ch\/?p=9130","url_meta":{"origin":9521,"position":2},"title":"Le non-filtr\u00e9 2010 est sorti de cave","date":"21 janvier 2011","format":false,"excerpt":"Le non-filtr\u00e9, rituel neuch\u00e2telois Comme (et apr\u00e8s...) No\u00ebl en d\u00e9cembre, la sortie du chasselas non-filtr\u00e9 de Neuch\u00e2tel tombe rituellement le troisi\u00e8me mercredi de janvier. La version 2010, sortie de cave le 19 janvier 2011, est soutenue par une tr\u00e8s belle fra\u00eecheur. On sait que le bel automne 2010 a assur\u00e9\u2026","rel":"","context":"Dans &quot;Actus - News&quot;","img":{"alt_text":"","src":"","width":0,"height":0},"classes":[]},{"id":9926,"url":"https:\/\/thomasvino.ch\/?p=9926","url_meta":{"origin":9521,"position":3},"title":"Vins suisses \u2014 Le non-filtr\u00e9 d\u00e9barque!","date":"15 janvier 2007","format":false,"excerpt":"Vins suissesLe non-filtr\u00e9 arrive \u00e0 Neuch\u00e2tel!Comme le beaujolais nouveau en novembre ou No\u00ebl en d\u00e9cembre, le non-filtr\u00e9, sp\u00e9cialit\u00e9 de vin jeune neuch\u00e2telois, d\u00e9barque le troisi\u00e8me mercredi de janvier. Il ne peut \u00eatre commercialis\u00e9 avant cette date... De 16 h. 30 \u00e0 20 h. 30, mercredi 17 janvier 2007, sur le\u2026","rel":"","context":"Dans &quot;Actus - News&quot;","img":{"alt_text":"","src":"","width":0,"height":0},"classes":[]},{"id":9308,"url":"https:\/\/thomasvino.ch\/?p=9308","url_meta":{"origin":9521,"position":4},"title":"Le Neuch\u00e2tel neuf d\u00e9barque","date":"6 janvier 2012","format":false,"excerpt":"Le Neuch\u00e2tel tout neuf arrive Il y a le beaujolais nouveau de novembre, il y a le Neuch\u00e2tel neuf et non-filtr\u00e9 de janvier ! Comme chaque ann\u00e9e, ce chasselas l\u00e9g\u00e8rement trouble sort des cuves froides et de cave, officiellement le troisi\u00e8me mercredi de janvier. En 2012, ce sera donc le\u2026","rel":"","context":"Dans &quot;Actus - News&quot;","img":{"alt_text":"","src":"","width":0,"height":0},"classes":[]},{"id":14266,"url":"https:\/\/thomasvino.ch\/?p=14266","url_meta":{"origin":9521,"position":5},"title":"La MDVS et le lab\u2019 du non-filtr\u00e9 neuch\u00e2telois","date":"28 mars 2017","format":false,"excerpt":"Cette ann\u00e9e (2017), la M\u00e9moire des vins suisses a tenu son assembl\u00e9e annuelle dans la r\u00e9gion des Trois-Lacs: \u00e0 Douanne\/Twann, elle a accept\u00e9 un nouveau membre, Jean-Pierre Kuntzer, \u00e0 Saint-Blaise (NE), dont le Chasselas Vieilles Vignes a \u00e9t\u00e9 choisi pour figurer dans le \u00abtr\u00e9sor\u00bb. Deux autres changements sont enregistr\u00e9s et\u2026","rel":"","context":"Dans &quot;Tendance&quot;","img":{"alt_text":"","src":"https:\/\/i0.wp.com\/thomasvino.ch\/wp-content\/uploads\/2017\/03\/site_nonfiltreverre-300x200.jpg?resize=350%2C200&ssl=1","width":350,"height":200},"classes":[]}],"_links":{"self":[{"href":"https:\/\/thomasvino.ch\/index.php?rest_route=\/wp\/v2\/posts\/9521"}],"collection":[{"href":"https:\/\/thomasvino.ch\/index.php?rest_route=\/wp\/v2\/posts"}],"about":[{"href":"https:\/\/thomasvino.ch\/index.php?rest_route=\/wp\/v2\/types\/post"}],"author":[{"embeddable":true,"href":"https:\/\/thomasvino.ch\/index.php?rest_route=\/wp\/v2\/users\/3"}],"replies":[{"embeddable":true,"href":"https:\/\/thomasvino.ch\/index.php?rest_route=%2Fwp%2Fv2%2Fcomments&post=9521"}],"version-history":[{"count":0,"href":"https:\/\/thomasvino.ch\/index.php?rest_route=\/wp\/v2\/posts\/9521\/revisions"}],"wp:attachment":[{"href":"https:\/\/thomasvino.ch\/index.php?rest_route=%2Fwp%2Fv2%2Fmedia&parent=9521"}],"wp:term":[{"taxonomy":"category","embeddable":true,"href":"https:\/\/thomasvino.ch\/index.php?rest_route=%2Fwp%2Fv2%2Fcategories&post=9521"},{"taxonomy":"post_tag","embeddable":true,"href":"https:\/\/thomasvino.ch\/index.php?rest_route=%2Fwp%2Fv2%2Ftags&post=9521"}],"curies":[{"name":"wp","href":"https:\/\/api.w.org\/{rel}","templated":true}]}}