{"id":9570,"date":"2005-01-16T21:11:00","date_gmt":"2005-01-16T21:11:00","guid":{"rendered":"http:\/\/localhost\/thomasvino\/?p=9570"},"modified":"2005-01-16T21:11:00","modified_gmt":"2005-01-16T21:11:00","slug":"limage-floue-des-blancs-dalsace","status":"publish","type":"post","link":"https:\/\/thomasvino.ch\/?p=9570","title":{"rendered":"L&rsquo;image floue des blancs d&rsquo;Alsace"},"content":{"rendered":"<div style=\"text-align: justify;\"><font size=\"4\"><span style=\"font-weight: bold;\">L\u2019image floue des vins d\u2019Alsace<\/span><\/font><br style=\"font-weight: bold;\"> <span style=\"font-weight: bold;\">Plus vaste r\u00e9gion fran\u00e7aise \u00e0 produire des vins blancs secs et aromatiques, l\u2019Alsace a affaire \u00e0 la forte concurrence locale du chasselas, en Suisse. Le bilan de notre banc d\u2019essai est en demi-teinte, pour des vins communs.<\/span><br \/> <span style=\"font-style: italic;\">Par Pierre Thomas<\/span><br \/> Selon les douanes fran\u00e7aises, en 2003, la Suisse a import\u00e9 90% de vins blancs d\u2019Alsace. Le gewurztraminer vient en t\u00eate avec 74% des importations, devant le riesling, 11%, le pinot blanc 2% et 13% pour les neuf autres c\u00e9pages autoris\u00e9s en Alsace (dont le sylvaner et le chasselas, tous deux en perte de vitesse). A ras les rayons des grandes surfaces, la diversit\u00e9 est limit\u00e9e: la plupart des magasins se contentent d\u2019un riesling et d\u2019un gewurz\u2019 de la m\u00eame maison, en l\u2019occurrence des coop\u00e9ratives (elles sont dix-sept qui \u00e9coulent 35% de la production alsacienne). Pas \u00e9tonnant donc de trouver group\u00e9es dans une fourchette \u00e9troite les m\u00eames \u00e9laborateurs. Les mill\u00e9simes jouent aussi un r\u00f4le : 2001 \u00e9tait l\u00e9ger, friand; 2002 marqu\u00e9 par la pluie et la dilution et 2003 par la canicule, engendrant des vins lourds, parfois \u00abam\u00e9lior\u00e9s\u00bb par ajout non de sucre (l\u2019Alsace tol\u00e8re la chaptalisation m\u00eame pour ses grands crus \u2014 lire ci-contre), mais d\u2019acide tartrique.<br \/> <span style=\"font-weight: bold;\">Le meilleur en achat direct<\/span><br \/> Son meilleur c\u00f4t\u00e9, l\u2019Alsace le pr\u00e9sente sous forme de carte postale. Une image d\u2019Epinal qui prend tout son sens pour les Suisses: long de 100 km, de la fronti\u00e8re b\u00e2loise \u00e0 Strasbourg, le coteau sous-vosgien \u00e9gr\u00e8ne ses beaux villages et ses opulentes auberges, qui sont aussi, tels Riquewihr, Eguisheim ou Ribeauvill\u00e9, ses grands terroirs. Sur place, les Suisses ach\u00e8tent les meilleurs vins directement chez les producteurs (950 vignerons-encaveurs qui \u00e9coulent 22% de la production). De fait, l\u2019importation des vins alsaciens en Suisse par les grands distributeurs n\u2019a d\u00e9marr\u00e9 qu\u2019\u00e0 partir de la lib\u00e9ralisation, en 2001. Sur ces dix derni\u00e8res ann\u00e9es, l\u2019importation se situait plus souvent autour de 300&#39;000 litres, avec une pointe \u00e0 500&#39;000 litres en 1997 (pour une valeur de 3 millions de francs suisses). Depuis 2001, le volume est pass\u00e9 \u00e0 600&#39;000 litres par an pour 4 millions de francs. Entre une client\u00e8le de caves priv\u00e9es difficile \u00e0 quantifier et des exportations encore faibles, Jean-Louis Vezien, le directeur du Comit\u00e9 interprofessionnel des vins d\u2019Alsace, parle d\u2019un march\u00e9 suisse o\u00f9 \u00abla vision n\u2019est pas claire\u00bb. Mais les Alsaciens ont d\u00e9bloqu\u00e9 un budget de 45&#39;000 francs suisses, en 2004, pour am\u00e9liorer leur image aupr\u00e8s des consommateurs suisses\u2026<br \/> <span style=\"font-weight: bold;\">Etiquettes fantaisistes<\/span><br \/> L\u2019image des vins d\u2019Alsace est \u00e9galement floue parce qu\u2019il est difficile de savoir ce qui se cache derri\u00e8re l\u2019\u00e9tiquette, qui abuse souvent de noms pompeux sans signification qualitative (type \u00abcuv\u00e9e r\u00e9serv\u00e9e\u00bb). Nagu\u00e8re secs, vifs et fruit\u00e9s, les blancs alsaciens sont devenus puissants, charpent\u00e9s, voire demi-doux. Une l\u00e9gislation va prochainement obliger les producteurs \u00e0 pr\u00e9ciser sur l\u2019\u00e9tiquette qu\u2019un vin est \u00abmoelleux\u00bb, quand son sucre r\u00e9siduel d\u00e9passe une dizaine de grammes, en rapport avec l\u2019acidit\u00e9 du vin. Mais les vignerons peuvent aussi r\u00e9colter leurs raisins en deux temps : une vendange classique pour les vins standard et une plus tardive pour les vins liquoreux. \u00ab2004 se pr\u00eate parfaitement \u00e0 cet exercice et nous avons \u00e9mis des recommandations dans ce sens\u00bb, assure Jean-Louis Vezien. <\/p>\n<p> <font size=\"4\"><span style=\"font-weight: bold; font-style: italic;\">Eclairage<\/span><br style=\"font-weight: bold;\"> <span style=\"font-weight: bold;\">Une r\u00e9gion \u00e0 la suisse<\/span><\/font><br \/> L\u2019Alsace ressemble un peu \u00e0 la Suisse : les deux vignobles \u00abnordiques\u00bbsont \u00e9gaux en surface (15&#39;000 ha), mais en Alsace, 90% des vins sont blancs, contre moins de 50% d\u00e9sormais en Suisse. Les rendements oscillent entre 55 hl\/ha, pour les grands crus, et 88 hl\/ha pour l\u2019AOC, des ratios jug\u00e9s souvent exag\u00e9r\u00e9s. Ainsi, Bernard Burtschy \u00e9crit dans le \u00abGuide GaultMillau des vins 2005\u00bb que \u00able partage s\u2019effectue entre les rendements raisonnables et la vendange manuelle, et une production pl\u00e9thorique trait\u00e9e comme du ma\u00efs\u00bb. Sur 120 millions de litres produits en 2002, un trenti\u00e8me (4,3 millions) l\u2019\u00e9taient en Grand Cru, dont les 25 premiers ont \u00e9t\u00e9 promus il y a trente ans, suivis par 25 autres en 1990. Certains jugent ce d\u00e9coupage trop g\u00e9n\u00e9reux\u2026 Le sommet de la pyramide est constitu\u00e9 par des \u00abvendanges tardives\u00bb, des vins riches en sucrosit\u00e9 naturelle, et des \u00abs\u00e9lections de grains nobles\u00bb, tirant profit du \u00abbotrytis cinerea\u00bb. Ces deux cat\u00e9gories de liquoreux, reconnues il y a vingt ans, ont tir\u00e9 la r\u00e9putation des vins alsaciens vers le haut de gamme, pay\u00e9 (tr\u00e8s) cher par le consommateur. <\/p>\n<p> <span style=\"font-style: italic;\">Paru dans Tout Compte Fait, en octobre 2004.<\/span> <\/div>\n","protected":false},"excerpt":{"rendered":"<p>L\u2019image floue des vins d\u2019Alsace Plus vaste r\u00e9gion fran\u00e7aise \u00e0 produire des vins blancs secs et aromatiques, l\u2019Alsace a affaire \u00e0 la forte concurrence locale du chasselas, en Suisse. Le bilan de notre banc d\u2019essai est en demi-teinte, pour des vins communs. Par Pierre Thomas Selon les douanes fran\u00e7aises, en 2003, la Suisse a import\u00e9 [&hellip;]<\/p>\n","protected":false},"author":3,"featured_media":0,"comment_status":"closed","ping_status":"open","sticky":false,"template":"","format":"standard","meta":{"_monsterinsights_skip_tracking":false,"_monsterinsights_sitenote_active":false,"_monsterinsights_sitenote_note":"","_monsterinsights_sitenote_category":0,"jetpack_post_was_ever_published":false,"jetpack_publicize_message":"","jetpack_is_tweetstorm":false,"jetpack_publicize_feature_enabled":true,"jetpack_social_post_already_shared":false,"jetpack_social_options":{"image_generator_settings":{"template":"highway","enabled":false}}},"categories":[16],"tags":[],"jetpack_publicize_connections":[],"yoast_head":"<!-- This site is optimized with the Yoast SEO plugin v20.6 - https:\/\/yoast.com\/wordpress\/plugins\/seo\/ -->\n<title>L&#039;image floue des blancs d&#039;Alsace - thomasvino<\/title>\n<meta name=\"robots\" content=\"index, follow, max-snippet:-1, max-image-preview:large, max-video-preview:-1\" \/>\n<link rel=\"canonical\" href=\"https:\/\/thomasvino.ch\/?p=9570\" \/>\n<meta property=\"og:locale\" content=\"fr_FR\" \/>\n<meta property=\"og:type\" content=\"article\" \/>\n<meta property=\"og:title\" content=\"L&#039;image floue des blancs d&#039;Alsace - thomasvino\" \/>\n<meta property=\"og:description\" content=\"L\u2019image floue des vins d\u2019Alsace Plus vaste r\u00e9gion fran\u00e7aise \u00e0 produire des vins blancs secs et aromatiques, l\u2019Alsace a affaire \u00e0 la forte concurrence locale du chasselas, en Suisse. Le bilan de notre banc d\u2019essai est en demi-teinte, pour des vins communs. Par Pierre Thomas Selon les douanes fran\u00e7aises, en 2003, la Suisse a import\u00e9 [&hellip;]\" \/>\n<meta property=\"og:url\" content=\"https:\/\/thomasvino.ch\/?p=9570\" \/>\n<meta property=\"og:site_name\" content=\"thomasvino\" \/>\n<meta property=\"article:published_time\" content=\"2005-01-16T21:11:00+00:00\" \/>\n<meta name=\"author\" content=\"Pierre Thomas\" \/>\n<meta name=\"twitter:label1\" content=\"\u00c9crit par\" \/>\n\t<meta name=\"twitter:data1\" content=\"Pierre Thomas\" \/>\n\t<meta name=\"twitter:label2\" content=\"Dur\u00e9e de lecture estim\u00e9e\" \/>\n\t<meta name=\"twitter:data2\" content=\"4 minutes\" \/>\n<script type=\"application\/ld+json\" class=\"yoast-schema-graph\">{\"@context\":\"https:\/\/schema.org\",\"@graph\":[{\"@type\":\"WebPage\",\"@id\":\"https:\/\/thomasvino.ch\/?p=9570\",\"url\":\"https:\/\/thomasvino.ch\/?p=9570\",\"name\":\"L'image floue des blancs d'Alsace - thomasvino\",\"isPartOf\":{\"@id\":\"https:\/\/thomasvino.ch\/#website\"},\"datePublished\":\"2005-01-16T21:11:00+00:00\",\"dateModified\":\"2005-01-16T21:11:00+00:00\",\"author\":{\"@id\":\"https:\/\/thomasvino.ch\/#\/schema\/person\/670bf4486fe81152cf1d68bd585e062e\"},\"breadcrumb\":{\"@id\":\"https:\/\/thomasvino.ch\/?p=9570#breadcrumb\"},\"inLanguage\":\"fr-FR\",\"potentialAction\":[{\"@type\":\"ReadAction\",\"target\":[\"https:\/\/thomasvino.ch\/?p=9570\"]}]},{\"@type\":\"BreadcrumbList\",\"@id\":\"https:\/\/thomasvino.ch\/?p=9570#breadcrumb\",\"itemListElement\":[{\"@type\":\"ListItem\",\"position\":1,\"name\":\"Accueil\",\"item\":\"https:\/\/thomasvino.ch\/\"},{\"@type\":\"ListItem\",\"position\":2,\"name\":\"L&rsquo;image floue des blancs d&rsquo;Alsace\"}]},{\"@type\":\"WebSite\",\"@id\":\"https:\/\/thomasvino.ch\/#website\",\"url\":\"https:\/\/thomasvino.ch\/\",\"name\":\"thomasvino\",\"description\":\"Vins &amp; Gastronomie\",\"potentialAction\":[{\"@type\":\"SearchAction\",\"target\":{\"@type\":\"EntryPoint\",\"urlTemplate\":\"https:\/\/thomasvino.ch\/?s={search_term_string}\"},\"query-input\":\"required name=search_term_string\"}],\"inLanguage\":\"fr-FR\"},{\"@type\":\"Person\",\"@id\":\"https:\/\/thomasvino.ch\/#\/schema\/person\/670bf4486fe81152cf1d68bd585e062e\",\"name\":\"Pierre Thomas\",\"image\":{\"@type\":\"ImageObject\",\"inLanguage\":\"fr-FR\",\"@id\":\"https:\/\/thomasvino.ch\/#\/schema\/person\/image\/\",\"url\":\"https:\/\/secure.gravatar.com\/avatar\/91fd5a76647f140e53db987a0dead4d7?s=96&d=mm&r=g\",\"contentUrl\":\"https:\/\/secure.gravatar.com\/avatar\/91fd5a76647f140e53db987a0dead4d7?s=96&d=mm&r=g\",\"caption\":\"Pierre Thomas\"},\"url\":\"https:\/\/thomasvino.ch\/?author=3\"}]}<\/script>\n<!-- \/ Yoast SEO plugin. -->","yoast_head_json":{"title":"L'image floue des blancs d'Alsace - thomasvino","robots":{"index":"index","follow":"follow","max-snippet":"max-snippet:-1","max-image-preview":"max-image-preview:large","max-video-preview":"max-video-preview:-1"},"canonical":"https:\/\/thomasvino.ch\/?p=9570","og_locale":"fr_FR","og_type":"article","og_title":"L'image floue des blancs d'Alsace - thomasvino","og_description":"L\u2019image floue des vins d\u2019Alsace Plus vaste r\u00e9gion fran\u00e7aise \u00e0 produire des vins blancs secs et aromatiques, l\u2019Alsace a affaire \u00e0 la forte concurrence locale du chasselas, en Suisse. Le bilan de notre banc d\u2019essai est en demi-teinte, pour des vins communs. Par Pierre Thomas Selon les douanes fran\u00e7aises, en 2003, la Suisse a import\u00e9 [&hellip;]","og_url":"https:\/\/thomasvino.ch\/?p=9570","og_site_name":"thomasvino","article_published_time":"2005-01-16T21:11:00+00:00","author":"Pierre Thomas","twitter_misc":{"\u00c9crit par":"Pierre Thomas","Dur\u00e9e de lecture estim\u00e9e":"4 minutes"},"schema":{"@context":"https:\/\/schema.org","@graph":[{"@type":"WebPage","@id":"https:\/\/thomasvino.ch\/?p=9570","url":"https:\/\/thomasvino.ch\/?p=9570","name":"L'image floue des blancs d'Alsace - thomasvino","isPartOf":{"@id":"https:\/\/thomasvino.ch\/#website"},"datePublished":"2005-01-16T21:11:00+00:00","dateModified":"2005-01-16T21:11:00+00:00","author":{"@id":"https:\/\/thomasvino.ch\/#\/schema\/person\/670bf4486fe81152cf1d68bd585e062e"},"breadcrumb":{"@id":"https:\/\/thomasvino.ch\/?p=9570#breadcrumb"},"inLanguage":"fr-FR","potentialAction":[{"@type":"ReadAction","target":["https:\/\/thomasvino.ch\/?p=9570"]}]},{"@type":"BreadcrumbList","@id":"https:\/\/thomasvino.ch\/?p=9570#breadcrumb","itemListElement":[{"@type":"ListItem","position":1,"name":"Accueil","item":"https:\/\/thomasvino.ch\/"},{"@type":"ListItem","position":2,"name":"L&rsquo;image floue des blancs d&rsquo;Alsace"}]},{"@type":"WebSite","@id":"https:\/\/thomasvino.ch\/#website","url":"https:\/\/thomasvino.ch\/","name":"thomasvino","description":"Vins &amp; Gastronomie","potentialAction":[{"@type":"SearchAction","target":{"@type":"EntryPoint","urlTemplate":"https:\/\/thomasvino.ch\/?s={search_term_string}"},"query-input":"required name=search_term_string"}],"inLanguage":"fr-FR"},{"@type":"Person","@id":"https:\/\/thomasvino.ch\/#\/schema\/person\/670bf4486fe81152cf1d68bd585e062e","name":"Pierre Thomas","image":{"@type":"ImageObject","inLanguage":"fr-FR","@id":"https:\/\/thomasvino.ch\/#\/schema\/person\/image\/","url":"https:\/\/secure.gravatar.com\/avatar\/91fd5a76647f140e53db987a0dead4d7?s=96&d=mm&r=g","contentUrl":"https:\/\/secure.gravatar.com\/avatar\/91fd5a76647f140e53db987a0dead4d7?s=96&d=mm&r=g","caption":"Pierre Thomas"},"url":"https:\/\/thomasvino.ch\/?author=3"}]}},"jetpack_featured_media_url":"","jetpack_sharing_enabled":true,"jetpack_shortlink":"https:\/\/wp.me\/p3m4tZ-2um","jetpack_likes_enabled":false,"jetpack-related-posts":[{"id":16366,"url":"https:\/\/thomasvino.ch\/?p=16366","url_meta":{"origin":9570,"position":0},"title":"Strasbourg\u00a0: un concours qui voit tout blanc\u00a0!","date":"12 f\u00e9vrier 2020","format":false,"excerpt":"La m\u00e9tropole alsacienne se replace dans le calendrier des concours internationaux, plus tard, quasi au d\u00e9but de l\u2019\u00e9t\u00e9, le dimanche 14 et le lundi 15 juin. Et sous le nom de \u00abLe Mondial des vins blancs, Strasbourg\u00bb, entend s\u2019\u00e9largir \u00e0 tous les c\u00e9pages blancs\u2026 apr\u00e8s une vingtaine d\u2019ann\u00e9es o\u00f9 il\u2026","rel":"","context":"Dans &quot;Actus - News&quot;","img":{"alt_text":"","src":"","width":0,"height":0},"classes":[]},{"id":9534,"url":"https:\/\/thomasvino.ch\/?p=9534","url_meta":{"origin":9570,"position":1},"title":"Strasbourg, capitale mondiales des vins blancs","date":"14 f\u00e9vrier 2013","format":false,"excerpt":"Strasbourg, capitale des vins blancs Un concours d\u00e9di\u00e9 au sylvaner Voil\u00e0 qui devrait int\u00e9resser les Valaisans et leur Johannisberg\u00a0: pour la premi\u00e8re fois, cette ann\u00e9e, Strasbourg organise un concours qui lui est d\u00e9di\u00e9. En parall\u00e8le de Riesling du Monde (16\u00e8me \u00e9dition), Pinot Gris du Monde (8\u00e8me \u00e9dition) et Gewurztraminer (6\u00e8me\u2026","rel":"","context":"Dans &quot;Actus - News&quot;","img":{"alt_text":"","src":"","width":0,"height":0},"classes":[]},{"id":11805,"url":"https:\/\/thomasvino.ch\/?p=11805","url_meta":{"origin":9570,"position":2},"title":"Concours et salon  Strasbourg, capitale des blancs en avril","date":"3 mars 2014","format":false,"excerpt":"Les 12 et 13 avril, au Palais des Congr\u00e8s de Strasbourg, se tiendront les Grands Concours du Monde, r\u00e9serv\u00e9s aux vins blancs. Un cinqui\u00e8me c\u00e9page,\u00a0le pinot blanc, s\u2019ajoute cette ann\u00e9e aux quatre premiers. Le riesling en est \u00e0 sa dix-septi\u00e8me participation, le pinot gris, \u00e0 sa neuvi\u00e8me, le gewurztraminer \u00e0\u2026","rel":"","context":"Dans &quot;Actus - News&quot;","img":{"alt_text":"","src":"","width":0,"height":0},"classes":[]},{"id":9744,"url":"https:\/\/thomasvino.ch\/?p=9744","url_meta":{"origin":9570,"position":3},"title":"Des blancs espagnols en \u00e9vidence","date":"26 avril 2006","format":false,"excerpt":"(Paru dans \u00abTout Compte Fait\u00bb de mars 2006) Vins blancs de supermarch\u00e9s: ol\u00e9\u00a0! Qui l\u2019e\u00fbt cru\u00a0? Dans les supermarch\u00e9s, les blancs espagnols font des ravages. Les Suisses essaient de r\u00e9gater, en vain, en-dehors de leur chasselas, chasse gard\u00e9e. Il y a vingt ans, personne n\u2019e\u00fbt pari\u00e9 une peseta sur les\u2026","rel":"","context":"Dans &quot;Conso&quot;","img":{"alt_text":"","src":"","width":0,"height":0},"classes":[]},{"id":10481,"url":"https:\/\/thomasvino.ch\/?p=10481","url_meta":{"origin":9570,"position":4},"title":"L\u2019Alsace en pleine effervescence","date":"15 avril 2013","format":false,"excerpt":"Ca n\u2019est pas un jeu de mots sur l\u2019importance croissante du \u00abcr\u00e9mant d\u2019Alsace\u00bb, mousseux industriel d\u2019assemblage et de la faillite r\u00e9cente d\u2019un de ses principaux \u00e9laborateurs (Lucien Albrecht SA), mais cette r\u00e9gion viticole est en plein d\u00e9bat identitaire, agit\u00e9 par le blog groupealsace2015.com. Juste de l\u2019autre c\u00f4t\u00e9 de la fronti\u00e8re\u2026","rel":"","context":"Dans &quot;Actualit\u00e9s&quot;","img":{"alt_text":"L'Alsace, c'est d'abord des vins de c\u00c3\u00a9pages... blancs (photo thomasvino).","src":"https:\/\/i0.wp.com\/www.thomasvino.ch\/wp\/wp-content\/uploads\/2013\/04\/alsace_pblanc-1024x680.jpg?resize=350%2C200","width":350,"height":200},"classes":[]},{"id":8833,"url":"https:\/\/thomasvino.ch\/?p=8833","url_meta":{"origin":9570,"position":5},"title":"Banc d&rsquo;essai des chasselas 2003","date":"11 janvier 2005","format":false,"excerpt":"Chasselas: un tierc\u00e9 vaudoisVerdict de notre \u00abbanc d'essai\u00bb sur le vin blanc toujours le plus bu des Helv\u00e8tes: trois crus vaudois en t\u00eate! Rien d'\u00e9tonnant, puisque le Pays de Vaud est devenu le \u00abr\u00e9duit national\u00bb de ce c\u00e9page, romand par excellence. La preuve par les chiffres.Par Pierre ThomasUne pr\u00e9cision d'entr\u00e9e\u2026","rel":"","context":"Dans &quot;Conso&quot;","img":{"alt_text":"","src":"","width":0,"height":0},"classes":[]}],"_links":{"self":[{"href":"https:\/\/thomasvino.ch\/index.php?rest_route=\/wp\/v2\/posts\/9570"}],"collection":[{"href":"https:\/\/thomasvino.ch\/index.php?rest_route=\/wp\/v2\/posts"}],"about":[{"href":"https:\/\/thomasvino.ch\/index.php?rest_route=\/wp\/v2\/types\/post"}],"author":[{"embeddable":true,"href":"https:\/\/thomasvino.ch\/index.php?rest_route=\/wp\/v2\/users\/3"}],"replies":[{"embeddable":true,"href":"https:\/\/thomasvino.ch\/index.php?rest_route=%2Fwp%2Fv2%2Fcomments&post=9570"}],"version-history":[{"count":0,"href":"https:\/\/thomasvino.ch\/index.php?rest_route=\/wp\/v2\/posts\/9570\/revisions"}],"wp:attachment":[{"href":"https:\/\/thomasvino.ch\/index.php?rest_route=%2Fwp%2Fv2%2Fmedia&parent=9570"}],"wp:term":[{"taxonomy":"category","embeddable":true,"href":"https:\/\/thomasvino.ch\/index.php?rest_route=%2Fwp%2Fv2%2Fcategories&post=9570"},{"taxonomy":"post_tag","embeddable":true,"href":"https:\/\/thomasvino.ch\/index.php?rest_route=%2Fwp%2Fv2%2Ftags&post=9570"}],"curies":[{"name":"wp","href":"https:\/\/api.w.org\/{rel}","templated":true}]}}