{"id":9585,"date":"2005-01-19T19:14:00","date_gmt":"2005-01-19T19:14:00","guid":{"rendered":"http:\/\/localhost\/thomasvino\/?p=9585"},"modified":"2005-01-19T19:14:00","modified_gmt":"2005-01-19T19:14:00","slug":"valais-aoste-ou-sierre-capitale-des-vins-de-montagne","status":"publish","type":"post","link":"https:\/\/thomasvino.ch\/?p=9585","title":{"rendered":"Valais \u2014 Aoste ou Sierre capitale des vins de montagne?"},"content":{"rendered":"<div style=\"text-align: justify;\"><font size=\"5\"><span style=\"font-weight: bold;\">Sierre, capitale du vin, mais d&#39;o\u00f9?<\/span><\/font><br style=\"font-weight: bold;\"> <span style=\"font-weight: bold;\">Les sixi\u00e8mes rencontres vinicoles de Sierre ont eu lieu le week-end pass\u00e9. En vedette, le \u00abMondial\u00bb du pinot noir et les vins de montagne.<\/span><br \/> <span style=\"font-style: italic;\">Par Pierre Thomas<\/span><br \/> C&#39;est, d\u00e9sormais, un rendez-vous annuel que l&#39;on qualifiera d&#39;\u00abincontournable\u00bb: les rencontres vinicoles de Sierre allient l&#39;esprit festif d&#39;une d\u00e9gustation publique \u00e0 ciel ouvert dans l&#39;avenue principale de la \u00abcit\u00e9 du soleil\u00bb et des r\u00e9unions de prestige autour de th\u00e8mes plus confidentiels, qui int\u00e9ressent \u0153nophiles et \u0153nologues. Par exemple, cette ann\u00e9e, la Soci\u00e9t\u00e9 suisse des exportateurs (SWEA), avec les fr\u00e8res Rouvinez, de la Colline de G\u00e9ronde, invitaient une brochette de journalistes \u00e9trangers pour appr\u00e9cier des flacons de vieux mill\u00e9simes, h\u00e9ritage de la maison Orsat, \u00e0 Martigny, que la famille sierroise a rachet\u00e9e.<br \/> <span style=\"font-weight: bold;\">L&#39;\u00e9chelon manquant<\/span><br \/> Ca n&#39;\u00e9tait pas la seule ouverture sur l&#39;\u00e9tranger. B\u00e9n\u00e9ficiant du patronage de l&#39;Office international de la vigne et du vin (OIV), le concours des vins a pris du galon: il se proclame d\u00e9sormais \u00abMondial du pinot noir\u00bb. Au total, 525 vins ont \u00e9t\u00e9 pr\u00e9sent\u00e9s, avec 18% d&#39;\u00e9trangers, en progression, 37% de valaisans, o\u00f9 le pinot noir reste solidement accroch\u00e9 aux pentes et terrasses, et 45% de vins suisses.<br \/> Entre la \u00abvitrine des vins valaisans\u00bb et la \u00abmondialisation\u00bb de la comp\u00e9tition, la seule chose qu&#39;on pourrait reprocher \u00e0 la manifestation sierroise, c&#39;est d&#39;ignorer l&#39;\u00e9chelon interm\u00e9diaire. Les Vaudois et les Romands en g\u00e9n\u00e9ral ont de la peine \u00e0 consid\u00e9rer Sierre comme une destination, un mois avant les vendanges. Dommage! Et les organisateurs sierrois ne font pas grand&#39;chose pour attirer ce public potentiel.<br \/> <span style=\"font-weight: bold;\">Quels vins de quelles montagnes?<\/span><br \/> L&#39;autre signe d&#39;ouverture, c&#39;est la session qu&#39;a tenue, la semaine pass\u00e9e, le CERVIM (Centre de recherches, d&#39;\u00e9tudes et de valorisation de la viticulture de montagne). L&#39;enthousiasme des Italiens pour la d\u00e9fense des \u00abvins de montagne\u00bb ne les soul\u00e8vent gu\u00e8re au nord des Alpes&#8230; Les Valaisans, cultivant l&#39;image d&#39;une Californie de l&#39;Europe, au climat certes alpin, o\u00f9 les coteaux sont compl\u00e9t\u00e9s par une plaine ind\u00e9niable, d\u00e9daignent d&#39;\u00eatre class\u00e9s dans cette \u00abviticulture h\u00e9ro\u00efque\u00bb, comme la nomme un professeur italien.<br \/> La notion de \u00abvin de montagne\u00bb a, du reste, \u00e9t\u00e9 notablement \u00e9largie: il s&#39;agit de vins provenant de vignes cultiv\u00e9es \u00e0 plus de 300 m. d&#39;altitude (donc presque partout en Suisse!) ou dans des pentes de plus de 30%. Sur les 200&#39;000 ha de vignes r\u00e9pondant \u00e0 ces crit\u00e8res (soit 5% de la surface europ\u00e9enne&#8230;), l&#39;Italie en revendique 93&#39;000, l&#39;Autriche 31&#39;000, l&#39;Allemagne 23&#39;000, la France 12&#39;000, le Portugal 6&#39;000 et la Suisse 3&#39;800. Les Vaudois de Lavaux pourraient pr\u00e9senter leurs vins au concours d&#39;Aoste (voir encadr\u00e9). Mais, ironise un producteur valaisan, on verrait mal les \u00abseigneurs du D\u00e9zaley\u00bb s&#39;accommoder de l&#39;\u00e9tiquette de \u00abvin de montagne\u00bb qui  longtemps en Suisse a qualifi\u00e9 sous le vocable de \u00abmontagne sup\u00e9rieur\u00bb, le pire des vins de table&#8230; <br \/> <span style=\"font-weight: bold;\">L&#39;Europe hors-jeu<\/span><br \/> L&#39;enjeu de la viticulture de montagne tourne autour d&#39;une \u00abexception\u00bb culturale et culturelle que ces vignobles entendent d\u00e9fendre dans l&#39;Europe communautaire, avec des subventions \u00e0 la cl\u00e9. Vu de Suisse, le CERVIM, bas\u00e9 en Vall\u00e9e d&#39;Aoste, auquel l&#39;Etat du Valais a d\u00e9cid\u00e9 d&#39;adh\u00e9rer cette ann\u00e9e, ne pr\u00e9sente pas le m\u00eame int\u00e9r\u00eat. Le \u00absondernfall\u00bb helv\u00e9tique a, du reste, caus\u00e9 une d\u00e9sillusion: pour des raisons douani\u00e8res, les bouteilles prim\u00e9es \u00e0 Aoste n&#39;ont pu \u00eatre que vues et non bues \u00e0 Sierre! Pleines elles \u00e9taient entr\u00e9es en Suisse, pleines elles devaient retourner en Italie. <\/p>\n<p> <font size=\"4\"><span style=\"font-weight: bold; font-style: italic;\">Eclairage<\/span><br style=\"font-weight: bold;\"> <span style=\"font-weight: bold;\">Deux concours, deux impacts<\/span><\/font><br \/> Sous l&#39;\u0153il expert de Mike Favre, secr\u00e9taire de l&#39;Union internationale des \u0153nologues, le \u00abMondial du pinot noir\u00bb vise la reconnaissance internationale. Sur 525 vins pr\u00e9sent\u00e9s, un jury de plus en plus professionnel a attribu\u00e9 24 \u00abC\u00e9pages d&#39;or\u00bb. <br \/> Pour la Suisse, la Thurgovie a fait tr\u00e8s fort, avec 4 distinctions, autant pour les Grisons et 6 pour le Valais (qui pr\u00e9sentaient plus de vins), 2 pour Argovie, 1 pour Schaffhouse. Ni pinot vaudois, ni neuch\u00e2telois&#8230; L&#39;Argentine, l&#39;Autriche, la Bourgogne, l&#39;Italie (avec deux pinots du Haut-Adige), le Luxembourg et les Etats-Unis compl\u00e8tent le palmar\u00e8s. 133 vins ont obtenu un accesit, un dipl\u00f4me d&#39;argent, portant \u00e0 33% le nombre des vins prim\u00e9s, en conformit\u00e9 des normes de l&#39;OIV. <br \/> A Aoste, pour le m\u00eame nombre de vins pr\u00e9sent\u00e9s (539), les m\u00e9dailles d&#39;or sont pr\u00e8s de trois fois plus nombreuses qu&#39;\u00e0 Sierre (66). Cinq blancs, tous du Haut-Valais, sept merlots tessinois (dont 4 de la Cantina Giubiasco) et six rouges valaisans d\u00e9crochent la distinction supr\u00eame. Ensuite, c&#39;est l&#39;inflation des m\u00e9dailles d&#39;argent (234) et de bronze (191), portant \u00e0 91% le taux des vins prim\u00e9s&#8230; <\/p>\n<p> <span style=\"font-style: italic;\">Article paru dans H\u00f4tel+Tourismus Revue en septembre 1999.<\/span><\/div>\n","protected":false},"excerpt":{"rendered":"<p>Sierre, capitale du vin, mais d&#39;o\u00f9? Les sixi\u00e8mes rencontres vinicoles de Sierre ont eu lieu le week-end pass\u00e9. En vedette, le \u00abMondial\u00bb du pinot noir et les vins de montagne. Par Pierre Thomas C&#39;est, d\u00e9sormais, un rendez-vous annuel que l&#39;on qualifiera d&#39;\u00abincontournable\u00bb: les rencontres vinicoles de Sierre allient l&#39;esprit festif d&#39;une d\u00e9gustation publique \u00e0 ciel [&hellip;]<\/p>\n","protected":false},"author":3,"featured_media":0,"comment_status":"closed","ping_status":"open","sticky":false,"template":"","format":"standard","meta":{"_monsterinsights_skip_tracking":false,"_monsterinsights_sitenote_active":false,"_monsterinsights_sitenote_note":"","_monsterinsights_sitenote_category":0,"jetpack_post_was_ever_published":false,"jetpack_publicize_message":"","jetpack_is_tweetstorm":false,"jetpack_publicize_feature_enabled":true,"jetpack_social_post_already_shared":false,"jetpack_social_options":{"image_generator_settings":{"template":"highway","enabled":false}}},"categories":[3],"tags":[],"jetpack_publicize_connections":[],"yoast_head":"<!-- This site is optimized with the Yoast SEO plugin v20.6 - https:\/\/yoast.com\/wordpress\/plugins\/seo\/ -->\n<title>Valais \u2014 Aoste ou Sierre capitale des vins de montagne? - thomasvino<\/title>\n<meta name=\"robots\" content=\"index, follow, max-snippet:-1, max-image-preview:large, max-video-preview:-1\" \/>\n<link rel=\"canonical\" href=\"https:\/\/thomasvino.ch\/?p=9585\" \/>\n<meta property=\"og:locale\" content=\"fr_FR\" \/>\n<meta property=\"og:type\" content=\"article\" \/>\n<meta property=\"og:title\" content=\"Valais \u2014 Aoste ou Sierre capitale des vins de montagne? - thomasvino\" \/>\n<meta property=\"og:description\" content=\"Sierre, capitale du vin, mais d&#039;o\u00f9? Les sixi\u00e8mes rencontres vinicoles de Sierre ont eu lieu le week-end pass\u00e9. En vedette, le \u00abMondial\u00bb du pinot noir et les vins de montagne. Par Pierre Thomas C&#039;est, d\u00e9sormais, un rendez-vous annuel que l&#039;on qualifiera d&#039;\u00abincontournable\u00bb: les rencontres vinicoles de Sierre allient l&#039;esprit festif d&#039;une d\u00e9gustation publique \u00e0 ciel [&hellip;]\" \/>\n<meta property=\"og:url\" content=\"https:\/\/thomasvino.ch\/?p=9585\" \/>\n<meta property=\"og:site_name\" content=\"thomasvino\" \/>\n<meta property=\"article:published_time\" content=\"2005-01-19T19:14:00+00:00\" \/>\n<meta name=\"author\" content=\"Pierre Thomas\" \/>\n<meta name=\"twitter:label1\" content=\"\u00c9crit par\" \/>\n\t<meta name=\"twitter:data1\" content=\"Pierre Thomas\" \/>\n\t<meta name=\"twitter:label2\" content=\"Dur\u00e9e de lecture estim\u00e9e\" \/>\n\t<meta name=\"twitter:data2\" content=\"4 minutes\" \/>\n<script type=\"application\/ld+json\" class=\"yoast-schema-graph\">{\"@context\":\"https:\/\/schema.org\",\"@graph\":[{\"@type\":\"WebPage\",\"@id\":\"https:\/\/thomasvino.ch\/?p=9585\",\"url\":\"https:\/\/thomasvino.ch\/?p=9585\",\"name\":\"Valais \u2014 Aoste ou Sierre capitale des vins de montagne? - thomasvino\",\"isPartOf\":{\"@id\":\"https:\/\/thomasvino.ch\/#website\"},\"datePublished\":\"2005-01-19T19:14:00+00:00\",\"dateModified\":\"2005-01-19T19:14:00+00:00\",\"author\":{\"@id\":\"https:\/\/thomasvino.ch\/#\/schema\/person\/670bf4486fe81152cf1d68bd585e062e\"},\"breadcrumb\":{\"@id\":\"https:\/\/thomasvino.ch\/?p=9585#breadcrumb\"},\"inLanguage\":\"fr-FR\",\"potentialAction\":[{\"@type\":\"ReadAction\",\"target\":[\"https:\/\/thomasvino.ch\/?p=9585\"]}]},{\"@type\":\"BreadcrumbList\",\"@id\":\"https:\/\/thomasvino.ch\/?p=9585#breadcrumb\",\"itemListElement\":[{\"@type\":\"ListItem\",\"position\":1,\"name\":\"Accueil\",\"item\":\"https:\/\/thomasvino.ch\/\"},{\"@type\":\"ListItem\",\"position\":2,\"name\":\"Valais \u2014 Aoste ou Sierre capitale des vins de montagne?\"}]},{\"@type\":\"WebSite\",\"@id\":\"https:\/\/thomasvino.ch\/#website\",\"url\":\"https:\/\/thomasvino.ch\/\",\"name\":\"thomasvino\",\"description\":\"Vins &amp; Gastronomie\",\"potentialAction\":[{\"@type\":\"SearchAction\",\"target\":{\"@type\":\"EntryPoint\",\"urlTemplate\":\"https:\/\/thomasvino.ch\/?s={search_term_string}\"},\"query-input\":\"required name=search_term_string\"}],\"inLanguage\":\"fr-FR\"},{\"@type\":\"Person\",\"@id\":\"https:\/\/thomasvino.ch\/#\/schema\/person\/670bf4486fe81152cf1d68bd585e062e\",\"name\":\"Pierre Thomas\",\"image\":{\"@type\":\"ImageObject\",\"inLanguage\":\"fr-FR\",\"@id\":\"https:\/\/thomasvino.ch\/#\/schema\/person\/image\/\",\"url\":\"https:\/\/secure.gravatar.com\/avatar\/91fd5a76647f140e53db987a0dead4d7?s=96&d=mm&r=g\",\"contentUrl\":\"https:\/\/secure.gravatar.com\/avatar\/91fd5a76647f140e53db987a0dead4d7?s=96&d=mm&r=g\",\"caption\":\"Pierre Thomas\"},\"url\":\"https:\/\/thomasvino.ch\/?author=3\"}]}<\/script>\n<!-- \/ Yoast SEO plugin. -->","yoast_head_json":{"title":"Valais \u2014 Aoste ou Sierre capitale des vins de montagne? - thomasvino","robots":{"index":"index","follow":"follow","max-snippet":"max-snippet:-1","max-image-preview":"max-image-preview:large","max-video-preview":"max-video-preview:-1"},"canonical":"https:\/\/thomasvino.ch\/?p=9585","og_locale":"fr_FR","og_type":"article","og_title":"Valais \u2014 Aoste ou Sierre capitale des vins de montagne? - thomasvino","og_description":"Sierre, capitale du vin, mais d&#39;o\u00f9? Les sixi\u00e8mes rencontres vinicoles de Sierre ont eu lieu le week-end pass\u00e9. En vedette, le \u00abMondial\u00bb du pinot noir et les vins de montagne. Par Pierre Thomas C&#39;est, d\u00e9sormais, un rendez-vous annuel que l&#39;on qualifiera d&#39;\u00abincontournable\u00bb: les rencontres vinicoles de Sierre allient l&#39;esprit festif d&#39;une d\u00e9gustation publique \u00e0 ciel [&hellip;]","og_url":"https:\/\/thomasvino.ch\/?p=9585","og_site_name":"thomasvino","article_published_time":"2005-01-19T19:14:00+00:00","author":"Pierre Thomas","twitter_misc":{"\u00c9crit par":"Pierre Thomas","Dur\u00e9e de lecture estim\u00e9e":"4 minutes"},"schema":{"@context":"https:\/\/schema.org","@graph":[{"@type":"WebPage","@id":"https:\/\/thomasvino.ch\/?p=9585","url":"https:\/\/thomasvino.ch\/?p=9585","name":"Valais \u2014 Aoste ou Sierre capitale des vins de montagne? - thomasvino","isPartOf":{"@id":"https:\/\/thomasvino.ch\/#website"},"datePublished":"2005-01-19T19:14:00+00:00","dateModified":"2005-01-19T19:14:00+00:00","author":{"@id":"https:\/\/thomasvino.ch\/#\/schema\/person\/670bf4486fe81152cf1d68bd585e062e"},"breadcrumb":{"@id":"https:\/\/thomasvino.ch\/?p=9585#breadcrumb"},"inLanguage":"fr-FR","potentialAction":[{"@type":"ReadAction","target":["https:\/\/thomasvino.ch\/?p=9585"]}]},{"@type":"BreadcrumbList","@id":"https:\/\/thomasvino.ch\/?p=9585#breadcrumb","itemListElement":[{"@type":"ListItem","position":1,"name":"Accueil","item":"https:\/\/thomasvino.ch\/"},{"@type":"ListItem","position":2,"name":"Valais \u2014 Aoste ou Sierre capitale des vins de montagne?"}]},{"@type":"WebSite","@id":"https:\/\/thomasvino.ch\/#website","url":"https:\/\/thomasvino.ch\/","name":"thomasvino","description":"Vins &amp; Gastronomie","potentialAction":[{"@type":"SearchAction","target":{"@type":"EntryPoint","urlTemplate":"https:\/\/thomasvino.ch\/?s={search_term_string}"},"query-input":"required name=search_term_string"}],"inLanguage":"fr-FR"},{"@type":"Person","@id":"https:\/\/thomasvino.ch\/#\/schema\/person\/670bf4486fe81152cf1d68bd585e062e","name":"Pierre Thomas","image":{"@type":"ImageObject","inLanguage":"fr-FR","@id":"https:\/\/thomasvino.ch\/#\/schema\/person\/image\/","url":"https:\/\/secure.gravatar.com\/avatar\/91fd5a76647f140e53db987a0dead4d7?s=96&d=mm&r=g","contentUrl":"https:\/\/secure.gravatar.com\/avatar\/91fd5a76647f140e53db987a0dead4d7?s=96&d=mm&r=g","caption":"Pierre Thomas"},"url":"https:\/\/thomasvino.ch\/?author=3"}]}},"jetpack_featured_media_url":"","jetpack_sharing_enabled":true,"jetpack_shortlink":"https:\/\/wp.me\/p3m4tZ-2uB","jetpack_likes_enabled":false,"jetpack-related-posts":[{"id":9000,"url":"https:\/\/thomasvino.ch\/?p=9000","url_meta":{"origin":9585,"position":0},"title":"Fran\u00e7ois Murisier \u00e0 la t\u00eate de VINEA","date":"24 f\u00e9vrier 2010","format":false,"excerpt":"Fran\u00e7ois Murisier \u00e0 la t\u00eate de VINEA Le Valaisan de souche Fran\u00e7ois Murisier, n\u00e9 \u00e0 Orsi\u00e8res en 1946, mais qui habite les hauts de Vevey, a \u00e9t\u00e9 nomm\u00e9 \u00e0 la t\u00eate de VINEA, \u00e0 Sierre, qui se pose en \u00abcentre de comp\u00e9tences au service de la vigne et du vin\u2026","rel":"","context":"Dans &quot;Actus - News&quot;","img":{"alt_text":"","src":"","width":0,"height":0},"classes":[]},{"id":9422,"url":"https:\/\/thomasvino.ch\/?p=9422","url_meta":{"origin":9585,"position":1},"title":"Vins suisses: \u00e0 Zurich plut\u00f4t qu&rsquo;\u00e0 Sierre?","date":"17 ao\u00fbt 2012","format":false,"excerpt":"Mieux vaut-il aller \u00e0 Zurich, le lundi 27 ao\u00fbt 2012, ou \u00e0 Sierre, le vendredi 31 ao\u00fbt et le samedi 1er septembre pour rencontrer des vignerons de toute la Suisse et d\u00e9guster leurs vins\u00a0? La comp\u00e9tition entre M\u00e9moire & Friends, \u00e0 Zurich, et VINEA, \u00e0 Sierre, est plus ouverte que\u2026","rel":"","context":"Dans &quot;Tendance&quot;","img":{"alt_text":"","src":"","width":0,"height":0},"classes":[]},{"id":12856,"url":"https:\/\/thomasvino.ch\/?p=12856","url_meta":{"origin":9585,"position":2},"title":"Vinea 2015 : structure all\u00e9g\u00e9e en septembre","date":"26 juin 2015","format":false,"excerpt":"Fran\u00e7ois Murisier, qui nous a confirm\u00e9 vouloir remettre son mandat de pr\u00e9sident de l\u2019Association VINEA, \u00e0 bient\u00f4t 70 ans, et qu\u2019il a exerc\u00e9 depuis 2010, nous a \u00e9galement confirm\u00e9 que les 72 vins finalistes du Grand Prix du Vin Suisse seront, pour la premi\u00e8re fois, red\u00e9gust\u00e9s par un jury ind\u00e9pendant\u2026","rel":"","context":"Dans &quot;Actus - News&quot;","img":{"alt_text":"","src":"","width":0,"height":0},"classes":[]},{"id":9420,"url":"https:\/\/thomasvino.ch\/?p=9420","url_meta":{"origin":9585,"position":3},"title":"Provins en force \u00e0 Aoste","date":"16 ao\u00fbt 2012","format":false,"excerpt":"20\u00e8me Concours des vins de montagne Provins-Valais triomphe \u00e0 Aoste Les Valaisans ont fait main basse sur 8 des 9 m\u00e9dailles d'or \u00absuisses\u00bb du 20\u00e8me concours des vins de montagne, \u00e0 Aoste. La remise des prix aura lieu au Fort de Bard, le samedi 25 ao\u00fbt, tandis que le CERVIM,\u2026","rel":"","context":"Dans &quot;Actus - News&quot;","img":{"alt_text":"","src":"","width":0,"height":0},"classes":[]},{"id":8934,"url":"https:\/\/thomasvino.ch\/?p=8934","url_meta":{"origin":9585,"position":4},"title":"CERVIM 2009 et les vins suisses","date":"27 ao\u00fbt 2009","format":false,"excerpt":"Concours des vins de montagne Une confrontation originale Le vendredi soir 4 septembre 2009, au Ch\u00e2teau d\u2019Aymavilles, pr\u00e8s d\u2019Aoste, les vignerons prim\u00e9s au 17\u00e8me Concours international des vins de montagne re\u00e7oivent leur prix. Coup d\u2019\u0153il sur cette manifestation originale, par Pierre Thomas, membre du jury. Qu\u2019est-ce qui peut bien rapprocher\u2026","rel":"","context":"Dans &quot;Vins suisses&quot;","img":{"alt_text":"","src":"","width":0,"height":0},"classes":[]},{"id":12682,"url":"https:\/\/thomasvino.ch\/?p=12682","url_meta":{"origin":9585,"position":5},"title":"Vins blancs  Strasbourg capitale mondiale","date":"1 avril 2015","format":false,"excerpt":"Dimanche 12 et lundi 13 avril se d\u00e9rouleront les Grands Concours du Monde, organis\u00e9s \u00e0 Strasbourg. Les c\u00e9pages cultiv\u00e9s en Alsace sont en lice, sylvaner, pinot blanc, riesling, pinot gris et gewurztraminer. Il n\u2019y manque que le chasselas, si cher \u00e0 la Suisse, et qui a d\u00e9j\u00e0 son propre concours\u2026","rel":"","context":"Dans &quot;Actus - News&quot;","img":{"alt_text":"","src":"","width":0,"height":0},"classes":[]}],"_links":{"self":[{"href":"https:\/\/thomasvino.ch\/index.php?rest_route=\/wp\/v2\/posts\/9585"}],"collection":[{"href":"https:\/\/thomasvino.ch\/index.php?rest_route=\/wp\/v2\/posts"}],"about":[{"href":"https:\/\/thomasvino.ch\/index.php?rest_route=\/wp\/v2\/types\/post"}],"author":[{"embeddable":true,"href":"https:\/\/thomasvino.ch\/index.php?rest_route=\/wp\/v2\/users\/3"}],"replies":[{"embeddable":true,"href":"https:\/\/thomasvino.ch\/index.php?rest_route=%2Fwp%2Fv2%2Fcomments&post=9585"}],"version-history":[{"count":0,"href":"https:\/\/thomasvino.ch\/index.php?rest_route=\/wp\/v2\/posts\/9585\/revisions"}],"wp:attachment":[{"href":"https:\/\/thomasvino.ch\/index.php?rest_route=%2Fwp%2Fv2%2Fmedia&parent=9585"}],"wp:term":[{"taxonomy":"category","embeddable":true,"href":"https:\/\/thomasvino.ch\/index.php?rest_route=%2Fwp%2Fv2%2Fcategories&post=9585"},{"taxonomy":"post_tag","embeddable":true,"href":"https:\/\/thomasvino.ch\/index.php?rest_route=%2Fwp%2Fv2%2Ftags&post=9585"}],"curies":[{"name":"wp","href":"https:\/\/api.w.org\/{rel}","templated":true}]}}