{"id":9596,"date":"2005-01-24T13:27:00","date_gmt":"2005-01-24T13:27:00","guid":{"rendered":"http:\/\/localhost\/thomasvino\/?p=9596"},"modified":"2013-04-02T13:34:07","modified_gmt":"2013-04-02T12:34:07","slug":"vetroz-vs-la-regence","status":"publish","type":"post","link":"https:\/\/thomasvino.ch\/?p=9596","title":{"rendered":"V\u00e9troz (VS) \u2014 La R\u00e9gence"},"content":{"rendered":"<div style=\"text-align: justify;\"><font size=\"5\"><font size=\"4\"><span style=\"font-weight: bold;\">La R\u00e9gence-Balavaud, V\u00e9troz (VS)<\/span><\/font><br style=\"font-weight: bold;\"> <span style=\"font-weight: bold;\">Quand la r\u00e9gence r\u00e9gale<\/span><\/font><br \/> Ce fut, sur la route de la plaine du Rh\u00f4ne, depuis la fin du 19\u00e8me si\u00e8cle, un relais de diligences, une maison de commune puis une cave \u00e0 vins. Depuis trois mois, c\u2019est une maison d\u2019h\u00f4tes, qui porte bien son nom, les h\u00f4tes n\u2019\u00e9tant pas, ici, les personnes re\u00e7ues, mais bien celles qui re\u00e7oivent. Car le couple Yasmina et Daniel Luttringer est bien connu, depuis une dizaine d\u2019ann\u00e9es, en Valais pour leur am\u00e9nit\u00e9\u2026 Alsacien et baroudeur, petit-fils de restaurateurs, lui est cuisinier et seul ma\u00eetre \u00e0 bord&nbsp;; elle re\u00e7oit comme \u00e0 la maison. <br \/> La R\u00e9gence, \u00e9l\u00e9gant b\u00e2timent aux lignes classiques, dos aux terrasses du Clos de Balavaud, s\u2019est mu\u00e9e en table d\u2019h\u00f4tes, et bient\u00f4t&nbsp;en \u00abmaison\u00bb \u2014d\u00e8s mai \u2014 avec quatre chambres \u00abassez sp\u00e9c\u2019\u00bb promet le patron. Ces anciens du Caf\u00e9 du Grand-Pont, puis du l\u00e9gendaire Bagdad Caf\u00e9 et de son annexe \u00e0 tapas le Zanzibar, au c\u0153ur du Sion historique, aiment les ambiances d\u00e9jant\u00e9es. <br \/> Avec l\u2019avocat-notaire St\u00e9phane Imboden d\u00e9j\u00e0 engag\u00e9 dans la cave de la R\u00e9gence Balavaud (<span style=\"font-style: italic;\">lire ci-dessous<\/span>), les Luttringer ont achet\u00e9 une partie de la b\u00e2tisse, \u00e9crin id\u00e9al pour cr\u00e9er, au c\u0153ur du Valais, un coin de Toscane. Yasmina r\u00eave d\u2019un rideau de cypr\u00e8s pour couper le vent, de buissons, au lieu de goudron, et de terrasse ferm\u00e9e par un espace-lounge. D\u00e9j\u00e0, la cave, vo\u00fbt\u00e9e en pierres s\u00e8ches \u2014 les c\u00e9l\u00e8bres bris\u00e9s de schistes noirs de V\u00e9troz \u2014s\u2019est transform\u00e9e en antre pour gourmets. Un demi-\u00e9tage plus haut, une enfilade de chambres cr\u00e9pies aux couleurs chaudes (jaune, ocre, brique) \u00e9gr\u00e8nent les saisons&nbsp;: \u00able printemps\u00bb, avec vue sur les vignes, \u00abl\u2019automne\u00bb, dans la p\u00e9nombre, et, enfin, le salon moelleux pour l\u2019ap\u00e9ritif ou prolonger le d\u00eener. Il faut voir le d\u00e9cor, genre bric-\u00e0-brac sophistiqu\u00e9, comme cette armature de parapluie suspendue, avec une guirlande d\u2019ampoules \u00e0 corolles orange, ou ces meubles d\u00e9nich\u00e9s dans des brocantes.<br \/> La cuisine est \u00e0 l\u2019image de cette inspiration d\u00e9brid\u00e9e. Pas de carte, mais une grande ardoise. Et quelques standards. M\u00eame s\u2019il est parti de B\u00e2le pour aboutir quinze ans plus tard en Valais, apr\u00e8s un p\u00e9riple en Australie et au Japon, le patron ne renie pas ses origines alsaciennes, avec du foie gras en terrine et po\u00eal\u00e9 (\u00e0 22,50 fr.). \u00abOn m\u2019\u00e9gorgerait si je renon\u00e7ais au tartare\u00bb (\u00e0 29,50 fr.), confie-t-il. Qui fait la paire avec une entrec\u00f4te rassise sur l\u2019os d\u2019un boucher d\u2019Ardon (\u00e0 37,50 fr.). Mais l\u2019autre dimanche \u00e0 midi (oui, c\u2019est ouvert&nbsp;!), on y a mang\u00e9 un excellent couscous (27,50 fr.), riche en l\u00e9gumes, \u00e0 la semoule d\u00e9licatement parfum\u00e9e, et aux viandes vari\u00e9es, merguez comprises. Et un risotto \u00e0 la sauge fra\u00eeche et aux piments \u00e0 l\u2019huile (23,50 fr.). \u00abJ\u2019adore la cuisine toscane\u00bb, avoue le chef, qui r\u00e9interpr\u00e8te le ch\u00e8vre chaud en bruschettes (ail, tomates, huile d\u2019olive). Au dessert, des glaces surprenantes, au miel, aux \u00e9pices douces ou \u00e0 l\u2019eau de rose. Les vins sont tir\u00e9s de la propre cave. Blancs et rouges peuvent \u00eatre servis au verre&nbsp;: appr\u00e9ciable par ces temps n\u00e9oprohibitionistes.&nbsp; Et quelques incartades invitent les voisins proches (Les Fils Maye, Jean-Ren\u00e9 Germanier) ou les \u00abcousines\u00bb (Marie-Th\u00e9r\u00e8se Chappaz, Fabienne Cottagnoud). Bref, on a l\u2019impression d\u2019\u00eatre tous de la famille\u2026<\/p>\n<p> <span style=\"font-weight: bold;\">La bonne adresse<\/span><br \/> La R\u00e9gence, 267, <br \/> rte cantonale, V\u00e9troz-Magnot <br \/> T\u00e9l. 027 346 69 40<br \/> Ferm\u00e9 le dimanche soir et le lundi<\/p>\n<p> <font style=\"font-weight: bold;\" size=\"4\"><span style=\"font-style: italic;\">Le vin qui va avec&#8230;<\/span><\/font><br \/> <font style=\"font-weight: bold;\" size=\"4\">L\u2019humagne, fiert\u00e9 maison<\/font><br \/> Depuis 1999, l\u2019\u0153nologue Pierre Clavien, beau-fr\u00e8re de St\u00e9phane Imboden, pr\u00e9side aux destin\u00e9es de la cave La R\u00e9gence. 2,5 hectares de vignes diss\u00e9min\u00e9es \u00abun peu partout\u00bb \u00e0 V\u00e9troz et des achats de vendange, pour une production de 40&#39;000 bouteilles par an. En 2003, le \u00abcoq\u00bb de la maison est une humagne rouge, salu\u00e9e par le Guide Hachette 2005 (deux \u00e9toiles pour le jury valaisan) et m\u00e9daille d\u2019or Nobilis (parmi pas moins de quinze cong\u00e9n\u00e8res). C\u2019est que le caniculaire 2003 est un mill\u00e9sime faste pour le plus tardif des c\u00e9pages valaisans. Cette&nbsp;\u00abs\u00e9lection\u00bb, obtenue de raisins cultiv\u00e9s \u00e0 Leytron par un cousin par alliance, est charnue, \u00e9l\u00e9gante et souple. Un vin rouge plein de charme, \u00e9lev\u00e9 en cuve, sous les nouvelles chambres \u00e0 manger, et qui n\u2019a donc pas connu de barrique&nbsp;: \u00abLe bois d\u00e9naturerait la puret\u00e9 du c\u00e9page\u00bb, explique Pierre Clavien. On croirait, famille toujours, entendre son oncle par alliance, l\u2019illustrissime Jean Crettenand.<\/p>\n<p> <span style=\"font-style: italic;\">Chronique de Pierre Thomas, dans Le Matin-Dimanche du 23 janvier 2005<\/span><br style=\"font-style: italic;\">  <\/div>\n","protected":false},"excerpt":{"rendered":"<p>La R\u00e9gence-Balavaud, V\u00e9troz (VS) Quand la r\u00e9gence r\u00e9gale Ce fut, sur la route de la plaine du Rh\u00f4ne, depuis la fin du 19\u00e8me si\u00e8cle, un relais de diligences, une maison de commune puis une cave \u00e0 vins. Depuis trois mois, c\u2019est une maison d\u2019h\u00f4tes, qui porte bien son nom, les h\u00f4tes n\u2019\u00e9tant pas, ici, les [&hellip;]<\/p>\n","protected":false},"author":3,"featured_media":0,"comment_status":"closed","ping_status":"open","sticky":false,"template":"","format":"standard","meta":{"_monsterinsights_skip_tracking":false,"_monsterinsights_sitenote_active":false,"_monsterinsights_sitenote_note":"","_monsterinsights_sitenote_category":0,"jetpack_post_was_ever_published":false,"jetpack_publicize_message":"","jetpack_is_tweetstorm":false,"jetpack_publicize_feature_enabled":true,"jetpack_social_post_already_shared":false,"jetpack_social_options":{"image_generator_settings":{"template":"highway","enabled":false}}},"categories":[19,20],"tags":[],"jetpack_publicize_connections":[],"yoast_head":"<!-- This site is optimized with the Yoast SEO plugin v20.6 - https:\/\/yoast.com\/wordpress\/plugins\/seo\/ -->\n<title>V\u00e9troz (VS) \u2014 La R\u00e9gence - thomasvino<\/title>\n<meta name=\"robots\" content=\"index, follow, max-snippet:-1, max-image-preview:large, max-video-preview:-1\" \/>\n<link rel=\"canonical\" href=\"https:\/\/thomasvino.ch\/?p=9596\" \/>\n<meta property=\"og:locale\" content=\"fr_FR\" \/>\n<meta property=\"og:type\" content=\"article\" \/>\n<meta property=\"og:title\" content=\"V\u00e9troz (VS) \u2014 La R\u00e9gence - thomasvino\" \/>\n<meta property=\"og:description\" content=\"La R\u00e9gence-Balavaud, V\u00e9troz (VS) Quand la r\u00e9gence r\u00e9gale Ce fut, sur la route de la plaine du Rh\u00f4ne, depuis la fin du 19\u00e8me si\u00e8cle, un relais de diligences, une maison de commune puis une cave \u00e0 vins. Depuis trois mois, c\u2019est une maison d\u2019h\u00f4tes, qui porte bien son nom, les h\u00f4tes n\u2019\u00e9tant pas, ici, les [&hellip;]\" \/>\n<meta property=\"og:url\" content=\"https:\/\/thomasvino.ch\/?p=9596\" \/>\n<meta property=\"og:site_name\" content=\"thomasvino\" \/>\n<meta property=\"article:published_time\" content=\"2005-01-24T13:27:00+00:00\" \/>\n<meta property=\"article:modified_time\" content=\"2013-04-02T12:34:07+00:00\" \/>\n<meta name=\"author\" content=\"Pierre Thomas\" \/>\n<meta name=\"twitter:label1\" content=\"\u00c9crit par\" \/>\n\t<meta name=\"twitter:data1\" content=\"Pierre Thomas\" \/>\n\t<meta name=\"twitter:label2\" content=\"Dur\u00e9e de lecture estim\u00e9e\" \/>\n\t<meta name=\"twitter:data2\" content=\"4 minutes\" \/>\n<script type=\"application\/ld+json\" class=\"yoast-schema-graph\">{\"@context\":\"https:\/\/schema.org\",\"@graph\":[{\"@type\":\"WebPage\",\"@id\":\"https:\/\/thomasvino.ch\/?p=9596\",\"url\":\"https:\/\/thomasvino.ch\/?p=9596\",\"name\":\"V\u00e9troz (VS) \u2014 La R\u00e9gence - thomasvino\",\"isPartOf\":{\"@id\":\"https:\/\/thomasvino.ch\/#website\"},\"datePublished\":\"2005-01-24T13:27:00+00:00\",\"dateModified\":\"2013-04-02T12:34:07+00:00\",\"author\":{\"@id\":\"https:\/\/thomasvino.ch\/#\/schema\/person\/670bf4486fe81152cf1d68bd585e062e\"},\"breadcrumb\":{\"@id\":\"https:\/\/thomasvino.ch\/?p=9596#breadcrumb\"},\"inLanguage\":\"fr-FR\",\"potentialAction\":[{\"@type\":\"ReadAction\",\"target\":[\"https:\/\/thomasvino.ch\/?p=9596\"]}]},{\"@type\":\"BreadcrumbList\",\"@id\":\"https:\/\/thomasvino.ch\/?p=9596#breadcrumb\",\"itemListElement\":[{\"@type\":\"ListItem\",\"position\":1,\"name\":\"Accueil\",\"item\":\"https:\/\/thomasvino.ch\/\"},{\"@type\":\"ListItem\",\"position\":2,\"name\":\"V\u00e9troz (VS) \u2014 La R\u00e9gence\"}]},{\"@type\":\"WebSite\",\"@id\":\"https:\/\/thomasvino.ch\/#website\",\"url\":\"https:\/\/thomasvino.ch\/\",\"name\":\"thomasvino\",\"description\":\"Vins &amp; Gastronomie\",\"potentialAction\":[{\"@type\":\"SearchAction\",\"target\":{\"@type\":\"EntryPoint\",\"urlTemplate\":\"https:\/\/thomasvino.ch\/?s={search_term_string}\"},\"query-input\":\"required name=search_term_string\"}],\"inLanguage\":\"fr-FR\"},{\"@type\":\"Person\",\"@id\":\"https:\/\/thomasvino.ch\/#\/schema\/person\/670bf4486fe81152cf1d68bd585e062e\",\"name\":\"Pierre Thomas\",\"image\":{\"@type\":\"ImageObject\",\"inLanguage\":\"fr-FR\",\"@id\":\"https:\/\/thomasvino.ch\/#\/schema\/person\/image\/\",\"url\":\"https:\/\/secure.gravatar.com\/avatar\/91fd5a76647f140e53db987a0dead4d7?s=96&d=mm&r=g\",\"contentUrl\":\"https:\/\/secure.gravatar.com\/avatar\/91fd5a76647f140e53db987a0dead4d7?s=96&d=mm&r=g\",\"caption\":\"Pierre Thomas\"},\"url\":\"https:\/\/thomasvino.ch\/?author=3\"}]}<\/script>\n<!-- \/ Yoast SEO plugin. -->","yoast_head_json":{"title":"V\u00e9troz (VS) \u2014 La R\u00e9gence - thomasvino","robots":{"index":"index","follow":"follow","max-snippet":"max-snippet:-1","max-image-preview":"max-image-preview:large","max-video-preview":"max-video-preview:-1"},"canonical":"https:\/\/thomasvino.ch\/?p=9596","og_locale":"fr_FR","og_type":"article","og_title":"V\u00e9troz (VS) \u2014 La R\u00e9gence - thomasvino","og_description":"La R\u00e9gence-Balavaud, V\u00e9troz (VS) Quand la r\u00e9gence r\u00e9gale Ce fut, sur la route de la plaine du Rh\u00f4ne, depuis la fin du 19\u00e8me si\u00e8cle, un relais de diligences, une maison de commune puis une cave \u00e0 vins. Depuis trois mois, c\u2019est une maison d\u2019h\u00f4tes, qui porte bien son nom, les h\u00f4tes n\u2019\u00e9tant pas, ici, les [&hellip;]","og_url":"https:\/\/thomasvino.ch\/?p=9596","og_site_name":"thomasvino","article_published_time":"2005-01-24T13:27:00+00:00","article_modified_time":"2013-04-02T12:34:07+00:00","author":"Pierre Thomas","twitter_misc":{"\u00c9crit par":"Pierre Thomas","Dur\u00e9e de lecture estim\u00e9e":"4 minutes"},"schema":{"@context":"https:\/\/schema.org","@graph":[{"@type":"WebPage","@id":"https:\/\/thomasvino.ch\/?p=9596","url":"https:\/\/thomasvino.ch\/?p=9596","name":"V\u00e9troz (VS) \u2014 La R\u00e9gence - thomasvino","isPartOf":{"@id":"https:\/\/thomasvino.ch\/#website"},"datePublished":"2005-01-24T13:27:00+00:00","dateModified":"2013-04-02T12:34:07+00:00","author":{"@id":"https:\/\/thomasvino.ch\/#\/schema\/person\/670bf4486fe81152cf1d68bd585e062e"},"breadcrumb":{"@id":"https:\/\/thomasvino.ch\/?p=9596#breadcrumb"},"inLanguage":"fr-FR","potentialAction":[{"@type":"ReadAction","target":["https:\/\/thomasvino.ch\/?p=9596"]}]},{"@type":"BreadcrumbList","@id":"https:\/\/thomasvino.ch\/?p=9596#breadcrumb","itemListElement":[{"@type":"ListItem","position":1,"name":"Accueil","item":"https:\/\/thomasvino.ch\/"},{"@type":"ListItem","position":2,"name":"V\u00e9troz (VS) \u2014 La R\u00e9gence"}]},{"@type":"WebSite","@id":"https:\/\/thomasvino.ch\/#website","url":"https:\/\/thomasvino.ch\/","name":"thomasvino","description":"Vins &amp; Gastronomie","potentialAction":[{"@type":"SearchAction","target":{"@type":"EntryPoint","urlTemplate":"https:\/\/thomasvino.ch\/?s={search_term_string}"},"query-input":"required name=search_term_string"}],"inLanguage":"fr-FR"},{"@type":"Person","@id":"https:\/\/thomasvino.ch\/#\/schema\/person\/670bf4486fe81152cf1d68bd585e062e","name":"Pierre Thomas","image":{"@type":"ImageObject","inLanguage":"fr-FR","@id":"https:\/\/thomasvino.ch\/#\/schema\/person\/image\/","url":"https:\/\/secure.gravatar.com\/avatar\/91fd5a76647f140e53db987a0dead4d7?s=96&d=mm&r=g","contentUrl":"https:\/\/secure.gravatar.com\/avatar\/91fd5a76647f140e53db987a0dead4d7?s=96&d=mm&r=g","caption":"Pierre Thomas"},"url":"https:\/\/thomasvino.ch\/?author=3"}]}},"jetpack_featured_media_url":"","jetpack_sharing_enabled":true,"jetpack_shortlink":"https:\/\/wp.me\/p3m4tZ-2uM","jetpack_likes_enabled":false,"jetpack-related-posts":[{"id":14941,"url":"https:\/\/thomasvino.ch\/?p=14941","url_meta":{"origin":9596,"position":0},"title":"Des domaines changent de mains","date":"27 f\u00e9vrier 2018","format":false,"excerpt":"La coop\u00e9rative valaisanne Provins acquiert la R\u00e9gence-Balavaud \u00e0 V\u00e9troz au 1er mars, tandis que le ch\u00e2teau Franc-Mayne, \u00e0 Saint-Emilion, est vendu par ses propri\u00e9taires r\u00e9sidents \u00e0 Montreux. Provins, dans un communiqu\u00e9 de presse, signale que l\u2019achat de la R\u00e9gence-Balavaud \u2014 fond\u00e9e en 1975, 8 ha de vignes et 75'000 bouteilles\u2026","rel":"","context":"Dans &quot;Actus - News&quot;","img":{"alt_text":"","src":"","width":0,"height":0},"classes":[]},{"id":9676,"url":"https:\/\/thomasvino.ch\/?p=9676","url_meta":{"origin":9596,"position":1},"title":"Estavannens (FR) \u2014 Caf\u00e9 des Montagnards","date":"10 octobre 2005","format":false,"excerpt":"Caf\u00e9 Les Montagnards, Estavannens (FR) Chasse de (premi\u00e8re) saison La question revient, pile poil, \u00e0 chaque automne\u00a0: \u00abAuriez-vous une bonne adresse pour la chasse?\u00bb Disons-le d\u2019embl\u00e9e: les \u00abbonnes adresses\u00bb g\u00e9n\u00e9ralistes n\u2019ont pas pour habitude de rater le gibier. Et, comme il y a une justice pour les braconniers, peu de\u2026","rel":"","context":"Dans &quot;Adresses&quot;","img":{"alt_text":"","src":"","width":0,"height":0},"classes":[]},{"id":17122,"url":"https:\/\/thomasvino.ch\/?p=17122","url_meta":{"origin":9596,"position":2},"title":"Michelin 2021 : peu d\u2019incidence en Suisse romande","date":"2 f\u00e9vrier 2021","format":false,"excerpt":"On le sait, les \u00abinspecteurs\u00bb Bibendum ne peuvent pas \u00eatre partout. Apparemment, dans leur tourn\u00e9e suisse, il sont all\u00e9s \u00e0 Zurich, en Suisse centrale et au Tessin, \u00e9pargnant la Suisse romande. Les trois triple \u00e9toil\u00e9s (Andreas Caminada \u00e0 F\u00fcrstenau pr\u00e8s de Coire, Franck Giovannini, \u00e0 Crissier, et Peter Knogl, \u00e0\u2026","rel":"","context":"Dans &quot;Actus - News&quot;","img":{"alt_text":"","src":"","width":0,"height":0},"classes":[]},{"id":9564,"url":"https:\/\/thomasvino.ch\/?p=9564","url_meta":{"origin":9596,"position":3},"title":"Le hit-parade des salades","date":"16 janvier 2005","format":false,"excerpt":"La recette des salades originales L'\u00e9t\u00e9 s'annonce: envie de crudit\u00e9s. Car comme le dit le chef normando-gru\u00e9rien (et v\u00e9g\u00e9tarien) Lo\u00efc Chauvel \u00abla vie passe par l'estomac\u00bb. Entre buffet et herbes folles, notre s\u00e9lection es resaurants qui misent sur l'originalit\u00e9. Il suffit de peu de choses pour r\u00e9ussir une salade. Des\u2026","rel":"","context":"Dans &quot;Adresses&quot;","img":{"alt_text":"","src":"","width":0,"height":0},"classes":[]},{"id":14737,"url":"https:\/\/thomasvino.ch\/?p=14737","url_meta":{"origin":9596,"position":4},"title":"Etoiles du Valais\u00a0: un cornalin au firmament","date":"6 d\u00e9cembre 2017","format":false,"excerpt":"Remises le jour de la Saint-Nicolas, aujourd'hui 6 d\u00e9cembre, dans un restaurant de Berne, les \u00ab\u00e9toiles du Valais\u00bb r\u00e9compensent les vins les mieux not\u00e9s \u00e0 la S\u00e9lection des vins du Valais, en septembre. Le cornalin d\u2019une cave r\u00e9cemment reprise figure au firmament et est r\u00e9compens\u00e9e du prix Swiss Wine. C\u2019\u00e9tait\u2026","rel":"","context":"Dans &quot;Actus - News&quot;","img":{"alt_text":"","src":"https:\/\/i0.wp.com\/thomasvino.ch\/wp-content\/uploads\/2017\/12\/site_vinsvs_chaibaron-300x300.jpg?resize=350%2C200&ssl=1","width":350,"height":200},"classes":[]},{"id":15495,"url":"https:\/\/thomasvino.ch\/?p=15495","url_meta":{"origin":9596,"position":5},"title":"Provins\u00a0: grosse perte mais bon moral\u00a0!","date":"13 d\u00e9cembre 2018","format":false,"excerpt":"L\u2019ann\u00e9e viticole 2017 a pes\u00e9 lourdement sur les comptes de la coop\u00e9rative Provins. L\u2019entreprise affiche une perte de 2,78 millions de francs. Mais ces chiffres n\u2019ont pas entam\u00e9 l\u2019optimisme du pr\u00e9sident sortant, Pierre-Alain Grichting (d\u00e9missionnaire parce que nomm\u00e9 pr\u00e9sident de la Banque cantonale du Valais) et du directeur Rapha\u00ebl Garcia.\u2026","rel":"","context":"Dans &quot;Actus - News&quot;","img":{"alt_text":"","src":"","width":0,"height":0},"classes":[]}],"_links":{"self":[{"href":"https:\/\/thomasvino.ch\/index.php?rest_route=\/wp\/v2\/posts\/9596"}],"collection":[{"href":"https:\/\/thomasvino.ch\/index.php?rest_route=\/wp\/v2\/posts"}],"about":[{"href":"https:\/\/thomasvino.ch\/index.php?rest_route=\/wp\/v2\/types\/post"}],"author":[{"embeddable":true,"href":"https:\/\/thomasvino.ch\/index.php?rest_route=\/wp\/v2\/users\/3"}],"replies":[{"embeddable":true,"href":"https:\/\/thomasvino.ch\/index.php?rest_route=%2Fwp%2Fv2%2Fcomments&post=9596"}],"version-history":[{"count":0,"href":"https:\/\/thomasvino.ch\/index.php?rest_route=\/wp\/v2\/posts\/9596\/revisions"}],"wp:attachment":[{"href":"https:\/\/thomasvino.ch\/index.php?rest_route=%2Fwp%2Fv2%2Fmedia&parent=9596"}],"wp:term":[{"taxonomy":"category","embeddable":true,"href":"https:\/\/thomasvino.ch\/index.php?rest_route=%2Fwp%2Fv2%2Fcategories&post=9596"},{"taxonomy":"post_tag","embeddable":true,"href":"https:\/\/thomasvino.ch\/index.php?rest_route=%2Fwp%2Fv2%2Ftags&post=9596"}],"curies":[{"name":"wp","href":"https:\/\/api.w.org\/{rel}","templated":true}]}}