{"id":9618,"date":"2005-04-10T16:22:00","date_gmt":"2005-04-10T16:22:00","guid":{"rendered":"http:\/\/localhost\/thomasvino\/?p=9618"},"modified":"2013-04-02T13:34:07","modified_gmt":"2013-04-02T12:34:07","slug":"lhotel-des-horlogers-au-brassus-vd","status":"publish","type":"post","link":"https:\/\/thomasvino.ch\/?p=9618","title":{"rendered":"L&rsquo;H\u00f4tel des Horlogers au Brassus (VD)"},"content":{"rendered":"<p><font size=\"3\"><span style=\"font-weight: bold; font-style: italic;\">Ph. Guignard ouvre l\u2019H\u00f4tel des Horlogers, au Brassus (VD)<\/span><br style=\"font-weight: bold;\"> <font size=\"4\"><span style=\"font-weight: bold;\">Un h\u00f4tel comme cerise sur le g\u00e2teau<\/span><\/font><\/font> <\/p>\n<div style=\"text-align: justify;\"><span style=\"font-weight: bold;\">D\u00e9but avril s\u2019est ouvert l\u2019H\u00f4tel des Horlogers, au Brassus. L\u2019ex-H\u00f4tel de France a \u00e9t\u00e9 compl\u00e8tement r\u00e9nov\u00e9 pour 4 millions de francs. Le propri\u00e9taire du b\u00e2timent, la manufacture horlog\u00e8re voisine Audemars-Piguet et son administrateur-d\u00e9l\u00e9gu\u00e9 Georges-Henri Meylan, en ont confi\u00e9 les cl\u00e9s au p\u00e2tissier d\u2019Orbe Philippe Guignard. Rencontre sur place.<\/span><br \/> <span style=\"font-style: italic;\">Pierre Thomas<\/span><br \/> \u00abIl y a quinze mois, je faisais le repas d\u2019entreprise d\u2019Audemars-Piguet et je rencontrais Georges-Henri Meylan. Trois mois plus tard, je lui soumettais mon projet. Il ne lui a pas fallu plus de 20 minutes pour l\u2019accepter. Et puis, il m\u2019a demand\u00e9 de tenir la maison. On a cr\u00e9\u00e9 une soci\u00e9t\u00e9 d\u2019exploitation o\u00f9 je suis partenaire \u00e0 hauteur de deux tiers.\u00bb Philippe Guignard n\u2019y va pas par quatre chemins. \u00abC\u2019est une affaire d\u2019hommes\u00bb, r\u00e9sume-t-il. Une autre a tourn\u00e9 court : malgr\u00e9 son amiti\u00e9 avec Yves Piaget, l\u2019horloger-joaillier genevois de La C\u00f4te-aux-F\u00e9es, nouveau propri\u00e9taire du Beau-Rivage, \u00e0 Neuch\u00e2tel, Philippe Guignard ne s\u2019est pas entendu avec le management de l\u2019h\u00f4tel. Exit donc son projet de brasserie de produits du terroir neuch\u00e2telois dans le cinq-\u00e9toiles !<br \/> <span style=\"font-weight: bold;\">Un bijou de 4 \u00e9toiles<\/span><br \/> A La Vall\u00e9e, l\u2019entrepreneur urbig\u00e8ne est seul aux commandes. Le pr\u00e9sident du FC Lausanne-Sports sait bien qu\u2019il doit pouvoir s\u2019appuyer sur une \u00e9quipe. Venu du Bristol, \u00e0 Montreux, Georges Fortin, 39 ans, dont neuf ans chez Accor, avait d\u00e9j\u00e0 travaill\u00e9 au service du traiteur vaudois : il est directeur d\u2019un bijou d\u2019h\u00f4tel, qui vise les quatre \u00e9toiles. A la brasserie (<a href=\"http:\/\/www.thomasvino.ch\/articles.php?lng=fr&amp;pg=330\"><span style=\"font-style: italic;\">lire la chronique du Matin-Dimanche du 10 avril 2005<\/span><\/a>), le Gru\u00e9rien de Gen\u00e8ve Jean Oberson, 50 ans, a renonc\u00e9 \u00e0 son Caf\u00e9 de la Place, \u00e0 Plan-les-Ouates, pour d\u00e9m\u00e9nager dans la plaine de l\u2019Orbe. C\u2019est lui qui monte le concept de brasserie, plats du jour rapide \u00e0 midi, et plats du terroir le soir. <br \/> Au total, une quinzaine de personnes sont employ\u00e9es \u00e0 l\u2019h\u00f4tel combier. C\u2019est 10% des emplois de la cha\u00eene de Philippe Guignard, qui s\u2019appuie sur un service traiteur pour des \u00e9v\u00e9nements de grande capacit\u00e9, un centre de production \u00e0 Orbe, connu pour ses brunches du dimanche, un chalet de montagne, la Br\u00e9guette, \u00e0 mi-chemin d\u2019Orbe et du Brassus, repris l\u2019hiver pass\u00e9, et une unit\u00e9 de d\u00e9veloppement de plats \u00e0 l\u2019emporter \u00e0 Montcherrand.<br \/> Au Brassus, incendi\u00e9 il y a un peu plus de vingt ans, l\u2019H\u00f4tel de France avait \u00e9t\u00e9 reconstruit en b\u00e9ton et t\u00f4les, puis ferm\u00e9 plusieurs ann\u00e9es. \u00abL\u2019enveloppe \u00e9tait tr\u00e8s bien con\u00e7ue, mais l\u2019int\u00e9rieur \u00e9tait en formica.\u00bb Philippe Guignard lui a redonn\u00e9 une \u00e9tonnante chaleur, bois\u00e9e et feutr\u00e9e, qui contraste avec les murs, certes rev\u00eatus de tavillons sur la fa\u00e7ade principale. <br \/> <span style=\"font-weight: bold;\">Touristes et cadres \u00abau vert\u00bb<\/span><br \/> Sur trois \u00e9tages, 19 chambres et 8 minisuites, au prix de 130 \u00e0 280 francs par nuit (pour deux personnes). Sous la vaste salle du restaurant, derri\u00e8re la brasserie, un Spa avec jacuzzi et sauna, qui s\u2019ouvre sur le paysage si caract\u00e9ristique de La Vall\u00e9e de Joux et ses sapins. L\u2019\u00e9quipement de chaque chambre est de tr\u00e8s bon go\u00fbt, r\u00e9alis\u00e9 par la maison Gruy\u00e9ria, \u00e0 Bulle. Une cinquantaine de toiles du peintre, aujourd\u2019hui nonag\u00e9naire, Walter Maffli, personnalise les chambres, et les salons-salles de conf\u00e9rence. L\u2019h\u00f4tel vise autant les touristes (avec des forfaits week-end) qu\u2019une client\u00e8le d\u2019affaires, gr\u00e2ce \u00e0 des s\u00e9minaires, tant pour les industries de la Vall\u00e9e \u2014 \u00ab5500 postes de travail pour 6000 habitants\u00bb \u2014 que pour ceux qui voudraient se mettre au vert. \u00abC\u2019est un sacr\u00e9 d\u00e9fi !\u00bb, lance Philippe Guignard, qui avoue \u00eatre \u00abplut\u00f4t toujours en doute que bourr\u00e9 de certitudes\u00bb.<\/p>\n<p> <span style=\"font-style: italic;\">Article paru dans H\u00f4tel + Tourismus Revue, le 7 avril 2005.<\/span> <\/div>\n<p> <\/p>\n","protected":false},"excerpt":{"rendered":"<p>Ph. Guignard ouvre l\u2019H\u00f4tel des Horlogers, au Brassus (VD) Un h\u00f4tel comme cerise sur le g\u00e2teau D\u00e9but avril s\u2019est ouvert l\u2019H\u00f4tel des Horlogers, au Brassus. L\u2019ex-H\u00f4tel de France a \u00e9t\u00e9 compl\u00e8tement r\u00e9nov\u00e9 pour 4 millions de francs. Le propri\u00e9taire du b\u00e2timent, la manufacture horlog\u00e8re voisine Audemars-Piguet et son administrateur-d\u00e9l\u00e9gu\u00e9 Georges-Henri Meylan, en ont confi\u00e9 les [&hellip;]<\/p>\n","protected":false},"author":3,"featured_media":0,"comment_status":"closed","ping_status":"open","sticky":false,"template":"","format":"standard","meta":{"_monsterinsights_skip_tracking":false,"_monsterinsights_sitenote_active":false,"_monsterinsights_sitenote_note":"","_monsterinsights_sitenote_category":0,"jetpack_post_was_ever_published":false,"jetpack_publicize_message":"","jetpack_is_tweetstorm":false,"jetpack_publicize_feature_enabled":true,"jetpack_social_post_already_shared":false,"jetpack_social_options":{"image_generator_settings":{"template":"highway","enabled":false}}},"categories":[19,20],"tags":[],"jetpack_publicize_connections":[],"yoast_head":"<!-- This site is optimized with the Yoast SEO plugin v20.6 - https:\/\/yoast.com\/wordpress\/plugins\/seo\/ -->\n<title>L&#039;H\u00f4tel des Horlogers au Brassus (VD) - thomasvino<\/title>\n<meta name=\"robots\" content=\"index, follow, max-snippet:-1, max-image-preview:large, max-video-preview:-1\" \/>\n<link rel=\"canonical\" href=\"https:\/\/thomasvino.ch\/?p=9618\" \/>\n<meta property=\"og:locale\" content=\"fr_FR\" \/>\n<meta property=\"og:type\" content=\"article\" \/>\n<meta property=\"og:title\" content=\"L&#039;H\u00f4tel des Horlogers au Brassus (VD) - thomasvino\" \/>\n<meta property=\"og:description\" content=\"Ph. Guignard ouvre l\u2019H\u00f4tel des Horlogers, au Brassus (VD) Un h\u00f4tel comme cerise sur le g\u00e2teau D\u00e9but avril s\u2019est ouvert l\u2019H\u00f4tel des Horlogers, au Brassus. L\u2019ex-H\u00f4tel de France a \u00e9t\u00e9 compl\u00e8tement r\u00e9nov\u00e9 pour 4 millions de francs. Le propri\u00e9taire du b\u00e2timent, la manufacture horlog\u00e8re voisine Audemars-Piguet et son administrateur-d\u00e9l\u00e9gu\u00e9 Georges-Henri Meylan, en ont confi\u00e9 les [&hellip;]\" \/>\n<meta property=\"og:url\" content=\"https:\/\/thomasvino.ch\/?p=9618\" \/>\n<meta property=\"og:site_name\" content=\"thomasvino\" \/>\n<meta property=\"article:published_time\" content=\"2005-04-10T16:22:00+00:00\" \/>\n<meta property=\"article:modified_time\" content=\"2013-04-02T12:34:07+00:00\" \/>\n<meta name=\"author\" content=\"Pierre Thomas\" \/>\n<meta name=\"twitter:label1\" content=\"\u00c9crit par\" \/>\n\t<meta name=\"twitter:data1\" content=\"Pierre Thomas\" \/>\n\t<meta name=\"twitter:label2\" content=\"Dur\u00e9e de lecture estim\u00e9e\" \/>\n\t<meta name=\"twitter:data2\" content=\"3 minutes\" \/>\n<script type=\"application\/ld+json\" class=\"yoast-schema-graph\">{\"@context\":\"https:\/\/schema.org\",\"@graph\":[{\"@type\":\"WebPage\",\"@id\":\"https:\/\/thomasvino.ch\/?p=9618\",\"url\":\"https:\/\/thomasvino.ch\/?p=9618\",\"name\":\"L'H\u00f4tel des Horlogers au Brassus (VD) - thomasvino\",\"isPartOf\":{\"@id\":\"https:\/\/thomasvino.ch\/#website\"},\"datePublished\":\"2005-04-10T16:22:00+00:00\",\"dateModified\":\"2013-04-02T12:34:07+00:00\",\"author\":{\"@id\":\"https:\/\/thomasvino.ch\/#\/schema\/person\/670bf4486fe81152cf1d68bd585e062e\"},\"breadcrumb\":{\"@id\":\"https:\/\/thomasvino.ch\/?p=9618#breadcrumb\"},\"inLanguage\":\"fr-FR\",\"potentialAction\":[{\"@type\":\"ReadAction\",\"target\":[\"https:\/\/thomasvino.ch\/?p=9618\"]}]},{\"@type\":\"BreadcrumbList\",\"@id\":\"https:\/\/thomasvino.ch\/?p=9618#breadcrumb\",\"itemListElement\":[{\"@type\":\"ListItem\",\"position\":1,\"name\":\"Accueil\",\"item\":\"https:\/\/thomasvino.ch\/\"},{\"@type\":\"ListItem\",\"position\":2,\"name\":\"L&rsquo;H\u00f4tel des Horlogers au Brassus (VD)\"}]},{\"@type\":\"WebSite\",\"@id\":\"https:\/\/thomasvino.ch\/#website\",\"url\":\"https:\/\/thomasvino.ch\/\",\"name\":\"thomasvino\",\"description\":\"Vins &amp; Gastronomie\",\"potentialAction\":[{\"@type\":\"SearchAction\",\"target\":{\"@type\":\"EntryPoint\",\"urlTemplate\":\"https:\/\/thomasvino.ch\/?s={search_term_string}\"},\"query-input\":\"required name=search_term_string\"}],\"inLanguage\":\"fr-FR\"},{\"@type\":\"Person\",\"@id\":\"https:\/\/thomasvino.ch\/#\/schema\/person\/670bf4486fe81152cf1d68bd585e062e\",\"name\":\"Pierre Thomas\",\"image\":{\"@type\":\"ImageObject\",\"inLanguage\":\"fr-FR\",\"@id\":\"https:\/\/thomasvino.ch\/#\/schema\/person\/image\/\",\"url\":\"https:\/\/secure.gravatar.com\/avatar\/91fd5a76647f140e53db987a0dead4d7?s=96&d=mm&r=g\",\"contentUrl\":\"https:\/\/secure.gravatar.com\/avatar\/91fd5a76647f140e53db987a0dead4d7?s=96&d=mm&r=g\",\"caption\":\"Pierre Thomas\"},\"url\":\"https:\/\/thomasvino.ch\/?author=3\"}]}<\/script>\n<!-- \/ Yoast SEO plugin. -->","yoast_head_json":{"title":"L'H\u00f4tel des Horlogers au Brassus (VD) - thomasvino","robots":{"index":"index","follow":"follow","max-snippet":"max-snippet:-1","max-image-preview":"max-image-preview:large","max-video-preview":"max-video-preview:-1"},"canonical":"https:\/\/thomasvino.ch\/?p=9618","og_locale":"fr_FR","og_type":"article","og_title":"L'H\u00f4tel des Horlogers au Brassus (VD) - thomasvino","og_description":"Ph. Guignard ouvre l\u2019H\u00f4tel des Horlogers, au Brassus (VD) Un h\u00f4tel comme cerise sur le g\u00e2teau D\u00e9but avril s\u2019est ouvert l\u2019H\u00f4tel des Horlogers, au Brassus. L\u2019ex-H\u00f4tel de France a \u00e9t\u00e9 compl\u00e8tement r\u00e9nov\u00e9 pour 4 millions de francs. Le propri\u00e9taire du b\u00e2timent, la manufacture horlog\u00e8re voisine Audemars-Piguet et son administrateur-d\u00e9l\u00e9gu\u00e9 Georges-Henri Meylan, en ont confi\u00e9 les [&hellip;]","og_url":"https:\/\/thomasvino.ch\/?p=9618","og_site_name":"thomasvino","article_published_time":"2005-04-10T16:22:00+00:00","article_modified_time":"2013-04-02T12:34:07+00:00","author":"Pierre Thomas","twitter_misc":{"\u00c9crit par":"Pierre Thomas","Dur\u00e9e de lecture estim\u00e9e":"3 minutes"},"schema":{"@context":"https:\/\/schema.org","@graph":[{"@type":"WebPage","@id":"https:\/\/thomasvino.ch\/?p=9618","url":"https:\/\/thomasvino.ch\/?p=9618","name":"L'H\u00f4tel des Horlogers au Brassus (VD) - thomasvino","isPartOf":{"@id":"https:\/\/thomasvino.ch\/#website"},"datePublished":"2005-04-10T16:22:00+00:00","dateModified":"2013-04-02T12:34:07+00:00","author":{"@id":"https:\/\/thomasvino.ch\/#\/schema\/person\/670bf4486fe81152cf1d68bd585e062e"},"breadcrumb":{"@id":"https:\/\/thomasvino.ch\/?p=9618#breadcrumb"},"inLanguage":"fr-FR","potentialAction":[{"@type":"ReadAction","target":["https:\/\/thomasvino.ch\/?p=9618"]}]},{"@type":"BreadcrumbList","@id":"https:\/\/thomasvino.ch\/?p=9618#breadcrumb","itemListElement":[{"@type":"ListItem","position":1,"name":"Accueil","item":"https:\/\/thomasvino.ch\/"},{"@type":"ListItem","position":2,"name":"L&rsquo;H\u00f4tel des Horlogers au Brassus (VD)"}]},{"@type":"WebSite","@id":"https:\/\/thomasvino.ch\/#website","url":"https:\/\/thomasvino.ch\/","name":"thomasvino","description":"Vins &amp; Gastronomie","potentialAction":[{"@type":"SearchAction","target":{"@type":"EntryPoint","urlTemplate":"https:\/\/thomasvino.ch\/?s={search_term_string}"},"query-input":"required name=search_term_string"}],"inLanguage":"fr-FR"},{"@type":"Person","@id":"https:\/\/thomasvino.ch\/#\/schema\/person\/670bf4486fe81152cf1d68bd585e062e","name":"Pierre Thomas","image":{"@type":"ImageObject","inLanguage":"fr-FR","@id":"https:\/\/thomasvino.ch\/#\/schema\/person\/image\/","url":"https:\/\/secure.gravatar.com\/avatar\/91fd5a76647f140e53db987a0dead4d7?s=96&d=mm&r=g","contentUrl":"https:\/\/secure.gravatar.com\/avatar\/91fd5a76647f140e53db987a0dead4d7?s=96&d=mm&r=g","caption":"Pierre Thomas"},"url":"https:\/\/thomasvino.ch\/?author=3"}]}},"jetpack_featured_media_url":"","jetpack_sharing_enabled":true,"jetpack_shortlink":"https:\/\/wp.me\/p3m4tZ-2v8","jetpack_likes_enabled":false,"jetpack-related-posts":[{"id":9617,"url":"https:\/\/thomasvino.ch\/?p=9617","url_meta":{"origin":9618,"position":0},"title":"Le Brassus (VD) \u2014 L&rsquo;H\u00f4tel des Horlogers","date":"10 avril 2005","format":false,"excerpt":"L\u2019H\u00f4tel des Horlogers, Le Brassus (VD) Rouage pour grande complication Le p\u00e2tissier d\u2019Orbe, Philippe Guignard, ajoute un rouage de plus \u00e0 son petit empire (150 postes de travail). On le croyait \u00e0 Neuch\u00e2tel, chez l\u2019horloger Yves Piaget, propri\u00e9taire du cinq \u00e9toiles Le Beau-Rivage. Qu\u2019on se le dise : il y\u2026","rel":"","context":"Dans &quot;Adresses&quot;","img":{"alt_text":"","src":"","width":0,"height":0},"classes":[]},{"id":9680,"url":"https:\/\/thomasvino.ch\/?p=9680","url_meta":{"origin":9618,"position":1},"title":"Philippe Guignard, le livre","date":"19 octobre 2005","format":false,"excerpt":"Philippe Guignard Apr\u00e8s l\u2019h\u00f4tel, le livre Le p\u00e2tissier d\u2019Orbe Philippe Guignard s\u2019est b\u00e2ti un petit empire au pied et dans le Jura vaudois. Avec le journaliste radio Daniel Fazan, il publie 150 recettes dans la collection des grands chefs romands, chez l\u2019\u00e9diteur lausannois Pierre-Marcel Favre, sous le titre (nunuche\u00a0!) de\u2026","rel":"","context":"Dans &quot;Gastro&quot;","img":{"alt_text":"","src":"","width":0,"height":0},"classes":[]},{"id":8712,"url":"https:\/\/thomasvino.ch\/?p=8712","url_meta":{"origin":9618,"position":2},"title":"Philippe Guignard, urbi et orbi","date":"7 f\u00e9vrier 2008","format":false,"excerpt":"Il ouvre un \u00abself service de qualit\u00e9\u00bb \u00e0 LausannePhilippe Guignard, urbi et orbiIl vient d\u2019inaugurer l\u2019H\u00f4tel de la Prairie \u00e0 Yverdon-les-Bains et ouvre le 29 f\u00e9vrier \u00abLe Citadin\u00bb, bistrot self-service au c\u0153ur de Lausanne. Il est partout, l\u2019ex-confiseur d\u2019Orbe, Philippe Guignard\u00a0! Arr\u00eat sur image.Pierre ThomasSa p\u00e2tisserie-confiserie en ville d\u2019Orbe, il\u2026","rel":"","context":"Dans &quot;Gastro&quot;","img":{"alt_text":"","src":"","width":0,"height":0},"classes":[]},{"id":9675,"url":"https:\/\/thomasvino.ch\/?p=9675","url_meta":{"origin":9618,"position":3},"title":"De Courten et les autres dans le GaultMillau 2006","date":"3 octobre 2005","format":false,"excerpt":"Sortie du Guide GaultMillau Suisse 2006 (3 octobre 2005) Didier de Courten et les autres\u2026 A 37 ans, il n\u2019est plus au Terminus, mais au paradis, Didier de Courten. Hier, dans \u00abson\u00bb h\u00f4tel au c\u0153ur de Sierre, il a re\u00e7u ses confr\u00e8res et amis cuisiniers les plus toqu\u00e9s de Suisse.\u2026","rel":"","context":"Dans &quot;Tendance&quot;","img":{"alt_text":"","src":"","width":0,"height":0},"classes":[]},{"id":9496,"url":"https:\/\/thomasvino.ch\/?p=9496","url_meta":{"origin":9618,"position":4},"title":"Cent restos \u00e9toil\u00e9s dans le Michelin Suisse 2013","date":"20 novembre 2012","format":false,"excerpt":"Guide Michelin Suisse 2013 La course aux \u00e9toiles Pour la premi\u00e8re fois, les restaurants \u00e9toil\u00e9s du Guide Michelin sur l\u2019ensemble de la Suisse sont au nombre de 100, exactement, avec l\u2019\u00e9dition 2013. Au sommet, Beno\u00eet Violier, \u00e0 Crissier, conserve les trois \u00e9toiles de son pr\u00e9d\u00e9cesseur jusqu'en avril, Philippe Rochat, tandis\u2026","rel":"","context":"Dans &quot;Actus - News&quot;","img":{"alt_text":"","src":"","width":0,"height":0},"classes":[]},{"id":12382,"url":"https:\/\/thomasvino.ch\/?p=12382","url_meta":{"origin":9618,"position":5},"title":"Guide Michelin Suisse 2015  Poussi\u00e8re d\u2019\u00e9toiles romandes","date":"25 novembre 2014","format":false,"excerpt":"Poussi\u00e8re d\u2019\u00e9toiles ou miettes de macarons\u00a0? Comme a son habitude en novembre, le Guide Michelin jette un coup de projecteur sur une ou deux r\u00e9gions du pays et laisse les autres dans l'ombre. Pour l'\u00e9dition 2015, la Suisse romande, avec trois nouveaux \u00e9toil\u00e9s, et le Tessin, avec un seul, en\u2026","rel":"","context":"Dans &quot;Gastro&quot;","img":{"alt_text":"","src":"","width":0,"height":0},"classes":[]}],"_links":{"self":[{"href":"https:\/\/thomasvino.ch\/index.php?rest_route=\/wp\/v2\/posts\/9618"}],"collection":[{"href":"https:\/\/thomasvino.ch\/index.php?rest_route=\/wp\/v2\/posts"}],"about":[{"href":"https:\/\/thomasvino.ch\/index.php?rest_route=\/wp\/v2\/types\/post"}],"author":[{"embeddable":true,"href":"https:\/\/thomasvino.ch\/index.php?rest_route=\/wp\/v2\/users\/3"}],"replies":[{"embeddable":true,"href":"https:\/\/thomasvino.ch\/index.php?rest_route=%2Fwp%2Fv2%2Fcomments&post=9618"}],"version-history":[{"count":0,"href":"https:\/\/thomasvino.ch\/index.php?rest_route=\/wp\/v2\/posts\/9618\/revisions"}],"wp:attachment":[{"href":"https:\/\/thomasvino.ch\/index.php?rest_route=%2Fwp%2Fv2%2Fmedia&parent=9618"}],"wp:term":[{"taxonomy":"category","embeddable":true,"href":"https:\/\/thomasvino.ch\/index.php?rest_route=%2Fwp%2Fv2%2Fcategories&post=9618"},{"taxonomy":"post_tag","embeddable":true,"href":"https:\/\/thomasvino.ch\/index.php?rest_route=%2Fwp%2Fv2%2Ftags&post=9618"}],"curies":[{"name":"wp","href":"https:\/\/api.w.org\/{rel}","templated":true}]}}