{"id":9623,"date":"2005-04-15T18:36:00","date_gmt":"2005-04-15T18:36:00","guid":{"rendered":"http:\/\/localhost\/thomasvino\/?p=9623"},"modified":"2005-04-15T18:36:00","modified_gmt":"2005-04-15T18:36:00","slug":"valais-la-petite-arvine-excite-les-scientifiques","status":"publish","type":"post","link":"https:\/\/thomasvino.ch\/?p=9623","title":{"rendered":"Valais \u2014 La petite arvine excite les scientifiques"},"content":{"rendered":"<div style=\"text-align: justify;\"><font size=\"3\"><span style=\"font-weight: bold; font-style: italic;\">La Petite Arvine, c\u00e9page valaisan le plus prometteur<\/span><\/font><br style=\"font-weight: bold;\"> <font size=\"5\"><span style=\"font-weight: bold;\">La preuve scientifique de l\u2019exception<\/span><\/font><br style=\"font-weight: bold;\"> <span style=\"font-weight: bold;\">*Les vignerons valaisans comptent beaucoup sur la Petite Arvine *La chimiste Claudia Fretz vient de lui consacrer sa th\u00e8se de doctorat *En quatre ans de travaux pratiques, elle a pu expliquer en quoi ce c\u00e9page est exceptionnel.<\/span><br \/> <span style=\"font-style: italic;\">Pierre Thomas<\/span><br \/> Ah si le bouquet de la Petite Arvine avait \u00e9t\u00e9 moins complexe, le visage du Valais (et non le nez de Cl\u00e9op\u00e2tre) eut \u00e9t\u00e9 diff\u00e9rent\u2026 Fin f\u00e9vrier, Claudia Fretz, 30 ans, a d\u00e9fendu avec succ\u00e8s sa th\u00e8se sur ce c\u00e9page blanc propre au Vieux Pays, \u00e0 l\u2019Ecole polytechnique f\u00e9d\u00e9rale de Zurich. Quatre ans durant, \u00e0 l\u2019Ecole d\u2019ing\u00e9nieurs de Sion, la HEVs, elle a approch\u00e9 du plus pr\u00e8s qu\u2019il soit possible les ar\u00f4mes de la Petite Arvine, sous la conduite du professeur Jean-Luc Luisier, qui vient de prendre sa retraite. <br \/> <span style=\"font-weight: bold;\">Une v\u00e9ritable symphonie<\/span><br \/> Son successeur, Matthias W\u00fcst, r\u00e9sume allegro vivace le r\u00e9sultat de ces recherches : \u00abLa plupart des c\u00e9pages livrent un bouquet qui ressemble \u00e0 un concerto, o\u00f9 un instrument domine, tel le piano ou le violon. La Petite Arvine, elle, d\u00e9ploie une v\u00e9ritable symphonie.\u00bb En analysant scientifiquement les ar\u00f4mes \u2014 cette discipline se nomme l\u2019\u00abolfactom\u00e9trie\u00bb et, au passage, la haute \u00e9cole valaisanne y a gagn\u00e9 une expertise utilis\u00e9e pour d\u2019autres domaines que le vin \u2014, l\u2019\u00e9quipe a pu dresser le profil aromatique du vin. Plus d\u2019une vingtaine d\u2019ar\u00f4mes ont \u00e9t\u00e9 d\u00e9tect\u00e9s. L\u00e0 o\u00f9 le d\u00e9gustateur d\u00e9c\u00e8le une note rappellant le caramel, le scientifique mesure du butyrate d&#39;\u00e9thyle ; pour la banane, de l\u2019ac\u00e9tate d\u2019isoamyle, pour la poire, de l\u2019hexanoate d\u2019ethyle, pour le fruit de la passion, de l\u2019octanoate d\u2019ethyle, pour la rose, de l\u2019ac\u00e9tate de ph\u00e9nyl\u00e9thanol, pour la rhubarbe, du 3-mercoptohexanol et pour la rose, du 2-ph\u00e9nyl\u00e9thanol. Autant de mol\u00e9cules connues\u2026 ou moins connues, comme celle de l\u2019\u00abar\u00f4me de coing\u00bb, qu\u2019un \u00e9tudiant valaisan va tenter d\u2019identifier dans un proche avenir, dans l\u2019espoir de trouver une nouvelle mol\u00e9cule.<br \/> <span style=\"font-weight: bold;\">Une complexit\u00e9 prouv\u00e9e<\/span><br \/> Tout cela peut para\u00eetre de la science pour la science. Mais, ces analyses d\u00e9montrent que la Petite Arvine est, effectivement, plus complexe que ce qu\u2019on imaginait. Cette richesse aromatique ne permet pas de r\u00e9duire le c\u00e9page valaisan \u00e0 un seul ar\u00f4me dominant. En cela, la Petite Arvine diff\u00e8re notablement du Sauvignon blanc, que le professeur d\u2019\u0153nologie Denis Dubourdieu a pu analyser et mettre en \u00e9vidence. Le Bordelais \u00e9tait, du reste, un des experts du doctorat de la jeune chimiste zurichoise. <br \/> En travaillant sur les \u00abpr\u00e9curseurs d\u2019ar\u00f4mes\u00bb, les scientifiques ont pu d\u00e9finir la typicit\u00e9 du c\u00e9page et vont pouvoir donner de pr\u00e9cieuses indications pour que les vignerons puissent mieux exprimer sa richesse aromatique. Cela va de la s\u00e9lection des clones \u00e0 des conseils de vinification. Par exemple: la Petite Arvine ne craint pas les temp\u00e9ratures de fermentation \u00e9lev\u00e9e, la fermentation malolactique ne para\u00eet pas r\u00e9duire son potentiel aromatique, sa sensibilit\u00e9 \u00e0 l\u2019oxydation demande du doigt\u00e9 dans l\u2019\u00e9levage en barrique\u2026 <br \/> Jamais, jusqu\u2019ici, sur un c\u00e9page suisse, on \u00e9tait all\u00e9 aussi loin dans l\u2019\u00e9tude. Reste, maintenant, \u00e0 en tirer les cons\u00e9quences de la terre au verre.<\/p>\n<p> <font size=\"4\"><span style=\"font-weight: bold; font-style: italic;\">Eclairages<\/span><\/font><br \/> <font size=\"4\"><span style=\"font-weight: bold;\">Eviter de g\u00e2cher un tr\u00e9sor<\/span><\/font><br \/> Thierry Constantin, de Pont-de-la-Morge, tout neuf pr\u00e9sident de l\u2019Union des vignerons-encaveurs valaisans (300 membres), Beno\u00eet Dorsaz, de Fully, et Jean-Yves Crettenand, de Saillon, ont vu leurs Petites Arvines distingu\u00e9es par le Label Nobilis. Ils disent ce qu\u2019ils pensent du c\u00e9page dont la surface est pass\u00e9e de 65 \u00e0 101 ha en cinq ans.<br \/> Pour Thierry Constantin, la recherche scientifique doit avoir des retomb\u00e9es \u00abterre-\u00e0-terre, pour d\u00e9finir sur quel type de sols la Petite Arvine doit \u00eatre plant\u00e9e, dans quelle limite de rendement elle doit \u00eatre produite, pour \u00e9viter que des vins de bas de gamme cassent le march\u00e9. Avec un c\u00e9page tardif qui peut \u00eatre tr\u00e8s productif, on passe vite du grand vin \u00e0 la vinasse !\u00bb <br \/> Jean-Yves Crettenand, adepte de l\u2019arvine s\u00e8che, rend hommage \u00e0 la \u00abS\u00e9lection Valais\u00bb, des ceps reproduits \u00e0 partir de vieilles souches par les p\u00e9pini\u00e9ristes, qui a d\u00e9j\u00e0 donn\u00e9 \u00abde pures merveilles\u00bb. Avant m\u00eame que l\u2019\u00e9tude scientifique le confirme, le jeune vigneron de Saillon savait \u00abqu\u2019il ne faut pas br\u00fbler les ar\u00f4mes de l\u2019arvine, qui sont juste sous la pellicule du raisin. Une grappe jolie \u00e0 voir, bien dor\u00e9e, ne donnera pas un grand vin !\u00bb, dit-il, lui qui aime les vins \u00absecs, floraux, typ\u00e9s glycine, fruit\u00e9, avec une bonne acidit\u00e9\u00bb. <br \/> Associ\u00e9 au travail de Claudia Fretz, Beno\u00eet Dorsaz a d\u00e9j\u00e0 tir\u00e9 des cons\u00e9quences sur la \u00abvinification sur le fil du rasoir de la petite arvine, entre r\u00e9duction et oxydation\u00bb. Lui aussi redoute les \u00abprix d\u2019appel de certains marchands, qui seraient une insulte \u00e0 la classe mondiale du c\u00e9page\u00bb. A Fully, tous les deux ans, se d\u00e9roule un \u00absommet\u00bb, \u00abArvine en capitales\u00bb : cette ann\u00e9e le 19 novembre, avec la pr\u00e9sence d\u2019une vingtaine de producteurs et une d\u00e9gustation de vins surmatur\u00e9s, pour passer de la th\u00e9orie \u00e0 la pratique.<\/p>\n<p> <font size=\"3\"><span style=\"font-weight: bold;\">Les plus r\u00e9cents Labels Nobilis pour des arvines<\/span><\/font><br \/> <span style=\"font-weight: bold;\">Vins secs<\/span><br \/> Grand Or : Jean-Yves Crettenand, Saillon, mill\u00e9simes 2003 et 2001; Julien et Ghislaine Carrupt, Chamoson, 2002.<br \/> Or : Beno\u00eet Dorsaz, Fully, 2002; No\u00ebl Th\u00e9taz &amp; Fils, Saillon, 2002 et 2003;  Alexis Jacqu\u00e9rioz, Martigny, 2003; Domaine du Grand-Br\u00fbl\u00e9, Etat du Valais, Leytron, 2002; Cave de Riondaz, Sierre, 2002 ; Fabienne Cottagnoud, V\u00e9troz, 2002 ; Andr\u00e9 Fontannaz, V\u00e9troz, 2003; Cave Saint-Georges, Sierre, 2003; Domaine des Muses, Sierre, 2002; Imesch, Sierre, 2003; Provins Valais, Sion, 2003; Rouvinez Vins, Sierre, 2003; Cave Saint-Ginier, Venth\u00f4ne, 2002; Cave de la D\u00f4le Blanche, Leytron, 2002; Jean-Ren\u00e9 Germanier SA, V\u00e9troz, 2002.<br \/> <span style=\"font-weight: bold;\">Vins liquoreux<\/span><br \/> Grand Or : Beno\u00eet Dorsaz, Fully, 2001; Caveau de Salquenen, Salgesch, 2003; Thierry Constantin, Pont-de-la-Morge, 2002.<br \/> Or : Thierry Constantin, Pont-de-la-Morge, 2003; Domaine Cornulus, Savi\u00e8se, 2001; Beno\u00eet Dorsaz, Fully, 2000; Marie-Th\u00e9r\u00e8se Chappaz, Fully, 2000.<\/p>\n<p> <span style=\"font-style: italic;\">Texte paru dans <\/span>Al Dente, L&#39;Illustr\u00e9<span style=\"font-style: italic;\">, mars 2005.<\/span> <\/div>\n","protected":false},"excerpt":{"rendered":"<p>La Petite Arvine, c\u00e9page valaisan le plus prometteur La preuve scientifique de l\u2019exception *Les vignerons valaisans comptent beaucoup sur la Petite Arvine *La chimiste Claudia Fretz vient de lui consacrer sa th\u00e8se de doctorat *En quatre ans de travaux pratiques, elle a pu expliquer en quoi ce c\u00e9page est exceptionnel. Pierre Thomas Ah si le [&hellip;]<\/p>\n","protected":false},"author":3,"featured_media":0,"comment_status":"closed","ping_status":"open","sticky":false,"template":"","format":"standard","meta":{"_monsterinsights_skip_tracking":false,"_monsterinsights_sitenote_active":false,"_monsterinsights_sitenote_note":"","_monsterinsights_sitenote_category":0,"jetpack_post_was_ever_published":false,"jetpack_publicize_message":"","jetpack_is_tweetstorm":false,"jetpack_publicize_feature_enabled":true,"jetpack_social_post_already_shared":false,"jetpack_social_options":{"image_generator_settings":{"template":"highway","enabled":false}}},"categories":[3],"tags":[],"jetpack_publicize_connections":[],"yoast_head":"<!-- This site is optimized with the Yoast SEO plugin v20.6 - https:\/\/yoast.com\/wordpress\/plugins\/seo\/ -->\n<title>Valais \u2014 La petite arvine excite les scientifiques - thomasvino<\/title>\n<meta name=\"robots\" content=\"index, follow, max-snippet:-1, max-image-preview:large, max-video-preview:-1\" \/>\n<link rel=\"canonical\" href=\"https:\/\/thomasvino.ch\/?p=9623\" \/>\n<meta property=\"og:locale\" content=\"fr_FR\" \/>\n<meta property=\"og:type\" content=\"article\" \/>\n<meta property=\"og:title\" content=\"Valais \u2014 La petite arvine excite les scientifiques - thomasvino\" \/>\n<meta property=\"og:description\" content=\"La Petite Arvine, c\u00e9page valaisan le plus prometteur La preuve scientifique de l\u2019exception *Les vignerons valaisans comptent beaucoup sur la Petite Arvine *La chimiste Claudia Fretz vient de lui consacrer sa th\u00e8se de doctorat *En quatre ans de travaux pratiques, elle a pu expliquer en quoi ce c\u00e9page est exceptionnel. Pierre Thomas Ah si le [&hellip;]\" \/>\n<meta property=\"og:url\" content=\"https:\/\/thomasvino.ch\/?p=9623\" \/>\n<meta property=\"og:site_name\" content=\"thomasvino\" \/>\n<meta property=\"article:published_time\" content=\"2005-04-15T18:36:00+00:00\" \/>\n<meta name=\"author\" content=\"Pierre Thomas\" \/>\n<meta name=\"twitter:label1\" content=\"\u00c9crit par\" \/>\n\t<meta name=\"twitter:data1\" content=\"Pierre Thomas\" \/>\n\t<meta name=\"twitter:label2\" content=\"Dur\u00e9e de lecture estim\u00e9e\" \/>\n\t<meta name=\"twitter:data2\" content=\"5 minutes\" \/>\n<script type=\"application\/ld+json\" class=\"yoast-schema-graph\">{\"@context\":\"https:\/\/schema.org\",\"@graph\":[{\"@type\":\"WebPage\",\"@id\":\"https:\/\/thomasvino.ch\/?p=9623\",\"url\":\"https:\/\/thomasvino.ch\/?p=9623\",\"name\":\"Valais \u2014 La petite arvine excite les scientifiques - thomasvino\",\"isPartOf\":{\"@id\":\"https:\/\/thomasvino.ch\/#website\"},\"datePublished\":\"2005-04-15T18:36:00+00:00\",\"dateModified\":\"2005-04-15T18:36:00+00:00\",\"author\":{\"@id\":\"https:\/\/thomasvino.ch\/#\/schema\/person\/670bf4486fe81152cf1d68bd585e062e\"},\"breadcrumb\":{\"@id\":\"https:\/\/thomasvino.ch\/?p=9623#breadcrumb\"},\"inLanguage\":\"fr-FR\",\"potentialAction\":[{\"@type\":\"ReadAction\",\"target\":[\"https:\/\/thomasvino.ch\/?p=9623\"]}]},{\"@type\":\"BreadcrumbList\",\"@id\":\"https:\/\/thomasvino.ch\/?p=9623#breadcrumb\",\"itemListElement\":[{\"@type\":\"ListItem\",\"position\":1,\"name\":\"Accueil\",\"item\":\"https:\/\/thomasvino.ch\/\"},{\"@type\":\"ListItem\",\"position\":2,\"name\":\"Valais \u2014 La petite arvine excite les scientifiques\"}]},{\"@type\":\"WebSite\",\"@id\":\"https:\/\/thomasvino.ch\/#website\",\"url\":\"https:\/\/thomasvino.ch\/\",\"name\":\"thomasvino\",\"description\":\"Vins &amp; Gastronomie\",\"potentialAction\":[{\"@type\":\"SearchAction\",\"target\":{\"@type\":\"EntryPoint\",\"urlTemplate\":\"https:\/\/thomasvino.ch\/?s={search_term_string}\"},\"query-input\":\"required name=search_term_string\"}],\"inLanguage\":\"fr-FR\"},{\"@type\":\"Person\",\"@id\":\"https:\/\/thomasvino.ch\/#\/schema\/person\/670bf4486fe81152cf1d68bd585e062e\",\"name\":\"Pierre Thomas\",\"image\":{\"@type\":\"ImageObject\",\"inLanguage\":\"fr-FR\",\"@id\":\"https:\/\/thomasvino.ch\/#\/schema\/person\/image\/\",\"url\":\"https:\/\/secure.gravatar.com\/avatar\/91fd5a76647f140e53db987a0dead4d7?s=96&d=mm&r=g\",\"contentUrl\":\"https:\/\/secure.gravatar.com\/avatar\/91fd5a76647f140e53db987a0dead4d7?s=96&d=mm&r=g\",\"caption\":\"Pierre Thomas\"},\"url\":\"https:\/\/thomasvino.ch\/?author=3\"}]}<\/script>\n<!-- \/ Yoast SEO plugin. -->","yoast_head_json":{"title":"Valais \u2014 La petite arvine excite les scientifiques - thomasvino","robots":{"index":"index","follow":"follow","max-snippet":"max-snippet:-1","max-image-preview":"max-image-preview:large","max-video-preview":"max-video-preview:-1"},"canonical":"https:\/\/thomasvino.ch\/?p=9623","og_locale":"fr_FR","og_type":"article","og_title":"Valais \u2014 La petite arvine excite les scientifiques - thomasvino","og_description":"La Petite Arvine, c\u00e9page valaisan le plus prometteur La preuve scientifique de l\u2019exception *Les vignerons valaisans comptent beaucoup sur la Petite Arvine *La chimiste Claudia Fretz vient de lui consacrer sa th\u00e8se de doctorat *En quatre ans de travaux pratiques, elle a pu expliquer en quoi ce c\u00e9page est exceptionnel. Pierre Thomas Ah si le [&hellip;]","og_url":"https:\/\/thomasvino.ch\/?p=9623","og_site_name":"thomasvino","article_published_time":"2005-04-15T18:36:00+00:00","author":"Pierre Thomas","twitter_misc":{"\u00c9crit par":"Pierre Thomas","Dur\u00e9e de lecture estim\u00e9e":"5 minutes"},"schema":{"@context":"https:\/\/schema.org","@graph":[{"@type":"WebPage","@id":"https:\/\/thomasvino.ch\/?p=9623","url":"https:\/\/thomasvino.ch\/?p=9623","name":"Valais \u2014 La petite arvine excite les scientifiques - thomasvino","isPartOf":{"@id":"https:\/\/thomasvino.ch\/#website"},"datePublished":"2005-04-15T18:36:00+00:00","dateModified":"2005-04-15T18:36:00+00:00","author":{"@id":"https:\/\/thomasvino.ch\/#\/schema\/person\/670bf4486fe81152cf1d68bd585e062e"},"breadcrumb":{"@id":"https:\/\/thomasvino.ch\/?p=9623#breadcrumb"},"inLanguage":"fr-FR","potentialAction":[{"@type":"ReadAction","target":["https:\/\/thomasvino.ch\/?p=9623"]}]},{"@type":"BreadcrumbList","@id":"https:\/\/thomasvino.ch\/?p=9623#breadcrumb","itemListElement":[{"@type":"ListItem","position":1,"name":"Accueil","item":"https:\/\/thomasvino.ch\/"},{"@type":"ListItem","position":2,"name":"Valais \u2014 La petite arvine excite les scientifiques"}]},{"@type":"WebSite","@id":"https:\/\/thomasvino.ch\/#website","url":"https:\/\/thomasvino.ch\/","name":"thomasvino","description":"Vins &amp; Gastronomie","potentialAction":[{"@type":"SearchAction","target":{"@type":"EntryPoint","urlTemplate":"https:\/\/thomasvino.ch\/?s={search_term_string}"},"query-input":"required name=search_term_string"}],"inLanguage":"fr-FR"},{"@type":"Person","@id":"https:\/\/thomasvino.ch\/#\/schema\/person\/670bf4486fe81152cf1d68bd585e062e","name":"Pierre Thomas","image":{"@type":"ImageObject","inLanguage":"fr-FR","@id":"https:\/\/thomasvino.ch\/#\/schema\/person\/image\/","url":"https:\/\/secure.gravatar.com\/avatar\/91fd5a76647f140e53db987a0dead4d7?s=96&d=mm&r=g","contentUrl":"https:\/\/secure.gravatar.com\/avatar\/91fd5a76647f140e53db987a0dead4d7?s=96&d=mm&r=g","caption":"Pierre Thomas"},"url":"https:\/\/thomasvino.ch\/?author=3"}]}},"jetpack_featured_media_url":"","jetpack_sharing_enabled":true,"jetpack_shortlink":"https:\/\/wp.me\/p3m4tZ-2vd","jetpack_likes_enabled":false,"jetpack-related-posts":[{"id":9755,"url":"https:\/\/thomasvino.ch\/?p=9755","url_meta":{"origin":9623,"position":0},"title":"Valais \u2014 La petite arvine intrigue les scientifiques","date":"10 mai 2006","format":false,"excerpt":"D\u00e9gustateurs et chercheurs se passionnent pour le c\u00e9page valaisan La petite arvine intrigue les scientifiques Comment conserver la complexit\u00e9 de ce vin blanc prometteur? Deux projets scientifiques veillent au grain. Aujourd'hui, les p\u00e9pini\u00e9ristes valaisans ont le choix entre 109 types de petite arvine et ne doivent pas se cantonner \u00e0\u2026","rel":"","context":"Dans &quot;Vins suisses&quot;","img":{"alt_text":"","src":"","width":0,"height":0},"classes":[]},{"id":9580,"url":"https:\/\/thomasvino.ch\/?p=9580","url_meta":{"origin":9623,"position":1},"title":"Valais \u2014 Petite arvine, grand c\u00e9page","date":"19 janvier 2005","format":false,"excerpt":"Petite arvine, grand c\u00e9page Elle ne repr\u00e9sente que 60 hectares sur les 5000 du vignoble valaisan, mais elle est sans conteste une vedette du renouveau du Vieux Pays. (Liste des meilleurs producteurs actualis\u00e9e en fin de fichier - mars 2009) Par Pierre Thomas Tout ce qui est rare est bon.\u2026","rel":"","context":"Dans &quot;Vins suisses&quot;","img":{"alt_text":"","src":"","width":0,"height":0},"classes":[]},{"id":11407,"url":"https:\/\/thomasvino.ch\/?p=11407","url_meta":{"origin":9623,"position":2},"title":"Arvine en capitale \u00e0 Fully, 15-16.11   Le point sur un grand c\u00e9page","date":"18 octobre 2013","format":false,"excerpt":"Les vendredi et samedi 15 et 16 novembre, Fully vivra au rythme d\u2019Arvine en capitale, son salon d\u00e9di\u00e9 au c\u00e9page (blanc) valaisan le plus embl\u00e9matique. L\u2019exposition, qui r\u00e9unira 19 vignerons-\u00e9leveurs de Fully, aura lieu \u00e0 la nouvelle salle polyvalente de Charnot, de 15 \u00e0 20 h, le vendredi et de\u2026","rel":"","context":"Dans &quot;Actus - News&quot;","img":{"alt_text":"","src":"","width":0,"height":0},"classes":[]},{"id":9494,"url":"https:\/\/thomasvino.ch\/?p=9494","url_meta":{"origin":9623,"position":3},"title":"Petite arvine: toujours des recherches","date":"19 novembre 2012","format":false,"excerpt":"Un travail de recherche universitaire n\u2019avait pas permis de d\u00e9finir des pr\u00e9curseurs d\u2019ar\u00f4mes de la petite arvine, \u00e0 la si riche palette expressive, au contraire du sauvignon, comme l\u2019a montr\u00e9 le professeur d\u2019\u0153nologie bordelais Denis Dubourdieu, puis ses \u00e9l\u00e8ves. Mais la recherche sur le c\u00e9page embl\u00e9matique du renouveau vitivinicole qualitatif\u2026","rel":"","context":"Dans &quot;Actus - News&quot;","img":{"alt_text":"","src":"","width":0,"height":0},"classes":[]},{"id":11842,"url":"https:\/\/thomasvino.ch\/?p=11842","url_meta":{"origin":9623,"position":4},"title":"L&rsquo;arvine vers la virginit\u00e9","date":"14 mars 2014","format":false,"excerpt":"Le Grand Conseil valaisan a accept\u00e9, cette semaine (mars 2014), un postulat de la jeune vigneronne-encaveuse de Leytron A\u00efda Lips, d\u00e9put\u00e9e suppl\u00e9ante UDC, pour que la petite arvine AOC du Valais ne puisse plus \u00eatre coup\u00e9e \u00e0 hauteur de 15% par un autre c\u00e9page. Le fendant fait d\u00e9j\u00e0 l'objet d'une\u2026","rel":"","context":"Dans &quot;Actus - News&quot;","img":{"alt_text":"","src":"","width":0,"height":0},"classes":[]},{"id":8985,"url":"https:\/\/thomasvino.ch\/?p=8985","url_meta":{"origin":9623,"position":5},"title":"Valais \u2014 Les six stars du mill\u00e9sime 2008","date":"31 d\u00e9cembre 2009","format":false,"excerpt":"Etoiles du Valais 2009 Les six stars du mill\u00e9sime 2008 Pour la quatri\u00e8me fois, l\u2019Interprofession de la vigne et du vin du Valais (IVV) a confi\u00e9 \u00e0 un jury d\u2019experts le soin de d\u00e9signer les \u00abstars\u00bb parmi les \u00e9toiles du Valais. Le portrait des six vainqueurs 2009, pour le mill\u00e9sime\u2026","rel":"","context":"Dans &quot;Vins suisses&quot;","img":{"alt_text":"","src":"","width":0,"height":0},"classes":[]}],"_links":{"self":[{"href":"https:\/\/thomasvino.ch\/index.php?rest_route=\/wp\/v2\/posts\/9623"}],"collection":[{"href":"https:\/\/thomasvino.ch\/index.php?rest_route=\/wp\/v2\/posts"}],"about":[{"href":"https:\/\/thomasvino.ch\/index.php?rest_route=\/wp\/v2\/types\/post"}],"author":[{"embeddable":true,"href":"https:\/\/thomasvino.ch\/index.php?rest_route=\/wp\/v2\/users\/3"}],"replies":[{"embeddable":true,"href":"https:\/\/thomasvino.ch\/index.php?rest_route=%2Fwp%2Fv2%2Fcomments&post=9623"}],"version-history":[{"count":0,"href":"https:\/\/thomasvino.ch\/index.php?rest_route=\/wp\/v2\/posts\/9623\/revisions"}],"wp:attachment":[{"href":"https:\/\/thomasvino.ch\/index.php?rest_route=%2Fwp%2Fv2%2Fmedia&parent=9623"}],"wp:term":[{"taxonomy":"category","embeddable":true,"href":"https:\/\/thomasvino.ch\/index.php?rest_route=%2Fwp%2Fv2%2Fcategories&post=9623"},{"taxonomy":"post_tag","embeddable":true,"href":"https:\/\/thomasvino.ch\/index.php?rest_route=%2Fwp%2Fv2%2Ftags&post=9623"}],"curies":[{"name":"wp","href":"https:\/\/api.w.org\/{rel}","templated":true}]}}