{"id":9625,"date":"2005-04-17T20:05:00","date_gmt":"2005-04-17T20:05:00","guid":{"rendered":"http:\/\/localhost\/thomasvino\/?p=9625"},"modified":"2013-04-30T07:45:15","modified_gmt":"2013-04-30T06:45:15","slug":"cormondreche-ne-kazumi","status":"publish","type":"post","link":"https:\/\/thomasvino.ch\/?p=9625","title":{"rendered":"Cormondr\u00e8che (NE) \u2014 Kazumi"},"content":{"rendered":"<div style=\"text-align: justify;\"><strong><span style=\"font-style: italic; font-size: small;\">*** Triste nouvelle: fin avril 2013, Kazumi Nishimura a disparu dans les eaux de l&rsquo;Arnon, pr\u00e8s de Champagne, en voulant sauver un chien tomb\u00e9 dans la rivi\u00e8re. A 57 ans, le chef install\u00e9 sur terres neuch\u00e2teloises est d\u00e9c\u00e9d\u00e9. <\/span><\/strong><\/div>\n<div style=\"text-align: justify;\"><strong><span style=\"font-style: italic; font-size: small;\">Depuis 2010, Kazumi \u00e9tait chez lui \u00e0 Chez-le-Bart, sur la route cantonale Yverdon-Neuch\u00e2tel, rue du Littoral 13, t\u00e9l. 032 730 15 00, <a href=\"http:\/\/www.kazumi.ch\/\">www.kazumi.ch<\/a>. En automne 2010, il a \u00e9t\u00e9 not\u00e9 14\/20 au GaultMillau Suisse romande, puis confirm\u00e9 ensuite. Son fr\u00e8re Miyuki est \u00e9galement \u00e0 la t\u00eate de ce restaurant, un des plus authentiques japonais de Suisse romande***<\/span><\/strong><\/div>\n<div style=\"text-align: justify;\"><strong><span style=\"font-size: large;\"><br \/>\nKazumi \u00e0 Cormondr\u00e8che (NE)<\/span><\/strong><br \/>\n<span style=\"font-weight: bold; font-size: large;\"><span style=\"font-size: x-large;\">Sushis sans soucis<\/span><\/span><br \/>\nL\u2019autre samedi soir, les quarante places de Kazumi, \u00e0 Cormondr\u00e8che, \u00e0 une encablure de Neuch\u00e2tel, furent presque toutes occup\u00e9es deux fois, surtout par une client\u00e8le jeune. De quoi d\u00e9mentir le commentaire de l\u2019initiateur du site www.moshimoshi.ch, qui recense les adresses nippones en Romandie. A \u00abFemina\u00bb, il d\u00e9clarait r\u00e9cemment que \u00abbeaucoup de gens s\u2019int\u00e9ressent \u00e0 tout ce qui est asiatique non pas parce que \u00e7a leur pla\u00eet, mais parce que c\u2019est \u00e0 la mode, que c\u2019est exotique et que \u00e7a para\u00eet inaccessible.\u00bb Mais le chef Kazumi Nishimura sait s\u2019y prendre pour fid\u00e9liser sa client\u00e8le.<br \/>\n<span style=\"font-weight: bold;\">Une cuisine du sourire<\/span><br \/>\nOn l\u2019avait connu dans un cagibi, \u00e0 Saint-Aubin (NE), o\u00f9 il a \u0153uvr\u00e9 cinq ans. Depuis trois ans, il est install\u00e9 dans ses meubles au centre de Cormondr\u00e8che, en face de la poste et derri\u00e8re l\u2019abreuvoir, dans l\u2019ancien Caf\u00e9 des Alpes.<br \/>\nLa porte s\u2019ouvre sur un local aux boiseries \u00e9l\u00e9gantes, tout en largeur, o\u00f9 tr\u00f4ne, sur un podium, un bar \u00e0 sushi confortable d\u2019une dizaine de chaises. L\u00e0 officie en premi\u00e8re ligne le patron. Le sourire \u00e9ternel, Kazumi (50 ans en d\u00e9cembre prochain) se souvient de l\u2019\u00e9poque o\u00f9, jeune cuisinier form\u00e9 pr\u00e8s de Nagoya \u2014 l\u00e0 o\u00f9 se tient pr\u00e9sentement l\u2019exposition universelle \u2014 il a d\u00e9barqu\u00e9 en Suisse \u00abpour voir comment on faisait de la cuisine europ\u00e9enne\u00bb. Il a travaill\u00e9 pour Peter Baermann, alors au Beau-Rivage lausannois, et pour Olivier Valloton, au Gourmet, \u00e0 Martigny, deux paires d\u2019ann\u00e9es, et s\u2019est fait des amis vaudois du c\u00f4t\u00e9 de Grandvaux, jumel\u00e9 depuis 25 ans avec Nagara Furusato Mura. Puis il a mis le cap sur Neuch\u00e2tel et a r\u00e9ussi ses examens de cafetier au\u2026 troisi\u00e8me essai, dit-il dans un fran\u00e7ais (encore) syncop\u00e9.<br \/>\n<span style=\"font-weight: bold;\">Rien que des classiques nippons <\/span><br \/>\nSur sa carte, les classiques de la cuisine japonaise d\u00e9filent : \u00abJ\u2019essaie de rester le plus fid\u00e8le et le plus typique\u00bb. Justement, le menu \u00abtradition\u00bb, \u00e0 75 francs par personne, servi \u00e0 partir de deux, aligne impeccablement harumaki d\u2019abord (les rouleaux de printemps japonais), sushi (poisson cru avec riz collant) ou sashimi (un magnifique choix de poissons crus), le \u00abrouleau californien\u00bb (avocat, crabe, concombre et mayonnaise), puis \u00e0 choix, du poulet saut\u00e9, sauce teriyaki et champignons shiitake ou l\u2019excellent saumon, sauce Ponzu d\u00e9licate, puis sorbet au gingembre ou glace au th\u00e9 vert, avec quelques fruits d\u00e9coup\u00e9s. A la carte, compter de 40 \u00e0 70 fr..<br \/>\nTout ici est hyper frais et bien tourn\u00e9: si Kazumi y veille perso au bar, son fr\u00e8re cadet, Miyuki, est aux fourneaux. Au service, le personnel est aussi japonais. \u00abMon fr\u00e8re a \u00e9pous\u00e9 une Suissesse, moi, je suis mari\u00e9 au restaurant\u00bb, r\u00e9sume, sans se d\u00e9partir de son sourire, le patron chevill\u00e9 \u00e0 son enseigne.<span style=\"font-weight: bold; font-style: italic; font-size: medium;\">La bonne adresse<\/span><br \/>\nKazumi, Grand-Rue 13<br \/>\nCormondr\u00e8che (NE)<br \/>\nT\u00e9l. 032 730 15 00<br \/>\nFerm\u00e9 le dimanche et le lundi<br \/>\nwww.kazumi.ch<\/p>\n<p><span style=\"font-style: italic; font-size: large;\"><span style=\"font-weight: bold;\">Le vin qui va avec&#8230;<\/span><\/span><br \/>\n<span style=\"font-weight: bold; font-size: x-large;\">Toute la panoplie du pinot<\/span><br \/>\nOn le sait bien : le pinot noir va avec tout, \u00e0 Neuch\u00e2tel surtout ! Chez Kazumi, la Cave du Prieur\u00e9 de Cormondr\u00e8che, log\u00e9e \u00e0 100 m\u00e8tres sur la m\u00eame Grand-Rue, figure en force, avec ses variations sur le c\u00e9page neuch\u00e2telois de pr\u00e9dilection: en rouge, bien s\u00fbr, mais aussi en \u0153il-de-perdrix, et en perdrix blanche, le nom (prot\u00e9g\u00e9) du blanc de noirs neuch\u00e2telois. Il y manque juste le pinot noir en barriques et le mousseux d\u2019\u0153il-de-perdrix. On regrettera aussi l\u2019absence de demi-bouteilles. Pourtant, il n\u2019y a qu\u2019une seule qualit\u00e9 d\u2019\u00ab\u0153il\u00bb dans cette petite coop\u00e9rative (34 ha, 50 membres), o\u00f9 ce ros\u00e9 repr\u00e9sente 35% du pinot noir, qui, en quantit\u00e9, fait jeu \u00e9gal avec le chasselas, mais l\u2019a devanc\u00e9 en surface cultiv\u00e9e. Choix des parcelles pour l\u2019un ou l\u2019autre vin, vendange manuelle en caissettes, tri des raisins si n\u00e9cessaire, climatisation des cuves (depuis 2004) : la cave, qui n\u2019exporte hors Neuch\u00e2tel que 15% et \u00e9coule 50% de ses vins en vente directe, soigne la mani\u00e8re, sous la direction de l\u2019\u0153nologue Yves Dothaux (<i>d\u00e8s 2010 au service de la Cave de l&rsquo;Etat de Neuch\u00e2tel, \u00e0 Auvernier<\/i>).<\/p>\n<p><span style=\"font-style: italic;\">Chronique parue dans <\/span>Le Matin-Dimanche <span style=\"font-style: italic;\">du 17 avril 2005<\/span><\/p>\n<\/div>\n","protected":false},"excerpt":{"rendered":"<p>*** Triste nouvelle: fin avril 2013, Kazumi Nishimura a disparu dans les eaux de l&rsquo;Arnon, pr\u00e8s de Champagne, en voulant sauver un chien tomb\u00e9 dans la rivi\u00e8re. A 57 ans, le chef install\u00e9 sur terres neuch\u00e2teloises est d\u00e9c\u00e9d\u00e9. Depuis 2010, Kazumi \u00e9tait chez lui \u00e0 Chez-le-Bart, sur la route cantonale Yverdon-Neuch\u00e2tel, rue du Littoral 13, [&hellip;]<\/p>\n","protected":false},"author":3,"featured_media":0,"comment_status":"closed","ping_status":"open","sticky":false,"template":"","format":"standard","meta":{"_monsterinsights_skip_tracking":false,"_monsterinsights_sitenote_active":false,"_monsterinsights_sitenote_note":"","_monsterinsights_sitenote_category":0,"jetpack_post_was_ever_published":false,"jetpack_publicize_message":"","jetpack_is_tweetstorm":false,"jetpack_publicize_feature_enabled":true,"jetpack_social_post_already_shared":false,"jetpack_social_options":{"image_generator_settings":{"template":"highway","enabled":false}}},"categories":[19,20],"tags":[],"jetpack_publicize_connections":[],"yoast_head":"<!-- This site is optimized with the Yoast SEO plugin v20.6 - https:\/\/yoast.com\/wordpress\/plugins\/seo\/ -->\n<title>Cormondr\u00e8che (NE) \u2014 Kazumi - thomasvino<\/title>\n<meta name=\"robots\" content=\"index, follow, max-snippet:-1, max-image-preview:large, max-video-preview:-1\" \/>\n<link rel=\"canonical\" href=\"https:\/\/thomasvino.ch\/?p=9625\" \/>\n<meta property=\"og:locale\" content=\"fr_FR\" \/>\n<meta property=\"og:type\" content=\"article\" \/>\n<meta property=\"og:title\" content=\"Cormondr\u00e8che (NE) \u2014 Kazumi - thomasvino\" \/>\n<meta property=\"og:description\" content=\"*** Triste nouvelle: fin avril 2013, Kazumi Nishimura a disparu dans les eaux de l&rsquo;Arnon, pr\u00e8s de Champagne, en voulant sauver un chien tomb\u00e9 dans la rivi\u00e8re. A 57 ans, le chef install\u00e9 sur terres neuch\u00e2teloises est d\u00e9c\u00e9d\u00e9. Depuis 2010, Kazumi \u00e9tait chez lui \u00e0 Chez-le-Bart, sur la route cantonale Yverdon-Neuch\u00e2tel, rue du Littoral 13, [&hellip;]\" \/>\n<meta property=\"og:url\" content=\"https:\/\/thomasvino.ch\/?p=9625\" \/>\n<meta property=\"og:site_name\" content=\"thomasvino\" \/>\n<meta property=\"article:published_time\" content=\"2005-04-17T20:05:00+00:00\" \/>\n<meta property=\"article:modified_time\" content=\"2013-04-30T06:45:15+00:00\" \/>\n<meta name=\"author\" content=\"Pierre Thomas\" \/>\n<meta name=\"twitter:label1\" content=\"\u00c9crit par\" \/>\n\t<meta name=\"twitter:data1\" content=\"Pierre Thomas\" \/>\n\t<meta name=\"twitter:label2\" content=\"Dur\u00e9e de lecture estim\u00e9e\" \/>\n\t<meta name=\"twitter:data2\" content=\"4 minutes\" \/>\n<script type=\"application\/ld+json\" class=\"yoast-schema-graph\">{\"@context\":\"https:\/\/schema.org\",\"@graph\":[{\"@type\":\"WebPage\",\"@id\":\"https:\/\/thomasvino.ch\/?p=9625\",\"url\":\"https:\/\/thomasvino.ch\/?p=9625\",\"name\":\"Cormondr\u00e8che (NE) \u2014 Kazumi - thomasvino\",\"isPartOf\":{\"@id\":\"https:\/\/thomasvino.ch\/#website\"},\"datePublished\":\"2005-04-17T20:05:00+00:00\",\"dateModified\":\"2013-04-30T06:45:15+00:00\",\"author\":{\"@id\":\"https:\/\/thomasvino.ch\/#\/schema\/person\/670bf4486fe81152cf1d68bd585e062e\"},\"breadcrumb\":{\"@id\":\"https:\/\/thomasvino.ch\/?p=9625#breadcrumb\"},\"inLanguage\":\"fr-FR\",\"potentialAction\":[{\"@type\":\"ReadAction\",\"target\":[\"https:\/\/thomasvino.ch\/?p=9625\"]}]},{\"@type\":\"BreadcrumbList\",\"@id\":\"https:\/\/thomasvino.ch\/?p=9625#breadcrumb\",\"itemListElement\":[{\"@type\":\"ListItem\",\"position\":1,\"name\":\"Accueil\",\"item\":\"https:\/\/thomasvino.ch\/\"},{\"@type\":\"ListItem\",\"position\":2,\"name\":\"Cormondr\u00e8che (NE) \u2014 Kazumi\"}]},{\"@type\":\"WebSite\",\"@id\":\"https:\/\/thomasvino.ch\/#website\",\"url\":\"https:\/\/thomasvino.ch\/\",\"name\":\"thomasvino\",\"description\":\"Vins &amp; Gastronomie\",\"potentialAction\":[{\"@type\":\"SearchAction\",\"target\":{\"@type\":\"EntryPoint\",\"urlTemplate\":\"https:\/\/thomasvino.ch\/?s={search_term_string}\"},\"query-input\":\"required name=search_term_string\"}],\"inLanguage\":\"fr-FR\"},{\"@type\":\"Person\",\"@id\":\"https:\/\/thomasvino.ch\/#\/schema\/person\/670bf4486fe81152cf1d68bd585e062e\",\"name\":\"Pierre Thomas\",\"image\":{\"@type\":\"ImageObject\",\"inLanguage\":\"fr-FR\",\"@id\":\"https:\/\/thomasvino.ch\/#\/schema\/person\/image\/\",\"url\":\"https:\/\/secure.gravatar.com\/avatar\/91fd5a76647f140e53db987a0dead4d7?s=96&d=mm&r=g\",\"contentUrl\":\"https:\/\/secure.gravatar.com\/avatar\/91fd5a76647f140e53db987a0dead4d7?s=96&d=mm&r=g\",\"caption\":\"Pierre Thomas\"},\"url\":\"https:\/\/thomasvino.ch\/?author=3\"}]}<\/script>\n<!-- \/ Yoast SEO plugin. -->","yoast_head_json":{"title":"Cormondr\u00e8che (NE) \u2014 Kazumi - thomasvino","robots":{"index":"index","follow":"follow","max-snippet":"max-snippet:-1","max-image-preview":"max-image-preview:large","max-video-preview":"max-video-preview:-1"},"canonical":"https:\/\/thomasvino.ch\/?p=9625","og_locale":"fr_FR","og_type":"article","og_title":"Cormondr\u00e8che (NE) \u2014 Kazumi - thomasvino","og_description":"*** Triste nouvelle: fin avril 2013, Kazumi Nishimura a disparu dans les eaux de l&rsquo;Arnon, pr\u00e8s de Champagne, en voulant sauver un chien tomb\u00e9 dans la rivi\u00e8re. A 57 ans, le chef install\u00e9 sur terres neuch\u00e2teloises est d\u00e9c\u00e9d\u00e9. Depuis 2010, Kazumi \u00e9tait chez lui \u00e0 Chez-le-Bart, sur la route cantonale Yverdon-Neuch\u00e2tel, rue du Littoral 13, [&hellip;]","og_url":"https:\/\/thomasvino.ch\/?p=9625","og_site_name":"thomasvino","article_published_time":"2005-04-17T20:05:00+00:00","article_modified_time":"2013-04-30T06:45:15+00:00","author":"Pierre Thomas","twitter_misc":{"\u00c9crit par":"Pierre Thomas","Dur\u00e9e de lecture estim\u00e9e":"4 minutes"},"schema":{"@context":"https:\/\/schema.org","@graph":[{"@type":"WebPage","@id":"https:\/\/thomasvino.ch\/?p=9625","url":"https:\/\/thomasvino.ch\/?p=9625","name":"Cormondr\u00e8che (NE) \u2014 Kazumi - thomasvino","isPartOf":{"@id":"https:\/\/thomasvino.ch\/#website"},"datePublished":"2005-04-17T20:05:00+00:00","dateModified":"2013-04-30T06:45:15+00:00","author":{"@id":"https:\/\/thomasvino.ch\/#\/schema\/person\/670bf4486fe81152cf1d68bd585e062e"},"breadcrumb":{"@id":"https:\/\/thomasvino.ch\/?p=9625#breadcrumb"},"inLanguage":"fr-FR","potentialAction":[{"@type":"ReadAction","target":["https:\/\/thomasvino.ch\/?p=9625"]}]},{"@type":"BreadcrumbList","@id":"https:\/\/thomasvino.ch\/?p=9625#breadcrumb","itemListElement":[{"@type":"ListItem","position":1,"name":"Accueil","item":"https:\/\/thomasvino.ch\/"},{"@type":"ListItem","position":2,"name":"Cormondr\u00e8che (NE) \u2014 Kazumi"}]},{"@type":"WebSite","@id":"https:\/\/thomasvino.ch\/#website","url":"https:\/\/thomasvino.ch\/","name":"thomasvino","description":"Vins &amp; Gastronomie","potentialAction":[{"@type":"SearchAction","target":{"@type":"EntryPoint","urlTemplate":"https:\/\/thomasvino.ch\/?s={search_term_string}"},"query-input":"required name=search_term_string"}],"inLanguage":"fr-FR"},{"@type":"Person","@id":"https:\/\/thomasvino.ch\/#\/schema\/person\/670bf4486fe81152cf1d68bd585e062e","name":"Pierre Thomas","image":{"@type":"ImageObject","inLanguage":"fr-FR","@id":"https:\/\/thomasvino.ch\/#\/schema\/person\/image\/","url":"https:\/\/secure.gravatar.com\/avatar\/91fd5a76647f140e53db987a0dead4d7?s=96&d=mm&r=g","contentUrl":"https:\/\/secure.gravatar.com\/avatar\/91fd5a76647f140e53db987a0dead4d7?s=96&d=mm&r=g","caption":"Pierre Thomas"},"url":"https:\/\/thomasvino.ch\/?author=3"}]}},"jetpack_featured_media_url":"","jetpack_sharing_enabled":true,"jetpack_shortlink":"https:\/\/wp.me\/p3m4tZ-2vf","jetpack_likes_enabled":false,"jetpack-related-posts":[{"id":9975,"url":"https:\/\/thomasvino.ch\/?p=9975","url_meta":{"origin":9625,"position":0},"title":"Le non-filtr\u00e9, un chasselas r\u00e9siolument primesautier","date":"31 mai 2007","format":false,"excerpt":"Tierc\u00e9 gagnant (Cuisine de saison de mai 2007)Dernier trouble avant l\u2019\u00e9t\u00e9Axiome: parce qu'il est le premier \u00e0 sortir de cave, le non-filtr\u00e9 est un chasselas qui ne se garde pas. Tout faux!Si le \u00abnon filtr\u00e9\u00bb sort des caves le troisi\u00e8me mercredi du mois de janvier, c\u2019est pour \u00e9viter une course\u2026","rel":"","context":"Dans &quot;Tendance&quot;","img":{"alt_text":"","src":"","width":0,"height":0},"classes":[]},{"id":12454,"url":"https:\/\/thomasvino.ch\/?p=12454","url_meta":{"origin":9625,"position":1},"title":"CHasselas et vins CH vus de Zurich","date":"31 d\u00e9cembre 2014","format":false,"excerpt":"Deux auteurs parmi les plus connus de Suisse al\u00e9manique ont tremp\u00e9 leur plume pour brosser qui un itin\u00e9raire \u0153no-culinaire du chasselas vaudois, qui un hit-parade des 100 meilleurs vignerons du pays. Surprises: Chandra Kurt sacrifie \u00e0 la propagande plan-plan pour le plus r\u00e9pandu des c\u00e9pages blancs et Thomas Vaterlaus pose\u2026","rel":"","context":"Dans &quot;Tendance&quot;","img":{"alt_text":"","src":"https:\/\/i0.wp.com\/www.thomasvino.ch\/wp-content\/uploads\/2014\/12\/site_chasselas_ck-270x300.jpg?resize=350%2C200","width":350,"height":200},"classes":[]},{"id":9077,"url":"https:\/\/thomasvino.ch\/?p=9077","url_meta":{"origin":9625,"position":2},"title":"Chef GaultMillau 2011: un Allemand connu des Romands","date":"4 octobre 2010","format":false,"excerpt":"Guide Gault Millau 2011 Le \u00abchef de l\u2019ann\u00e9e\u00bb est connu des Romands Avant de reprendre les commandes du vaisseau amiral de l\u2019h\u00f4tellerie b\u00e2loise, le somptueux et historique H\u00f4tel des Trois-Rois (18\/20), le chef allemand Peter Knogl avait effectu\u00e9 un bref passage au Mirador-Kempinski du Mont-P\u00e8lerin. Selon Gault Millau, ce chef\u2026","rel":"","context":"Dans &quot;Gastro&quot;","img":{"alt_text":"","src":"","width":0,"height":0},"classes":[]},{"id":9919,"url":"https:\/\/thomasvino.ch\/?p=9919","url_meta":{"origin":9625,"position":3},"title":"Lausanne-Lutry (VD) \u2014 Restaurant japonais Ko-An","date":"31 d\u00e9cembre 2006","format":false,"excerpt":"Restaurant japonais Ko-an, Lutry (VD)Derniers sushis de l\u2019anEn 2007, ouvrez un bar \u00e0 sushis! Comme le Lausanne-Palace qui a mis un projet \u00e0 l\u2019enqu\u00eate. Prenez la route du lac, de Sushi \u2014 pardon d\u2019Ouchy \u2014 \u00e0 l\u2019Orient. Des Chinois ont ouvert le Bambou, pub \u00e0 l\u2019allure coloniale, avec bar \u00e0\u2026","rel":"","context":"Dans &quot;Adresses&quot;","img":{"alt_text":"","src":"","width":0,"height":0},"classes":[]},{"id":8965,"url":"https:\/\/thomasvino.ch\/?p=8965","url_meta":{"origin":9625,"position":4},"title":"Duel Gen\u00e8ve-Lausanne: Gourmet d\u00e9fie Gastronomia","date":"30 octobre 2009","format":false,"excerpt":"Gourmet d\u00e9fie Gastronomia Dans la foul\u00e9e de la finale du Bocuse d\u2019Or europ\u00e9en, un salon chaperonn\u00e9 par le Sirha, de Lyon, sera organis\u00e9 du 6 au 8 juin 2010, \u00e0 Palexpo-Gen\u00e8ve. Par Pierre Thomas Les organisateurs, ont pr\u00e9sent\u00e9 leur dossier jeudi pass\u00e9 \u00e0 Crissier, chez le chef Philippe Rochat, pr\u00e9sident\u2026","rel":"","context":"Dans &quot;Gastro&quot;","img":{"alt_text":"","src":"","width":0,"height":0},"classes":[]},{"id":9462,"url":"https:\/\/thomasvino.ch\/?p=9462","url_meta":{"origin":9625,"position":5},"title":"Beno\u00eet Violier, cuisinier de l&rsquo;ann\u00e9e 2013, selon GM","date":"16 octobre 2012","format":false,"excerpt":"Gault & Millau l\u00e8ve son hypoth\u00e8que sur Beno\u00eet Violier Conservera-t-il ses trois macarons au guide Michelin, en novembre 2012? C\u2019est, d\u00e9sormais, la seule question que se pose Beno\u00eet Violier, le chef de l\u2019H\u00f4tel-de-Ville de Crissier, r\u00e9nov\u00e9e de fond en comble, dans la banlieue lausannoise. Car, lundi 8 octobre, en le\u2026","rel":"","context":"Dans &quot;Gastro&quot;","img":{"alt_text":"","src":"","width":0,"height":0},"classes":[]}],"_links":{"self":[{"href":"https:\/\/thomasvino.ch\/index.php?rest_route=\/wp\/v2\/posts\/9625"}],"collection":[{"href":"https:\/\/thomasvino.ch\/index.php?rest_route=\/wp\/v2\/posts"}],"about":[{"href":"https:\/\/thomasvino.ch\/index.php?rest_route=\/wp\/v2\/types\/post"}],"author":[{"embeddable":true,"href":"https:\/\/thomasvino.ch\/index.php?rest_route=\/wp\/v2\/users\/3"}],"replies":[{"embeddable":true,"href":"https:\/\/thomasvino.ch\/index.php?rest_route=%2Fwp%2Fv2%2Fcomments&post=9625"}],"version-history":[{"count":0,"href":"https:\/\/thomasvino.ch\/index.php?rest_route=\/wp\/v2\/posts\/9625\/revisions"}],"wp:attachment":[{"href":"https:\/\/thomasvino.ch\/index.php?rest_route=%2Fwp%2Fv2%2Fmedia&parent=9625"}],"wp:term":[{"taxonomy":"category","embeddable":true,"href":"https:\/\/thomasvino.ch\/index.php?rest_route=%2Fwp%2Fv2%2Fcategories&post=9625"},{"taxonomy":"post_tag","embeddable":true,"href":"https:\/\/thomasvino.ch\/index.php?rest_route=%2Fwp%2Fv2%2Ftags&post=9625"}],"curies":[{"name":"wp","href":"https:\/\/api.w.org\/{rel}","templated":true}]}}