{"id":9650,"date":"2005-07-13T09:18:00","date_gmt":"2005-07-13T09:18:00","guid":{"rendered":"http:\/\/localhost\/thomasvino\/?p=9650"},"modified":"2005-07-13T09:18:00","modified_gmt":"2005-07-13T09:18:00","slug":"vins-suisses-quand-paleo-la-joue-oeno","status":"publish","type":"post","link":"https:\/\/thomasvino.ch\/?p=9650","title":{"rendered":"Vins suisses \u2014 Quand Pal\u00e9o la joue oeno"},"content":{"rendered":"<p><font style=\"font-weight: bold;\" size=\"5\"><font style=\"font-style: italic;\" size=\"4\">Vins suisses \u2014 Quand Pal\u00e9o la joue oeno<\/font><br \/> Les vins vaudois \u00e0 l\u2019honneur \u00e0 Nyon<\/font> <\/p>\n<div style=\"text-align: justify;\"><span style=\"font-weight: bold;\">\u00abLe vin fait partie de la culture Pal\u00e9o\u00bb, revendique Fabrice Thorin, le coordinateur \u00abnourriture &amp; boissons\u00bb du plus grand \u00e9v\u00e9nement musical open air de Suisse. Cette ann\u00e9e, du 19 au 24 juillet, les pal\u00e9ophiles sont invit\u00e9s \u00e0 devenir des \u0153nophiles, gr\u00e2ce au bar \u00e0 vins vaudois d\u2019Arte Vitis. <a href=\"http:\/\/www.arte-vitis.com\/home.asp?language=FR\">www.arte-vitis.com<\/a><\/span><br \/> <span style=\"font-style: italic;\">Par Pierre Thomas<\/span><br \/> \u00abIl aime le bon vin, j\u2019aime bien Pal\u00e9o\u00bb, dit de Fabrice Thorin, Raymond Paccot, \u00e0 l\u2019origine de cette initiative. \u00abEst-ce que \u00e7a allait avec note image que nous voulons haut de gamme? Le festival a d\u00fb nous convaincre\u00bb, reconna\u00eet le vigneron de F\u00e9chy, \u00abet ce qui nous a s\u00e9duit, c\u2019est que nous allons toucher des publics divers par l\u2019\u00e2ge, le milieu social et la connaissance du vin.\u00bb<br \/> Dipl\u00f4m\u00e9 de l\u2019Ecole h\u00f4teli\u00e8re de Lausanne, o\u00f9 il a enseign\u00e9, mais employ\u00e9 depuis six ans \u00e0 plein temps de Pal\u00e9o, Fabrice Thorin analyse : \u00abNotre d\u00e9marche est identique \u00e0 celle qui pr\u00e9vaut pour la musique : nous proposons diff\u00e9rents styles, mais avec une forte identification \u00e0 la r\u00e9gion. L\u2019am\u00e9lioration de l\u2019offre en vins participe de l\u2019\u00e9volution naturelle du public, comme ces fid\u00e8les de Pal\u00e9o, qui avaient vingt ans, il y a trente ans.\u00bb<br \/> <span style=\"font-weight: bold;\">Un bar classieux<\/span><br \/> Pour des raisons d\u2019intendance \u2014 r\u00e9cup\u00e9ration des d\u00e9chets autant que s\u00e9curit\u00e9 \u2014 les verres sont en principe bannis du terrain de spectacle de l\u2019Asse, condamnant le vin au gobelet en plastique. Tel ne sera pas le cas au bar \u00e0 vins d\u2019\u00abArte Vitis\u00bb. Les douze vignerons de l\u2019association, qui figurent parmi les meilleurs du Pays de Vaud, se relaieront, en duo, chaque jour. Un personnel, jeune et amateur de vins, servira les vins s\u00e9lectionn\u00e9s \u2014 deux par producteur. Les vins seront stock\u00e9s dans une remorque frigorifique, servis \u00e0 temp\u00e9rature ad\u00e9quate, dans des verres\u2026 en verre. La localisation du bar \u00e0 vins, dans la zone plus tranquille des restaurants, o\u00f9 il est possible de manger assis, autorise ce passe-droit. Le bar vendra les vins \u00ab\u00e0 l\u2019emporter\u00bb pour \u00eatre consomm\u00e9s sur le site. Mais l\u2019environnement sera favorable \u00e0 la d\u00e9gustation. Le chef de cuisine Claude Joseph, d\u2019Apples, proposera des \u00abtapas\u00bb vaudoises et servira douze vins (plus un mousseux) aux tables du restaurant qu\u2019il installe \u00e0 Pal\u00e9o. <br \/> <span style=\"font-weight: bold;\">Le ros\u00e9 cartonne toujours<\/span><br \/> Il fut une \u00e9poque o\u00f9 il se buvait \u00abdes camions de ros\u00e9\u00bb&#8230; Le \u00abvin de l\u2019\u00e9t\u00e9\u00bb peut encore s\u2019\u00e9cluser \u00e0 hauteur de pr\u00e8s de 13&#39;000 litres, contre 4&#39;000 de blanc et 5&#39;000 de rouge. On ne parle l\u00e0 que des \u00abvins du festival\u00bb, servis dans les divers bars. Mais ces vins-l\u00e0 ne sont pas choisis au hasard. \u00abOn a am\u00e9lior\u00e9 au fil des ans nos crit\u00e8res de s\u00e9lection\u00bb, explique Fabrice Thorin. Ainsi, en mai, un panel de d\u00e9gustatrices et de d\u00e9gustateurs s\u2019est r\u00e9uni pour choisir les cuv\u00e9es de Pal\u00e9o, parmi des \u00e9chantillons pr\u00e9sent\u00e9s par les principaux encaveurs de La C\u00f4te, car le festival d\u00e9fend avant tout les crus locaux. <br \/> Entre les cuv\u00e9es de Pal\u00e9o et le haut de gamme d\u2019\u00abArte Vitis\u00bb, il y a encore place pour d\u2019autres vins vaudois : chaque ann\u00e9e, Pal\u00e9o choisit un Calamin, un Yvorne et un gamaret de La C\u00f4te, tandis que le groupement de promotion Provinyon est pr\u00e9sent avec un pinot noir s\u00e9lectionn\u00e9. <br \/> <span style=\"font-weight: bold;\">35&#39;000 bouteilles pour 210&#39;000 spectateurs<\/span><br \/> Sur le site, le club service \u00abLa Table Ronde\u00bb de Nyon anime un bar \u00e0 vins dans le \u00abquartier du Midi\u00bb, le restaurant du \u00abTerroir vaudois\u00bb propose une s\u00e9lection en accord avec les mets servis et des \u00abvins du monde\u00bb sont propos\u00e9s au bar du Chardonnay. Aux vins vaudois s\u2019ajoutent des genevois, des valaisans et du Nouveau Monde, pour un total de 35&#39;000 bouteilles pour 210&#39;000 spectateurs. La d\u00e9monstration qu\u2019\u00e0 l\u2019Asse, on ne meurt pas de soif, mais qu\u2019on peut se faire plaisir. Et que le vin, comme la musique, fait bel et bien partie d\u2019une culture de partage, donc populaire.<br \/> *<span style=\"font-style: italic;\">Le festival affiche complet. 500 billets seront cependant mis en vente pour chaque soir\u00e9e, le jour m\u00eame, d\u00e8s 9 h., sur www.paleo.ch et aupr\u00e8s des points de vente Ticketcorner. Infos : <a href=\"http:\/\/www.paleo.ch\/home.php\">www.paleo.ch<\/a><\/span><\/p>\n<p> <font style=\"font-weight: bold;\" size=\"3\"><span style=\"font-style: italic;\">Eclairage<\/span><br \/> <font size=\"4\">Aux origines d\u2019une passion<\/font><\/font><br \/> Pal\u00e9o d\u00e9signe deux vins italiens, rouge et blanc, de la r\u00e9gion de Bolgheri, voisins donc de Sassicaia, du marquis Nicola Incisa della Rochetta, qui fit son coll\u00e8ge au Rosey, \u00e0 Rolle, et de Grattamaco, qui appartient \u00e0 la famille Bertarelli, bourgeoise de Coinsins. Pour peu, cette parent\u00e9 \u00abc\u00f4ti\u00e8re\u00bb laisserait croire que le festival nyonnais s\u2019est inspir\u00e9 du vin toscan. Tout faux, puisque son nom vient d\u2019un cheval de course\u2026 <br \/> Il faut donc chercher la culture vitivinicole du Pal\u00e9o ailleurs. Et quand on parle du festival, qui f\u00eate ses trente ans, Daniel Rossellat n\u2019est jamais loin. \u00abFine papille\u00bb (et animateur d\u2019un c\u00e9nacle \u00e9ponyme), le \u00abboss\u00bb et sa garde rapproch\u00e9e appr\u00e9cient la bonne ch\u00e8re et les bons vins. Au point que Daniel Rossellat en fit commerce. Il d\u00e9crocha le dipl\u00f4me de marchand de vin \u00e0 Changins, passage oblig\u00e9 \u00e0 l\u2019\u00e9poque, et a parcouru la plupart des vignobles du monde, Californie, Afrique du Sud et Australie comprises.<br \/> Quant \u00e0 Fabrice Thorin, il s\u2019est pris au jeu de la d\u00e9gustation. L\u2019an pass\u00e9, il a termin\u00e9 cinqui\u00e8me du concours vaudois du Verre d\u2019or et s\u2019est m\u00eame impos\u00e9 dans le concours des r\u00e9gions, pour le titre de \u00abchapeau noir\u00bb. Petit-neveu de feue Tante Marthe \u2014 la cousine gru\u00e9rienne des \u00abm\u00e8res lyonnaises\u00bb \u2014, il a toujours baign\u00e9 dans une ambiance h\u00e9doniste, qu\u2019il a retrouv\u00e9e \u00e0 Pal\u00e9o : \u00abParmi les responsables, on est tous f\u00e9rus de vins. On finit souvent une soir\u00e9e avec un chasselas!\u00bb<\/p>\n<p> <span style=\"font-weight: bold;\"><font size=\"4\">Le choix d\u2019Arte Vitis \u00e0 l&#39;Asse<\/font><\/span><br \/> <span style=\"font-weight: bold;\">Mardi :<\/span> Domaine de Marcelin-sur-Morges, Philippe Charri\u00e8re, deux assemblages rouges, un gewurztraminer ; Pierre Monachon, Saint-Saphorin, pinot-gamay et merlot.<br \/> <span style=\"font-weight: bold;\">Mercredi : <\/span>Henri Chollet, Villette, plant du Rhin et ros\u00e9 ; Caves Cidis, Uvavins, Tolochenaz, Rodrigo Banto, deux mousseux \u00abBleu nuit\u00bb et \u00abViva\u00bb, assemblage rouge cabernet-garanoir.<br \/> <span style=\"font-weight: bold;\">Jeudi : <\/span>Blaise Duboux, Epesses, D\u00e9zaley et chardonnay ; Philippe Gex, Yvorne, pinot noir et pinot gris.<br \/> <span style=\"font-weight: bold;\">Vendredi :<\/span> Louis-Philippe Bovard, Cully, sauvignon et chenin-chasselas ; Jean-Fran\u00e7ois Neyroud, Chardonne, ros\u00e9 et Calamin,<br \/> <span style=\"font-weight: bold;\">Samedi :<\/span> Pierre-Luc Leyvraz, chasselas ; Raymond Paccot, F\u00e9chy, chasselas et pinot-gamay.<br \/> <span style=\"font-weight: bold;\">Dimanche :<\/span> Raoul Cruchon, Echichens, \u00abblanc de noirs\u00bb et chardonnay passerill\u00e9 ; Christian Dugon, Arnex-sur-Orbe, chardonnay et assemblage rouge.<\/p>\n<p> Les vignerons sont pr\u00e9sents le jour mentionn\u00e9, mais leurs vins peuvent \u00eatre d\u00e9gust\u00e9s durant toute la dur\u00e9e du festival. <\/p>\n<p> <span style=\"font-style: italic;\">Article paru dans la revue <a href=\"http:\/\/www.vins-vaudois.com\/indexovv.jsp\">Le Guillon<\/a>, \u00e9t\u00e9 2005.<\/span> <\/div>\n","protected":false},"excerpt":{"rendered":"<p>Vins suisses \u2014 Quand Pal\u00e9o la joue oeno Les vins vaudois \u00e0 l\u2019honneur \u00e0 Nyon \u00abLe vin fait partie de la culture Pal\u00e9o\u00bb, revendique Fabrice Thorin, le coordinateur \u00abnourriture &amp; boissons\u00bb du plus grand \u00e9v\u00e9nement musical open air de Suisse. Cette ann\u00e9e, du 19 au 24 juillet, les pal\u00e9ophiles sont invit\u00e9s \u00e0 devenir des \u0153nophiles, [&hellip;]<\/p>\n","protected":false},"author":3,"featured_media":0,"comment_status":"closed","ping_status":"open","sticky":false,"template":"","format":"standard","meta":{"_monsterinsights_skip_tracking":false,"_monsterinsights_sitenote_active":false,"_monsterinsights_sitenote_note":"","_monsterinsights_sitenote_category":0,"jetpack_post_was_ever_published":false,"jetpack_publicize_message":"","jetpack_is_tweetstorm":false,"jetpack_publicize_feature_enabled":true,"jetpack_social_post_already_shared":false,"jetpack_social_options":{"image_generator_settings":{"template":"highway","enabled":false}}},"categories":[29],"tags":[],"jetpack_publicize_connections":[],"yoast_head":"<!-- This site is optimized with the Yoast SEO plugin v20.6 - https:\/\/yoast.com\/wordpress\/plugins\/seo\/ -->\n<title>Vins suisses \u2014 Quand Pal\u00e9o la joue oeno - thomasvino<\/title>\n<meta name=\"robots\" content=\"index, follow, max-snippet:-1, max-image-preview:large, max-video-preview:-1\" \/>\n<link rel=\"canonical\" href=\"https:\/\/thomasvino.ch\/?p=9650\" \/>\n<meta property=\"og:locale\" content=\"fr_FR\" \/>\n<meta property=\"og:type\" content=\"article\" \/>\n<meta property=\"og:title\" content=\"Vins suisses \u2014 Quand Pal\u00e9o la joue oeno - thomasvino\" \/>\n<meta property=\"og:description\" content=\"Vins suisses \u2014 Quand Pal\u00e9o la joue oeno Les vins vaudois \u00e0 l\u2019honneur \u00e0 Nyon \u00abLe vin fait partie de la culture Pal\u00e9o\u00bb, revendique Fabrice Thorin, le coordinateur \u00abnourriture &amp; boissons\u00bb du plus grand \u00e9v\u00e9nement musical open air de Suisse. Cette ann\u00e9e, du 19 au 24 juillet, les pal\u00e9ophiles sont invit\u00e9s \u00e0 devenir des \u0153nophiles, [&hellip;]\" \/>\n<meta property=\"og:url\" content=\"https:\/\/thomasvino.ch\/?p=9650\" \/>\n<meta property=\"og:site_name\" content=\"thomasvino\" \/>\n<meta property=\"article:published_time\" content=\"2005-07-13T09:18:00+00:00\" \/>\n<meta name=\"author\" content=\"Pierre Thomas\" \/>\n<meta name=\"twitter:label1\" content=\"\u00c9crit par\" \/>\n\t<meta name=\"twitter:data1\" content=\"Pierre Thomas\" \/>\n\t<meta name=\"twitter:label2\" content=\"Dur\u00e9e de lecture estim\u00e9e\" \/>\n\t<meta name=\"twitter:data2\" content=\"6 minutes\" \/>\n<script type=\"application\/ld+json\" class=\"yoast-schema-graph\">{\"@context\":\"https:\/\/schema.org\",\"@graph\":[{\"@type\":\"WebPage\",\"@id\":\"https:\/\/thomasvino.ch\/?p=9650\",\"url\":\"https:\/\/thomasvino.ch\/?p=9650\",\"name\":\"Vins suisses \u2014 Quand Pal\u00e9o la joue oeno - thomasvino\",\"isPartOf\":{\"@id\":\"https:\/\/thomasvino.ch\/#website\"},\"datePublished\":\"2005-07-13T09:18:00+00:00\",\"dateModified\":\"2005-07-13T09:18:00+00:00\",\"author\":{\"@id\":\"https:\/\/thomasvino.ch\/#\/schema\/person\/670bf4486fe81152cf1d68bd585e062e\"},\"breadcrumb\":{\"@id\":\"https:\/\/thomasvino.ch\/?p=9650#breadcrumb\"},\"inLanguage\":\"fr-FR\",\"potentialAction\":[{\"@type\":\"ReadAction\",\"target\":[\"https:\/\/thomasvino.ch\/?p=9650\"]}]},{\"@type\":\"BreadcrumbList\",\"@id\":\"https:\/\/thomasvino.ch\/?p=9650#breadcrumb\",\"itemListElement\":[{\"@type\":\"ListItem\",\"position\":1,\"name\":\"Accueil\",\"item\":\"https:\/\/thomasvino.ch\/\"},{\"@type\":\"ListItem\",\"position\":2,\"name\":\"Vins suisses \u2014 Quand Pal\u00e9o la joue oeno\"}]},{\"@type\":\"WebSite\",\"@id\":\"https:\/\/thomasvino.ch\/#website\",\"url\":\"https:\/\/thomasvino.ch\/\",\"name\":\"thomasvino\",\"description\":\"Vins &amp; Gastronomie\",\"potentialAction\":[{\"@type\":\"SearchAction\",\"target\":{\"@type\":\"EntryPoint\",\"urlTemplate\":\"https:\/\/thomasvino.ch\/?s={search_term_string}\"},\"query-input\":\"required name=search_term_string\"}],\"inLanguage\":\"fr-FR\"},{\"@type\":\"Person\",\"@id\":\"https:\/\/thomasvino.ch\/#\/schema\/person\/670bf4486fe81152cf1d68bd585e062e\",\"name\":\"Pierre Thomas\",\"image\":{\"@type\":\"ImageObject\",\"inLanguage\":\"fr-FR\",\"@id\":\"https:\/\/thomasvino.ch\/#\/schema\/person\/image\/\",\"url\":\"https:\/\/secure.gravatar.com\/avatar\/91fd5a76647f140e53db987a0dead4d7?s=96&d=mm&r=g\",\"contentUrl\":\"https:\/\/secure.gravatar.com\/avatar\/91fd5a76647f140e53db987a0dead4d7?s=96&d=mm&r=g\",\"caption\":\"Pierre Thomas\"},\"url\":\"https:\/\/thomasvino.ch\/?author=3\"}]}<\/script>\n<!-- \/ Yoast SEO plugin. -->","yoast_head_json":{"title":"Vins suisses \u2014 Quand Pal\u00e9o la joue oeno - thomasvino","robots":{"index":"index","follow":"follow","max-snippet":"max-snippet:-1","max-image-preview":"max-image-preview:large","max-video-preview":"max-video-preview:-1"},"canonical":"https:\/\/thomasvino.ch\/?p=9650","og_locale":"fr_FR","og_type":"article","og_title":"Vins suisses \u2014 Quand Pal\u00e9o la joue oeno - thomasvino","og_description":"Vins suisses \u2014 Quand Pal\u00e9o la joue oeno Les vins vaudois \u00e0 l\u2019honneur \u00e0 Nyon \u00abLe vin fait partie de la culture Pal\u00e9o\u00bb, revendique Fabrice Thorin, le coordinateur \u00abnourriture &amp; boissons\u00bb du plus grand \u00e9v\u00e9nement musical open air de Suisse. Cette ann\u00e9e, du 19 au 24 juillet, les pal\u00e9ophiles sont invit\u00e9s \u00e0 devenir des \u0153nophiles, [&hellip;]","og_url":"https:\/\/thomasvino.ch\/?p=9650","og_site_name":"thomasvino","article_published_time":"2005-07-13T09:18:00+00:00","author":"Pierre Thomas","twitter_misc":{"\u00c9crit par":"Pierre Thomas","Dur\u00e9e de lecture estim\u00e9e":"6 minutes"},"schema":{"@context":"https:\/\/schema.org","@graph":[{"@type":"WebPage","@id":"https:\/\/thomasvino.ch\/?p=9650","url":"https:\/\/thomasvino.ch\/?p=9650","name":"Vins suisses \u2014 Quand Pal\u00e9o la joue oeno - thomasvino","isPartOf":{"@id":"https:\/\/thomasvino.ch\/#website"},"datePublished":"2005-07-13T09:18:00+00:00","dateModified":"2005-07-13T09:18:00+00:00","author":{"@id":"https:\/\/thomasvino.ch\/#\/schema\/person\/670bf4486fe81152cf1d68bd585e062e"},"breadcrumb":{"@id":"https:\/\/thomasvino.ch\/?p=9650#breadcrumb"},"inLanguage":"fr-FR","potentialAction":[{"@type":"ReadAction","target":["https:\/\/thomasvino.ch\/?p=9650"]}]},{"@type":"BreadcrumbList","@id":"https:\/\/thomasvino.ch\/?p=9650#breadcrumb","itemListElement":[{"@type":"ListItem","position":1,"name":"Accueil","item":"https:\/\/thomasvino.ch\/"},{"@type":"ListItem","position":2,"name":"Vins suisses \u2014 Quand Pal\u00e9o la joue oeno"}]},{"@type":"WebSite","@id":"https:\/\/thomasvino.ch\/#website","url":"https:\/\/thomasvino.ch\/","name":"thomasvino","description":"Vins &amp; Gastronomie","potentialAction":[{"@type":"SearchAction","target":{"@type":"EntryPoint","urlTemplate":"https:\/\/thomasvino.ch\/?s={search_term_string}"},"query-input":"required name=search_term_string"}],"inLanguage":"fr-FR"},{"@type":"Person","@id":"https:\/\/thomasvino.ch\/#\/schema\/person\/670bf4486fe81152cf1d68bd585e062e","name":"Pierre Thomas","image":{"@type":"ImageObject","inLanguage":"fr-FR","@id":"https:\/\/thomasvino.ch\/#\/schema\/person\/image\/","url":"https:\/\/secure.gravatar.com\/avatar\/91fd5a76647f140e53db987a0dead4d7?s=96&d=mm&r=g","contentUrl":"https:\/\/secure.gravatar.com\/avatar\/91fd5a76647f140e53db987a0dead4d7?s=96&d=mm&r=g","caption":"Pierre Thomas"},"url":"https:\/\/thomasvino.ch\/?author=3"}]}},"jetpack_featured_media_url":"","jetpack_sharing_enabled":true,"jetpack_shortlink":"https:\/\/wp.me\/p3m4tZ-2vE","jetpack_likes_enabled":false,"jetpack-related-posts":[{"id":9538,"url":"https:\/\/thomasvino.ch\/?p=9538","url_meta":{"origin":9650,"position":0},"title":"Un Gru\u00e9rien \u00abch\u00e2telain\u00bb \u00e0 Villa, \u00e0 Sierre","date":"27 f\u00e9vrier 2013","format":false,"excerpt":"Ch\u00e2teau de Villa Un Gru\u00e9rien \u00e0 la t\u00eate d\u2019une institution sierroise Un dipl\u00f4m\u00e9 de l\u2019EHL, d\u2019origine gru\u00e9rienne, Fabrice Thorin (photo ci-dessous), a pris, le 25 f\u00e9vrier 2013, la succession de Dominique Fornage, huit ans \u00e0 la t\u00eate du Ch\u00e2teau de Villa, \u00e0 Sierre. Rencontre. Par Pierre Thomas Son \u00abcurriculum vitae\u00bb\u2026","rel":"","context":"Dans &quot;Tendance&quot;","img":{"alt_text":"thorin_site.jpg","src":"img\/thorin_site.jpg","width":350,"height":200},"classes":[]},{"id":9739,"url":"https:\/\/thomasvino.ch\/?p=9739","url_meta":{"origin":9650,"position":1},"title":"Vins suisses \u2014 La face cach\u00e9e du marketing vinicole","date":"13 avril 2006","format":false,"excerpt":"Vins suisses \u2014 Vins vaudois La face cach\u00e9e du marketing Nouvelle bouteille pour l\u2019\u00e9lite des vins de Chardonne. Nouvelles \u00e9tiquettes par le \u00abdesigner\u00bb vedette Oscar Ribes \u00e0 Lutry. Mise \u00e0 plat d\u2019Arte Vitis, \u00ables domaines vaudois novateurs\u00bb. En ce printemps 2006, le marketing est devenu le ma\u00eetre mot des vins\u2026","rel":"","context":"Dans &quot;Tendance&quot;","img":{"alt_text":"","src":"","width":0,"height":0},"classes":[]},{"id":8728,"url":"https:\/\/thomasvino.ch\/?p=8728","url_meta":{"origin":9650,"position":2},"title":"Vaud \u2014 La derni\u00e8re campagne de l&rsquo;OVV?","date":"12 avril 2008","format":false,"excerpt":"Pub de l\u2019Office des vins vaudoisUn spot comme chant du cygne?En Suisse romande, d\u2019ici l\u2019\u00e9t\u00e9, avec un rappel en automne, plus personne ne devrait ignorer que \u00able vin vaudois\u00bb existe. L\u2019Office des vins vaudois, menac\u00e9 dans son existence par un rapport-torpille, lance une campagne de pub sur les t\u00e9l\u00e9s et\u2026","rel":"","context":"Dans &quot;Vins suisses&quot;","img":{"alt_text":"","src":"","width":0,"height":0},"classes":[]},{"id":9908,"url":"https:\/\/thomasvino.ch\/?p=9908","url_meta":{"origin":9650,"position":3},"title":"Vins suisses \u00abVin vaudois\u00bb:  quand le g\u00e9n\u00e9rique devient la marque","date":"10 d\u00e9cembre 2006","format":false,"excerpt":"\u00a0Vins suisses \u2014 \u00abVin vaudois\u00bb A vos marques! Les deux mots \u00abvin vaudois\u00bb deviennent une seule marque g\u00e9n\u00e9rique sous laquelle sont appel\u00e9s \u00e0 s\u2019unir n\u00e9gociants, coop\u00e9ratives et vignerons. En toute libert\u00e9, pour l\u2019instant. Pierre Thomas Appuy\u00e9 par le pr\u00e9sident de la Communaut\u00e9 interprofessionnelle des vins vaudois, Gilles Cornut, directeur technique\u2026","rel":"","context":"Dans &quot;Actus - News&quot;","img":{"alt_text":"","src":"","width":0,"height":0},"classes":[]},{"id":8941,"url":"https:\/\/thomasvino.ch\/?p=8941","url_meta":{"origin":9650,"position":4},"title":"GPVS 09 \u2014 Kal\u00e9idoscope trompeur","date":"20 septembre 2009","format":false,"excerpt":"Grand Prix du Vin Suisse 2009 Kal\u00e9idoscope trompeur Le Grand Prix du Vin Suisse a attribu\u00e9 ses m\u00e9dailles et s\u00e9lectionn\u00e9 ses nomin\u00e9s. Le palmar\u00e8s sera coul\u00e9 dans le bronze \u00e0 Berne, le 23 octobre 2009. Mais d\u00e9j\u00e0 des surprises ! Pierre Thomas Ce concours national se d\u00e9roule en deux phases.\u2026","rel":"","context":"Dans &quot;Vins suisses&quot;","img":{"alt_text":"","src":"","width":0,"height":0},"classes":[]},{"id":11036,"url":"https:\/\/thomasvino.ch\/?p=11036","url_meta":{"origin":9650,"position":5},"title":"Vins suisses: autopub pour le 1er ao\u00fbt","date":"30 juillet 2013","format":false,"excerpt":"Swiss Wine Promotion s'adresse, cette ann\u00e9e, aux conseillers d'Etat de tout le pays, apr\u00e8s les parlementaires f\u00e9d\u00e9raux, l'an pass\u00e9. Ils recevront deux flacons de vins suisses, d'une autre r\u00e9gion que la leur, avec un message. \u00abVigneronnes et Vignerons suisses, nous avons d\u00e9cid\u00e9 de (re)conqu\u00e9rir le c\u0153ur des \u00e9lites politiques. Comment\u2026","rel":"","context":"Dans &quot;Actus - News&quot;","img":{"alt_text":"","src":"","width":0,"height":0},"classes":[]}],"_links":{"self":[{"href":"https:\/\/thomasvino.ch\/index.php?rest_route=\/wp\/v2\/posts\/9650"}],"collection":[{"href":"https:\/\/thomasvino.ch\/index.php?rest_route=\/wp\/v2\/posts"}],"about":[{"href":"https:\/\/thomasvino.ch\/index.php?rest_route=\/wp\/v2\/types\/post"}],"author":[{"embeddable":true,"href":"https:\/\/thomasvino.ch\/index.php?rest_route=\/wp\/v2\/users\/3"}],"replies":[{"embeddable":true,"href":"https:\/\/thomasvino.ch\/index.php?rest_route=%2Fwp%2Fv2%2Fcomments&post=9650"}],"version-history":[{"count":0,"href":"https:\/\/thomasvino.ch\/index.php?rest_route=\/wp\/v2\/posts\/9650\/revisions"}],"wp:attachment":[{"href":"https:\/\/thomasvino.ch\/index.php?rest_route=%2Fwp%2Fv2%2Fmedia&parent=9650"}],"wp:term":[{"taxonomy":"category","embeddable":true,"href":"https:\/\/thomasvino.ch\/index.php?rest_route=%2Fwp%2Fv2%2Fcategories&post=9650"},{"taxonomy":"post_tag","embeddable":true,"href":"https:\/\/thomasvino.ch\/index.php?rest_route=%2Fwp%2Fv2%2Ftags&post=9650"}],"curies":[{"name":"wp","href":"https:\/\/api.w.org\/{rel}","templated":true}]}}