{"id":9656,"date":"2005-07-30T16:46:00","date_gmt":"2005-07-30T16:46:00","guid":{"rendered":"http:\/\/localhost\/thomasvino\/?p=9656"},"modified":"2013-04-02T13:34:06","modified_gmt":"2013-04-02T12:34:06","slug":"geneve-ge-beau-rivage-le-chat-botte","status":"publish","type":"post","link":"https:\/\/thomasvino.ch\/?p=9656","title":{"rendered":"Gen\u00e8ve (GE) \u2014 Beau-Rivage, Le Chat Bott\u00e9"},"content":{"rendered":"<div style=\"text-align: justify;\"><font style=\"font-weight: bold;\" size=\"5\"><font size=\"3\">Le Chat Bott\u00e9, Beau-Rivage, Gen\u00e8ve<\/font><\/font><br \/> <font style=\"font-weight: bold;\" size=\"5\">La f\u00eate des papilles \u00e0 Gen\u00e8ve<\/font><br \/> Sur la sc\u00e8ne genevoise, derri\u00e8re Philippe Chevrier, qui fait feu de sa pr\u00e9coce maturit\u00e9, le nouveau venu, Fabrice Vulin, au Parc des Eaux-Vives, et Dominique Gauthier, au Chat Bott\u00e9, se livrent un duel \u00e0 couteaux tir\u00e9s par-dessus la rade. Vulin est le chouchou du guide Michelin, qui lui a accord\u00e9 deux macarons coup sur coup. Gauthier a obtenu une troisi\u00e8me toque et la promotion romande de l\u2019ann\u00e9e 2005 chez GaultMillau et l\u2019Acad\u00e9mie internationale de la gastronomie vient de le proclamer \u00abchef de l\u2019avenir\u00bb.<br \/> Surtout, le jeune Fran\u00e7ais de 38 ans, a su s\u2019affranchir de l\u2019influence de Richard Cressac, longtemps chef du palace genevois. Au point qu\u2019il pourrait reprendre \u00e0 son compte la devise de Mouton-Rothschild : \u00abPremier je suis, second je fus\u00bb (dix ans durant). <br \/> <span style=\"font-weight: bold;\">La simplicit\u00e9 estivale <\/span><br \/> Ce compatriote de Berlioz, natif de la C\u00f4te-Saint-Andr\u00e9, non loin de Grenoble, conna\u00eet la musique. \u00abNous avions un grand jardin, on se chauffait au bois. Mon p\u00e8re \u00e9tait chasseur et champignonneur. Longtemps, j\u2019ai mis tout \u00e7a de c\u00f4t\u00e9, jusqu\u2019\u00e0 ce que je me rende compte que ce sont les vraies choses de la vie.\u00bb Et \u00e7a tombe bien, puisque \u00abl\u2019\u00e9t\u00e9 est une saison simple \u00e0 cuisinier, au restaurant comme \u00e0 la maison\u00bb. Surtout quand on a une terrasse, prise d\u2019assaut lors des F\u00eates de Gen\u00e8ve (du 4 au 14 ao\u00fbt), la seule \u00e0 donner sur la rade, le jet d\u2019eau, le Mont-Blanc et la vieille ville. Ceux d\u2019en face ne peuvent en dire autant\u2026<br \/> Voici donc un d\u00e9fil\u00e9 de plats. Une langoustine aux \u00e9clats de tomates s\u00e9ch\u00e9es et olives noires, qui tire son g\u00e9nie d\u2019un melon blanc espagnol r\u00f4ti, fameux&nbsp;! Suit un Saint-Pierre au simple jus de carottes, au go\u00fbt bien affirm\u00e9. Puis un foie gras d\u2019Alsace, aux cerises Brulat, accompagn\u00e9 d\u2019une cr\u00e8me br\u00fbl\u00e9e au foie gras sublime. Et un lapereau, tendre et juteux, roul\u00e9 \u00e0 la tapenade et aux \u00e9clats d\u2019olives de Sicile, avec un mille-feuille de pommes de terre. Une glace \u00e0 la fraise, avant une compote d\u2019abricots et une glace au th\u00e9 \u00e0 la p\u00eache, tr\u00e8s frais. Ces plats de plein \u00e9t\u00e9 embaument la Provence et l\u2019huile d\u2019olive de Saint-R\u00e9my. Toutes choses apprises dans les meilleures brigades de France, de Jo Rostang \u00e0 Georges Blanc, en passant par Jacques Chibois&nbsp;: \u00abChez lui, j\u2019ai eu le d\u00e9clic. Il m\u2019a appris qu\u2019avec pas grand\u2019chose, on peut faire un plat exceptionnel.\u00bb<br \/> <span style=\"font-weight: bold;\">Une cave d\u2019anthologie<\/span><br \/> Si le d\u00e9cor de la salle \u00e0 manger \u00e9voque Sissi, l\u2019imp\u00e9ratrice d\u2019Autriche qui rendit dans ces murs historiques son dernier soupir, la terrasse, elle, permet d\u2019humer l\u2019air du large. Mais c\u2019est ou bien, ou bien&nbsp;: tous dehors ou tous dedans. Service de haut rang et cave faramineuse, g\u00e9r\u00e9e par Jean-Christophe Ollivier, sommelier styl\u00e9. Et les prix&nbsp;? A la hauteur du lieu et d\u2019une grande table genevoise. A midi, lunch \u00e0 60 fr. C\u2019est le prix de quelques plats \u00e0 la carte, avec des menus entre 130 et 180 fr., et un v\u00e9g\u00e9tarien \u00e0 90 fr. Personne n\u2019est oblig\u00e9 de boire un Cheval-Blanc 1947 \u00e0 15&#39;000 fr., ou un Mouton-Rothschild \u00e0 10&#39;000 fr., deux vins sinon de mus\u00e9e, du moins d\u2019anthologie.<\/p>\n<p> <font style=\"font-style: italic;\" size=\"3\"><span style=\"font-weight: bold;\">La bonne adresse<\/span><\/font><br \/> Beau-Rivage<br \/> 13, quai du Mont-Blanc, Gen\u00e8ve<br \/> T\u00e9l. 022 716 69 20<br \/> Ouvert tous les jours, toute l\u2019ann\u00e9e<br \/> www.beau-rivage.ch<\/p>\n<p> <font size=\"4\"><font style=\"font-style: italic;\" size=\"3\"><span style=\"font-weight: bold;\">Le vin tir\u00e9 de sa cave&#8230;<\/span><\/font><\/font><br style=\"font-weight: bold;\"> <font size=\"4\"><span style=\"font-weight: bold;\">Un classique genevois<\/span><\/font><br \/> Genevois beaucoup, bordelais un peu. Ainsi peut-on qualifier le Bertholier du Domaine Les Hutins, \u00e0 Dardagny. Un classique du renouveau du vignoble du Mandement&nbsp;! Aux r\u00e9centes S\u00e9lections des vins de Gen\u00e8ve, parmi les 90 vins m\u00e9daill\u00e9s d\u2019or, ce domaine a plac\u00e9 quatre vins, tous rouges&nbsp;: un pinot noir, d\u2019une belle finesse, un merlot, un gamaret pur, de 2004 et le Bertholier (du nom d\u2019une parcelle de Dardagny), version 2003. Jean-Christophe Ollivier nous a fait d\u00e9guster le 2002, dans un \u00e9l\u00e9gant flacon de 5 dl. Un vin \u00e0 forte personnalit\u00e9. Le nez est bien balanc\u00e9 entre le fum\u00e9 du ch\u00eane et les fruits rouges. Le rapport fruit\u00e9, acidit\u00e9 et bois\u00e9 reste dynamique et augure d\u2019un bon potentiel\u2026 s\u2019il n\u2019\u00e9tait d\u00e9j\u00e0 bu&nbsp;! C\u2019est la fille de Jean Huttin, Emilienne, qui vinifie ce rouge&nbsp;: gamaret et cabernet-sauvignon mac\u00e8rent ensemble, font leur malo en barriques (un tiers de bois neuf), et, en fin d\u2019assemblage, apr\u00e8s un an de f\u00fbts, s\u2019ajoute le merlot. \u00abLe gamaret (70%) bien m\u00fbr est souple, le cabernet (15%) le raffermit et lui donne du pep, tandis que le merlot (15%) ajoute de la complexit\u00e9\u00bb, r\u00e9sume la jeune femme.<\/p>\n<p> <span style=\"font-style: italic;\">Paru dans Le Matin-Dimanche du 31 juillet 2005.<\/span><\/p><\/div>\n","protected":false},"excerpt":{"rendered":"<p>Le Chat Bott\u00e9, Beau-Rivage, Gen\u00e8ve La f\u00eate des papilles \u00e0 Gen\u00e8ve Sur la sc\u00e8ne genevoise, derri\u00e8re Philippe Chevrier, qui fait feu de sa pr\u00e9coce maturit\u00e9, le nouveau venu, Fabrice Vulin, au Parc des Eaux-Vives, et Dominique Gauthier, au Chat Bott\u00e9, se livrent un duel \u00e0 couteaux tir\u00e9s par-dessus la rade. Vulin est le chouchou du [&hellip;]<\/p>\n","protected":false},"author":3,"featured_media":0,"comment_status":"closed","ping_status":"open","sticky":false,"template":"","format":"standard","meta":{"_monsterinsights_skip_tracking":false,"_monsterinsights_sitenote_active":false,"_monsterinsights_sitenote_note":"","_monsterinsights_sitenote_category":0,"jetpack_post_was_ever_published":false,"jetpack_publicize_message":"","jetpack_is_tweetstorm":false,"jetpack_publicize_feature_enabled":true,"jetpack_social_post_already_shared":false,"jetpack_social_options":{"image_generator_settings":{"template":"highway","enabled":false}}},"categories":[19,20],"tags":[],"jetpack_publicize_connections":[],"yoast_head":"<!-- This site is optimized with the Yoast SEO plugin v20.6 - https:\/\/yoast.com\/wordpress\/plugins\/seo\/ -->\n<title>Gen\u00e8ve (GE) \u2014 Beau-Rivage, Le Chat Bott\u00e9 - thomasvino<\/title>\n<meta name=\"robots\" content=\"index, follow, max-snippet:-1, max-image-preview:large, max-video-preview:-1\" \/>\n<link rel=\"canonical\" href=\"https:\/\/thomasvino.ch\/?p=9656\" \/>\n<meta property=\"og:locale\" content=\"fr_FR\" \/>\n<meta property=\"og:type\" content=\"article\" \/>\n<meta property=\"og:title\" content=\"Gen\u00e8ve (GE) \u2014 Beau-Rivage, Le Chat Bott\u00e9 - thomasvino\" \/>\n<meta property=\"og:description\" content=\"Le Chat Bott\u00e9, Beau-Rivage, Gen\u00e8ve La f\u00eate des papilles \u00e0 Gen\u00e8ve Sur la sc\u00e8ne genevoise, derri\u00e8re Philippe Chevrier, qui fait feu de sa pr\u00e9coce maturit\u00e9, le nouveau venu, Fabrice Vulin, au Parc des Eaux-Vives, et Dominique Gauthier, au Chat Bott\u00e9, se livrent un duel \u00e0 couteaux tir\u00e9s par-dessus la rade. Vulin est le chouchou du [&hellip;]\" \/>\n<meta property=\"og:url\" content=\"https:\/\/thomasvino.ch\/?p=9656\" \/>\n<meta property=\"og:site_name\" content=\"thomasvino\" \/>\n<meta property=\"article:published_time\" content=\"2005-07-30T16:46:00+00:00\" \/>\n<meta property=\"article:modified_time\" content=\"2013-04-02T12:34:06+00:00\" \/>\n<meta name=\"author\" content=\"Pierre Thomas\" \/>\n<meta name=\"twitter:label1\" content=\"\u00c9crit par\" \/>\n\t<meta name=\"twitter:data1\" content=\"Pierre Thomas\" \/>\n\t<meta name=\"twitter:label2\" content=\"Dur\u00e9e de lecture estim\u00e9e\" \/>\n\t<meta name=\"twitter:data2\" content=\"4 minutes\" \/>\n<script type=\"application\/ld+json\" class=\"yoast-schema-graph\">{\"@context\":\"https:\/\/schema.org\",\"@graph\":[{\"@type\":\"WebPage\",\"@id\":\"https:\/\/thomasvino.ch\/?p=9656\",\"url\":\"https:\/\/thomasvino.ch\/?p=9656\",\"name\":\"Gen\u00e8ve (GE) \u2014 Beau-Rivage, Le Chat Bott\u00e9 - thomasvino\",\"isPartOf\":{\"@id\":\"https:\/\/thomasvino.ch\/#website\"},\"datePublished\":\"2005-07-30T16:46:00+00:00\",\"dateModified\":\"2013-04-02T12:34:06+00:00\",\"author\":{\"@id\":\"https:\/\/thomasvino.ch\/#\/schema\/person\/670bf4486fe81152cf1d68bd585e062e\"},\"breadcrumb\":{\"@id\":\"https:\/\/thomasvino.ch\/?p=9656#breadcrumb\"},\"inLanguage\":\"fr-FR\",\"potentialAction\":[{\"@type\":\"ReadAction\",\"target\":[\"https:\/\/thomasvino.ch\/?p=9656\"]}]},{\"@type\":\"BreadcrumbList\",\"@id\":\"https:\/\/thomasvino.ch\/?p=9656#breadcrumb\",\"itemListElement\":[{\"@type\":\"ListItem\",\"position\":1,\"name\":\"Accueil\",\"item\":\"https:\/\/thomasvino.ch\/\"},{\"@type\":\"ListItem\",\"position\":2,\"name\":\"Gen\u00e8ve (GE) \u2014 Beau-Rivage, Le Chat Bott\u00e9\"}]},{\"@type\":\"WebSite\",\"@id\":\"https:\/\/thomasvino.ch\/#website\",\"url\":\"https:\/\/thomasvino.ch\/\",\"name\":\"thomasvino\",\"description\":\"Vins &amp; Gastronomie\",\"potentialAction\":[{\"@type\":\"SearchAction\",\"target\":{\"@type\":\"EntryPoint\",\"urlTemplate\":\"https:\/\/thomasvino.ch\/?s={search_term_string}\"},\"query-input\":\"required name=search_term_string\"}],\"inLanguage\":\"fr-FR\"},{\"@type\":\"Person\",\"@id\":\"https:\/\/thomasvino.ch\/#\/schema\/person\/670bf4486fe81152cf1d68bd585e062e\",\"name\":\"Pierre Thomas\",\"image\":{\"@type\":\"ImageObject\",\"inLanguage\":\"fr-FR\",\"@id\":\"https:\/\/thomasvino.ch\/#\/schema\/person\/image\/\",\"url\":\"https:\/\/secure.gravatar.com\/avatar\/91fd5a76647f140e53db987a0dead4d7?s=96&d=mm&r=g\",\"contentUrl\":\"https:\/\/secure.gravatar.com\/avatar\/91fd5a76647f140e53db987a0dead4d7?s=96&d=mm&r=g\",\"caption\":\"Pierre Thomas\"},\"url\":\"https:\/\/thomasvino.ch\/?author=3\"}]}<\/script>\n<!-- \/ Yoast SEO plugin. -->","yoast_head_json":{"title":"Gen\u00e8ve (GE) \u2014 Beau-Rivage, Le Chat Bott\u00e9 - thomasvino","robots":{"index":"index","follow":"follow","max-snippet":"max-snippet:-1","max-image-preview":"max-image-preview:large","max-video-preview":"max-video-preview:-1"},"canonical":"https:\/\/thomasvino.ch\/?p=9656","og_locale":"fr_FR","og_type":"article","og_title":"Gen\u00e8ve (GE) \u2014 Beau-Rivage, Le Chat Bott\u00e9 - thomasvino","og_description":"Le Chat Bott\u00e9, Beau-Rivage, Gen\u00e8ve La f\u00eate des papilles \u00e0 Gen\u00e8ve Sur la sc\u00e8ne genevoise, derri\u00e8re Philippe Chevrier, qui fait feu de sa pr\u00e9coce maturit\u00e9, le nouveau venu, Fabrice Vulin, au Parc des Eaux-Vives, et Dominique Gauthier, au Chat Bott\u00e9, se livrent un duel \u00e0 couteaux tir\u00e9s par-dessus la rade. Vulin est le chouchou du [&hellip;]","og_url":"https:\/\/thomasvino.ch\/?p=9656","og_site_name":"thomasvino","article_published_time":"2005-07-30T16:46:00+00:00","article_modified_time":"2013-04-02T12:34:06+00:00","author":"Pierre Thomas","twitter_misc":{"\u00c9crit par":"Pierre Thomas","Dur\u00e9e de lecture estim\u00e9e":"4 minutes"},"schema":{"@context":"https:\/\/schema.org","@graph":[{"@type":"WebPage","@id":"https:\/\/thomasvino.ch\/?p=9656","url":"https:\/\/thomasvino.ch\/?p=9656","name":"Gen\u00e8ve (GE) \u2014 Beau-Rivage, Le Chat Bott\u00e9 - thomasvino","isPartOf":{"@id":"https:\/\/thomasvino.ch\/#website"},"datePublished":"2005-07-30T16:46:00+00:00","dateModified":"2013-04-02T12:34:06+00:00","author":{"@id":"https:\/\/thomasvino.ch\/#\/schema\/person\/670bf4486fe81152cf1d68bd585e062e"},"breadcrumb":{"@id":"https:\/\/thomasvino.ch\/?p=9656#breadcrumb"},"inLanguage":"fr-FR","potentialAction":[{"@type":"ReadAction","target":["https:\/\/thomasvino.ch\/?p=9656"]}]},{"@type":"BreadcrumbList","@id":"https:\/\/thomasvino.ch\/?p=9656#breadcrumb","itemListElement":[{"@type":"ListItem","position":1,"name":"Accueil","item":"https:\/\/thomasvino.ch\/"},{"@type":"ListItem","position":2,"name":"Gen\u00e8ve (GE) \u2014 Beau-Rivage, Le Chat Bott\u00e9"}]},{"@type":"WebSite","@id":"https:\/\/thomasvino.ch\/#website","url":"https:\/\/thomasvino.ch\/","name":"thomasvino","description":"Vins &amp; Gastronomie","potentialAction":[{"@type":"SearchAction","target":{"@type":"EntryPoint","urlTemplate":"https:\/\/thomasvino.ch\/?s={search_term_string}"},"query-input":"required name=search_term_string"}],"inLanguage":"fr-FR"},{"@type":"Person","@id":"https:\/\/thomasvino.ch\/#\/schema\/person\/670bf4486fe81152cf1d68bd585e062e","name":"Pierre Thomas","image":{"@type":"ImageObject","inLanguage":"fr-FR","@id":"https:\/\/thomasvino.ch\/#\/schema\/person\/image\/","url":"https:\/\/secure.gravatar.com\/avatar\/91fd5a76647f140e53db987a0dead4d7?s=96&d=mm&r=g","contentUrl":"https:\/\/secure.gravatar.com\/avatar\/91fd5a76647f140e53db987a0dead4d7?s=96&d=mm&r=g","caption":"Pierre Thomas"},"url":"https:\/\/thomasvino.ch\/?author=3"}]}},"jetpack_featured_media_url":"","jetpack_sharing_enabled":true,"jetpack_shortlink":"https:\/\/wp.me\/p3m4tZ-2vK","jetpack_likes_enabled":false,"jetpack-related-posts":[{"id":13445,"url":"https:\/\/thomasvino.ch\/?p=13445","url_meta":{"origin":9656,"position":0},"title":"La M\u00e9moire des Vins Suisses \u00e0 Gen\u00e8ve","date":"11 mars 2016","format":false,"excerpt":"Le jeudi 7 avril, le projet de la M\u00e9moire des Vins Suisses tiendra sa session annuelle \u00e0 Gen\u00e8ve. L\u2019occasion de d\u00e9guster les 56 crus formant l\u2019\u00e9lite des vins de toute la Suisse, suivis r\u00e9guli\u00e8rement dans le temps. Ces vins exceptionnels, sur dix mill\u00e9simes pour certains, pourront \u00eatre d\u00e9gust\u00e9s par le\u2026","rel":"","context":"Dans &quot;Actus - News&quot;","img":{"alt_text":"","src":"","width":0,"height":0},"classes":[]},{"id":8802,"url":"https:\/\/thomasvino.ch\/?p=8802","url_meta":{"origin":9656,"position":1},"title":"Dominique Gauthier, chef GM de l&rsquo;ann\u00e9e 2009 \u2014 Interview","date":"15 octobre 2008","format":false,"excerpt":"Dominique Gauthier salu\u00e9 par GaultMillauUn pilier de palace, chef de l\u2019ann\u00e9eSachant que le Guide Michelin est r\u00e9ticent \u00e0 distinguer des restaurants d\u2019h\u00f4tel, le Guide GaultMillau Suisse joue sa propre carte en nommant Dominique Gauthier, 41 ans, du Chat Bott\u00e9, \u00e0 l\u2019h\u00f4tel Beau-Rivage, \u00e0 Gen\u00e8ve, \u00abchef suisse de l\u2019ann\u00e9e 2009\u00bb. Interview.Par\u2026","rel":"","context":"Dans &quot;Gastro&quot;","img":{"alt_text":"","src":"","width":0,"height":0},"classes":[]},{"id":9179,"url":"https:\/\/thomasvino.ch\/?p=9179","url_meta":{"origin":9656,"position":2},"title":"804 \u2014 Du nouveau au Beau-Rivage\/Gen\u00e8ve","date":"26 mai 2011","format":false,"excerpt":"Gen\u00e8ve Le 2\u00e8me Concours du Beau-Rivage ouvert aux amateurs de d\u00e9gustation Samedi prochain 4 juin 2011 aura lieu la deuxi\u00e8me \u00e9dition du Prix Beau-Rivage. Ce prix est ouvert aux non-professionnels du vin, par \u00e9quipe de deux. Diff\u00e9rentes \u00e9preuves de connaissances th\u00e9oriques et pratiques sont soumises aux candidats, de 10 \u00e0\u2026","rel":"","context":"Dans &quot;R\u00e9cemment d\u00e9gust\u00e9&quot;","img":{"alt_text":"","src":"","width":0,"height":0},"classes":[]},{"id":9197,"url":"https:\/\/thomasvino.ch\/?p=9197","url_meta":{"origin":9656,"position":3},"title":"Des r\u00e9cidivistes remportent le Prix du Beau-Rivage","date":"19 juin 2011","format":false,"excerpt":"Gen\u00e8ve: 2\u00e8me Prix Beau-Rivage de d\u00e9gustation Le duo gagnant r\u00e9cidive ! La comp\u00e9tition, inaugur\u00e9e en 2010, est \u00e0 la d\u00e9gustation (presque) ce que le Bol d'Or est \u00e0 la navigation l\u00e9manique ou le Troph\u00e9e Baracchi au cyclisme contre la montre... Et c'est le duo qui remporta la premi\u00e8re \u00e9dition, form\u00e9\u2026","rel":"","context":"Dans &quot;Actus - News&quot;","img":{"alt_text":"prix_beau-rivage.jpg","src":"img\/prix_beau-rivage.jpg","width":350,"height":200},"classes":[]},{"id":9555,"url":"https:\/\/thomasvino.ch\/?p=9555","url_meta":{"origin":9656,"position":4},"title":"Bourgogne \u2014 La Suisse romande, march\u00e9 \u00e0 reconqu\u00e9rir","date":"16 janvier 2005","format":false,"excerpt":"La Suisse romande, un march\u00e9 \u00e0 reconqu\u00e9rirAutant l\u2019avouer d\u2019embl\u00e9e: l\u2019image des vins de Bourgogne n\u2019est pas bonne en Suisse romande. Tant dans les restaurants, o\u00f9 les bouteilles ch\u00e8res sont en perte de vitesse, qu\u2019\u00e0 domicile, o\u00f9 la majorit\u00e9 des vins sont consomm\u00e9s, selon un r\u00e9cent sondage.Longtemps, les Suisses romands et\u2026","rel":"","context":"Dans &quot;Vins fran\u00e7ais&quot;","img":{"alt_text":"","src":"","width":0,"height":0},"classes":[]},{"id":8969,"url":"https:\/\/thomasvino.ch\/?p=8969","url_meta":{"origin":9656,"position":5},"title":"Guide Michelin 2010: chass\u00e9-crois\u00e9 avec GaultMillau","date":"17 novembre 2009","format":false,"excerpt":"Guide Michelin 2010 apr\u00e8s le GaultMillau Chass\u00e9-crois\u00e9 au sommet Alors que le Guide GaultMillau (Suisse), \u00e9dit\u00e9 par Ringier, nommait Andreas Caminada chef de l\u2019ann\u00e9e 2010, pour la deuxi\u00e8me fois (!), pour le Guide Michelin, qui para\u00eet le 19 novembre, le jeune prodige grison attendra encore au purgatoire des deux \u00e9toiles.\u2026","rel":"","context":"Dans &quot;Gastro&quot;","img":{"alt_text":"","src":"","width":0,"height":0},"classes":[]}],"_links":{"self":[{"href":"https:\/\/thomasvino.ch\/index.php?rest_route=\/wp\/v2\/posts\/9656"}],"collection":[{"href":"https:\/\/thomasvino.ch\/index.php?rest_route=\/wp\/v2\/posts"}],"about":[{"href":"https:\/\/thomasvino.ch\/index.php?rest_route=\/wp\/v2\/types\/post"}],"author":[{"embeddable":true,"href":"https:\/\/thomasvino.ch\/index.php?rest_route=\/wp\/v2\/users\/3"}],"replies":[{"embeddable":true,"href":"https:\/\/thomasvino.ch\/index.php?rest_route=%2Fwp%2Fv2%2Fcomments&post=9656"}],"version-history":[{"count":0,"href":"https:\/\/thomasvino.ch\/index.php?rest_route=\/wp\/v2\/posts\/9656\/revisions"}],"wp:attachment":[{"href":"https:\/\/thomasvino.ch\/index.php?rest_route=%2Fwp%2Fv2%2Fmedia&parent=9656"}],"wp:term":[{"taxonomy":"category","embeddable":true,"href":"https:\/\/thomasvino.ch\/index.php?rest_route=%2Fwp%2Fv2%2Fcategories&post=9656"},{"taxonomy":"post_tag","embeddable":true,"href":"https:\/\/thomasvino.ch\/index.php?rest_route=%2Fwp%2Fv2%2Ftags&post=9656"}],"curies":[{"name":"wp","href":"https:\/\/api.w.org\/{rel}","templated":true}]}}