{"id":9689,"date":"2005-11-14T14:06:00","date_gmt":"2005-11-14T14:06:00","guid":{"rendered":"http:\/\/localhost\/thomasvino\/?p=9689"},"modified":"2013-04-02T13:34:06","modified_gmt":"2013-04-02T12:34:06","slug":"saint-saphorin-vd-auberge-de-londe","status":"publish","type":"post","link":"https:\/\/thomasvino.ch\/?p=9689","title":{"rendered":"Saint-Saphorin (VD) \u2014Auberge de l&rsquo;Onde"},"content":{"rendered":"<div style=\"text-align: justify;\"><font style=\"font-weight: bold;\" size=\"5\"><span style=\"font-style: italic;\">Auberge de l\u2019Onde \u00e0 St-Saphorin (VD)<\/span><br \/> <font size=\"5\">Et vogue la barque du L\u00e9man<\/font><\/font><br \/> L\u2019Auberge de l\u2019Onde a failli sombrer corps et \u00e2me avec la fin du pr\u00e9c\u00e9dent mill\u00e9naire. Elle vient de rouvrir, juste en face de l\u2019\u00e9glise gothique de Saint-Symphorien, du d\u00e9but du 16\u00e8me si\u00e8cle. On mangeait ici depuis 1750\u2026 Au haut de la vol\u00e9e d\u2019escaliers, la lourde porte est d\u00e9sormais ouverte sur la pinte aux boiseries o\u00f9 le chansonnier Gilles et le croqueur de figures G\u00e9a Augsbourg devisaient devant trois d\u00e9cis rituels. On laisse de c\u00f4t\u00e9 un carnotzet \u00e0 fondues, et on monte \u00e0 l\u2019\u00e9tage. Sous le fa\u00eete du toit, pas de galetas, mais une vaste salle \u00e0 manger, au manteau de chemin\u00e9e impressionnant. On aurait pu, dans la r\u00e9novation entreprise par un m\u00e9c\u00e8ne \u2014 l\u2019avocat d\u2019affaires vaudois Georges Muller \u2014, donner un style chalet \u00e0 cette \u00e9norme espace. Au contraire, le gris et le blanc des poutres se m\u00e9langent harmonieusement, les murs servant de cimaise \u00e0 des \u0153uvres modernes de grande dimension\u2026 <br \/> <span style=\"font-weight: bold;\">Le retour d\u2019un chef prodigue<\/span><br \/> Si la chemin\u00e9e est \u00e9quip\u00e9e du m\u00e9canisme de r\u00f4tissoire repris du rez-de-chauss\u00e9e, elle devrait permettre la mise en sc\u00e8ne de la cuisine de G\u00e9rard Cavuscens. A 55 ans, voici le Fribourgeois \u2014 son p\u00e8re tenait le Buffet de la Gare de Romont o\u00f9 un certain Philippe Rochat fit son apprentissage\u2026 \u2014 revenu sur les terres de ses exploits, apr\u00e8s des crochets par Fribourg, Paris, Hong-Kong et Gen\u00e8ve. Cavuscens a fait partie de la garde rapproch\u00e9e de Crissier. De 1976 \u00e0 1989, durant treize ans donc, il fut de la brigade de Fredy Girardet, o\u00f9, durant six ans, apr\u00e8s J.-M. Colin et avant P. Rochat, il assuma le r\u00f4le de second. <br \/> Un certain mim\u00e9tisme dans le discours rapproche l\u2019ancien ma\u00eetre de l\u2019\u00e9l\u00e8ve. Entendre marteler \u00able produit d\u2019abord\u00bb \u00e0 journ\u00e9e faite vous marque un chef au fer\u2026 Voil\u00e0 donc \u00able produit\u00bb en vedette \u00e0 l\u2019Auberge de l\u2019Onde. Sur deux \u00e9tages, ils sont actuellement six, bient\u00f4t sept, \u00e0 l\u2019appr\u00eater, et autant \u00e0 le servir. A peine ouverte, la maison est encore en rodage. D\u00e9j\u00e0, le chef a d\u00e9cid\u00e9 de ne pas s\u2019\u00e9gailler dans les salles mal pratiques du rez-de-chauss\u00e9e. A part une ardoise pour la pinte, les m\u00eames plats empliront la maison. Et comme c\u2019est ouvert le dimanche, on va r\u00e9tablir un menu \u00e0 75 francs. \u00abLes gens r\u00e9clament des grenouilles, un vol-au-vent et du poulet ou une entrec\u00f4te\u00bb, explique le ma\u00eetre queux. Une viande \u00e0 la fleur de sel, sans fioriture et faite sur la grille (44 fr.), accompagn\u00e9e de petits l\u00e9gumes faussement modestes (avec une l\u00e8che de foie gras\u2026). <br \/> <span style=\"font-weight: bold;\">Une canette de haut vol<\/span><br \/> Ce soir-l\u00e0, \u00e0 l\u2019exception de foie gras, en version chaude ou au torchon, ou des gambas \u00e0 un prix r\u00e9barbatif, les entr\u00e9es paraissaient chiches. D\u2019un classicisme absolu \u2014 \u00abune canette est une canette\u00bb \u2014, le volatile (96 francs pour deux) s\u2019est r\u00e9v\u00e9l\u00e9e dans sa sobre perfection&nbsp;: commenc\u00e9 \u00e0 feu vif en cuisine et termin\u00e9 sur la braise&nbsp;; tendre, go\u00fbteux, gorg\u00e9 de ses sucs. En accompagnement, les poires \u00ab\u00e0 botzi\u00bb nous ont juste paru un peu trop dodues pour \u00eatre vraies, mais on ne va pas ouvrir une querelle de Fribourgeois pour si peu\u2026 Choix limit\u00e9&nbsp;\u00e0 six plats de r\u00e9sistance, dont un pav\u00e9 de lotte aux \u00e9pices et un carr\u00e9 de cerf r\u00f4ti aux poivres, un poulet fermier, et un \u00ab\u00e9minc\u00e9 de veau \u00e0 la zurichoise\u00bb, au tarif Paradeplatz (52 fr.). <br \/> Manifestement, on est davantage \u00abcashmerre\u00bb que \u00ablambswool\u00bb. A la carte, pour deux, avec une bouteille de Lavaux (en blanc, surtout) ou d\u2019ailleurs, le Ramuz est vite \u00e9puis\u00e9 (au cours de 200 francs l\u2019un). Bons desserts (14 fr.), comme cette fine Tatin de poires juteuse et ce fondant ti\u00e8de de chocolat au sabayon safran\u00e9 et oranges confites. <br \/> Le chef ne manque pas d\u2019ambition, et se verrait bien \u00e0 la t\u00eate d\u2019une brigade de douze&nbsp;: \u00abOn ne recherche pas la gloire, mais si elle vient, on ne va pas la refuser!\u00bb On attend donc pour voir.<\/p>\n<p> <font style=\"font-weight: bold; font-style: italic;\" size=\"4\">La bonne adresse<\/font><br \/> Auberge de l\u2019Onde<br \/> Centre du village<br \/> Saint-Saphorin<br \/> T\u00e9l. 021 925 49 00<br \/> Ferm\u00e9 le mardi<\/p>\n<p> <font size=\"5\"><font size=\"4\"><span style=\"font-weight: bold; font-style: italic;\">La bouteille tir\u00e9e de la cave&#8230;<\/span><\/font><br style=\"font-weight: bold;\"> <span style=\"font-weight: bold;\">Un franc cabernet<\/span><\/font><br \/> Avec 2200 litres encav\u00e9s en 2004, Ollon est le deuxi\u00e8me producteur de cabernet franc du Pays de Vaud (derri\u00e8re Coinsins, \u00e0 c\u00f4t\u00e9 de Nyon). Quand les vins sont jeunes, il faut savoir miser sur le savoir-faire du vigneron. Pierre-Alain Meylan a toujours \u00e9t\u00e9 parmi les plus \u00abpointus\u00bb. Plant\u00e9 en 1997, sur le tr\u00e8s ensoleill\u00e9 coteau de Verschiez, son cabernet-franc donne incontestablement un \u00abbeau vin\u00bb. En 2003, avec 94,3 points \u00e0 la d\u00e9gustation OVV-Guillon, il figure parmi les meilleurs du Pays de Vaud et est cr\u00e9dit\u00e9 d\u2019une \u00e9toile au Guide Hachette 2006. La version 2004 reste dans le m\u00eame registre d\u2019un vin friand, \u00e0 la trame tannique serr\u00e9e, mais sans astringence et procurant un plaisir sans attendre. La vinification (cuvaison longue, rectification du mo\u00fbt au concentrateur si n\u00e9cessaire) et l\u2019\u00e9levage en barriques bourguignonnes, roulant sur trois ans, se conjuguent pour parachever l\u2019harmonie de ce rouge de gastronomie. A comparer \u00e0 un merlot de Lavaux, pour autant que ces trop rares flacons atterrissent sur une table de restaurant&nbsp;!<\/p>\n<p> <span style=\"font-style: italic;\">Rubrique parue dans Le Matin-Dimanche du 13 novembre 2005.<\/span> <\/div>\n","protected":false},"excerpt":{"rendered":"<p>Auberge de l\u2019Onde \u00e0 St-Saphorin (VD) Et vogue la barque du L\u00e9man L\u2019Auberge de l\u2019Onde a failli sombrer corps et \u00e2me avec la fin du pr\u00e9c\u00e9dent mill\u00e9naire. Elle vient de rouvrir, juste en face de l\u2019\u00e9glise gothique de Saint-Symphorien, du d\u00e9but du 16\u00e8me si\u00e8cle. On mangeait ici depuis 1750\u2026 Au haut de la vol\u00e9e d\u2019escaliers, [&hellip;]<\/p>\n","protected":false},"author":3,"featured_media":0,"comment_status":"closed","ping_status":"open","sticky":false,"template":"","format":"standard","meta":{"_monsterinsights_skip_tracking":false,"_monsterinsights_sitenote_active":false,"_monsterinsights_sitenote_note":"","_monsterinsights_sitenote_category":0,"jetpack_post_was_ever_published":false,"jetpack_publicize_message":"","jetpack_is_tweetstorm":false,"jetpack_publicize_feature_enabled":true,"jetpack_social_post_already_shared":false,"jetpack_social_options":{"image_generator_settings":{"template":"highway","enabled":false}}},"categories":[19,20],"tags":[],"jetpack_publicize_connections":[],"yoast_head":"<!-- This site is optimized with the Yoast SEO plugin v20.6 - https:\/\/yoast.com\/wordpress\/plugins\/seo\/ -->\n<title>Saint-Saphorin (VD) \u2014Auberge de l&#039;Onde - thomasvino<\/title>\n<meta name=\"robots\" content=\"index, follow, max-snippet:-1, max-image-preview:large, max-video-preview:-1\" \/>\n<link rel=\"canonical\" href=\"https:\/\/thomasvino.ch\/?p=9689\" \/>\n<meta property=\"og:locale\" content=\"fr_FR\" \/>\n<meta property=\"og:type\" content=\"article\" \/>\n<meta property=\"og:title\" content=\"Saint-Saphorin (VD) \u2014Auberge de l&#039;Onde - thomasvino\" \/>\n<meta property=\"og:description\" content=\"Auberge de l\u2019Onde \u00e0 St-Saphorin (VD) Et vogue la barque du L\u00e9man L\u2019Auberge de l\u2019Onde a failli sombrer corps et \u00e2me avec la fin du pr\u00e9c\u00e9dent mill\u00e9naire. Elle vient de rouvrir, juste en face de l\u2019\u00e9glise gothique de Saint-Symphorien, du d\u00e9but du 16\u00e8me si\u00e8cle. On mangeait ici depuis 1750\u2026 Au haut de la vol\u00e9e d\u2019escaliers, [&hellip;]\" \/>\n<meta property=\"og:url\" content=\"https:\/\/thomasvino.ch\/?p=9689\" \/>\n<meta property=\"og:site_name\" content=\"thomasvino\" \/>\n<meta property=\"article:published_time\" content=\"2005-11-14T14:06:00+00:00\" \/>\n<meta property=\"article:modified_time\" content=\"2013-04-02T12:34:06+00:00\" \/>\n<meta name=\"author\" content=\"Pierre Thomas\" \/>\n<meta name=\"twitter:label1\" content=\"\u00c9crit par\" \/>\n\t<meta name=\"twitter:data1\" content=\"Pierre Thomas\" \/>\n\t<meta name=\"twitter:label2\" content=\"Dur\u00e9e de lecture estim\u00e9e\" \/>\n\t<meta name=\"twitter:data2\" content=\"5 minutes\" \/>\n<script type=\"application\/ld+json\" class=\"yoast-schema-graph\">{\"@context\":\"https:\/\/schema.org\",\"@graph\":[{\"@type\":\"WebPage\",\"@id\":\"https:\/\/thomasvino.ch\/?p=9689\",\"url\":\"https:\/\/thomasvino.ch\/?p=9689\",\"name\":\"Saint-Saphorin (VD) \u2014Auberge de l'Onde - thomasvino\",\"isPartOf\":{\"@id\":\"https:\/\/thomasvino.ch\/#website\"},\"datePublished\":\"2005-11-14T14:06:00+00:00\",\"dateModified\":\"2013-04-02T12:34:06+00:00\",\"author\":{\"@id\":\"https:\/\/thomasvino.ch\/#\/schema\/person\/670bf4486fe81152cf1d68bd585e062e\"},\"breadcrumb\":{\"@id\":\"https:\/\/thomasvino.ch\/?p=9689#breadcrumb\"},\"inLanguage\":\"fr-FR\",\"potentialAction\":[{\"@type\":\"ReadAction\",\"target\":[\"https:\/\/thomasvino.ch\/?p=9689\"]}]},{\"@type\":\"BreadcrumbList\",\"@id\":\"https:\/\/thomasvino.ch\/?p=9689#breadcrumb\",\"itemListElement\":[{\"@type\":\"ListItem\",\"position\":1,\"name\":\"Accueil\",\"item\":\"https:\/\/thomasvino.ch\/\"},{\"@type\":\"ListItem\",\"position\":2,\"name\":\"Saint-Saphorin (VD) \u2014Auberge de l&rsquo;Onde\"}]},{\"@type\":\"WebSite\",\"@id\":\"https:\/\/thomasvino.ch\/#website\",\"url\":\"https:\/\/thomasvino.ch\/\",\"name\":\"thomasvino\",\"description\":\"Vins &amp; Gastronomie\",\"potentialAction\":[{\"@type\":\"SearchAction\",\"target\":{\"@type\":\"EntryPoint\",\"urlTemplate\":\"https:\/\/thomasvino.ch\/?s={search_term_string}\"},\"query-input\":\"required name=search_term_string\"}],\"inLanguage\":\"fr-FR\"},{\"@type\":\"Person\",\"@id\":\"https:\/\/thomasvino.ch\/#\/schema\/person\/670bf4486fe81152cf1d68bd585e062e\",\"name\":\"Pierre Thomas\",\"image\":{\"@type\":\"ImageObject\",\"inLanguage\":\"fr-FR\",\"@id\":\"https:\/\/thomasvino.ch\/#\/schema\/person\/image\/\",\"url\":\"https:\/\/secure.gravatar.com\/avatar\/91fd5a76647f140e53db987a0dead4d7?s=96&d=mm&r=g\",\"contentUrl\":\"https:\/\/secure.gravatar.com\/avatar\/91fd5a76647f140e53db987a0dead4d7?s=96&d=mm&r=g\",\"caption\":\"Pierre Thomas\"},\"url\":\"https:\/\/thomasvino.ch\/?author=3\"}]}<\/script>\n<!-- \/ Yoast SEO plugin. -->","yoast_head_json":{"title":"Saint-Saphorin (VD) \u2014Auberge de l'Onde - thomasvino","robots":{"index":"index","follow":"follow","max-snippet":"max-snippet:-1","max-image-preview":"max-image-preview:large","max-video-preview":"max-video-preview:-1"},"canonical":"https:\/\/thomasvino.ch\/?p=9689","og_locale":"fr_FR","og_type":"article","og_title":"Saint-Saphorin (VD) \u2014Auberge de l'Onde - thomasvino","og_description":"Auberge de l\u2019Onde \u00e0 St-Saphorin (VD) Et vogue la barque du L\u00e9man L\u2019Auberge de l\u2019Onde a failli sombrer corps et \u00e2me avec la fin du pr\u00e9c\u00e9dent mill\u00e9naire. Elle vient de rouvrir, juste en face de l\u2019\u00e9glise gothique de Saint-Symphorien, du d\u00e9but du 16\u00e8me si\u00e8cle. On mangeait ici depuis 1750\u2026 Au haut de la vol\u00e9e d\u2019escaliers, [&hellip;]","og_url":"https:\/\/thomasvino.ch\/?p=9689","og_site_name":"thomasvino","article_published_time":"2005-11-14T14:06:00+00:00","article_modified_time":"2013-04-02T12:34:06+00:00","author":"Pierre Thomas","twitter_misc":{"\u00c9crit par":"Pierre Thomas","Dur\u00e9e de lecture estim\u00e9e":"5 minutes"},"schema":{"@context":"https:\/\/schema.org","@graph":[{"@type":"WebPage","@id":"https:\/\/thomasvino.ch\/?p=9689","url":"https:\/\/thomasvino.ch\/?p=9689","name":"Saint-Saphorin (VD) \u2014Auberge de l'Onde - thomasvino","isPartOf":{"@id":"https:\/\/thomasvino.ch\/#website"},"datePublished":"2005-11-14T14:06:00+00:00","dateModified":"2013-04-02T12:34:06+00:00","author":{"@id":"https:\/\/thomasvino.ch\/#\/schema\/person\/670bf4486fe81152cf1d68bd585e062e"},"breadcrumb":{"@id":"https:\/\/thomasvino.ch\/?p=9689#breadcrumb"},"inLanguage":"fr-FR","potentialAction":[{"@type":"ReadAction","target":["https:\/\/thomasvino.ch\/?p=9689"]}]},{"@type":"BreadcrumbList","@id":"https:\/\/thomasvino.ch\/?p=9689#breadcrumb","itemListElement":[{"@type":"ListItem","position":1,"name":"Accueil","item":"https:\/\/thomasvino.ch\/"},{"@type":"ListItem","position":2,"name":"Saint-Saphorin (VD) \u2014Auberge de l&rsquo;Onde"}]},{"@type":"WebSite","@id":"https:\/\/thomasvino.ch\/#website","url":"https:\/\/thomasvino.ch\/","name":"thomasvino","description":"Vins &amp; Gastronomie","potentialAction":[{"@type":"SearchAction","target":{"@type":"EntryPoint","urlTemplate":"https:\/\/thomasvino.ch\/?s={search_term_string}"},"query-input":"required name=search_term_string"}],"inLanguage":"fr-FR"},{"@type":"Person","@id":"https:\/\/thomasvino.ch\/#\/schema\/person\/670bf4486fe81152cf1d68bd585e062e","name":"Pierre Thomas","image":{"@type":"ImageObject","inLanguage":"fr-FR","@id":"https:\/\/thomasvino.ch\/#\/schema\/person\/image\/","url":"https:\/\/secure.gravatar.com\/avatar\/91fd5a76647f140e53db987a0dead4d7?s=96&d=mm&r=g","contentUrl":"https:\/\/secure.gravatar.com\/avatar\/91fd5a76647f140e53db987a0dead4d7?s=96&d=mm&r=g","caption":"Pierre Thomas"},"url":"https:\/\/thomasvino.ch\/?author=3"}]}},"jetpack_featured_media_url":"","jetpack_sharing_enabled":true,"jetpack_shortlink":"https:\/\/wp.me\/p3m4tZ-2wh","jetpack_likes_enabled":false,"jetpack-related-posts":[{"id":8682,"url":"https:\/\/thomasvino.ch\/?p=8682","url_meta":{"origin":9689,"position":0},"title":"Les soir\u00e9es vigneronnes de l&rsquo;Auberge de L&rsquo;Onde","date":"17 novembre 2007","format":false,"excerpt":"Auberge de L'Onde \u00e0 Saint-Saphorin (VD)Cinq soir\u00e9es vigneronnes en 2008R\u00e9nov\u00e9e \u00e0 grands frais, l'Auberge de L'Onde, lieu mythique (Ramuz, Stravinsky, le chansonnier Gilles...) au coeur de Saint-Saphorin, vient de gagner un point (deux toques et 15\/20 d\u00e9sormais) au Guide GaultMillau 2008. Le sommelier, J\u00e9r\u00f4me Ak\u00e9 B\u00e9da, convie chaque mois un\u2026","rel":"","context":"Dans &quot;Actus - News&quot;","img":{"alt_text":"","src":"","width":0,"height":0},"classes":[]},{"id":9304,"url":"https:\/\/thomasvino.ch\/?p=9304","url_meta":{"origin":9689,"position":1},"title":"Black label(s) de No\u00ebl","date":"27 d\u00e9cembre 2011","format":false,"excerpt":"Black label(s) de No\u00ebl Il est de bon ton, sur les blogs de vin, de faire saliver le lecteur avec des vins qu\u2019il n\u2019aura jamais l\u2019occasion de d\u00e9guster\u2026 Sacrifions donc \u00e0 ce rite hautement virtuel. No\u00ebl paraissait le moment id\u00e9al pour boire deux vins \u00e0 l\u2019\u00e9tiquette noire. Pierre Thomas A\u2026","rel":"","context":"Dans &quot;Actus - News&quot;","img":{"alt_text":"","src":"","width":0,"height":0},"classes":[]},{"id":8797,"url":"https:\/\/thomasvino.ch\/?p=8797","url_meta":{"origin":9689,"position":2},"title":"2009","date":"6 octobre 2008","format":false,"excerpt":"Agenda 2009JuinDe juin \u00e0 septembreDu 14 juin au 13 septembreCroisi\u00e8re-d\u00e9gustation sur le L\u00e9manChaque soir, croisi\u00e8re sur le Haut-Lac avec le bateau \u00abVevey\u00bb. Accords mets et vins avec les crus de vignerons de Lavaux (qui changent toutes les trois semaines).Horaires et r\u00e9servations +41 0848 81 18 48www.cgn.chGen\u00e8veCours de vinsLes 3, 10,\u2026","rel":"","context":"Dans &quot;Agenda&quot;","img":{"alt_text":"","src":"","width":0,"height":0},"classes":[]},{"id":9900,"url":"https:\/\/thomasvino.ch\/?p=9900","url_meta":{"origin":9689,"position":3},"title":"Le Michelin 07 r\u00e9trograde Bernard Ravet","date":"23 novembre 2006","format":false,"excerpt":"Guide Michelin Suisse 2007 Ravet cr\u00e8ve un pneu 4 x4 pour GaultMillau (soit ses quatre toques confirm\u00e9es au sommet), Bernard Ravet roulait sur deux pneus pour Michelin. Et voil\u00e0 que le guide rouge lui en cr\u00e8ve un... Plus que la deuxi\u00e8me \u00e9toile redonn\u00e9e \u00e0 Didier de Courten, qui l\u2019avait perdue\u2026","rel":"","context":"Dans &quot;Actus - News&quot;","img":{"alt_text":"","src":"","width":0,"height":0},"classes":[]},{"id":9462,"url":"https:\/\/thomasvino.ch\/?p=9462","url_meta":{"origin":9689,"position":4},"title":"Beno\u00eet Violier, cuisinier de l&rsquo;ann\u00e9e 2013, selon GM","date":"16 octobre 2012","format":false,"excerpt":"Gault & Millau l\u00e8ve son hypoth\u00e8que sur Beno\u00eet Violier Conservera-t-il ses trois macarons au guide Michelin, en novembre 2012? C\u2019est, d\u00e9sormais, la seule question que se pose Beno\u00eet Violier, le chef de l\u2019H\u00f4tel-de-Ville de Crissier, r\u00e9nov\u00e9e de fond en comble, dans la banlieue lausannoise. Car, lundi 8 octobre, en le\u2026","rel":"","context":"Dans &quot;Gastro&quot;","img":{"alt_text":"","src":"","width":0,"height":0},"classes":[]},{"id":12235,"url":"https:\/\/thomasvino.ch\/?p=12235","url_meta":{"origin":9689,"position":5},"title":"GaultMillau 2015 : des chefs d&rsquo;h\u00f4tels choy\u00e9s!","date":"6 octobre 2014","format":false,"excerpt":"Peter Knogl, le chef allemand des Trois Rois, \u00e0 B\u00e2le, entre dans le club des 7 chefs de Suisse not\u00e9s au plus haut par le Guide GaultMillau, soit \u00e0 19 sur 20. Mais sera-t-il vendu avec les meubles, puisque le palace b\u00e2lois cherche un nouveau propri\u00e9taire ? L'an pass\u00e9, \u00e0\u2026","rel":"","context":"Dans &quot;Actus - News&quot;","img":{"alt_text":"","src":"https:\/\/i0.wp.com\/www.thomasvino.ch\/wp-content\/uploads\/2014\/10\/sommelier_jerome_ake_beda_-282x300.jpg?resize=350%2C200","width":350,"height":200},"classes":[]}],"_links":{"self":[{"href":"https:\/\/thomasvino.ch\/index.php?rest_route=\/wp\/v2\/posts\/9689"}],"collection":[{"href":"https:\/\/thomasvino.ch\/index.php?rest_route=\/wp\/v2\/posts"}],"about":[{"href":"https:\/\/thomasvino.ch\/index.php?rest_route=\/wp\/v2\/types\/post"}],"author":[{"embeddable":true,"href":"https:\/\/thomasvino.ch\/index.php?rest_route=\/wp\/v2\/users\/3"}],"replies":[{"embeddable":true,"href":"https:\/\/thomasvino.ch\/index.php?rest_route=%2Fwp%2Fv2%2Fcomments&post=9689"}],"version-history":[{"count":0,"href":"https:\/\/thomasvino.ch\/index.php?rest_route=\/wp\/v2\/posts\/9689\/revisions"}],"wp:attachment":[{"href":"https:\/\/thomasvino.ch\/index.php?rest_route=%2Fwp%2Fv2%2Fmedia&parent=9689"}],"wp:term":[{"taxonomy":"category","embeddable":true,"href":"https:\/\/thomasvino.ch\/index.php?rest_route=%2Fwp%2Fv2%2Fcategories&post=9689"},{"taxonomy":"post_tag","embeddable":true,"href":"https:\/\/thomasvino.ch\/index.php?rest_route=%2Fwp%2Fv2%2Ftags&post=9689"}],"curies":[{"name":"wp","href":"https:\/\/api.w.org\/{rel}","templated":true}]}}