{"id":9697,"date":"2005-12-11T21:48:00","date_gmt":"2005-12-11T21:48:00","guid":{"rendered":"http:\/\/localhost\/thomasvino\/?p=9697"},"modified":"2005-12-11T21:48:00","modified_gmt":"2005-12-11T21:48:00","slug":"vaud-le-rare-dezaley-2005-sauve-la-mise-des-vins-de-la-ville-de-lausanne","status":"publish","type":"post","link":"https:\/\/thomasvino.ch\/?p=9697","title":{"rendered":"Vaud \u2014 Le rare D\u00e9zaley 2005 sauve la mise des vins de la Ville de Lausanne"},"content":{"rendered":"<p><font style=\"font-weight: bold;\" size=\"4\"><span style=\"font-style: italic;\">Vente des vins de la Ville de Lausanne 2005<\/span><br \/> Le rare D\u00e9zaley sauve la mise<\/font> <\/p>\n<div style=\"text-align: justify;\"><span style=\"font-weight: bold;\">Le 10 d\u00e9cembre, pour la premi\u00e8re fois depuis 202 ans, la vente aux ench\u00e8res de la Ville de Lausanne a eu lieu un samedi matin et non le deuxi\u00e8me jeudi de d\u00e9cembre. \u00abC\u2019est bon pour les 200 prochaines ann\u00e9es!\u00bb, a assur\u00e9, p\u00e9remptoire, l\u2019ex-syndic Jean-Jacques Schilt, pour qui c\u2019\u00e9tait la derni\u00e8re mise en tant que municipal (membre de l\u2019ex\u00e9cutif), responsable des domaines communaux.<\/span><br \/> <span style=\"font-style: italic;\">Pierre Thomas<\/span><br \/> La vente \u00e0 la cri\u00e9e de 129&#39;000 litres de vin du mill\u00e9sime 2005, pour un peu moins d\u2019un million de francs (998&#39;000 fr., au prix moyen du litre de 7,73 fr.) ne permettra pas de limiter la \u00abcasse\u00bb de la gr\u00eale du 18 juillet \u00e0 Lavaux. La Ville de Lausanne essuie donc un manque \u00e0 gagner d\u2019un million de francs, \u00e9quivalant au produit de la mise. Mais la manifestation a \u00e9t\u00e9 positive sur plusieurs points. D\u2019abord, les int\u00e9ress\u00e9s, certes masculins et d\u2019\u00e2ge m\u00fbr, ont \u00e9t\u00e9 une septantaine \u00e0 y participer, \u00e0 l\u2019H\u00f4tel de Ville. Ensuite, les prix se sont bien tenus, juste sous le niveau des 2004, pour les vins de La C\u00f4te (Ch\u00e2teau de Rochefort et Abbaye de Mont). <br \/> <span style=\"font-weight: bold;\">Six fois moins de Lavaux<\/span><br \/> Comme pr\u00e9vu, le seul vin de Lavaux, le D\u00e9zaley du Clos des Moines, a vu son prix s\u2019envoler : \u00e0 16,60 fr. en moyenne le litre de blanc et 19,93 fr. le litre de rouge, soit la meilleure performance de ces dix derni\u00e8res ann\u00e9es (\u00e0 l\u2019exception de 1998). Le dernier lot a m\u00eame \u00e9t\u00e9 mis\u00e9 \u00e0 18 fr. ! Mais la quantit\u00e9 propos\u00e9e de vin entre Epesses et Saint-Saphorin s\u2019\u00e9tait r\u00e9duite comme peau de chagrin: 17&#39;670 litres contre 126&#39;600 en 2004. <br \/> <span style=\"font-weight: bold;\">7&#39;600 litres de rouge sur le carreau<\/span><br \/> Dans les mauvais points, l\u2019absence d\u2019une client\u00e8le priv\u00e9e jeune et le d\u00e9sint\u00e9r\u00eat pour le vin rouge de l\u2019Abbaye de Mont-sur-Rolle, dont 7600 litres n\u2019ont pas trouv\u00e9 preneur. Cette frilosit\u00e9 s\u2019explique par la redistribution des cartes parmi les gros acheteurs du march\u00e9 suisse: Coop et Denner, apr\u00e8s le rachat de PickPay, ne sont plus que deux. Dernier ench\u00e9risseur des trois quarts des lots, le courtier en vins vaudois Andr\u00e9 Linherr observe : \u00abLa mise lausannoise est bien le thermom\u00e8tre du march\u00e9. Elle refl\u00e8te la tendance du mill\u00e9sime. Les crus de la Ville de Lausanne restent des vins de haut de gamme, qui ont une bonne cote en Suisse romande.\u00bb <span style=\"font-style: italic;\">(paru dans <\/span>Le Matin-Dimanche<span style=\"font-style: italic;\"> du 11.12.2005) <\/span> <\/div>\n<p> <font size=\"4\"><span style=\"font-weight: bold; font-style: italic;\">Eclairage<\/span><br style=\"font-weight: bold;\"> <span style=\"font-weight: bold;\">Lausanne se met au tourisme viticole<\/span><\/font> <\/p>\n<div style=\"text-align: justify;\"><span style=\"font-weight: bold;\">La Ville de Lausanne vient de mettre en place un \u00abprojet accueil\u00bb sur deux de ses domaines viticoles. \u00abLe jour o\u00f9 notre vigneron-t\u00e2cheron du Ch\u00e2teau de Rochefort, \u00e0 Allaman, Aim\u00e9 Berger, est venu nous dire que son \u00e9pouse devait aller chercher un travail \u00e0 l\u2019ext\u00e9rieur, nous avons r\u00e9fl\u00e9chi pour compl\u00e9ter leur revenu\u00bb, explique Michel Reichard, chef du service des for\u00eats, domaines et vignobles du chef-lieu vaudois. <\/span><br \/> Quelques mois plus tard, les Berger, qui cuisinent tous les deux, tiennent table d\u2019h\u00f4tes au-dessus de la cave, o\u00f9 ils vendent du vin \u00e0 la client\u00e8le de passage, et s\u2019appr\u00eatent \u00e0 accueillir leurs premiers h\u00f4tes, dans deux chambres. Le domaine est d\u00e9j\u00e0 inscrit \u00e0 la \u00abRoute du vignoble de La C\u00f4te\u00bb et a particip\u00e9, avec grand succ\u00e8s, \u00e0 la derni\u00e8re \u00abSemaine du go\u00fbt\u00bb, avec un p\u00eacheur d\u2019Allaman. A l\u2019Abbaye de Mont-sur-Rolle, la grande salle peut \u00e9galement recevoir des banquets. <br \/> <span style=\"font-weight: bold;\">Six chambres \u00e0 Saint-Saph\u2019<\/span><br \/> Outre ces 18 ha de vignobles sur la C\u00f4te, la Ville dispose encore de 10 ha en D\u00e9zaley (Clos des Abbayes et Clos des Moines) et de 6 ha au Domaine du Burignon, en appellation Saint-Saphorin. C\u2019est sur ce dernier domaine que Marc-Henri Mayor, nouveau vigneron-t\u00e2cheron, et son \u00e9pouse Vanessa, une Australienne ex-marchande de vins \u00e0 Saint-Saphorin, accueilleront des h\u00f4tes dans une maisonnette. En attendant la r\u00e9novation de la r\u00e9sidence principale, ce sont eux qui occupent ces six chambres, lib\u00e9r\u00e9es d\u00e8s cet \u00e9t\u00e9. Pas question, toutefois, de faire de l\u2019h\u00f4tellerie de s\u00e9jour : \u00abCes chambres ne sont pas dot\u00e9es d\u2019installations sanitaires individuelles. Nous ne servirons que le petit-d\u00e9jeuner. Pour les tarifs, nous nous alignerons sur les directives du tourisme vert de Prom\u00e9terre\u00bb, pr\u00e9cise Laurence Mayor, chef du projet \u00abaccueil\u00bb \u00e0 la Ville de Lausanne. Autre \u00e9tablissement public du patrimoine communal remis dans le circuit cette ann\u00e9e, apr\u00e8s r\u00e9novation : le Chalet des Enfants, dans les bois du Chalet-\u00e0-Gobet. Le patron, Romano Hassenauer, cuisinier qui a suivi un cours de management \u00e0 l\u2019Ecole h\u00f4teli\u00e8re voisine, a redonn\u00e9 du tonus \u00e0 cette buvette d\u2019alpage aux portes de la ville, \u00e0 la fois pinte \u00e0 fondue et bonne adresse de brunch dominical. <span style=\"font-style: italic;\">(PTs \u2014 paru dans <\/span>Hotel+Tourismus Revue<span style=\"font-style: italic;\"> du 1.12.05)<\/span> <\/div>\n<p> <\/p>\n","protected":false},"excerpt":{"rendered":"<p>Vente des vins de la Ville de Lausanne 2005 Le rare D\u00e9zaley sauve la mise Le 10 d\u00e9cembre, pour la premi\u00e8re fois depuis 202 ans, la vente aux ench\u00e8res de la Ville de Lausanne a eu lieu un samedi matin et non le deuxi\u00e8me jeudi de d\u00e9cembre. \u00abC\u2019est bon pour les 200 prochaines ann\u00e9es!\u00bb, a [&hellip;]<\/p>\n","protected":false},"author":3,"featured_media":0,"comment_status":"closed","ping_status":"open","sticky":false,"template":"","format":"standard","meta":{"_monsterinsights_skip_tracking":false,"_monsterinsights_sitenote_active":false,"_monsterinsights_sitenote_note":"","_monsterinsights_sitenote_category":0,"jetpack_post_was_ever_published":false,"jetpack_publicize_message":"","jetpack_is_tweetstorm":false,"jetpack_publicize_feature_enabled":true,"jetpack_social_post_already_shared":false,"jetpack_social_options":{"image_generator_settings":{"template":"highway","enabled":false}}},"categories":[3],"tags":[],"jetpack_publicize_connections":[],"yoast_head":"<!-- This site is optimized with the Yoast SEO plugin v20.6 - https:\/\/yoast.com\/wordpress\/plugins\/seo\/ -->\n<title>Vaud \u2014 Le rare D\u00e9zaley 2005 sauve la mise des vins de la Ville de Lausanne - thomasvino<\/title>\n<meta name=\"robots\" content=\"index, follow, max-snippet:-1, max-image-preview:large, max-video-preview:-1\" \/>\n<link rel=\"canonical\" href=\"https:\/\/thomasvino.ch\/?p=9697\" \/>\n<meta property=\"og:locale\" content=\"fr_FR\" \/>\n<meta property=\"og:type\" content=\"article\" \/>\n<meta property=\"og:title\" content=\"Vaud \u2014 Le rare D\u00e9zaley 2005 sauve la mise des vins de la Ville de Lausanne - thomasvino\" \/>\n<meta property=\"og:description\" content=\"Vente des vins de la Ville de Lausanne 2005 Le rare D\u00e9zaley sauve la mise Le 10 d\u00e9cembre, pour la premi\u00e8re fois depuis 202 ans, la vente aux ench\u00e8res de la Ville de Lausanne a eu lieu un samedi matin et non le deuxi\u00e8me jeudi de d\u00e9cembre. \u00abC\u2019est bon pour les 200 prochaines ann\u00e9es!\u00bb, a [&hellip;]\" \/>\n<meta property=\"og:url\" content=\"https:\/\/thomasvino.ch\/?p=9697\" \/>\n<meta property=\"og:site_name\" content=\"thomasvino\" \/>\n<meta property=\"article:published_time\" content=\"2005-12-11T21:48:00+00:00\" \/>\n<meta name=\"author\" content=\"Pierre Thomas\" \/>\n<meta name=\"twitter:label1\" content=\"\u00c9crit par\" \/>\n\t<meta name=\"twitter:data1\" content=\"Pierre Thomas\" \/>\n\t<meta name=\"twitter:label2\" content=\"Dur\u00e9e de lecture estim\u00e9e\" \/>\n\t<meta name=\"twitter:data2\" content=\"4 minutes\" \/>\n<script type=\"application\/ld+json\" class=\"yoast-schema-graph\">{\"@context\":\"https:\/\/schema.org\",\"@graph\":[{\"@type\":\"WebPage\",\"@id\":\"https:\/\/thomasvino.ch\/?p=9697\",\"url\":\"https:\/\/thomasvino.ch\/?p=9697\",\"name\":\"Vaud \u2014 Le rare D\u00e9zaley 2005 sauve la mise des vins de la Ville de Lausanne - thomasvino\",\"isPartOf\":{\"@id\":\"https:\/\/thomasvino.ch\/#website\"},\"datePublished\":\"2005-12-11T21:48:00+00:00\",\"dateModified\":\"2005-12-11T21:48:00+00:00\",\"author\":{\"@id\":\"https:\/\/thomasvino.ch\/#\/schema\/person\/670bf4486fe81152cf1d68bd585e062e\"},\"breadcrumb\":{\"@id\":\"https:\/\/thomasvino.ch\/?p=9697#breadcrumb\"},\"inLanguage\":\"fr-FR\",\"potentialAction\":[{\"@type\":\"ReadAction\",\"target\":[\"https:\/\/thomasvino.ch\/?p=9697\"]}]},{\"@type\":\"BreadcrumbList\",\"@id\":\"https:\/\/thomasvino.ch\/?p=9697#breadcrumb\",\"itemListElement\":[{\"@type\":\"ListItem\",\"position\":1,\"name\":\"Accueil\",\"item\":\"https:\/\/thomasvino.ch\/\"},{\"@type\":\"ListItem\",\"position\":2,\"name\":\"Vaud \u2014 Le rare D\u00e9zaley 2005 sauve la mise des vins de la Ville de Lausanne\"}]},{\"@type\":\"WebSite\",\"@id\":\"https:\/\/thomasvino.ch\/#website\",\"url\":\"https:\/\/thomasvino.ch\/\",\"name\":\"thomasvino\",\"description\":\"Vins &amp; Gastronomie\",\"potentialAction\":[{\"@type\":\"SearchAction\",\"target\":{\"@type\":\"EntryPoint\",\"urlTemplate\":\"https:\/\/thomasvino.ch\/?s={search_term_string}\"},\"query-input\":\"required name=search_term_string\"}],\"inLanguage\":\"fr-FR\"},{\"@type\":\"Person\",\"@id\":\"https:\/\/thomasvino.ch\/#\/schema\/person\/670bf4486fe81152cf1d68bd585e062e\",\"name\":\"Pierre Thomas\",\"image\":{\"@type\":\"ImageObject\",\"inLanguage\":\"fr-FR\",\"@id\":\"https:\/\/thomasvino.ch\/#\/schema\/person\/image\/\",\"url\":\"https:\/\/secure.gravatar.com\/avatar\/91fd5a76647f140e53db987a0dead4d7?s=96&d=mm&r=g\",\"contentUrl\":\"https:\/\/secure.gravatar.com\/avatar\/91fd5a76647f140e53db987a0dead4d7?s=96&d=mm&r=g\",\"caption\":\"Pierre Thomas\"},\"url\":\"https:\/\/thomasvino.ch\/?author=3\"}]}<\/script>\n<!-- \/ Yoast SEO plugin. -->","yoast_head_json":{"title":"Vaud \u2014 Le rare D\u00e9zaley 2005 sauve la mise des vins de la Ville de Lausanne - thomasvino","robots":{"index":"index","follow":"follow","max-snippet":"max-snippet:-1","max-image-preview":"max-image-preview:large","max-video-preview":"max-video-preview:-1"},"canonical":"https:\/\/thomasvino.ch\/?p=9697","og_locale":"fr_FR","og_type":"article","og_title":"Vaud \u2014 Le rare D\u00e9zaley 2005 sauve la mise des vins de la Ville de Lausanne - thomasvino","og_description":"Vente des vins de la Ville de Lausanne 2005 Le rare D\u00e9zaley sauve la mise Le 10 d\u00e9cembre, pour la premi\u00e8re fois depuis 202 ans, la vente aux ench\u00e8res de la Ville de Lausanne a eu lieu un samedi matin et non le deuxi\u00e8me jeudi de d\u00e9cembre. \u00abC\u2019est bon pour les 200 prochaines ann\u00e9es!\u00bb, a [&hellip;]","og_url":"https:\/\/thomasvino.ch\/?p=9697","og_site_name":"thomasvino","article_published_time":"2005-12-11T21:48:00+00:00","author":"Pierre Thomas","twitter_misc":{"\u00c9crit par":"Pierre Thomas","Dur\u00e9e de lecture estim\u00e9e":"4 minutes"},"schema":{"@context":"https:\/\/schema.org","@graph":[{"@type":"WebPage","@id":"https:\/\/thomasvino.ch\/?p=9697","url":"https:\/\/thomasvino.ch\/?p=9697","name":"Vaud \u2014 Le rare D\u00e9zaley 2005 sauve la mise des vins de la Ville de Lausanne - thomasvino","isPartOf":{"@id":"https:\/\/thomasvino.ch\/#website"},"datePublished":"2005-12-11T21:48:00+00:00","dateModified":"2005-12-11T21:48:00+00:00","author":{"@id":"https:\/\/thomasvino.ch\/#\/schema\/person\/670bf4486fe81152cf1d68bd585e062e"},"breadcrumb":{"@id":"https:\/\/thomasvino.ch\/?p=9697#breadcrumb"},"inLanguage":"fr-FR","potentialAction":[{"@type":"ReadAction","target":["https:\/\/thomasvino.ch\/?p=9697"]}]},{"@type":"BreadcrumbList","@id":"https:\/\/thomasvino.ch\/?p=9697#breadcrumb","itemListElement":[{"@type":"ListItem","position":1,"name":"Accueil","item":"https:\/\/thomasvino.ch\/"},{"@type":"ListItem","position":2,"name":"Vaud \u2014 Le rare D\u00e9zaley 2005 sauve la mise des vins de la Ville de Lausanne"}]},{"@type":"WebSite","@id":"https:\/\/thomasvino.ch\/#website","url":"https:\/\/thomasvino.ch\/","name":"thomasvino","description":"Vins &amp; Gastronomie","potentialAction":[{"@type":"SearchAction","target":{"@type":"EntryPoint","urlTemplate":"https:\/\/thomasvino.ch\/?s={search_term_string}"},"query-input":"required name=search_term_string"}],"inLanguage":"fr-FR"},{"@type":"Person","@id":"https:\/\/thomasvino.ch\/#\/schema\/person\/670bf4486fe81152cf1d68bd585e062e","name":"Pierre Thomas","image":{"@type":"ImageObject","inLanguage":"fr-FR","@id":"https:\/\/thomasvino.ch\/#\/schema\/person\/image\/","url":"https:\/\/secure.gravatar.com\/avatar\/91fd5a76647f140e53db987a0dead4d7?s=96&d=mm&r=g","contentUrl":"https:\/\/secure.gravatar.com\/avatar\/91fd5a76647f140e53db987a0dead4d7?s=96&d=mm&r=g","caption":"Pierre Thomas"},"url":"https:\/\/thomasvino.ch\/?author=3"}]}},"jetpack_featured_media_url":"","jetpack_sharing_enabled":true,"jetpack_shortlink":"https:\/\/wp.me\/p3m4tZ-2wp","jetpack_likes_enabled":false,"jetpack-related-posts":[{"id":11566,"url":"https:\/\/thomasvino.ch\/?p=11566","url_meta":{"origin":9697,"position":0},"title":"Mise des vins de la Ville de Lausanne  Quantit\u00e9 \u00e0 la baisse = prix \u00e0 la hausse !","date":"14 d\u00e9cembre 2013","format":false,"excerpt":"La Ville de Lausanne, plus gros propri\u00e9taire viticole public de Suisse, a pu le v\u00e9rifier, ce samedi 14 d\u00e9cembre\u00a0: une quantit\u00e9 mise en vente publique aux ench\u00e8res \u00e0 la baisse d\u00e9bouche sur des prix \u00e0 la hausse. Pour ce mill\u00e9sime 2013, les ventes ont fris\u00e9 1,4 million de francs pour\u2026","rel":"","context":"Dans &quot;Actus - News&quot;","img":{"alt_text":"","src":"https:\/\/i0.wp.com\/www.thomasvino.ch\/wp-content\/uploads\/2013\/12\/site_mise2013vdl-300x225.jpg?resize=350%2C200","width":350,"height":200},"classes":[]},{"id":9293,"url":"https:\/\/thomasvino.ch\/?p=9293","url_meta":{"origin":9697,"position":1},"title":"Une mise de la Ville de Lausanne juste satisfaisante","date":"10 d\u00e9cembre 2011","format":false,"excerpt":"Vente des vins de la Ville de Lausanne 2011 Des prix corrects et aucun invendu Malgr\u00e9 une conjoncture pr\u00e9tendue difficile pour les vins suisses et vaudois en particulier, la 209\u00e8me vente aux ench\u00e8res des vins de la Ville de Lausanne, samedi 10 d\u00e9cembre 2011, s\u2019est d\u00e9roul\u00e9e \u00e0 satisfaction. En quatre\u2026","rel":"","context":"Dans &quot;Actus - News&quot;","img":{"alt_text":"venteville1211.jpg","src":"img\/venteville1211.jpg","width":350,"height":200},"classes":[]},{"id":15474,"url":"https:\/\/thomasvino.ch\/?p=15474","url_meta":{"origin":9697,"position":2},"title":"Vins de Lausanne\u00a0: une bonne mise 2018","date":"10 d\u00e9cembre 2018","format":false,"excerpt":"Samedi, la Ville de Lausanne a empoch\u00e9 pr\u00e8s de 300'000 francs en une matin\u00e9e par le biais de la vente aux ench\u00e8res publiques de ses vins. Une plus-value de 13% par rapport au mill\u00e9sime 2017. Mais il y avait aussi davantage de flacons \u00e0 vendre, samedi 7 d\u00e9cembre, en mise\u2026","rel":"","context":"Dans &quot;Actus - News&quot;","img":{"alt_text":"","src":"https:\/\/i0.wp.com\/thomasvino.ch\/wp-content\/uploads\/2018\/12\/site_villelaus-300x225.jpg?resize=350%2C200&ssl=1","width":350,"height":200},"classes":[]},{"id":14009,"url":"https:\/\/thomasvino.ch\/?p=14009","url_meta":{"origin":9697,"position":3},"title":"214\u00e8me mise des vins de la Ville de Lausanne  De rares magnums enflamment la salle","date":"10 d\u00e9cembre 2016","format":false,"excerpt":"Six lots de trois magnums 2016, en pots vaudois de 140 cl, des deux clos du D\u00e9zaley appartenant \u00e0 la Ville de Lausanne, Les Abbayes et Les Moines, vendus en primeur, ont enflamm\u00e9 la salle du Conseil communal de l\u2019H\u00f4tel de Ville de Lausanne, hier, samedi 10 d\u00e9cembre. Trois lots\u2026","rel":"","context":"Dans &quot;Actus - News&quot;","img":{"alt_text":"","src":"https:\/\/i0.wp.com\/www.thomasvino.ch\/wp-content\/uploads\/2016\/12\/IMG_4622-300x261.jpg?resize=350%2C200","width":350,"height":200},"classes":[]},{"id":8993,"url":"https:\/\/thomasvino.ch\/?p=8993","url_meta":{"origin":9697,"position":4},"title":"A quoi sert la mise des vins de la Ville de Lausanne?","date":"28 janvier 2010","format":false,"excerpt":"Vins de la Ville de Lausanne Une mise publique 2009 au r\u00e9sultat trompeur Le deuxi\u00e8me samedi de d\u00e9cembre, la vente aux ench\u00e8res des vins des domaines de la Ville de Lausanne a enregistr\u00e9 le plus mauvais r\u00e9sultat financier depuis 1998. Vieille de plus de deux cents ans, cette tradition a-t-elle\u2026","rel":"","context":"Dans &quot;Vins suisses&quot;","img":{"alt_text":"","src":"","width":0,"height":0},"classes":[]},{"id":9509,"url":"https:\/\/thomasvino.ch\/?p=9509","url_meta":{"origin":9697,"position":5},"title":"Vins de Lausanne: des chiffres \u00e0 la hausse","date":"8 d\u00e9cembre 2012","format":false,"excerpt":"Vins de la Ville de Lausanne Des chiffres (revus) \u00e0 la hausse La 210\u00e8me mise publique des vins de la Ville de Lausanne a permis au chef-lieu vaudois d\u2019encaisser un peu moins de 1,5 millions de francs (1,57 mios), samedi 8 d\u00e9cembre 2012. Un r\u00e9sultat financier imm\u00e9diat en l\u00e9ger retrait\u2026","rel":"","context":"Dans &quot;Actus - News&quot;","img":{"alt_text":"mise2012.jpg","src":"img\/mise2012.jpg","width":350,"height":200},"classes":[]}],"_links":{"self":[{"href":"https:\/\/thomasvino.ch\/index.php?rest_route=\/wp\/v2\/posts\/9697"}],"collection":[{"href":"https:\/\/thomasvino.ch\/index.php?rest_route=\/wp\/v2\/posts"}],"about":[{"href":"https:\/\/thomasvino.ch\/index.php?rest_route=\/wp\/v2\/types\/post"}],"author":[{"embeddable":true,"href":"https:\/\/thomasvino.ch\/index.php?rest_route=\/wp\/v2\/users\/3"}],"replies":[{"embeddable":true,"href":"https:\/\/thomasvino.ch\/index.php?rest_route=%2Fwp%2Fv2%2Fcomments&post=9697"}],"version-history":[{"count":0,"href":"https:\/\/thomasvino.ch\/index.php?rest_route=\/wp\/v2\/posts\/9697\/revisions"}],"wp:attachment":[{"href":"https:\/\/thomasvino.ch\/index.php?rest_route=%2Fwp%2Fv2%2Fmedia&parent=9697"}],"wp:term":[{"taxonomy":"category","embeddable":true,"href":"https:\/\/thomasvino.ch\/index.php?rest_route=%2Fwp%2Fv2%2Fcategories&post=9697"},{"taxonomy":"post_tag","embeddable":true,"href":"https:\/\/thomasvino.ch\/index.php?rest_route=%2Fwp%2Fv2%2Ftags&post=9697"}],"curies":[{"name":"wp","href":"https:\/\/api.w.org\/{rel}","templated":true}]}}