{"id":9717,"date":"2006-01-29T21:03:00","date_gmt":"2006-01-29T21:03:00","guid":{"rendered":"http:\/\/localhost\/thomasvino\/?p=9717"},"modified":"2013-04-02T13:34:05","modified_gmt":"2013-04-02T12:34:05","slug":"lausanne-vd-arirang","status":"publish","type":"post","link":"https:\/\/thomasvino.ch\/?p=9717","title":{"rendered":"Lausanne (VD) \u2014 Arirang"},"content":{"rendered":"<p><font style=\"font-weight: bold;\" size=\"5\"><span style=\"font-style: italic;\">Restaurant Arirang \u00e0 Lausanne<\/span><br \/> Kimchi sans chichi<\/font> <\/p>\n<div style=\"text-align: justify;\">Des restaurants chinois, japonais, tha\u00efs, vietnamiens\u2026 N\u2019en jetez plus&nbsp;! Mais cor\u00e9ens&nbsp;? A part \u00e0 Gen\u00e8ve, o\u00f9 ils sont quatre, il n\u2019y en avait pas en Suisse romande. Jusqu\u2019\u00e0 ce que Nami Meyer Lee ouvre le sien, du nom d\u2019un fameux chant populaire, au sobre d\u00e9cor color\u00e9, en face du th\u00e9\u00e2tre de Lausanne, l\u2019\u00e9t\u00e9 dernier. \u00abOn peut \u00eatre tr\u00e8s malheureux si on ne mange pas bien\u00bb, avertit cette infirmi\u00e8re, qui a pratiqu\u00e9 dans son pays, avant de venir en Suisse. Guide touristique de Gen\u00e8ve \u00e0 Chillon, elle s\u2019y est mari\u00e9e, \u00e0 un dentiste, aujourd\u2019hui \u00e0 la retraite, qui s\u2019occupe des deux filles de 14 et 11 ans avec qui leur m\u00e8re parle cor\u00e9en. <br \/> <span style=\"font-weight: bold;\">La cuisine&nbsp;? Un rem\u00e8de&nbsp;!<\/span><br \/> \u00abPour moi, un restaurant, c\u2019est un moyen de communiquer. Comme infirmi\u00e8re, j\u2019offrais mon \u00e9nergie aux patients. J\u2019avais envie de retrouver cela.\u00bb Et pour les Cor\u00e9ens, \u00abla cuisine est un rem\u00e8de\u00bb, mani\u00e8re de trouver son \u00e9quilibre quotidien. Comme en Chine\u2026 La p\u00e9ninsule cor\u00e9enne est du reste coinc\u00e9e entre l\u2019Empire du Milieu et celui du Soleil Levant. Les deux influences se retrouvent immanquablement \u00e0 table, tout l\u2019art \u00e9tant dans l\u2019appr\u00eat. Nami Meyer Lee a donc fait venir sa cuisini\u00e8re de S\u00e9oul. La carte offre un choix large, avec des menus entre 48 et 69 francs (servis d\u00e8s 2 personnes). A midi, les assiettes du jour (\u00e0 18 et 22 fr.) sont une aubaine pour d\u00e9couvrir cette cuisine, comme le menu d\u2019affaires (38 fr.).<br \/> Signe qui ne trompe pas&nbsp;: les Asiatiques repr\u00e9sentent une part non n\u00e9gligeable de la client\u00e8le. \u00abEt les Cor\u00e9ens sont des clients difficiles\u00bb, confie la patronne, tandis que les Suisses aiment se faire conseiller. Car les horizons culinaires cor\u00e9ens sont vastes. Ainsi, m\u00eame si elle n\u2019est arriv\u00e9e qu\u2019au 19\u00e8me si\u00e8cle, la pomme de terre s\u2019est g\u00e9n\u00e9ralis\u00e9e: \u00abOn en fait une forme de roesti. Mais elle ressemble tellement au plat suisse que je n\u2019ose pas le servir.\u00bb En revanche, la choucroute locale, puisqu\u2019il s\u2019agit d\u2019un chou (ou de navet) ferment\u00e9 et \u00e9pic\u00e9 (gingembre et piment), le <span style=\"font-style: italic;\">kimchi<\/span>, est un plat identitaire, signe de ralliement des Cor\u00e9ens adopt\u00e9s en Suisse (<a href=\"http:\/\/www.kimchi.ch\/1frm\/g03.htm\">www.kimchi.ch<\/a>). Ce chou accompagne tous les plats (5 fr. la portion). Le pot-au-feu (30 fr.), \u00e0 la vapeur, est aussi une sp\u00e9cialit\u00e9 cor\u00e9enne, avec beaucoup de l\u00e9gumes, dont des foug\u00e8res, import\u00e9es s\u00e9ch\u00e9es. En \u00e9t\u00e9, Mme Meyer Lee, dans son jardin lausannois, fait pousser feuilles de s\u00e9same, armoise, oignons tiges et salades. <br \/> <span style=\"font-weight: bold;\">Roesti et \u00abfondue\u00bb BBQ<\/span><br \/> Cor\u00e9ens encore, les raviolis saut\u00e9s, \u00e0 la farce de l\u00e9gumes bien relev\u00e9s \u2014 la cuisine cor\u00e9enne ne craint pas l\u2019ail&nbsp;! \u2014 et les cr\u00eapes de poireau, \u00e0 la p\u00e2te, m\u00e9lange de patate douce et de pomme de terre. Nourriture de base, le riz, servi \u00abm\u00eal\u00e9\u00bb (27 fr.), avec des l\u00e9gumes, de la viande hach\u00e9e, couronn\u00e9 d\u2019un \u0153uf au plat. Le Japon a amen\u00e9 ses sushis, non pas cru, mais cuits \u00e0 la vapeur, et de grande taille, comme ce <span style=\"font-style: italic;\">mak\u00e9<\/span> (12 fr.). Et on revient \u00e0 la Cor\u00e9e avec le <span style=\"font-style: italic;\">bolgogi,<\/span> \u00abviande au feu\u00bb, ou BBQ, comme dirait l\u2019oncle Sam (29 fr. par personne, d\u00e8s deux). Les fines tranches de b\u0153uf, taill\u00e9es dans l\u2019entrec\u00f4te parisienne, mitonnent sur un r\u00e9chaud \u00e9lectrique (au lieu de charbon incandescent), con\u00e7u pour cet autre plat national. On arrose la viande de bouillon et on boit le reste, gorg\u00e9 des sucs de viande. Si la Cor\u00e9e a son roesti et sa choucroute, voici sa fondue!<br \/> Les desserts sont moins excitants, \u00e0 l\u2019exception du gingembre confit, qu\u2019on retrouve en glace, comme le th\u00e9 vert. Favori de la patronne, le <span style=\"font-style: italic;\">soojunggwha<\/span>, un th\u00e9 froid \u00e0 la cannelle et gingembre. Allez, \u00e7a ne peut pas vous faire de mal&nbsp;! <\/p>\n<p> <font style=\"font-style: italic;\" size=\"4\"><span style=\"font-weight: bold;\">La bonne adresse<\/span><\/font><br \/> Arirang<br \/> Avenue du Th\u00e9\u00e2tre 1<br \/> Lausanne<br \/> T\u00e9l. 021 323 03 34<br \/> Ferm\u00e9 samedi midi et dimanche tout le jour.<br \/> <a href=\"http:\/\/www.arirang.ch\/\">www.arirang.ch<\/a><\/p>\n<p> <font size=\"4\"><span style=\"font-weight: bold; font-style: italic;\">Tir\u00e9 de la cave&#8230;<\/span><br style=\"font-weight: bold;\"> <span style=\"font-weight: bold;\">Boire sain<\/span><\/font><br \/> Les Asiatiques, Chinois, Japonais et Cor\u00e9ens utilisent le riz pour tout de sorte de breuvages. Ainsi le <span style=\"font-style: italic;\">soju<\/span>, introduit au 14\u00e8me si\u00e8cle par les Mongols. Cet alcool blanc favori des Cor\u00e9ens ressemble \u00e0 la vodka, et non au fameux <span style=\"font-style: italic;\">sak\u00e9<\/span> japonais, que l\u2019\u00e9laboration rapproche de la bi\u00e8re (appel\u00e9 <span style=\"font-style: italic;\">cheongju<\/span> en Cor\u00e9e). Sans parler, en Chine, du <span style=\"font-style: italic;\">Shangha\u00ef Classic Wine<\/span>, aujourd\u2019hui tir\u00e9 du riz de fa\u00e7on industrielle, mais toujours vieilli dans des amphores pendant des dizaines d\u2019ann\u00e9es et dont les ar\u00f4mes ressemblent \u00e0 ceux du x\u00e9r\u00e8s ou du vin jaune d\u2019Arbois. Et puis, il y a toute une gamme de boissons l\u00e9g\u00e8rement alcoolis\u00e9es, mais fortement aromatis\u00e9es, tel cet autre vin de riz cor\u00e9en, au nez terreux, dans lequel on fait mac\u00e9rer des herbes et du ginseng, \u00e0 la fois amer et chaud en bouche. Et puis, si vous n\u2019aimez pas l\u2019alcool, optez pour la bi\u00e8re, plut\u00f4t l\u00e9g\u00e8re d\u2019ar\u00f4me, ou les th\u00e9s, vert ou de c\u00e9r\u00e9ales et de racines r\u00f4ties. D\u00e9paysement gustatif garanti.<\/p>\n<p> <span style=\"font-style: italic;\">Chronique parue dans le <\/span>Matin-Dimanche<span style=\"font-style: italic;\"> du 29 janvier 2005.<\/span><\/p><\/div>\n<p> <\/p>\n","protected":false},"excerpt":{"rendered":"<p>Restaurant Arirang \u00e0 Lausanne Kimchi sans chichi Des restaurants chinois, japonais, tha\u00efs, vietnamiens\u2026 N\u2019en jetez plus&nbsp;! Mais cor\u00e9ens&nbsp;? A part \u00e0 Gen\u00e8ve, o\u00f9 ils sont quatre, il n\u2019y en avait pas en Suisse romande. Jusqu\u2019\u00e0 ce que Nami Meyer Lee ouvre le sien, du nom d\u2019un fameux chant populaire, au sobre d\u00e9cor color\u00e9, en face [&hellip;]<\/p>\n","protected":false},"author":3,"featured_media":0,"comment_status":"closed","ping_status":"open","sticky":false,"template":"","format":"standard","meta":{"_monsterinsights_skip_tracking":false,"_monsterinsights_sitenote_active":false,"_monsterinsights_sitenote_note":"","_monsterinsights_sitenote_category":0,"jetpack_post_was_ever_published":false,"jetpack_publicize_message":"","jetpack_is_tweetstorm":false,"jetpack_publicize_feature_enabled":true,"jetpack_social_post_already_shared":false,"jetpack_social_options":{"image_generator_settings":{"template":"highway","enabled":false}}},"categories":[19,20],"tags":[],"jetpack_publicize_connections":[],"yoast_head":"<!-- This site is optimized with the Yoast SEO plugin v20.6 - https:\/\/yoast.com\/wordpress\/plugins\/seo\/ -->\n<title>Lausanne (VD) \u2014 Arirang - thomasvino<\/title>\n<meta name=\"robots\" content=\"index, follow, max-snippet:-1, max-image-preview:large, max-video-preview:-1\" \/>\n<link rel=\"canonical\" href=\"https:\/\/thomasvino.ch\/?p=9717\" \/>\n<meta property=\"og:locale\" content=\"fr_FR\" \/>\n<meta property=\"og:type\" content=\"article\" \/>\n<meta property=\"og:title\" content=\"Lausanne (VD) \u2014 Arirang - thomasvino\" \/>\n<meta property=\"og:description\" content=\"Restaurant Arirang \u00e0 Lausanne Kimchi sans chichi Des restaurants chinois, japonais, tha\u00efs, vietnamiens\u2026 N\u2019en jetez plus&nbsp;! Mais cor\u00e9ens&nbsp;? A part \u00e0 Gen\u00e8ve, o\u00f9 ils sont quatre, il n\u2019y en avait pas en Suisse romande. Jusqu\u2019\u00e0 ce que Nami Meyer Lee ouvre le sien, du nom d\u2019un fameux chant populaire, au sobre d\u00e9cor color\u00e9, en face [&hellip;]\" \/>\n<meta property=\"og:url\" content=\"https:\/\/thomasvino.ch\/?p=9717\" \/>\n<meta property=\"og:site_name\" content=\"thomasvino\" \/>\n<meta property=\"article:published_time\" content=\"2006-01-29T21:03:00+00:00\" \/>\n<meta property=\"article:modified_time\" content=\"2013-04-02T12:34:05+00:00\" \/>\n<meta name=\"author\" content=\"Pierre Thomas\" \/>\n<meta name=\"twitter:label1\" content=\"\u00c9crit par\" \/>\n\t<meta name=\"twitter:data1\" content=\"Pierre Thomas\" \/>\n\t<meta name=\"twitter:label2\" content=\"Dur\u00e9e de lecture estim\u00e9e\" \/>\n\t<meta name=\"twitter:data2\" content=\"5 minutes\" \/>\n<script type=\"application\/ld+json\" class=\"yoast-schema-graph\">{\"@context\":\"https:\/\/schema.org\",\"@graph\":[{\"@type\":\"WebPage\",\"@id\":\"https:\/\/thomasvino.ch\/?p=9717\",\"url\":\"https:\/\/thomasvino.ch\/?p=9717\",\"name\":\"Lausanne (VD) \u2014 Arirang - thomasvino\",\"isPartOf\":{\"@id\":\"https:\/\/thomasvino.ch\/#website\"},\"datePublished\":\"2006-01-29T21:03:00+00:00\",\"dateModified\":\"2013-04-02T12:34:05+00:00\",\"author\":{\"@id\":\"https:\/\/thomasvino.ch\/#\/schema\/person\/670bf4486fe81152cf1d68bd585e062e\"},\"breadcrumb\":{\"@id\":\"https:\/\/thomasvino.ch\/?p=9717#breadcrumb\"},\"inLanguage\":\"fr-FR\",\"potentialAction\":[{\"@type\":\"ReadAction\",\"target\":[\"https:\/\/thomasvino.ch\/?p=9717\"]}]},{\"@type\":\"BreadcrumbList\",\"@id\":\"https:\/\/thomasvino.ch\/?p=9717#breadcrumb\",\"itemListElement\":[{\"@type\":\"ListItem\",\"position\":1,\"name\":\"Accueil\",\"item\":\"https:\/\/thomasvino.ch\/\"},{\"@type\":\"ListItem\",\"position\":2,\"name\":\"Lausanne (VD) \u2014 Arirang\"}]},{\"@type\":\"WebSite\",\"@id\":\"https:\/\/thomasvino.ch\/#website\",\"url\":\"https:\/\/thomasvino.ch\/\",\"name\":\"thomasvino\",\"description\":\"Vins &amp; Gastronomie\",\"potentialAction\":[{\"@type\":\"SearchAction\",\"target\":{\"@type\":\"EntryPoint\",\"urlTemplate\":\"https:\/\/thomasvino.ch\/?s={search_term_string}\"},\"query-input\":\"required name=search_term_string\"}],\"inLanguage\":\"fr-FR\"},{\"@type\":\"Person\",\"@id\":\"https:\/\/thomasvino.ch\/#\/schema\/person\/670bf4486fe81152cf1d68bd585e062e\",\"name\":\"Pierre Thomas\",\"image\":{\"@type\":\"ImageObject\",\"inLanguage\":\"fr-FR\",\"@id\":\"https:\/\/thomasvino.ch\/#\/schema\/person\/image\/\",\"url\":\"https:\/\/secure.gravatar.com\/avatar\/91fd5a76647f140e53db987a0dead4d7?s=96&d=mm&r=g\",\"contentUrl\":\"https:\/\/secure.gravatar.com\/avatar\/91fd5a76647f140e53db987a0dead4d7?s=96&d=mm&r=g\",\"caption\":\"Pierre Thomas\"},\"url\":\"https:\/\/thomasvino.ch\/?author=3\"}]}<\/script>\n<!-- \/ Yoast SEO plugin. -->","yoast_head_json":{"title":"Lausanne (VD) \u2014 Arirang - thomasvino","robots":{"index":"index","follow":"follow","max-snippet":"max-snippet:-1","max-image-preview":"max-image-preview:large","max-video-preview":"max-video-preview:-1"},"canonical":"https:\/\/thomasvino.ch\/?p=9717","og_locale":"fr_FR","og_type":"article","og_title":"Lausanne (VD) \u2014 Arirang - thomasvino","og_description":"Restaurant Arirang \u00e0 Lausanne Kimchi sans chichi Des restaurants chinois, japonais, tha\u00efs, vietnamiens\u2026 N\u2019en jetez plus&nbsp;! Mais cor\u00e9ens&nbsp;? A part \u00e0 Gen\u00e8ve, o\u00f9 ils sont quatre, il n\u2019y en avait pas en Suisse romande. Jusqu\u2019\u00e0 ce que Nami Meyer Lee ouvre le sien, du nom d\u2019un fameux chant populaire, au sobre d\u00e9cor color\u00e9, en face [&hellip;]","og_url":"https:\/\/thomasvino.ch\/?p=9717","og_site_name":"thomasvino","article_published_time":"2006-01-29T21:03:00+00:00","article_modified_time":"2013-04-02T12:34:05+00:00","author":"Pierre Thomas","twitter_misc":{"\u00c9crit par":"Pierre Thomas","Dur\u00e9e de lecture estim\u00e9e":"5 minutes"},"schema":{"@context":"https:\/\/schema.org","@graph":[{"@type":"WebPage","@id":"https:\/\/thomasvino.ch\/?p=9717","url":"https:\/\/thomasvino.ch\/?p=9717","name":"Lausanne (VD) \u2014 Arirang - thomasvino","isPartOf":{"@id":"https:\/\/thomasvino.ch\/#website"},"datePublished":"2006-01-29T21:03:00+00:00","dateModified":"2013-04-02T12:34:05+00:00","author":{"@id":"https:\/\/thomasvino.ch\/#\/schema\/person\/670bf4486fe81152cf1d68bd585e062e"},"breadcrumb":{"@id":"https:\/\/thomasvino.ch\/?p=9717#breadcrumb"},"inLanguage":"fr-FR","potentialAction":[{"@type":"ReadAction","target":["https:\/\/thomasvino.ch\/?p=9717"]}]},{"@type":"BreadcrumbList","@id":"https:\/\/thomasvino.ch\/?p=9717#breadcrumb","itemListElement":[{"@type":"ListItem","position":1,"name":"Accueil","item":"https:\/\/thomasvino.ch\/"},{"@type":"ListItem","position":2,"name":"Lausanne (VD) \u2014 Arirang"}]},{"@type":"WebSite","@id":"https:\/\/thomasvino.ch\/#website","url":"https:\/\/thomasvino.ch\/","name":"thomasvino","description":"Vins &amp; Gastronomie","potentialAction":[{"@type":"SearchAction","target":{"@type":"EntryPoint","urlTemplate":"https:\/\/thomasvino.ch\/?s={search_term_string}"},"query-input":"required name=search_term_string"}],"inLanguage":"fr-FR"},{"@type":"Person","@id":"https:\/\/thomasvino.ch\/#\/schema\/person\/670bf4486fe81152cf1d68bd585e062e","name":"Pierre Thomas","image":{"@type":"ImageObject","inLanguage":"fr-FR","@id":"https:\/\/thomasvino.ch\/#\/schema\/person\/image\/","url":"https:\/\/secure.gravatar.com\/avatar\/91fd5a76647f140e53db987a0dead4d7?s=96&d=mm&r=g","contentUrl":"https:\/\/secure.gravatar.com\/avatar\/91fd5a76647f140e53db987a0dead4d7?s=96&d=mm&r=g","caption":"Pierre Thomas"},"url":"https:\/\/thomasvino.ch\/?author=3"}]}},"jetpack_featured_media_url":"","jetpack_sharing_enabled":true,"jetpack_shortlink":"https:\/\/wp.me\/p3m4tZ-2wJ","jetpack_likes_enabled":false,"jetpack-related-posts":[{"id":8965,"url":"https:\/\/thomasvino.ch\/?p=8965","url_meta":{"origin":9717,"position":0},"title":"Duel Gen\u00e8ve-Lausanne: Gourmet d\u00e9fie Gastronomia","date":"30 octobre 2009","format":false,"excerpt":"Gourmet d\u00e9fie Gastronomia Dans la foul\u00e9e de la finale du Bocuse d\u2019Or europ\u00e9en, un salon chaperonn\u00e9 par le Sirha, de Lyon, sera organis\u00e9 du 6 au 8 juin 2010, \u00e0 Palexpo-Gen\u00e8ve. Par Pierre Thomas Les organisateurs, ont pr\u00e9sent\u00e9 leur dossier jeudi pass\u00e9 \u00e0 Crissier, chez le chef Philippe Rochat, pr\u00e9sident\u2026","rel":"","context":"Dans &quot;Gastro&quot;","img":{"alt_text":"","src":"","width":0,"height":0},"classes":[]},{"id":13914,"url":"https:\/\/thomasvino.ch\/?p=13914","url_meta":{"origin":9717,"position":1},"title":"\u00abMeilleur sommelier de Suisse\u00bb, en deux temps","date":"9 novembre 2016","format":false,"excerpt":"Le dimanche 30 octobre, \u00e0 l'h\u00f4tel Beau-Rivage \u00e0 Gen\u00e8ve, le sommelier du Royal Savoy, \u00e0 Lausanne, R\u00e9za Nahaboo (photo) a remport\u00e9 le titre national 2016. Le jour suivant, les anciens meilleurs sommeliers de Suisse et deux finalistes du concours 2016 se disputaient la place de la Suisse au concours du\u2026","rel":"","context":"Dans &quot;Actus - News&quot;","img":{"alt_text":"","src":"","width":0,"height":0},"classes":[]},{"id":13053,"url":"https:\/\/thomasvino.ch\/?p=13053","url_meta":{"origin":9717,"position":2},"title":"Meilleurs restaurants suisses 2016  Quand Gault&#038;Millau vous exp\u00e9die au palace","date":"5 octobre 2015","format":false,"excerpt":"C\u2019est une premi\u00e8re\u00a0: tous les meilleurs restaurants promus par le guide Gault & Millau Suisse 2016 sont log\u00e9s dans des h\u00f4tels. Il y a trente ans, mieux valait \u00e9viter la restauration empes\u00e9e des palaces, aussi lourde que le d\u00e9cor. Changement \u00e0 180\u00b0\u00a0: la cuisine est devenue le point fort des\u2026","rel":"","context":"Dans &quot;Gastro&quot;","img":{"alt_text":"","src":"https:\/\/i0.wp.com\/www.thomasvino.ch\/wp-content\/uploads\/2015\/10\/gm_michel_roth-300x200.jpg?resize=350%2C200","width":350,"height":200},"classes":[]},{"id":10021,"url":"https:\/\/thomasvino.ch\/?p=10021","url_meta":{"origin":9717,"position":3},"title":"GaultMillau Suisse Romande 2008: des h\u00f4tels de bonne tenue","date":"10 octobre 2007","format":false,"excerpt":"Guide GaultMillau romand 2008Des h\u00f4tels haut la toqueLe guide GaultMillau Suisse a d\u00e9sign\u00e9 Edgard Bovier, qui tient \u00absa\u00bb table au Lausanne-Palace, \u00abpromu de l\u2019ann\u00e9e\u00bb pour la Suisse romande. De Lausanne \u00e0 Gen\u00e8ve, en passant par Vevey, les h\u00f4tels tiennent leur rang.Pierre ThomasSeul oubli, l\u2019H\u00f4tel de la Prairie, \u00e0 Yverdon-les-Bains, que\u2026","rel":"","context":"Dans &quot;Tendance&quot;","img":{"alt_text":"","src":"","width":0,"height":0},"classes":[]},{"id":9227,"url":"https:\/\/thomasvino.ch\/?p=9227","url_meta":{"origin":9717,"position":4},"title":"Lausanne &#8211; Gen\u00e8ve: deux guides non synergis\u00e9s","date":"30 ao\u00fbt 2011","format":false,"excerpt":"Bien manger \u00e0 Lausanne et Gen\u00e8ve Deux guides non synergis\u00e9s Concoct\u00e9s par les responsables des rubriques gastronomiques (ou ce qu\u2019il en reste) des quotidiens vaudois 24 Heures et genevois Tribune de Gen\u00e8ve (TG), David Moginier et Alain Giroud, les guides Le Coup de Fourchette et A table! 2011-2012 viennent de\u2026","rel":"","context":"Dans &quot;Gastro&quot;","img":{"alt_text":"","src":"","width":0,"height":0},"classes":[]},{"id":9892,"url":"https:\/\/thomasvino.ch\/?p=9892","url_meta":{"origin":9717,"position":5},"title":"Vins suisses \u2014 Ex-Swiss Wine Bars: les Valaisans reprennent la main","date":"3 novembre 2006","format":false,"excerpt":"Vins suisses \u2014 Ex-Swiss Wine Bars de Lausanne, Gen\u00e8ve et Berne Les Valaisans reprennent la main Partie de Sion, l\u2019id\u00e9e des bars \u00e0 vins promotionnels avait \u00e9t\u00e9 r\u00e9cup\u00e9r\u00e9e par Swiss Wine Communication, mise en faillite ce printemps. Des encaveurs suisses, et valaisans d\u2019abord, les ont repris. Et Berne, seul bar\u2026","rel":"","context":"Dans &quot;Actus - News&quot;","img":{"alt_text":"","src":"","width":0,"height":0},"classes":[]}],"_links":{"self":[{"href":"https:\/\/thomasvino.ch\/index.php?rest_route=\/wp\/v2\/posts\/9717"}],"collection":[{"href":"https:\/\/thomasvino.ch\/index.php?rest_route=\/wp\/v2\/posts"}],"about":[{"href":"https:\/\/thomasvino.ch\/index.php?rest_route=\/wp\/v2\/types\/post"}],"author":[{"embeddable":true,"href":"https:\/\/thomasvino.ch\/index.php?rest_route=\/wp\/v2\/users\/3"}],"replies":[{"embeddable":true,"href":"https:\/\/thomasvino.ch\/index.php?rest_route=%2Fwp%2Fv2%2Fcomments&post=9717"}],"version-history":[{"count":0,"href":"https:\/\/thomasvino.ch\/index.php?rest_route=\/wp\/v2\/posts\/9717\/revisions"}],"wp:attachment":[{"href":"https:\/\/thomasvino.ch\/index.php?rest_route=%2Fwp%2Fv2%2Fmedia&parent=9717"}],"wp:term":[{"taxonomy":"category","embeddable":true,"href":"https:\/\/thomasvino.ch\/index.php?rest_route=%2Fwp%2Fv2%2Fcategories&post=9717"},{"taxonomy":"post_tag","embeddable":true,"href":"https:\/\/thomasvino.ch\/index.php?rest_route=%2Fwp%2Fv2%2Ftags&post=9717"}],"curies":[{"name":"wp","href":"https:\/\/api.w.org\/{rel}","templated":true}]}}