{"id":9720,"date":"2006-02-02T18:45:00","date_gmt":"2006-02-02T18:45:00","guid":{"rendered":"http:\/\/localhost\/thomasvino\/?p=9720"},"modified":"2006-02-02T18:45:00","modified_gmt":"2006-02-02T18:45:00","slug":"valais-les-oenotheques-en-valais","status":"publish","type":"post","link":"https:\/\/thomasvino.ch\/?p=9720","title":{"rendered":"Valais \u2014 Les \u0153noth\u00e8ques en Valais"},"content":{"rendered":"<div style=\"text-align: justify;\"><font style=\"font-weight: bold;\" size=\"5\">Oenoth\u00e8ques  en Valais<\/font><br \/> <span style=\"font-style: italic;\">Source: Interprofession valaisanne de la vigne et du vin, janvier 2006<\/span><\/p>\n<p> <font style=\"font-weight: bold;\" size=\"3\">Bagnes<\/font><br \/> <span style=\"font-style: italic;\"> La \u00ab Ts\u00e2na \u00bb<\/span><br \/> La Place<br \/> Le Ch\u00e2ble<br \/> Ouvert 7 jours sur 7 de 10h30 \u00e0 23h00<br \/> Hors saison, ouvert du mardi \u00e0 16h00 au dimanche<br \/> Sur la place, de mai \u00e0 octobre, sa terrasse (chauff\u00e9e)<br \/> t\u00e9l. 027 776 40 50<br \/> Dans ses caves vo\u00fbt\u00e9es, 200 crus s\u00e9lectionn\u00e9s, 200 coups de c\u0153ur. D\u00e9gustation au verre et vente \u00e0 l&#39;emporter.<br \/> <a href=\"http:\/\/www.latsana.ch\/oenotheque_f.htm\"> www.latsana.ch <\/a><\/p>\n<p> <font size=\"3\"><span style=\"font-weight: bold;\">Bramois<\/span><\/font><br \/> <span style=\"font-style: italic;\"> Caveau de La Poste<\/span><br \/> Rue du Vieux Village<br \/> Ouvert jeudi, vendredi et samedi : 17h00 &#8211; 22h00<br \/> t\u00e9l. 079 300 19 75<\/p>\n<p> <font style=\"font-weight: bold;\" size=\"3\">Chamoson<\/font><br \/> <span style=\"font-style: italic;\"> Caveau de Chamoson<\/span><br \/> Rue St-Andr\u00e9 14<br \/> t\u00e9l. : 027 306 56 70 &#8211; 079 213 48 77<br \/> Ouvert 7 jours sur 7 de 17h \u00e0 22h<br \/> Samedi, dimanche et jours f\u00e9ri\u00e9s de 10h \u00e0 22h<br \/> <a href=\"http:\/\/www.chamoson.ch\/caveau\/histo.htm\"> www.chamoson.ch\/caveau <\/a><\/p>\n<p> <font style=\"font-weight: bold;\" size=\"3\"> Conthey<\/font><br \/> <span style=\"font-style: italic;\"> La Tour Lombarde   <\/span>         <br \/> Rue Lombarde 1, Le Bourg<br \/> mardi \u00e0 dimanche : 11h00 &#8211; 12h30 \/ 16h00 &#8211; 21h00<br \/> t\u00e9l. 027 346 72 32<br \/> <a href=\"http:\/\/www.tourlombarde.ch\/caveau.htm\"> www.tourlombarde.ch <\/a><\/p>\n<p> <font style=\"font-weight: bold;\" size=\"3\">Fully-Sax\u00e9<\/font><br \/> <span style=\"font-style: italic;\"> Oenoth\u00e8que de Fully<\/span><br \/> Route de Saillon 128 A, <br \/> t\u00e9l. 027 746 41 50 &#8211; fax 027 746 41 20<br \/> Ouvert 7\/7 de 11h00 \u00e0 12h30 et de 15h00 \u00e0 20h00<br \/> Situ\u00e9 en bordure de la route cantonale Fully -Saillon, large panoplie des vins de la r\u00e9gion.<\/p>\n<p> <font style=\"font-weight: bold;\" size=\"3\">Leytron<\/font><br \/> <span style=\"font-style: italic;\"> Oenoth\u00e8que de Leytron<\/span><br \/> Route de Riddes,<br \/> t\u00e9l. 027 307 13 30<br \/> fax 027 307 13 31 <br \/> Ouvert 7 jours sur 7 de 10h00 \u00e0 20h30<br \/> L&#39;oenoth\u00e8que est situ\u00e9e \u00e0 l&#39;entr\u00e9e de Leytron \u00e0 queques minutes des bains thermaux d&#39;Ovronnaz et de Saillon. Elle r\u00e9unit 60 encaveurs parmi les plus cot\u00e9s du vignoble valaisan et plus de 350 vins \u00e0 d\u00e9guster ou \u00e0 l&#39;emporter.<br \/> <a href=\"http:\/\/www.oeno.ch\/leytron\/index.htm\"> www.oeno.ch <\/a><\/p>\n<p> <font class=\"titrecenter\"><font style=\"font-weight: bold;\" size=\"3\">Martigny<\/font><\/font><br \/> <font class=\"titrecenter\"><span style=\"font-style: italic;\">Le Verre \u00e0 Pied de Martigny<\/span><\/font><br \/> <font class=\"titrecenter\">H\u00f4tel du Parc<\/font><br \/> <font class=\"titrecenter\">Pr\u00e9s-Beudins<\/font><br \/> <font class=\"titrecenter\">T\u00e9l. : <\/font><font class=\"txtcenter\">027 720 16 16<\/font><br \/> <font class=\"txtcenter\">Ouvert cinq jours sur sept, de 17 h \u00e0 21 h, sauf le dimanche et le lundi.<\/font><br \/> <font class=\"txtcenter\">L&#39;H\u00f4tel du Parc \u00e0 Martigny pr\u00e9sente un choix de plus de 200 vins et spiritueux s\u00e9lectionn\u00e9s aupr\u00e8s de 40 producteurs du Valais, \u00e0 savourer sur place ou en vente \u00e0 l&#39;emporter.<\/p>\n<p> <\/font><font class=\"txtcenter\"><\/p>\n<table align=\"right\" border=\"0\" cellpadding=\"0\" cellspacing=\"0\">\n<tbody>\n<tr>\n<td colspan=\"2\" height=\"6\"> <\/td>\n<\/tr>\n<\/tbody>\n<\/table>\n<p><\/font><font style=\"font-weight: bold;\" size=\"3\">Montana<\/font><br \/> <span style=\"font-style: italic;\"> Le Tirebouchon  <\/span>  <br \/> Immeuble Le Signal, Av. de la Gare<br \/> t\u00e9l. 027 480 26 08<br \/> Tous les jours : 10h15 &#8211; 13h00 \/ 16h00 &#8211; 21h00 Lundi matin ferm\u00e9<br \/> Un sympathique bar \u00e0 vins, qui r\u00e9unit une quarantaine de producteurs de tout le Valais et offre un assortiment de plus de 200 crus du Vieux Pays. Egalement en vente a l&#39;emporter.<font class=\"txtcenter\"> <\/p>\n<table align=\"right\" border=\"0\" cellpadding=\"0\" cellspacing=\"0\">\n<tbody>\n<tr>\n<td colspan=\"2\" height=\"6\"> <\/td>\n<\/tr>\n<tr>\n<td width=\"15\"> <\/td>\n<\/tr>\n<\/tbody>\n<\/table>\n<p> <\/font><br \/> <font class=\"txtcenter\"> <\/p>\n<table align=\"right\" border=\"0\" cellpadding=\"0\" cellspacing=\"0\">\n<tbody>\n<tr>\n<td width=\"15\">       <\/td>\n<td valign=\"top\"> <\/td>\n<\/tr>\n<\/tbody>\n<\/table>\n<p> <\/font><br \/> <font style=\"font-weight: bold;\" size=\"3\">Monthey<\/font><br \/> <span style=\"font-style: italic;\">Le Cep<\/span><br \/> Avenue de la Gare<br \/> t\u00e9l. 024 472 17 71<br \/> Du mardi                     au vendredi de 10h                      \u00e0 13h                      et de 17h \u00e0 23h; le lundi de 17h \u00e0 23h                     et le samedi 10h \u00e0 24h<br \/> Un choix de vins de 220 vins de 45 encaveurs. 20 vins propos\u00e9s en d\u00e9gustation chaque semaine.<br \/> <a href=\"http:\/\/www.vinotheque-le-cep.ch\/index.php\">www.vinotheque-le-cep.ch<\/a><\/p>\n<p> <font style=\"font-weight: bold;\" size=\"3\">Saillon<\/font><br \/> <span style=\"font-style: italic;\"> Caveau de Saillon<\/span><br \/>  Centre du Bourg<br \/>  Jeudi et vendredi de 17h00 \u00e0 21h00, samedi, dimanche et jours f\u00e9ri\u00e9s : 11h00 &#8211; 21h00<br \/>  t\u00e9l. 027 744 28 50<br \/>  fax 027 744 26 65<\/p>\n<p> <font style=\"font-weight: bold;\" size=\"3\">Salgesch<\/font><br \/> <span style=\"font-style: italic;\">Le Caveau des Chevaliers<\/span><br \/> Varenstrasse 40<br \/> t\u00e9l. 027 455 28 28<br \/> Ouvert du mercredi au samedi de 17h00 \u00e0 23h00<br \/> Selon un tournus de deux mois, cinq encaveurs de la r\u00e9gion pr\u00e9sentent leurs bouteilles et leurs crus au verre s\u00e9lectionn\u00e9s. Restauration et sp\u00e9cialit\u00e9s valaisannes pour groupes. Vente \u00e0 l&#39;emporter.<br \/> <a href=\"http:\/\/www.chevaliers.ch\/pages\/fr\/presentation_oenotheque.htm\">www.chevaliers.ch<\/a> <\/p>\n<p> <font style=\"font-weight: bold;\" size=\"3\">Saxon<\/font><br \/> <span style=\"font-style: italic;\"> Caveau de la Rive Gauche<\/span><br \/>  Vieux village<br \/>  Ouvert vendredi et veilles de f\u00eates 17h00 &#8211; 21h00<br \/>  Samedi : 11h00 &#8211; 13h30 et 17h00 &#8211; 21h00<br \/>  Dimanche et jours f\u00e9ri\u00e9s : 11h00 &#8211; 13h30<br \/>  t\u00e9l. 027 744 40 84 <br \/>  fax 027 744 40 85<br \/>  Plus de 30 sp\u00e9cialit\u00e9s exclusivement de la rive gauche sont \u00e0 d\u00e9guster et aussi \u00e0 emporter, en provenance du vignoble de Chalais \u00e0 Bovernier.<br \/> <a href=\"http:\/\/www.lamaisonduvillage.ch\/\"> www.lamaisonduvillage.ch <\/a><\/p>\n<p> <font style=\"font-weight: bold;\" size=\"3\">Sembrancher<\/font><br \/> <span style=\"font-style: italic;\"> Le Cellier valaisan<\/span><br \/>  Route du Grand-St-Bernard, <br \/>  Ouvert 6 jours sur 7 de 10h00 \u00e0 20h30<br \/>  Fermeture hebdomadaire le lundi<br \/>  t\u00e9l. 027 785 20 85 <br \/>  Un choix de 250 vins valaisans en d\u00e9gustation et en vente \u00e0 l&#39;emporter.<br \/> <a href=\"http:\/\/www.celliervs.ch\/presentation.php\"> www.celliervs.ch <\/a><\/p>\n<p> <font style=\"font-weight: bold;\" size=\"3\">Sierre<\/font><br \/> <span style=\"font-style: italic;\">Oenoth\u00e8que  &#8211;  Ch\u00e2teau de Villa<\/span><br \/> Rue Sainte-Catherine 4,<br \/> t\u00e9l. 027 456 24 29 <br \/> Ouvert 7 jours sur 7 de 10h30 \u00e0 13h00 et de 16h30 \u00e0 20h30<br \/> Plus de 550 crus provenant de tout le vignoble valaisan et un choix de spiritueux des vergers de la Vall\u00e9e du Rh\u00f4ne en vente \u00e0 l&#39;emporter ou \u00e0 d\u00e9guster sur place.<br \/> <span style=\"font-style: italic;\">Le Sensorama<\/span><br \/> Une palette de cours et de s\u00e9minaires, pour amateurs et professionnels est propos\u00e9es dans cette salle de d\u00e9gustation.<br \/> <a href=\"http:\/\/www.chateaudevilla.ch\/oeno.asp?l=1&amp;n=106\">www.chateaudevilla.ch<\/a> <\/p>\n<p> <font style=\"font-weight: bold;\" size=\"3\">Sion<\/font><br \/> <span style=\"font-style: italic;\">Le Verre \u00e0 Pied<\/span><br \/> Grand-Pont 29,<br \/> t\u00e9l. et fax 027 321 13 80 <br \/> Ouvert 7 jours sur 7<br \/> Lundi &#8211; Samedi 10h30 &#8211; 13h et 16h30 &#8211; 20h30, dimanche 10h30 &#8211; 13h et 17h30 &#8211; 20h<br \/> L&#39;Association des Encaveurs de Sion et la Charte Grain Noble Confidentiel pr\u00e9sentent plus de 150 vins \u00e0 l&#39;emporter ou \u00e0 consommer sur place.<br \/> <a href=\"http:\/\/www.sionpassion.ch\/verre_a_pied.html\">www.sionpassion.ch<\/a> <\/p>\n<p> <font style=\"font-weight: bold;\" size=\"3\">Sion<\/font><br \/> <span style=\"font-style: italic;\">L&#39;Oenoth\u00e8que Pointrh\u00f4ne  <\/span>  <br \/> B\u00e2timent Pointrh\u00f4ne<br \/> Rue de l&#39;Industrie 54<br \/> t\u00e9l. 027 322 06 74 <br \/> Lundi au jeudi de 10h30 \u00e0 13h00 et de 16h30 \u00e0 21h00; vendredi et samedi de 10h30 \u00e0 21h00<br \/> Atelier de D\u00e9gustation &#8211; grand choix de crus au verre &#8211; plus de 50 encaveurs valaisans s\u00e9lectionn\u00e9s &#8211; 250 vins rares choisis par nos sommeliers conseil. Vente \u00e0 l&#39;emporter et d\u00e9gustation \u00e0 th\u00e8mes.<br \/> <a href=\"http:\/\/www.oeno.ch\/sion\/index.htm\">www.oeno.ch<\/a><\/p>\n<p> <font style=\"font-weight: bold;\" size=\"3\">V\u00e9troz<\/font><br \/> <span style=\"font-style: italic;\">Relais du Valais<\/span><br \/> Rue de l&#39;Abbaye 35<br \/> t\u00e9l. 027 346 03 03 &#8211; Fax 027 346 03 04<br \/> Ouvert du mardi au dimanche de 10h \u00e0 24h<br \/> Plus de 130 vins de 16 encaveurs valaisans. Vente \u00e0 l&#39;emporter ou \u00e0 d\u00e9guster sur place.<br \/> <a href=\"http:\/\/www.relaisvalais.ch\/\">www.relaisvalais.ch<\/a> <\/p><\/div>\n","protected":false},"excerpt":{"rendered":"<p>Oenoth\u00e8ques en Valais Source: Interprofession valaisanne de la vigne et du vin, janvier 2006 Bagnes La \u00ab Ts\u00e2na \u00bb La Place Le Ch\u00e2ble Ouvert 7 jours sur 7 de 10h30 \u00e0 23h00 Hors saison, ouvert du mardi \u00e0 16h00 au dimanche Sur la place, de mai \u00e0 octobre, sa terrasse (chauff\u00e9e) t\u00e9l. 027 776 40 [&hellip;]<\/p>\n","protected":false},"author":3,"featured_media":0,"comment_status":"closed","ping_status":"open","sticky":false,"template":"","format":"standard","meta":{"_monsterinsights_skip_tracking":false,"_monsterinsights_sitenote_active":false,"_monsterinsights_sitenote_note":"","_monsterinsights_sitenote_category":0,"jetpack_post_was_ever_published":false,"jetpack_publicize_message":"","jetpack_is_tweetstorm":false,"jetpack_publicize_feature_enabled":true,"jetpack_social_post_already_shared":false,"jetpack_social_options":{"image_generator_settings":{"template":"highway","enabled":false}}},"categories":[3],"tags":[],"jetpack_publicize_connections":[],"yoast_head":"<!-- This site is optimized with the Yoast SEO plugin v20.6 - https:\/\/yoast.com\/wordpress\/plugins\/seo\/ -->\n<title>Valais \u2014 Les \u0153noth\u00e8ques en Valais - thomasvino<\/title>\n<meta name=\"robots\" content=\"index, follow, max-snippet:-1, max-image-preview:large, max-video-preview:-1\" \/>\n<link rel=\"canonical\" href=\"https:\/\/thomasvino.ch\/?p=9720\" \/>\n<meta property=\"og:locale\" content=\"fr_FR\" \/>\n<meta property=\"og:type\" content=\"article\" \/>\n<meta property=\"og:title\" content=\"Valais \u2014 Les \u0153noth\u00e8ques en Valais - thomasvino\" \/>\n<meta property=\"og:description\" content=\"Oenoth\u00e8ques en Valais Source: Interprofession valaisanne de la vigne et du vin, janvier 2006 Bagnes La \u00ab Ts\u00e2na \u00bb La Place Le Ch\u00e2ble Ouvert 7 jours sur 7 de 10h30 \u00e0 23h00 Hors saison, ouvert du mardi \u00e0 16h00 au dimanche Sur la place, de mai \u00e0 octobre, sa terrasse (chauff\u00e9e) t\u00e9l. 027 776 40 [&hellip;]\" \/>\n<meta property=\"og:url\" content=\"https:\/\/thomasvino.ch\/?p=9720\" \/>\n<meta property=\"og:site_name\" content=\"thomasvino\" \/>\n<meta property=\"article:published_time\" content=\"2006-02-02T18:45:00+00:00\" \/>\n<meta name=\"author\" content=\"Pierre Thomas\" \/>\n<meta name=\"twitter:label1\" content=\"\u00c9crit par\" \/>\n\t<meta name=\"twitter:data1\" content=\"Pierre Thomas\" \/>\n\t<meta name=\"twitter:label2\" content=\"Dur\u00e9e de lecture estim\u00e9e\" \/>\n\t<meta name=\"twitter:data2\" content=\"4 minutes\" \/>\n<script type=\"application\/ld+json\" class=\"yoast-schema-graph\">{\"@context\":\"https:\/\/schema.org\",\"@graph\":[{\"@type\":\"WebPage\",\"@id\":\"https:\/\/thomasvino.ch\/?p=9720\",\"url\":\"https:\/\/thomasvino.ch\/?p=9720\",\"name\":\"Valais \u2014 Les \u0153noth\u00e8ques en Valais - thomasvino\",\"isPartOf\":{\"@id\":\"https:\/\/thomasvino.ch\/#website\"},\"datePublished\":\"2006-02-02T18:45:00+00:00\",\"dateModified\":\"2006-02-02T18:45:00+00:00\",\"author\":{\"@id\":\"https:\/\/thomasvino.ch\/#\/schema\/person\/670bf4486fe81152cf1d68bd585e062e\"},\"breadcrumb\":{\"@id\":\"https:\/\/thomasvino.ch\/?p=9720#breadcrumb\"},\"inLanguage\":\"fr-FR\",\"potentialAction\":[{\"@type\":\"ReadAction\",\"target\":[\"https:\/\/thomasvino.ch\/?p=9720\"]}]},{\"@type\":\"BreadcrumbList\",\"@id\":\"https:\/\/thomasvino.ch\/?p=9720#breadcrumb\",\"itemListElement\":[{\"@type\":\"ListItem\",\"position\":1,\"name\":\"Accueil\",\"item\":\"https:\/\/thomasvino.ch\/\"},{\"@type\":\"ListItem\",\"position\":2,\"name\":\"Valais \u2014 Les \u0153noth\u00e8ques en Valais\"}]},{\"@type\":\"WebSite\",\"@id\":\"https:\/\/thomasvino.ch\/#website\",\"url\":\"https:\/\/thomasvino.ch\/\",\"name\":\"thomasvino\",\"description\":\"Vins &amp; Gastronomie\",\"potentialAction\":[{\"@type\":\"SearchAction\",\"target\":{\"@type\":\"EntryPoint\",\"urlTemplate\":\"https:\/\/thomasvino.ch\/?s={search_term_string}\"},\"query-input\":\"required name=search_term_string\"}],\"inLanguage\":\"fr-FR\"},{\"@type\":\"Person\",\"@id\":\"https:\/\/thomasvino.ch\/#\/schema\/person\/670bf4486fe81152cf1d68bd585e062e\",\"name\":\"Pierre Thomas\",\"image\":{\"@type\":\"ImageObject\",\"inLanguage\":\"fr-FR\",\"@id\":\"https:\/\/thomasvino.ch\/#\/schema\/person\/image\/\",\"url\":\"https:\/\/secure.gravatar.com\/avatar\/91fd5a76647f140e53db987a0dead4d7?s=96&d=mm&r=g\",\"contentUrl\":\"https:\/\/secure.gravatar.com\/avatar\/91fd5a76647f140e53db987a0dead4d7?s=96&d=mm&r=g\",\"caption\":\"Pierre Thomas\"},\"url\":\"https:\/\/thomasvino.ch\/?author=3\"}]}<\/script>\n<!-- \/ Yoast SEO plugin. -->","yoast_head_json":{"title":"Valais \u2014 Les \u0153noth\u00e8ques en Valais - thomasvino","robots":{"index":"index","follow":"follow","max-snippet":"max-snippet:-1","max-image-preview":"max-image-preview:large","max-video-preview":"max-video-preview:-1"},"canonical":"https:\/\/thomasvino.ch\/?p=9720","og_locale":"fr_FR","og_type":"article","og_title":"Valais \u2014 Les \u0153noth\u00e8ques en Valais - thomasvino","og_description":"Oenoth\u00e8ques en Valais Source: Interprofession valaisanne de la vigne et du vin, janvier 2006 Bagnes La \u00ab Ts\u00e2na \u00bb La Place Le Ch\u00e2ble Ouvert 7 jours sur 7 de 10h30 \u00e0 23h00 Hors saison, ouvert du mardi \u00e0 16h00 au dimanche Sur la place, de mai \u00e0 octobre, sa terrasse (chauff\u00e9e) t\u00e9l. 027 776 40 [&hellip;]","og_url":"https:\/\/thomasvino.ch\/?p=9720","og_site_name":"thomasvino","article_published_time":"2006-02-02T18:45:00+00:00","author":"Pierre Thomas","twitter_misc":{"\u00c9crit par":"Pierre Thomas","Dur\u00e9e de lecture estim\u00e9e":"4 minutes"},"schema":{"@context":"https:\/\/schema.org","@graph":[{"@type":"WebPage","@id":"https:\/\/thomasvino.ch\/?p=9720","url":"https:\/\/thomasvino.ch\/?p=9720","name":"Valais \u2014 Les \u0153noth\u00e8ques en Valais - thomasvino","isPartOf":{"@id":"https:\/\/thomasvino.ch\/#website"},"datePublished":"2006-02-02T18:45:00+00:00","dateModified":"2006-02-02T18:45:00+00:00","author":{"@id":"https:\/\/thomasvino.ch\/#\/schema\/person\/670bf4486fe81152cf1d68bd585e062e"},"breadcrumb":{"@id":"https:\/\/thomasvino.ch\/?p=9720#breadcrumb"},"inLanguage":"fr-FR","potentialAction":[{"@type":"ReadAction","target":["https:\/\/thomasvino.ch\/?p=9720"]}]},{"@type":"BreadcrumbList","@id":"https:\/\/thomasvino.ch\/?p=9720#breadcrumb","itemListElement":[{"@type":"ListItem","position":1,"name":"Accueil","item":"https:\/\/thomasvino.ch\/"},{"@type":"ListItem","position":2,"name":"Valais \u2014 Les \u0153noth\u00e8ques en Valais"}]},{"@type":"WebSite","@id":"https:\/\/thomasvino.ch\/#website","url":"https:\/\/thomasvino.ch\/","name":"thomasvino","description":"Vins &amp; Gastronomie","potentialAction":[{"@type":"SearchAction","target":{"@type":"EntryPoint","urlTemplate":"https:\/\/thomasvino.ch\/?s={search_term_string}"},"query-input":"required name=search_term_string"}],"inLanguage":"fr-FR"},{"@type":"Person","@id":"https:\/\/thomasvino.ch\/#\/schema\/person\/670bf4486fe81152cf1d68bd585e062e","name":"Pierre Thomas","image":{"@type":"ImageObject","inLanguage":"fr-FR","@id":"https:\/\/thomasvino.ch\/#\/schema\/person\/image\/","url":"https:\/\/secure.gravatar.com\/avatar\/91fd5a76647f140e53db987a0dead4d7?s=96&d=mm&r=g","contentUrl":"https:\/\/secure.gravatar.com\/avatar\/91fd5a76647f140e53db987a0dead4d7?s=96&d=mm&r=g","caption":"Pierre Thomas"},"url":"https:\/\/thomasvino.ch\/?author=3"}]}},"jetpack_featured_media_url":"","jetpack_sharing_enabled":true,"jetpack_shortlink":"https:\/\/wp.me\/p3m4tZ-2wM","jetpack_likes_enabled":false,"jetpack-related-posts":[{"id":9693,"url":"https:\/\/thomasvino.ch\/?p=9693","url_meta":{"origin":9720,"position":0},"title":"Vins suisses \u2014 Oenoth\u00e8caire, un nouveau m\u00e9tier","date":"7 janvier 2005","format":false,"excerpt":"Pour Xavier Bagnoud, entreprenant S\u00e9dunois \u00abL'\u0153noth\u00e8que est un nouveau m\u00e9tier\u00bb En Valais, les \u00ab\u0153noth\u00e8ques\u00bb fleurissent. Xavier Bagnoud, 35 ans, pr\u00e9sident de l'Union suisse des \u0153nologues, veut faire le pont entre la vigne et les distributeurs. Les h\u00f4teliers sont en premi\u00e8re ligne. Par Pierre Thomas En deux ans, Xavier Bagnoud a\u2026","rel":"","context":"Dans &quot;Tendance&quot;","img":{"alt_text":"","src":"","width":0,"height":0},"classes":[]},{"id":16709,"url":"https:\/\/thomasvino.ch\/?p=16709","url_meta":{"origin":9720,"position":1},"title":"Ch\u00e2teau de Villa \u00e0 Sierre \u2014 La Mecque des produits AOP du Valais","date":"6 juillet 2020","format":false,"excerpt":"On l\u2019avait d\u00e9j\u00e0 identifi\u00e9 comme tel, mais le Ch\u00e2teau de Villa l\u2019a scell\u00e9 par une charte, confirmant son partenariat avec les interprofessions AOP-AOC-IGP du Valais. Depuis la constitution de la Fondation du Ch\u00e2teau de Villa en 1951, l\u2019id\u00e9e de faire du manoir sierrois un relais de promotion de la gastronomie,\u2026","rel":"","context":"Dans &quot;Actus - News&quot;","img":{"alt_text":"","src":"","width":0,"height":0},"classes":[]},{"id":9971,"url":"https:\/\/thomasvino.ch\/?p=9971","url_meta":{"origin":9720,"position":2},"title":"Les vins doux privil\u00e9gi\u00e9s: un tierc\u00e9 gagnant en 2006","date":"31 mai 2007","format":false,"excerpt":"Tierc\u00e9 gagnant (Cuisine de saison, janvier 2007)Un doux podiumAxiome: les vins doux sont privil\u00e9gi\u00e9s, m\u00eame par les d\u00e9gustateurs professionnels. La preuve\u2026Le meilleur vin suisse d\u00e9gust\u00e9 en 2006? Un vin liquoreux valaisan. Tel est le verdict du troisi\u00e8me Concours national des vins suisses. Rien de surprenant \u00e0 cela. D\u2019une part, les\u2026","rel":"","context":"Dans &quot;Tendance&quot;","img":{"alt_text":"","src":"","width":0,"height":0},"classes":[]},{"id":13300,"url":"https:\/\/thomasvino.ch\/?p=13300","url_meta":{"origin":9720,"position":3},"title":"Mort en montagne du fondateur de Lavinia","date":"5 janvier 2016","format":false,"excerpt":"La nouvelle a eu davantage de retentissement en Espagne et en France qu\u2019en Suisse. Ce mardi 5 janvier 2016, on rend les honneurs, \u00e0 l\u2019\u00e9glise catholique de Morges, \u00e0 Thierry Servant, 64 ans, d\u00e9c\u00e9d\u00e9 accidentellement en montagne, \u00e0 Zermatt, le 28 d\u00e9cembre 2015. Thierry Servant \u00e9tait le pr\u00e9sident, et confondateur\u2026","rel":"","context":"Dans &quot;Actus - News&quot;","img":{"alt_text":"","src":"","width":0,"height":0},"classes":[]},{"id":8915,"url":"https:\/\/thomasvino.ch\/?p=8915","url_meta":{"origin":9720,"position":4},"title":"Rachat de Bonvin: le vin comme patrimoine","date":"24 juin 2009","format":false,"excerpt":"Rachat de Bonvin par RouvinezLe vin comme patrimoineEn rachetant les domaines et la cave Bonvin, la famille sierroise Rouvinez a annex\u00e9 de beaux domaines viticoles s\u00e9dunois. Qu\u2019elle a l\u2019intention de mettre en valeur.Par Pierre Thomas\u00abQuand Jacques Guhl, 88 ans, s\u2019est adress\u00e9 \u00e0 nous, nous n\u2019\u00e9tions pas forc\u00e9ment int\u00e9ress\u00e9s. Mais quand\u2026","rel":"","context":"Dans &quot;Vins suisses&quot;","img":{"alt_text":"","src":"","width":0,"height":0},"classes":[]},{"id":9991,"url":"https:\/\/thomasvino.ch\/?p=9991","url_meta":{"origin":9720,"position":5},"title":"Valais \u2014 Les syrahs 2005 font un tabac \u00e0 Bruxelles","date":"8 juillet 2007","format":false,"excerpt":"Chronique Tierc\u00e9 gagnant, \u00abCuisine de Saison\u00bb, juin 2007Syrah format mondialA quoi servent les grands concours internationaux, \u00e0 Bruxelles, V\u00e9rone, Paris ou Londres? La plupart des producteurs du monde entier esp\u00e8rent une m\u00e9daille pour que le consommateur rep\u00e8re le flacon ainsi estampill\u00e9 sur les rayons des supermarch\u00e9s. D\u2019autres sont en qu\u00eate\u2026","rel":"","context":"Dans &quot;Vins suisses&quot;","img":{"alt_text":"","src":"","width":0,"height":0},"classes":[]}],"_links":{"self":[{"href":"https:\/\/thomasvino.ch\/index.php?rest_route=\/wp\/v2\/posts\/9720"}],"collection":[{"href":"https:\/\/thomasvino.ch\/index.php?rest_route=\/wp\/v2\/posts"}],"about":[{"href":"https:\/\/thomasvino.ch\/index.php?rest_route=\/wp\/v2\/types\/post"}],"author":[{"embeddable":true,"href":"https:\/\/thomasvino.ch\/index.php?rest_route=\/wp\/v2\/users\/3"}],"replies":[{"embeddable":true,"href":"https:\/\/thomasvino.ch\/index.php?rest_route=%2Fwp%2Fv2%2Fcomments&post=9720"}],"version-history":[{"count":0,"href":"https:\/\/thomasvino.ch\/index.php?rest_route=\/wp\/v2\/posts\/9720\/revisions"}],"wp:attachment":[{"href":"https:\/\/thomasvino.ch\/index.php?rest_route=%2Fwp%2Fv2%2Fmedia&parent=9720"}],"wp:term":[{"taxonomy":"category","embeddable":true,"href":"https:\/\/thomasvino.ch\/index.php?rest_route=%2Fwp%2Fv2%2Fcategories&post=9720"},{"taxonomy":"post_tag","embeddable":true,"href":"https:\/\/thomasvino.ch\/index.php?rest_route=%2Fwp%2Fv2%2Ftags&post=9720"}],"curies":[{"name":"wp","href":"https:\/\/api.w.org\/{rel}","templated":true}]}}