{"id":9729,"date":"2006-02-26T10:15:00","date_gmt":"2006-02-26T10:15:00","guid":{"rendered":"http:\/\/localhost\/thomasvino\/?p=9729"},"modified":"2013-04-02T13:34:05","modified_gmt":"2013-04-02T12:34:05","slug":"chateau-doex-vd-la-poste","status":"publish","type":"post","link":"https:\/\/thomasvino.ch\/?p=9729","title":{"rendered":"Ch\u00e2teau-d&rsquo;Oex (VD) \u2014 La Poste"},"content":{"rendered":"<div style=\"text-align: justify;\"><font style=\"font-weight: bold;\" size=\"5\"><span style=\"font-style: italic;\">La Poste, Ch\u00e2teau-d\u2019Oex (VD)<\/span><br \/> Sp\u00e9cialit\u00e9s en toute simplicit\u00e9<\/font><br \/> Depuis six ans, Urs Weidmann a repris le petit h\u00f4tel de La Poste, \u00e0 c\u00f4t\u00e9 du d\u00e9part du t\u00e9l\u00e9f\u00e9rique de la Braye, \u00e0 Ch\u00e2teau-d\u2019Oex. L\u2019\u00e9tablissement, modeste, ne paie pas de mine. On y acc\u00e8de par une porte qui donne aussi sur le local des skis. L\u2019int\u00e9rieur \u00e0 tout d\u2019un chalet sans pr\u00e9tention, avec ses amusants rideaux et ses lampes en fer noir, r\u00e9miniscence des fameux d\u00e9coupages du Pays-d\u2019en-Haut. Dans un coin de la salle, sous une batterie de casseroles en cuivre rutilant, une cuisine ouverte qui donne directement sur un bar. On est l\u00e0 en famille, avec l\u2019\u00e9pouse du chef, Maryline, de Rougemont, et la brigade. Certaines tables sont s\u00e9par\u00e9es par des bottes de foin et quelques mini mongolf\u00e8res rappellent la quinzaine des ballons \u00e0 air chaud, pic de la r\u00e9gion. <br \/> <span style=\"font-weight: bold;\">Une pierre dans la soupi\u00e8re<\/span><br \/> Joliment pr\u00e9sent\u00e9e, la carte est \u00e0 l\u2019avenant. Ici, on ne se prend ni la t\u00eate, ni l\u2019estomac. Le chef s\u2019est m\u00eame fait une sp\u00e9cialit\u00e9 des \u00abnouilles\u00bb o\u00f9 Suisses et Asiatiques se retrouvent quand \u00e0 la terminologie, tandis que les compatriotes de Marco Polo, qui les ramena de Chine, pr\u00e9f\u00e8rent la pr\u00e9cision. Alors, spaghettis ou tagliatelles&nbsp;? La Poste sert les deux, richement garnies et qui ont \u00abbonne fa\u00e7on\u00bb (17 \u00e0 21 fr.). Mais la carte rec\u00e8le quelques plats prometteurs, hormis les hydrates de carbone pour skieur en manque. Des quatre soupes, qu\u2019on devine roboratives, surtout originales \u2014 potiron et chutney, consomm\u00e9 de poissons du L\u00e9man, au foin\u2026 \u2014 celle \u00ab\u00e0 la pierre\u00bb r\u00e9v\u00e8le une fable racont\u00e9e par le menu. Celle d\u2019un mendiant qui demanda de l\u2019eau chaude, y plongea un caillou, fit go\u00fbter ce maigre brouet \u00e0 ses h\u00f4tes et leur demanda de l\u2019am\u00e9liorer, avant de la manger&nbsp; et de repartir avec la pierre\u2026 Mani\u00e8re de dire qu\u2019on peut tout mettre dans une soupe aux l\u00e9gumes pour l\u2019enrichir, et notamment un m\u00e9lange d\u2019herbes aromatiques, o\u00f9 l\u2019on a cru d\u00e9celer la liv\u00eache, l\u2019\u00abherbe \u00e0 maggi\u00bb. <br \/> Si la truite saumon\u00e9e est fum\u00e9e maison, le carpaccio (22 fr.) joue la surprise. De b\u0153uf, oui, mais s\u00e9ch\u00e9&nbsp;; du fromage en \u00e9caille, mais de L\u2019Etivaz, r\u00e9gional de l\u2019\u00e9tape et premi\u00e8re AOC fromag\u00e8re de Suisse, imbib\u00e9s d\u2019huile d\u2019olive et de vinaigre balsamique. Pour suivre, un tendrissime et ros\u00e9 magret de canard au sirop de fleurs de sureau (28 fr.), et une entrec\u00f4te de Simmental (35 fr.), de bonne m\u00e2che, rassise sur l\u2019os, parsem\u00e9e d\u2019herbes, servie avec une garniture de l\u00e9gumes (chou chinois, romanesco, pommes de terre saut\u00e9es). Ces plats gardaient savaient garder et r\u00e9v\u00e9ler des saveurs authentiques. Au dessert (9 fr.), deux mousses, l\u2019une aux noix, sur des poires caram\u00e9lis\u00e9es, l\u2019autre au pain d\u2019\u00e9pices, servie avec un sorbet aux mandarines. Ici, glaces et sorbet sont maison\u2026<br \/> <span style=\"font-weight: bold;\">Une cave exemplaire <\/span><br \/> Le chef (44 ans) a quitt\u00e9 les grandes tables, dont l\u2019H\u00f4tel Elite, \u00e0 Bienne, o\u00f9 il officia il y a dix ans, et le Krone \u00e0 B\u00e4tterkinden, haut-lieu de la campagne bernoise. Une base de produits r\u00e9gionaux, un zeste d\u2019originalit\u00e9 et le tour est jou\u00e9. Quant \u00e0 la carte des vins, elle n\u2019est rien moins qu\u2019exemplaire&nbsp;: les meilleurs crus genevois, si rares sur les tables romandes, hormis \u00abat home\u00bb, d\u2019excellents vaudois et l\u2019\u00e9lite des valaisans, avec quelques flacons al\u00e9maniques. Joli choix de demi-bouteilles et de d\u00e9sir\u00e9es. Le tout, solide et liquide, \u00e0 prix \u00e9tudi\u00e9s (menu \u00e0 49 fr. ou 58 fr., plats en demi-portion). Et quelques alcools forts de derri\u00e8re les fagots, servis avec entrain par des gar\u00e7ons qu\u00e9b\u00e9cois, pr\u00e9sentement. On en redemande&nbsp;!<br \/> <font style=\"font-style: italic;\" size=\"3\"><span style=\"font-weight: bold;\"><br \/> La bonne adresse<\/span><\/font><br \/> La Poste<br \/> T\u00e9l. 026 924 62 84<br \/> <a href=\"http:\/\/www.rosaly.ch\/\">www.rosaly.ch<\/a><br \/> Ferm\u00e9 le dimanche et le lundi<\/p>\n<p> <font size=\"4\"><font style=\"font-style: italic;\" size=\"3\"><span style=\"font-weight: bold;\">Le vin tir\u00e9 de la cave&#8230;<\/span><\/font><br style=\"font-weight: bold;\"> <span style=\"font-weight: bold;\">Retour \u00e0 l\u2019authentique<\/span><\/font><br \/> Ils sont une dizaine, \u00e0 Lavaux et dans le Chablais vaudois, \u00e0 avoir remis au go\u00fbt du jour la <span style=\"font-style: italic;\">mondeuse noire<\/span>. Ce c\u00e9page, qui fait encore la r\u00e9putation de la Savoie, \u00e9tait plant\u00e9 des deux c\u00f4t\u00e9s du L\u00e9man. Ce fut un \u00abrouge du pays\u00bb, avant d\u2019\u00eatre banni par la l\u00e9gislation, car acide et grossier quand la vigne \u00e9tait laiss\u00e9e \u00e0 elle-m\u00eame. Depuis dix ans, la mondeuse est sortie de son purgatoire. Aux Rueyres, \u00e0 l\u2019entr\u00e9e ouest de Chardonne, elle pousse au pied des murs. Les Cossy p\u00e8re et fils, Michel et Jean-Fran\u00e7ois, qui f\u00eateront un demi-si\u00e8cle d\u2019encavage l\u2019an prochain, cultivent leurs 6,5 hectares moiti\u00e9 en rouge, moiti\u00e9 en blanc. Plant\u00e9e sur 800m2, leur mondeuse n\u2019a pas dix ans de cave. Jean-Fran\u00e7ois Cossy a su trouver la mani\u00e8re d\u2019arrondir ses tanins, sans rien \u00f4ter des caract\u00e8res \u00e9pic\u00e9s et sauvages du c\u00e9page, \u00e0 l\u2019image du cornalin valaisan. Ici, la mondeuse est \u00e9lev\u00e9e une dizaine de mois dans des \u00abdoubles barriques\u00bb de 450 litres. En 2003, mill\u00e9sime riche s\u2019il en est, la mati\u00e8re est bien balanc\u00e9e, au bois\u00e9 fondu. Ce vin a aussi convaincu la commission de d\u00e9gustation de la nouvelle \u00abbouteille de Chardonne\u00bb, \u00e0 l\u2019embl\u00e8me du soleil, moul\u00e9 au col et au cul du flacon. D\u00e8s cette ann\u00e9e, n\u2019y ont droit que les meilleures cuv\u00e9es de cette appellation vaudoise.<\/p>\n<p> <span style=\"font-style: italic;\">Chronique parue dans Le Matin-Dimanche du 26 f\u00e9vrier 2006.<\/span> <\/div>\n","protected":false},"excerpt":{"rendered":"<p>La Poste, Ch\u00e2teau-d\u2019Oex (VD) Sp\u00e9cialit\u00e9s en toute simplicit\u00e9 Depuis six ans, Urs Weidmann a repris le petit h\u00f4tel de La Poste, \u00e0 c\u00f4t\u00e9 du d\u00e9part du t\u00e9l\u00e9f\u00e9rique de la Braye, \u00e0 Ch\u00e2teau-d\u2019Oex. L\u2019\u00e9tablissement, modeste, ne paie pas de mine. On y acc\u00e8de par une porte qui donne aussi sur le local des skis. L\u2019int\u00e9rieur \u00e0 [&hellip;]<\/p>\n","protected":false},"author":3,"featured_media":0,"comment_status":"closed","ping_status":"open","sticky":false,"template":"","format":"standard","meta":{"_monsterinsights_skip_tracking":false,"_monsterinsights_sitenote_active":false,"_monsterinsights_sitenote_note":"","_monsterinsights_sitenote_category":0,"jetpack_post_was_ever_published":false,"jetpack_publicize_message":"","jetpack_is_tweetstorm":false,"jetpack_publicize_feature_enabled":true,"jetpack_social_post_already_shared":false,"jetpack_social_options":{"image_generator_settings":{"template":"highway","enabled":false}}},"categories":[19,20],"tags":[],"jetpack_publicize_connections":[],"yoast_head":"<!-- This site is optimized with the Yoast SEO plugin v20.6 - https:\/\/yoast.com\/wordpress\/plugins\/seo\/ -->\n<title>Ch\u00e2teau-d&#039;Oex (VD) \u2014 La Poste - thomasvino<\/title>\n<meta name=\"robots\" content=\"index, follow, max-snippet:-1, max-image-preview:large, max-video-preview:-1\" \/>\n<link rel=\"canonical\" href=\"https:\/\/thomasvino.ch\/?p=9729\" \/>\n<meta property=\"og:locale\" content=\"fr_FR\" \/>\n<meta property=\"og:type\" content=\"article\" \/>\n<meta property=\"og:title\" content=\"Ch\u00e2teau-d&#039;Oex (VD) \u2014 La Poste - thomasvino\" \/>\n<meta property=\"og:description\" content=\"La Poste, Ch\u00e2teau-d\u2019Oex (VD) Sp\u00e9cialit\u00e9s en toute simplicit\u00e9 Depuis six ans, Urs Weidmann a repris le petit h\u00f4tel de La Poste, \u00e0 c\u00f4t\u00e9 du d\u00e9part du t\u00e9l\u00e9f\u00e9rique de la Braye, \u00e0 Ch\u00e2teau-d\u2019Oex. L\u2019\u00e9tablissement, modeste, ne paie pas de mine. On y acc\u00e8de par une porte qui donne aussi sur le local des skis. L\u2019int\u00e9rieur \u00e0 [&hellip;]\" \/>\n<meta property=\"og:url\" content=\"https:\/\/thomasvino.ch\/?p=9729\" \/>\n<meta property=\"og:site_name\" content=\"thomasvino\" \/>\n<meta property=\"article:published_time\" content=\"2006-02-26T10:15:00+00:00\" \/>\n<meta property=\"article:modified_time\" content=\"2013-04-02T12:34:05+00:00\" \/>\n<meta name=\"author\" content=\"Pierre Thomas\" \/>\n<meta name=\"twitter:label1\" content=\"\u00c9crit par\" \/>\n\t<meta name=\"twitter:data1\" content=\"Pierre Thomas\" \/>\n\t<meta name=\"twitter:label2\" content=\"Dur\u00e9e de lecture estim\u00e9e\" \/>\n\t<meta name=\"twitter:data2\" content=\"5 minutes\" \/>\n<script type=\"application\/ld+json\" class=\"yoast-schema-graph\">{\"@context\":\"https:\/\/schema.org\",\"@graph\":[{\"@type\":\"WebPage\",\"@id\":\"https:\/\/thomasvino.ch\/?p=9729\",\"url\":\"https:\/\/thomasvino.ch\/?p=9729\",\"name\":\"Ch\u00e2teau-d'Oex (VD) \u2014 La Poste - thomasvino\",\"isPartOf\":{\"@id\":\"https:\/\/thomasvino.ch\/#website\"},\"datePublished\":\"2006-02-26T10:15:00+00:00\",\"dateModified\":\"2013-04-02T12:34:05+00:00\",\"author\":{\"@id\":\"https:\/\/thomasvino.ch\/#\/schema\/person\/670bf4486fe81152cf1d68bd585e062e\"},\"breadcrumb\":{\"@id\":\"https:\/\/thomasvino.ch\/?p=9729#breadcrumb\"},\"inLanguage\":\"fr-FR\",\"potentialAction\":[{\"@type\":\"ReadAction\",\"target\":[\"https:\/\/thomasvino.ch\/?p=9729\"]}]},{\"@type\":\"BreadcrumbList\",\"@id\":\"https:\/\/thomasvino.ch\/?p=9729#breadcrumb\",\"itemListElement\":[{\"@type\":\"ListItem\",\"position\":1,\"name\":\"Accueil\",\"item\":\"https:\/\/thomasvino.ch\/\"},{\"@type\":\"ListItem\",\"position\":2,\"name\":\"Ch\u00e2teau-d&rsquo;Oex (VD) \u2014 La Poste\"}]},{\"@type\":\"WebSite\",\"@id\":\"https:\/\/thomasvino.ch\/#website\",\"url\":\"https:\/\/thomasvino.ch\/\",\"name\":\"thomasvino\",\"description\":\"Vins &amp; Gastronomie\",\"potentialAction\":[{\"@type\":\"SearchAction\",\"target\":{\"@type\":\"EntryPoint\",\"urlTemplate\":\"https:\/\/thomasvino.ch\/?s={search_term_string}\"},\"query-input\":\"required name=search_term_string\"}],\"inLanguage\":\"fr-FR\"},{\"@type\":\"Person\",\"@id\":\"https:\/\/thomasvino.ch\/#\/schema\/person\/670bf4486fe81152cf1d68bd585e062e\",\"name\":\"Pierre Thomas\",\"image\":{\"@type\":\"ImageObject\",\"inLanguage\":\"fr-FR\",\"@id\":\"https:\/\/thomasvino.ch\/#\/schema\/person\/image\/\",\"url\":\"https:\/\/secure.gravatar.com\/avatar\/91fd5a76647f140e53db987a0dead4d7?s=96&d=mm&r=g\",\"contentUrl\":\"https:\/\/secure.gravatar.com\/avatar\/91fd5a76647f140e53db987a0dead4d7?s=96&d=mm&r=g\",\"caption\":\"Pierre Thomas\"},\"url\":\"https:\/\/thomasvino.ch\/?author=3\"}]}<\/script>\n<!-- \/ Yoast SEO plugin. -->","yoast_head_json":{"title":"Ch\u00e2teau-d'Oex (VD) \u2014 La Poste - thomasvino","robots":{"index":"index","follow":"follow","max-snippet":"max-snippet:-1","max-image-preview":"max-image-preview:large","max-video-preview":"max-video-preview:-1"},"canonical":"https:\/\/thomasvino.ch\/?p=9729","og_locale":"fr_FR","og_type":"article","og_title":"Ch\u00e2teau-d'Oex (VD) \u2014 La Poste - thomasvino","og_description":"La Poste, Ch\u00e2teau-d\u2019Oex (VD) Sp\u00e9cialit\u00e9s en toute simplicit\u00e9 Depuis six ans, Urs Weidmann a repris le petit h\u00f4tel de La Poste, \u00e0 c\u00f4t\u00e9 du d\u00e9part du t\u00e9l\u00e9f\u00e9rique de la Braye, \u00e0 Ch\u00e2teau-d\u2019Oex. L\u2019\u00e9tablissement, modeste, ne paie pas de mine. On y acc\u00e8de par une porte qui donne aussi sur le local des skis. L\u2019int\u00e9rieur \u00e0 [&hellip;]","og_url":"https:\/\/thomasvino.ch\/?p=9729","og_site_name":"thomasvino","article_published_time":"2006-02-26T10:15:00+00:00","article_modified_time":"2013-04-02T12:34:05+00:00","author":"Pierre Thomas","twitter_misc":{"\u00c9crit par":"Pierre Thomas","Dur\u00e9e de lecture estim\u00e9e":"5 minutes"},"schema":{"@context":"https:\/\/schema.org","@graph":[{"@type":"WebPage","@id":"https:\/\/thomasvino.ch\/?p=9729","url":"https:\/\/thomasvino.ch\/?p=9729","name":"Ch\u00e2teau-d'Oex (VD) \u2014 La Poste - thomasvino","isPartOf":{"@id":"https:\/\/thomasvino.ch\/#website"},"datePublished":"2006-02-26T10:15:00+00:00","dateModified":"2013-04-02T12:34:05+00:00","author":{"@id":"https:\/\/thomasvino.ch\/#\/schema\/person\/670bf4486fe81152cf1d68bd585e062e"},"breadcrumb":{"@id":"https:\/\/thomasvino.ch\/?p=9729#breadcrumb"},"inLanguage":"fr-FR","potentialAction":[{"@type":"ReadAction","target":["https:\/\/thomasvino.ch\/?p=9729"]}]},{"@type":"BreadcrumbList","@id":"https:\/\/thomasvino.ch\/?p=9729#breadcrumb","itemListElement":[{"@type":"ListItem","position":1,"name":"Accueil","item":"https:\/\/thomasvino.ch\/"},{"@type":"ListItem","position":2,"name":"Ch\u00e2teau-d&rsquo;Oex (VD) \u2014 La Poste"}]},{"@type":"WebSite","@id":"https:\/\/thomasvino.ch\/#website","url":"https:\/\/thomasvino.ch\/","name":"thomasvino","description":"Vins &amp; Gastronomie","potentialAction":[{"@type":"SearchAction","target":{"@type":"EntryPoint","urlTemplate":"https:\/\/thomasvino.ch\/?s={search_term_string}"},"query-input":"required name=search_term_string"}],"inLanguage":"fr-FR"},{"@type":"Person","@id":"https:\/\/thomasvino.ch\/#\/schema\/person\/670bf4486fe81152cf1d68bd585e062e","name":"Pierre Thomas","image":{"@type":"ImageObject","inLanguage":"fr-FR","@id":"https:\/\/thomasvino.ch\/#\/schema\/person\/image\/","url":"https:\/\/secure.gravatar.com\/avatar\/91fd5a76647f140e53db987a0dead4d7?s=96&d=mm&r=g","contentUrl":"https:\/\/secure.gravatar.com\/avatar\/91fd5a76647f140e53db987a0dead4d7?s=96&d=mm&r=g","caption":"Pierre Thomas"},"url":"https:\/\/thomasvino.ch\/?author=3"}]}},"jetpack_featured_media_url":"","jetpack_sharing_enabled":true,"jetpack_shortlink":"https:\/\/wp.me\/p3m4tZ-2wV","jetpack_likes_enabled":false,"jetpack-related-posts":[{"id":9867,"url":"https:\/\/thomasvino.ch\/?p=9867","url_meta":{"origin":9729,"position":0},"title":"Ch\u00e2teau-d&rsquo;Oex (VD) \u2014 Hostellerie Bon Accueil","date":"19 ao\u00fbt 2006","format":false,"excerpt":"Hostellerie Bon Accueil, Ch\u00e2teau-d\u2019Oex (VD) A vieux chalet, chef neuf \u00abLa cuisine soign\u00e9e a contribu\u00e9 \u00e0 la fid\u00e9lisation de nos clients\u00bb, argumente l\u2019Hostellerie Bon Accueil, grand chalet patin\u00e9 par le temps, sur les hauts de la station du Pays-d\u2019Enhaut, \u00e0 La Frasse. Depuis mai, Rapha\u00ebl Cossetto, 34 ans, a repris\u2026","rel":"","context":"Dans &quot;Adresses&quot;","img":{"alt_text":"","src":"","width":0,"height":0},"classes":[]},{"id":9666,"url":"https:\/\/thomasvino.ch\/?p=9666","url_meta":{"origin":9729,"position":1},"title":"Rossini\u00e8re (VD) \u2014 Les Jardins de la Tour","date":"18 septembre 2005","format":false,"excerpt":"Les Jardins de la Tour, Rossini\u00e8re (VD) Un restaurant d\u2019h\u00f4tes Pendant dix ans, Patrick Gazeau a \u00e9t\u00e9 le chef du Train bleu de Ch\u00e2teau-d\u2019Oex. L\u2019h\u00f4tel, qui s\u2019appelait La Rocaille, a ferm\u00e9. Et l\u2019on retrouve, sur la m\u00eame ligne du Montreux-Oberland bernois, le cuisinier fran\u00e7ais \u00e0 la halte suivante (dans le\u2026","rel":"","context":"Dans &quot;Adresses&quot;","img":{"alt_text":"","src":"","width":0,"height":0},"classes":[]},{"id":9628,"url":"https:\/\/thomasvino.ch\/?p=9628","url_meta":{"origin":9729,"position":2},"title":"Prangins (VD) \u2014 Le Mara\u00eecher au Ch\u00e2teau\/Mus\u00e9e national suisse","date":"1 mai 2005","format":false,"excerpt":"Le Mara\u00eecher, Ch\u00e2teau de Prangins (VD) Pour d\u00e9jeuner en paix Pour le titre, il y avait le choix. Eu \u00e9gard \u00e0 la pelouse verte et au rideau de grands arbres majestueux (qui masquent le lac, visible en grand angle \u00e0 condition de s\u2019avancer sur la terrasse, devant la majestueuse fa\u00e7ade\u2026","rel":"","context":"Dans &quot;Adresses&quot;","img":{"alt_text":"","src":"","width":0,"height":0},"classes":[]},{"id":18254,"url":"https:\/\/thomasvino.ch\/?p=18254","url_meta":{"origin":9729,"position":3},"title":"Un Mondial du fendant, enfin\u00a0!","date":"19 juillet 2023","format":false,"excerpt":"A Aigle (VD), il a fallu attendre la 12\u00e8me \u00e9dition du Mondial du Chasselas pour qu\u2019un fendant du Valais soit couronn\u00e9 \u00abmeilleur chasselas du monde\u00bb. Timides jusqu\u2019ici, les Valaisans trustent les places du podium de la\u00a0\u00abcat\u00e9gorie principale\u00bb, celle des vins blancs jeunes, des mill\u00e9simes 2021 et 2022. D\u00e9but juin, un\u2026","rel":"","context":"Dans &quot;Actus - News&quot;","img":{"alt_text":"","src":"","width":0,"height":0},"classes":[]},{"id":9735,"url":"https:\/\/thomasvino.ch\/?p=9735","url_meta":{"origin":9729,"position":4},"title":"100 bordeaux \u00e0 prix abordable: le palmar\u00e8s","date":"8 mars 2006","format":false,"excerpt":"Campagne de pub et bons tuyaux Bordeaux s\u2019affiche abordable L\u2019importation de vins de Bordeaux en Suisse a beaucoup baiss\u00e9. Et le Conseil interprofessionnel des vins de Bordeaux (CIVB) a d\u00e9cid\u00e9 d\u2019agir sur l\u2019image des vins. Slogan: il n\u2019y a pas que les grands crus, mais aussi des \u00abbordeaux abordables\u00bb. Palmar\u00e8s\u2026","rel":"","context":"Dans &quot;Vins fran\u00e7ais&quot;","img":{"alt_text":"","src":"","width":0,"height":0},"classes":[]},{"id":12063,"url":"https:\/\/thomasvino.ch\/?p=12063","url_meta":{"origin":9729,"position":5},"title":"Le \u00abstorytelling\u00bb du vin \u00e0 l\u2019assaut du Valais","date":"25 juin 2014","format":false,"excerpt":"Raconter des histoires, comme un \u00abconte de faits\u00bb. C\u2019est la d\u00e9finition du \u00abstorytelling\u00bb, qui part \u00e0 l\u2019assaut du Valais ces temps-ci. Comme si \u00abdes histoires\u00bb, il n\u2019y en avait pas assez, dans le monde du vin\u2026 Par Pierre Thomas Ce lundi, les journalistes ont rebondi sur la prose envoy\u00e9e par\u2026","rel":"","context":"Dans &quot;Vins suisses&quot;","img":{"alt_text":"","src":"","width":0,"height":0},"classes":[]}],"_links":{"self":[{"href":"https:\/\/thomasvino.ch\/index.php?rest_route=\/wp\/v2\/posts\/9729"}],"collection":[{"href":"https:\/\/thomasvino.ch\/index.php?rest_route=\/wp\/v2\/posts"}],"about":[{"href":"https:\/\/thomasvino.ch\/index.php?rest_route=\/wp\/v2\/types\/post"}],"author":[{"embeddable":true,"href":"https:\/\/thomasvino.ch\/index.php?rest_route=\/wp\/v2\/users\/3"}],"replies":[{"embeddable":true,"href":"https:\/\/thomasvino.ch\/index.php?rest_route=%2Fwp%2Fv2%2Fcomments&post=9729"}],"version-history":[{"count":0,"href":"https:\/\/thomasvino.ch\/index.php?rest_route=\/wp\/v2\/posts\/9729\/revisions"}],"wp:attachment":[{"href":"https:\/\/thomasvino.ch\/index.php?rest_route=%2Fwp%2Fv2%2Fmedia&parent=9729"}],"wp:term":[{"taxonomy":"category","embeddable":true,"href":"https:\/\/thomasvino.ch\/index.php?rest_route=%2Fwp%2Fv2%2Fcategories&post=9729"},{"taxonomy":"post_tag","embeddable":true,"href":"https:\/\/thomasvino.ch\/index.php?rest_route=%2Fwp%2Fv2%2Ftags&post=9729"}],"curies":[{"name":"wp","href":"https:\/\/api.w.org\/{rel}","templated":true}]}}