{"id":9732,"date":"2006-03-05T17:10:00","date_gmt":"2006-03-05T17:10:00","guid":{"rendered":"http:\/\/localhost\/thomasvino\/?p=9732"},"modified":"2013-04-02T13:34:05","modified_gmt":"2013-04-02T12:34:05","slug":"sion-vs-la-sitterie","status":"publish","type":"post","link":"https:\/\/thomasvino.ch\/?p=9732","title":{"rendered":"Sion (VS) \u2014 La Sitterie"},"content":{"rendered":"<div style=\"text-align: justify;\"><font style=\"font-weight: bold;\" size=\"5\"><span style=\"font-style: italic;\">La Sitterie \u00e0 Sion<\/span><br \/> Grande table de poche<\/font><br \/> A force qu\u2019on nous r\u00e9ponde \u00abcomplet&nbsp;!\u00bb, il nous a bien fallu un an et demi avant de nous attabler \u00e0 la Sitterie, en face de la \u00abBrasserie valaisanne\u00bb, sur la route de Savi\u00e8se. \u00abC\u2019est un des derniers points de chute \u00e0 la sortie de la ville\u00bb, constate Jacques Bovier. Le cadet des Bovier, famille de restaurateurs, talentueux \u00e0 la Table d\u2019Edgard, au Lausanne-Palace, et au Buffet de la Gare de Saint-L\u00e9onard (VS), que Jacques a quitt\u00e9 apr\u00e8s dix ans en cuisine. \u00abL\u00e0-bas, la cuisine totalisait 120 m2. Ici, le resto en fait 60 m2.\u00bb Singulier raccourci. <br \/> Mais le chef n\u2019est pas tout seul, ni en cuisine, o\u00f9 il travaille avec un pro et forme une apprentie, ni en salle, o\u00f9 une femme et un homme, sont de parfaits h\u00f4tes qui connaissent leur m\u00e9tier. Avec son \u00ablook\u00bb, lounge tendance pop, La Sitterie, est devenue une sorte de grande table de poche. Elle s\u2019\u00e9tait \u00e9gar\u00e9e un temps en bistrot de quartier, apr\u00e8s le joli parcours de Jean-Marie Th\u00e9ler (aujourd\u2019hui au Coq en P\u00e2te \u00e0 V\u00e9troz), et\u2026 beau-fr\u00e8re de Jacques Bovier.<br \/> <span style=\"font-weight: bold;\">Un adepte des cuissons lentes <\/span><br \/> On s\u2019y est donc arr\u00eat\u00e9 l\u2019autre midi, all\u00e9ch\u00e9 tant par le \u00abbusiness lunch\u00bb, v\u00e9ritable affaire pour 38 francs, et le plat du jour \u00e0 20 fr. Et on a finalement opt\u00e9 pour un chass\u00e9-crois\u00e9 dans une carte qui, d\u00e9j\u00e0, respirait le printemps. Peu de liquide dans la minestrone \u00e0 la liv\u00eache et lard des Haud\u00e8res, mais une pleine assiette de d\u00e9s de l\u00e9gumes juste croquants (9 fr.). La langoustine, qui fricotait avec une salade aux herbes folles, \u00e9tait juste r\u00f4tie, discr\u00e8tement parfum\u00e9e au th\u00e9 noir (ah bon&nbsp;?) et aux algues nori \u2014 au bord de l\u2019assiette (28 fr.). La Bretagne n\u2019avait pas rel\u00e2ch\u00e9 ses c\u00e9teaux \u2014 fillettes de sole \u2014, remplac\u00e9es par de la daurade, qui manquait un peu d\u2019\u00e9paisseur peut-\u00eatre, mais sur une rapicolante composition d\u2019artichauts et de tomates cerises (45 fr.). Et notre vis-\u00e0-vis s\u2019est attaqu\u00e9 \u00e0 une des marottes du chef, un jarret de veau au gingembre et \u00e0 la bergamote (38 fr.). Un de ses chocs culinaires d\u2019o\u00f9 jaillit la lumi\u00e8re&nbsp;: la pi\u00e8ce de viande, de belle taille \u2014 on la pr\u00e9sente au client sur son os avant d\u00e9coupage \u2014, est cuite douze heures \u00e0 100\u00b0. Caram\u00e9lis\u00e9e dans les effluves de gingembre et de bergamote, en grasse feuille, et non en fruit, dont l\u2019essence aromatise le th\u00e9 Earl Grey\u2026 Plus t\u00f4t dans l\u2019hiver, le chef avait reconduit son \u00e9paule d\u2019agneau confite du m\u00eame genre, grand classique de Saint-L\u00e9onard, o\u00f9 certains \u00e9taient pr\u00eats \u00e0 se rendre \u00e0 pied, quand le train ne s\u2019y arr\u00eatait plus. <br \/> Plats canaille (risotto aux f\u00e9vettes et luganighe&nbsp;; atriau au suc de viande et lentilles du Puy) ou assiettes fra\u00eeches (mesclun \u00abvision du printemps\u00bb, salade \u00abvitamin\u00e9e\u00bb) compl\u00e8tent une courte carte, qui change avec les saisons. La prochaine, fin mars, apr\u00e8s une semaine de vacances, annonce d\u00e9j\u00e0 l\u2019agneau pascal\u2026 Les desserts sont pas mal non plus, avec ce floril\u00e8ge pour \u00abbec \u00e0 sucre\u00bb (14 fr.)&nbsp;: onctueuse cr\u00e8me br\u00fbl\u00e9e, sorbet cacao et moelleux au chocolat de Saint-Domingue et coulis de fruit de la passion.<br \/> <span style=\"font-weight: bold;\">Les vins du coin&#8230;<\/span><br \/> Belle carte des vins \u00abdu coin\u00bb, \u00e9videmment, puisque Sion reste la troisi\u00e8me plus grande commune viticole de Suisse, derri\u00e8re Satigny (GE) et Chamoson (VS). \u00abOn essaie de garder quelques bouteilles, surtout des magnums. Les clients disent tous adorer les belles femmes de 50 ans, mais n\u2019appr\u00e9cient ni les rides, ni les cheveux gris\u00bb, commente joliment ce quadra, \u00abJeune restaurateur d\u2019Europe\u00bb depuis cinq ans. On y retournera quand l\u2019agr\u00e9able jardin sera ouvert. M\u00eame si la capacit\u00e9 ne d\u00e9passera pas, alors, les deux douzaines de couverts. Avec ou sans terrasse.<\/p>\n<p> <font style=\"font-weight: bold; font-style: italic;\" size=\"4\">La bonne adresse<\/font><br \/> La Sitterie<br \/> 41, rte du Rawyl<br \/> Sion<br \/> T\u00e9l. 027 203 22 12<br \/> Ferm\u00e9 le dimanche et le lundi<br \/> <span style=\"font-style: italic;\">(et du 18 au 25 mars 2006)<\/span><\/p>\n<p> <font style=\"font-style: italic;\" size=\"4\"><span style=\"font-weight: bold;\">Tir\u00e9 de sa cave&#8230;<\/span><br style=\"font-weight: bold;\"> <\/font><font size=\"4\"><span style=\"font-weight: bold;\">Boire double (!)<\/span><\/font><br \/> On l\u2019a connue \u00abpetite vigneronne\u00bb, Marie-Bernard Gillioz Praz, dans un Vieux-Pays o\u00f9 les femmes jouent un r\u00f4le majeur \u00e0 la vigne et en cave. Aujourd\u2019hui, cette \u00abquinqua\u00bb est \u00e0 la t\u00eate d\u2019un domaine trois fois plus vaste (4 hectares) et plus morcel\u00e9, de Montorge, \u00e0 l\u2019ouest de Sion, \u00e0 Saint-L\u00e9onard, \u00e0 l\u2019est, avec une cave \u00e0 Grimisuat, \u00e0 1000 m. d\u2019altitude, juste au-dessus de la ville. Ainsi, la talentueuse Valaisanne, pr\u00e9sidente de Vitival, peut proposer dans chaque \u00abcat\u00e9gorie\u00bb deux vins de terroirs diff\u00e9rents. Donc de styles distincts&nbsp;: le fendant de Saint-L\u00e9onard se r\u00e9v\u00e8le plus fruit\u00e9, plus min\u00e9ral que celui de Sion, au terroir plus rustique. Le premier, servi en ap\u00e9ritif \u00e0 la Sitterie, a \u00e9t\u00e9 s\u00e9lectionn\u00e9, en 2004, parmi les douze meilleurs fendants, au niveau national, m\u00eame si la Coupe Chasselas a disparu et si, en dix ans, chez Marie-Bernard Gillioz, la proportion de fendant est pass\u00e9e de 80% \u00e0 30%. En gamay, elle peut aussi proposer un rouge de ceps quinquag\u00e9naires, du lieu-dit Platal, au-dessus de la Sitterie, qui lui a toutefois pr\u00e9f\u00e9r\u00e9 le Valen\u00e7on, frais et fruit\u00e9, \u00e0 boire sans fa\u00e7on. A l\u2019instar du cornalin des Balettes, \u00e0 Sion, de jeunes vignes (en, 2004, premi\u00e8re vinification en cuve), par opposition au rare et rac\u00e9 Saint-L\u00e9onard, \u00e9lev\u00e9, lui, en barriques.<\/p>\n<p> <span style=\"font-style: italic;\">Chronique du <\/span>Matin-Dimanche<span style=\"font-style: italic;\"> du 5 mars 2006<\/span><\/p><\/div>\n","protected":false},"excerpt":{"rendered":"<p>La Sitterie \u00e0 Sion Grande table de poche A force qu\u2019on nous r\u00e9ponde \u00abcomplet&nbsp;!\u00bb, il nous a bien fallu un an et demi avant de nous attabler \u00e0 la Sitterie, en face de la \u00abBrasserie valaisanne\u00bb, sur la route de Savi\u00e8se. \u00abC\u2019est un des derniers points de chute \u00e0 la sortie de la ville\u00bb, constate [&hellip;]<\/p>\n","protected":false},"author":3,"featured_media":0,"comment_status":"closed","ping_status":"open","sticky":false,"template":"","format":"standard","meta":{"_monsterinsights_skip_tracking":false,"_monsterinsights_sitenote_active":false,"_monsterinsights_sitenote_note":"","_monsterinsights_sitenote_category":0,"jetpack_post_was_ever_published":false,"jetpack_publicize_message":"","jetpack_is_tweetstorm":false,"jetpack_publicize_feature_enabled":true,"jetpack_social_post_already_shared":false,"jetpack_social_options":{"image_generator_settings":{"template":"highway","enabled":false}}},"categories":[19,20],"tags":[],"jetpack_publicize_connections":[],"yoast_head":"<!-- This site is optimized with the Yoast SEO plugin v20.6 - https:\/\/yoast.com\/wordpress\/plugins\/seo\/ -->\n<title>Sion (VS) \u2014 La Sitterie - thomasvino<\/title>\n<meta name=\"robots\" content=\"index, follow, max-snippet:-1, max-image-preview:large, max-video-preview:-1\" \/>\n<link rel=\"canonical\" href=\"https:\/\/thomasvino.ch\/?p=9732\" \/>\n<meta property=\"og:locale\" content=\"fr_FR\" \/>\n<meta property=\"og:type\" content=\"article\" \/>\n<meta property=\"og:title\" content=\"Sion (VS) \u2014 La Sitterie - thomasvino\" \/>\n<meta property=\"og:description\" content=\"La Sitterie \u00e0 Sion Grande table de poche A force qu\u2019on nous r\u00e9ponde \u00abcomplet&nbsp;!\u00bb, il nous a bien fallu un an et demi avant de nous attabler \u00e0 la Sitterie, en face de la \u00abBrasserie valaisanne\u00bb, sur la route de Savi\u00e8se. \u00abC\u2019est un des derniers points de chute \u00e0 la sortie de la ville\u00bb, constate [&hellip;]\" \/>\n<meta property=\"og:url\" content=\"https:\/\/thomasvino.ch\/?p=9732\" \/>\n<meta property=\"og:site_name\" content=\"thomasvino\" \/>\n<meta property=\"article:published_time\" content=\"2006-03-05T17:10:00+00:00\" \/>\n<meta property=\"article:modified_time\" content=\"2013-04-02T12:34:05+00:00\" \/>\n<meta name=\"author\" content=\"Pierre Thomas\" \/>\n<meta name=\"twitter:label1\" content=\"\u00c9crit par\" \/>\n\t<meta name=\"twitter:data1\" content=\"Pierre Thomas\" \/>\n\t<meta name=\"twitter:label2\" content=\"Dur\u00e9e de lecture estim\u00e9e\" \/>\n\t<meta name=\"twitter:data2\" content=\"5 minutes\" \/>\n<script type=\"application\/ld+json\" class=\"yoast-schema-graph\">{\"@context\":\"https:\/\/schema.org\",\"@graph\":[{\"@type\":\"WebPage\",\"@id\":\"https:\/\/thomasvino.ch\/?p=9732\",\"url\":\"https:\/\/thomasvino.ch\/?p=9732\",\"name\":\"Sion (VS) \u2014 La Sitterie - thomasvino\",\"isPartOf\":{\"@id\":\"https:\/\/thomasvino.ch\/#website\"},\"datePublished\":\"2006-03-05T17:10:00+00:00\",\"dateModified\":\"2013-04-02T12:34:05+00:00\",\"author\":{\"@id\":\"https:\/\/thomasvino.ch\/#\/schema\/person\/670bf4486fe81152cf1d68bd585e062e\"},\"breadcrumb\":{\"@id\":\"https:\/\/thomasvino.ch\/?p=9732#breadcrumb\"},\"inLanguage\":\"fr-FR\",\"potentialAction\":[{\"@type\":\"ReadAction\",\"target\":[\"https:\/\/thomasvino.ch\/?p=9732\"]}]},{\"@type\":\"BreadcrumbList\",\"@id\":\"https:\/\/thomasvino.ch\/?p=9732#breadcrumb\",\"itemListElement\":[{\"@type\":\"ListItem\",\"position\":1,\"name\":\"Accueil\",\"item\":\"https:\/\/thomasvino.ch\/\"},{\"@type\":\"ListItem\",\"position\":2,\"name\":\"Sion (VS) \u2014 La Sitterie\"}]},{\"@type\":\"WebSite\",\"@id\":\"https:\/\/thomasvino.ch\/#website\",\"url\":\"https:\/\/thomasvino.ch\/\",\"name\":\"thomasvino\",\"description\":\"Vins &amp; Gastronomie\",\"potentialAction\":[{\"@type\":\"SearchAction\",\"target\":{\"@type\":\"EntryPoint\",\"urlTemplate\":\"https:\/\/thomasvino.ch\/?s={search_term_string}\"},\"query-input\":\"required name=search_term_string\"}],\"inLanguage\":\"fr-FR\"},{\"@type\":\"Person\",\"@id\":\"https:\/\/thomasvino.ch\/#\/schema\/person\/670bf4486fe81152cf1d68bd585e062e\",\"name\":\"Pierre Thomas\",\"image\":{\"@type\":\"ImageObject\",\"inLanguage\":\"fr-FR\",\"@id\":\"https:\/\/thomasvino.ch\/#\/schema\/person\/image\/\",\"url\":\"https:\/\/secure.gravatar.com\/avatar\/91fd5a76647f140e53db987a0dead4d7?s=96&d=mm&r=g\",\"contentUrl\":\"https:\/\/secure.gravatar.com\/avatar\/91fd5a76647f140e53db987a0dead4d7?s=96&d=mm&r=g\",\"caption\":\"Pierre Thomas\"},\"url\":\"https:\/\/thomasvino.ch\/?author=3\"}]}<\/script>\n<!-- \/ Yoast SEO plugin. -->","yoast_head_json":{"title":"Sion (VS) \u2014 La Sitterie - thomasvino","robots":{"index":"index","follow":"follow","max-snippet":"max-snippet:-1","max-image-preview":"max-image-preview:large","max-video-preview":"max-video-preview:-1"},"canonical":"https:\/\/thomasvino.ch\/?p=9732","og_locale":"fr_FR","og_type":"article","og_title":"Sion (VS) \u2014 La Sitterie - thomasvino","og_description":"La Sitterie \u00e0 Sion Grande table de poche A force qu\u2019on nous r\u00e9ponde \u00abcomplet&nbsp;!\u00bb, il nous a bien fallu un an et demi avant de nous attabler \u00e0 la Sitterie, en face de la \u00abBrasserie valaisanne\u00bb, sur la route de Savi\u00e8se. \u00abC\u2019est un des derniers points de chute \u00e0 la sortie de la ville\u00bb, constate [&hellip;]","og_url":"https:\/\/thomasvino.ch\/?p=9732","og_site_name":"thomasvino","article_published_time":"2006-03-05T17:10:00+00:00","article_modified_time":"2013-04-02T12:34:05+00:00","author":"Pierre Thomas","twitter_misc":{"\u00c9crit par":"Pierre Thomas","Dur\u00e9e de lecture estim\u00e9e":"5 minutes"},"schema":{"@context":"https:\/\/schema.org","@graph":[{"@type":"WebPage","@id":"https:\/\/thomasvino.ch\/?p=9732","url":"https:\/\/thomasvino.ch\/?p=9732","name":"Sion (VS) \u2014 La Sitterie - thomasvino","isPartOf":{"@id":"https:\/\/thomasvino.ch\/#website"},"datePublished":"2006-03-05T17:10:00+00:00","dateModified":"2013-04-02T12:34:05+00:00","author":{"@id":"https:\/\/thomasvino.ch\/#\/schema\/person\/670bf4486fe81152cf1d68bd585e062e"},"breadcrumb":{"@id":"https:\/\/thomasvino.ch\/?p=9732#breadcrumb"},"inLanguage":"fr-FR","potentialAction":[{"@type":"ReadAction","target":["https:\/\/thomasvino.ch\/?p=9732"]}]},{"@type":"BreadcrumbList","@id":"https:\/\/thomasvino.ch\/?p=9732#breadcrumb","itemListElement":[{"@type":"ListItem","position":1,"name":"Accueil","item":"https:\/\/thomasvino.ch\/"},{"@type":"ListItem","position":2,"name":"Sion (VS) \u2014 La Sitterie"}]},{"@type":"WebSite","@id":"https:\/\/thomasvino.ch\/#website","url":"https:\/\/thomasvino.ch\/","name":"thomasvino","description":"Vins &amp; Gastronomie","potentialAction":[{"@type":"SearchAction","target":{"@type":"EntryPoint","urlTemplate":"https:\/\/thomasvino.ch\/?s={search_term_string}"},"query-input":"required name=search_term_string"}],"inLanguage":"fr-FR"},{"@type":"Person","@id":"https:\/\/thomasvino.ch\/#\/schema\/person\/670bf4486fe81152cf1d68bd585e062e","name":"Pierre Thomas","image":{"@type":"ImageObject","inLanguage":"fr-FR","@id":"https:\/\/thomasvino.ch\/#\/schema\/person\/image\/","url":"https:\/\/secure.gravatar.com\/avatar\/91fd5a76647f140e53db987a0dead4d7?s=96&d=mm&r=g","contentUrl":"https:\/\/secure.gravatar.com\/avatar\/91fd5a76647f140e53db987a0dead4d7?s=96&d=mm&r=g","caption":"Pierre Thomas"},"url":"https:\/\/thomasvino.ch\/?author=3"}]}},"jetpack_featured_media_url":"","jetpack_sharing_enabled":true,"jetpack_shortlink":"https:\/\/wp.me\/p3m4tZ-2wY","jetpack_likes_enabled":false,"jetpack-related-posts":[{"id":9249,"url":"https:\/\/thomasvino.ch\/?p=9249","url_meta":{"origin":9732,"position":0},"title":"GM 2012, une Romande en verve","date":"3 octobre 2011","format":false,"excerpt":"Guide GaultMillau 2012 Chef, comment r\u00e9ussir ma sortie\u00a0? Le Guide GaultMillau 2012, en \u00e9dition en allemand compl\u00e8te et fran\u00e7aise r\u00e9gionale (Suisse romande) est sorti des presses Ringier. Peu de r\u00e9v\u00e9lations, \u00e0 dire vrai, et des confirmations, y compris chez les jeunes. Revue de d\u00e9tails et d\u2019archives. Au passage, le titre\u2026","rel":"","context":"Dans &quot;Tendance&quot;","img":{"alt_text":"","src":"","width":0,"height":0},"classes":[]},{"id":9940,"url":"https:\/\/thomasvino.ch\/?p=9940","url_meta":{"origin":9732,"position":1},"title":"Un caf\u00e9 pour les encaveurs de V\u00e9troz","date":"1 mars 2007","format":false,"excerpt":"V\u00e9troz (VS): un caf\u00e9 pour c\u00e9l\u00e9brer l\u2019amigneLes encaveurs de V\u00e9troz, organis\u00e9s en coop\u00e9rative pour l\u2019occasion, ont repris un caf\u00e9 au centre du village valaisan. L\u2019ancien Victoria, devenu Caf\u00e9 des Amignes, a ouvert pour Carnaval. Son g\u00e9rant, Christophe Cottagnoud, 40 ans, \u00e9tait sommelier \u00e0 La Sitterie, \u00e0 Sion, ces deux derni\u00e8res\u2026","rel":"","context":"Dans &quot;Actus - News&quot;","img":{"alt_text":"","src":"","width":0,"height":0},"classes":[]},{"id":18640,"url":"https:\/\/thomasvino.ch\/?p=18640","url_meta":{"origin":9732,"position":2},"title":"Belle r\u00e9compense au Grand Prix du Vin Suisse","date":"16 octobre 2025","format":false,"excerpt":"La Cave La Romaine \u00e0 Flanthey a \u00e9t\u00e9 nomm\u00e9e \"domaine de l\u2019ann\u00e9e 2025\" \u00e0 l\u2019issue du Grand Prix du Vin Suisse, le 15 octobre \u00e0 Berne. En dix ans, sept titres reviennent au Valais, le plus grand canton viticole suisse. Lanc\u00e9 par le magazine Vinum, organis\u00e9 par Vinea \u00e0 Sierre,\u2026","rel":"","context":"Dans &quot;Actus - News&quot;","img":{"alt_text":"","src":"https:\/\/i0.wp.com\/thomasvino.ch\/wp-content\/uploads\/2025\/10\/GPVS_Bertholod-300x225.jpeg?resize=350%2C200&ssl=1","width":350,"height":200},"classes":[]},{"id":12382,"url":"https:\/\/thomasvino.ch\/?p=12382","url_meta":{"origin":9732,"position":3},"title":"Guide Michelin Suisse 2015  Poussi\u00e8re d\u2019\u00e9toiles romandes","date":"25 novembre 2014","format":false,"excerpt":"Poussi\u00e8re d\u2019\u00e9toiles ou miettes de macarons\u00a0? Comme a son habitude en novembre, le Guide Michelin jette un coup de projecteur sur une ou deux r\u00e9gions du pays et laisse les autres dans l'ombre. Pour l'\u00e9dition 2015, la Suisse romande, avec trois nouveaux \u00e9toil\u00e9s, et le Tessin, avec un seul, en\u2026","rel":"","context":"Dans &quot;Gastro&quot;","img":{"alt_text":"","src":"","width":0,"height":0},"classes":[]},{"id":9675,"url":"https:\/\/thomasvino.ch\/?p=9675","url_meta":{"origin":9732,"position":4},"title":"De Courten et les autres dans le GaultMillau 2006","date":"3 octobre 2005","format":false,"excerpt":"Sortie du Guide GaultMillau Suisse 2006 (3 octobre 2005) Didier de Courten et les autres\u2026 A 37 ans, il n\u2019est plus au Terminus, mais au paradis, Didier de Courten. Hier, dans \u00abson\u00bb h\u00f4tel au c\u0153ur de Sierre, il a re\u00e7u ses confr\u00e8res et amis cuisiniers les plus toqu\u00e9s de Suisse.\u2026","rel":"","context":"Dans &quot;Tendance&quot;","img":{"alt_text":"","src":"","width":0,"height":0},"classes":[]},{"id":9664,"url":"https:\/\/thomasvino.ch\/?p=9664","url_meta":{"origin":9732,"position":5},"title":"Lausanne (VD) \u2014 La Table d&rsquo;Edgard, Lausanne Palace","date":"12 septembre 2005","format":false,"excerpt":"La Table d\u2019Edgard, Lausanne L\u2019air vif de Nice-sur-L\u00e9man M\u00e9diterran\u00e9e ou L\u00e9man? Cap de la C\u00f4te ou rive fran\u00e7aise? Le nez dans l\u2019assiette, o\u00f9 se pr\u00e9lassent une d\u00e9licieuse fleur de courgette emplie d\u2019un d\u00e9licat m\u00e9lange de ricotta et de ch\u00e8vre, une tomate, une courgette et un artichaut, \u00e0 chaque fois farcis\u2026","rel":"","context":"Dans &quot;Adresses&quot;","img":{"alt_text":"","src":"","width":0,"height":0},"classes":[]}],"_links":{"self":[{"href":"https:\/\/thomasvino.ch\/index.php?rest_route=\/wp\/v2\/posts\/9732"}],"collection":[{"href":"https:\/\/thomasvino.ch\/index.php?rest_route=\/wp\/v2\/posts"}],"about":[{"href":"https:\/\/thomasvino.ch\/index.php?rest_route=\/wp\/v2\/types\/post"}],"author":[{"embeddable":true,"href":"https:\/\/thomasvino.ch\/index.php?rest_route=\/wp\/v2\/users\/3"}],"replies":[{"embeddable":true,"href":"https:\/\/thomasvino.ch\/index.php?rest_route=%2Fwp%2Fv2%2Fcomments&post=9732"}],"version-history":[{"count":0,"href":"https:\/\/thomasvino.ch\/index.php?rest_route=\/wp\/v2\/posts\/9732\/revisions"}],"wp:attachment":[{"href":"https:\/\/thomasvino.ch\/index.php?rest_route=%2Fwp%2Fv2%2Fmedia&parent=9732"}],"wp:term":[{"taxonomy":"category","embeddable":true,"href":"https:\/\/thomasvino.ch\/index.php?rest_route=%2Fwp%2Fv2%2Fcategories&post=9732"},{"taxonomy":"post_tag","embeddable":true,"href":"https:\/\/thomasvino.ch\/index.php?rest_route=%2Fwp%2Fv2%2Ftags&post=9732"}],"curies":[{"name":"wp","href":"https:\/\/api.w.org\/{rel}","templated":true}]}}