{"id":9747,"date":"2006-04-29T15:53:00","date_gmt":"2006-04-29T15:53:00","guid":{"rendered":"http:\/\/localhost\/thomasvino\/?p=9747"},"modified":"2006-04-29T15:53:00","modified_gmt":"2006-04-29T15:53:00","slug":"ns-suisses-au-concours-mondial-de-bruxelles-20-medailles-dor-suisses","status":"publish","type":"post","link":"https:\/\/thomasvino.ch\/?p=9747","title":{"rendered":"ns suisses \u2014 Au Concours mondial de Bruxelles: 20 m\u00e9dailles d&rsquo;or suisses"},"content":{"rendered":"<div style=\"text-align: justify;\"><font size=\"3\"><span style=\"font-weight: bold; font-style: italic;\">Vins suisses \u2014 Au 13\u00e8me Concours mondial de Bruxelles<\/span><\/font><br style=\"font-weight: bold;\"> <font size=\"4\"><span style=\"font-weight: bold;\">Vingt m\u00e9dailles d\u2019or pour la Suisse<\/span><\/font><br \/> Sur plus de 5&#39;000 vins pr\u00e9sent\u00e9s au jury du treizi\u00e8me Concours mondial de Bruxelles, qui s\u2019est tenu pour la premi\u00e8re fois de son histoire \u00e0 Lisbonne, quelque 190 provenaient de la Suisse. Ces vins se sont par\u00e9s de 19 m\u00e9dailles d\u2019or et de 50 m\u00e9dailles d\u2019argent. Le jury, soit 192 d\u00e9gustateurs de 43 pays, a si\u00e9g\u00e9 les 21, 22 et 23 avril dans la capitale du Portugal. Quelque trois mille heures (cumul\u00e9es) ont \u00e9t\u00e9 n\u00e9cessaires pour \u00e9tablir un palmar\u00e8s qui respecte globalement les 30% maximum de vins m\u00e9daill\u00e9s (37% pour la Suisse). Le Concours mondial de Bruxelles, conduit par Baudouin Havaux, est un des plus prestigieux. Il avait d\u00e9marr\u00e9, en 1994, avec un millier d\u2019\u00e9chantillons\u2026 <br \/> La comp\u00e9tition a couronn\u00e9 des producteurs suisses d\u00e9j\u00e0 connus sur la sc\u00e8ne internationale. Les vins liquoreux et aromatiques, valaisans et vaudois, se taillent la part du lion, devant les meilleures cuv\u00e9es de vins rouges valaisans. Le gamaret genevois Noir Combe 2003, du <span style=\"font-weight: bold;\">Domaine des Graves<\/span>, d\u00e9croche l\u2019or, de m\u00eame qu\u2019une vendange tardive neuch\u00e2teloise de pinot gris, du <span style=\"font-weight: bold;\">Domaine E. de Montmollin fils<\/span>, \u00e0 Auvernier. <span style=\"font-weight: bold;\">Hammel<\/span> \u00e0 Rolle, et son \u0153nologue Fabio Penta, obtiennent de l\u2019or pour un merlot 2003 du <span style=\"font-weight: bold;\">Domaine de Crochet<\/span>, \u00e0 Mont-sur-Rolle, et pour l\u2019Elixir, une vendange tardive 2004. Beau r\u00e9sultat vaudois encore pour la maison <span style=\"font-weight: bold;\">Testuz<\/span> pour le chardonnay 2004 Les Oenocrates, et pour la R\u00e9serve Blanche du <span style=\"font-weight: bold;\">Ch\u00e2teau de Gl\u00e9rolles<\/span> 2004. Or toujours pour le Gamaret du Pays de Vaud 2003 d\u2019<span style=\"font-weight: bold;\">UVAVINS<\/span> et pour le gewurztraminer vaudois S\u00e8ve d\u2019Or 2003, vinifi\u00e9 par l\u2019<span style=\"font-weight: bold;\">Ecole d\u2019ing\u00e9nieurs de Changins<\/span>. <span style=\"font-weight: bold;\"><br \/> Provins-Valais<\/span> ram\u00e8ne de nombreuses m\u00e9dailles d\u2019argent et deux m\u00e9dailles d\u2019or pour des assemblages rouges sign\u00e9s Madeleine Gay, le <span style=\"font-weight: bold;\">Clos Corbassi\u00e8res<\/span> 2002 et le <span style=\"font-weight: bold;\">Domaine de Tournelette<\/span> 2003. Rayon assemblages rouges, le Romulus Primus Classicus 2003 des <span style=\"font-weight: bold;\">Caves Orsat SA<\/span>, obtient l\u2019or. Belle moisson d\u2019argent pour le <span style=\"font-weight: bold;\">Domaine des Muses<\/span>, \u00e0 Sierre, de Robert Taramacaz, ponctu\u00e9 d\u2019or pour le liquoreux Polymnie, S\u00e9duction d\u2019or 2002. <br \/> Les grandes maisons valaisannes obtiennent chacune une m\u00e9daille d\u2019or : <span style=\"font-weight: bold;\">Charles Bonvin Fils SA<\/span> pour sa Cuv\u00e9e rouge, <span style=\"font-weight: bold;\">Jean-Ren\u00e9 Germanier SA<\/span> pour Mitis 2003 \u00e0 \u00e9galit\u00e9 au sommet des liquoreux avec l\u2019ermitage vendange tardive Valorine 2003, de <span style=\"font-weight: bold;\">Fr\u00e9d\u00e9ric Varone Vins SA<\/span>, la petite arvine Sous l\u2019Escalier 2004 du <span style=\"font-weight: bold;\">Domaine du Mont-d\u2019Or SA<\/span> et l\u2019amigne de V\u00e9troz La Danse des Etoiles 2005 de <span style=\"font-weight: bold;\">Giroud Vins<\/span>, \u00e0 Sion et le Soleil de Minuit 2003, assemblage d&#39;ermitage et de malvoisie, de <span style=\"font-weight: bold;\">Robert Gilliard SA<\/span> et une petite arvine fl\u00e9trie 2004 de <span style=\"font-weight: bold;\">Gaston et Eric Bonvin<\/span> \u00e0 Flanthey, une des rares petites caves m\u00e9daill\u00e9es dans ce concours.<br \/> Dans la section des spiritueux, une seule m\u00e9daille d&#39;or suisse, pour le <span style=\"font-weight: bold;\">domaine<\/span> vaudois <span style=\"font-weight: bold;\">d&#39;Aucr\u00eat<\/span> sur Grandvaux, de Michel Blanche, avec une eau-de-vie de framboise.<br \/> <span style=\"font-style: italic;\">***Seule la liste officielle fait foi : liste des 1600 vins m\u00e9daill\u00e9s en format Excel sous <a href=\"http:\/\/www.concoursmondial.be\/concours-mondial\/wijn-nl\/cmb_page.asp?pag_id=14&amp;lng_id=FR\">www.concoursmondial.be <\/a><\/span> <\/p>\n<p> <\/div>\n","protected":false},"excerpt":{"rendered":"<p>Vins suisses \u2014 Au 13\u00e8me Concours mondial de Bruxelles Vingt m\u00e9dailles d\u2019or pour la Suisse Sur plus de 5&#39;000 vins pr\u00e9sent\u00e9s au jury du treizi\u00e8me Concours mondial de Bruxelles, qui s\u2019est tenu pour la premi\u00e8re fois de son histoire \u00e0 Lisbonne, quelque 190 provenaient de la Suisse. Ces vins se sont par\u00e9s de 19 m\u00e9dailles [&hellip;]<\/p>\n","protected":false},"author":3,"featured_media":0,"comment_status":"closed","ping_status":"open","sticky":false,"template":"","format":"standard","meta":{"_monsterinsights_skip_tracking":false,"_monsterinsights_sitenote_active":false,"_monsterinsights_sitenote_note":"","_monsterinsights_sitenote_category":0,"jetpack_post_was_ever_published":false,"jetpack_publicize_message":"","jetpack_is_tweetstorm":false,"jetpack_publicize_feature_enabled":true,"jetpack_social_post_already_shared":false,"jetpack_social_options":{"image_generator_settings":{"template":"highway","enabled":false}}},"categories":[15],"tags":[],"jetpack_publicize_connections":[],"yoast_head":"<!-- This site is optimized with the Yoast SEO plugin v20.6 - https:\/\/yoast.com\/wordpress\/plugins\/seo\/ -->\n<title>ns suisses \u2014 Au Concours mondial de Bruxelles: 20 m\u00e9dailles d&#039;or suisses - thomasvino<\/title>\n<meta name=\"robots\" content=\"index, follow, max-snippet:-1, max-image-preview:large, max-video-preview:-1\" \/>\n<link rel=\"canonical\" href=\"https:\/\/thomasvino.ch\/?p=9747\" \/>\n<meta property=\"og:locale\" content=\"fr_FR\" \/>\n<meta property=\"og:type\" content=\"article\" \/>\n<meta property=\"og:title\" content=\"ns suisses \u2014 Au Concours mondial de Bruxelles: 20 m\u00e9dailles d&#039;or suisses - thomasvino\" \/>\n<meta property=\"og:description\" content=\"Vins suisses \u2014 Au 13\u00e8me Concours mondial de Bruxelles Vingt m\u00e9dailles d\u2019or pour la Suisse Sur plus de 5&#039;000 vins pr\u00e9sent\u00e9s au jury du treizi\u00e8me Concours mondial de Bruxelles, qui s\u2019est tenu pour la premi\u00e8re fois de son histoire \u00e0 Lisbonne, quelque 190 provenaient de la Suisse. Ces vins se sont par\u00e9s de 19 m\u00e9dailles [&hellip;]\" \/>\n<meta property=\"og:url\" content=\"https:\/\/thomasvino.ch\/?p=9747\" \/>\n<meta property=\"og:site_name\" content=\"thomasvino\" \/>\n<meta property=\"article:published_time\" content=\"2006-04-29T15:53:00+00:00\" \/>\n<meta name=\"author\" content=\"Pierre Thomas\" \/>\n<meta name=\"twitter:label1\" content=\"\u00c9crit par\" \/>\n\t<meta name=\"twitter:data1\" content=\"Pierre Thomas\" \/>\n\t<meta name=\"twitter:label2\" content=\"Dur\u00e9e de lecture estim\u00e9e\" \/>\n\t<meta name=\"twitter:data2\" content=\"3 minutes\" \/>\n<script type=\"application\/ld+json\" class=\"yoast-schema-graph\">{\"@context\":\"https:\/\/schema.org\",\"@graph\":[{\"@type\":\"WebPage\",\"@id\":\"https:\/\/thomasvino.ch\/?p=9747\",\"url\":\"https:\/\/thomasvino.ch\/?p=9747\",\"name\":\"ns suisses \u2014 Au Concours mondial de Bruxelles: 20 m\u00e9dailles d'or suisses - thomasvino\",\"isPartOf\":{\"@id\":\"https:\/\/thomasvino.ch\/#website\"},\"datePublished\":\"2006-04-29T15:53:00+00:00\",\"dateModified\":\"2006-04-29T15:53:00+00:00\",\"author\":{\"@id\":\"https:\/\/thomasvino.ch\/#\/schema\/person\/670bf4486fe81152cf1d68bd585e062e\"},\"breadcrumb\":{\"@id\":\"https:\/\/thomasvino.ch\/?p=9747#breadcrumb\"},\"inLanguage\":\"fr-FR\",\"potentialAction\":[{\"@type\":\"ReadAction\",\"target\":[\"https:\/\/thomasvino.ch\/?p=9747\"]}]},{\"@type\":\"BreadcrumbList\",\"@id\":\"https:\/\/thomasvino.ch\/?p=9747#breadcrumb\",\"itemListElement\":[{\"@type\":\"ListItem\",\"position\":1,\"name\":\"Accueil\",\"item\":\"https:\/\/thomasvino.ch\/\"},{\"@type\":\"ListItem\",\"position\":2,\"name\":\"ns suisses \u2014 Au Concours mondial de Bruxelles: 20 m\u00e9dailles d&rsquo;or suisses\"}]},{\"@type\":\"WebSite\",\"@id\":\"https:\/\/thomasvino.ch\/#website\",\"url\":\"https:\/\/thomasvino.ch\/\",\"name\":\"thomasvino\",\"description\":\"Vins &amp; Gastronomie\",\"potentialAction\":[{\"@type\":\"SearchAction\",\"target\":{\"@type\":\"EntryPoint\",\"urlTemplate\":\"https:\/\/thomasvino.ch\/?s={search_term_string}\"},\"query-input\":\"required name=search_term_string\"}],\"inLanguage\":\"fr-FR\"},{\"@type\":\"Person\",\"@id\":\"https:\/\/thomasvino.ch\/#\/schema\/person\/670bf4486fe81152cf1d68bd585e062e\",\"name\":\"Pierre Thomas\",\"image\":{\"@type\":\"ImageObject\",\"inLanguage\":\"fr-FR\",\"@id\":\"https:\/\/thomasvino.ch\/#\/schema\/person\/image\/\",\"url\":\"https:\/\/secure.gravatar.com\/avatar\/91fd5a76647f140e53db987a0dead4d7?s=96&d=mm&r=g\",\"contentUrl\":\"https:\/\/secure.gravatar.com\/avatar\/91fd5a76647f140e53db987a0dead4d7?s=96&d=mm&r=g\",\"caption\":\"Pierre Thomas\"},\"url\":\"https:\/\/thomasvino.ch\/?author=3\"}]}<\/script>\n<!-- \/ Yoast SEO plugin. -->","yoast_head_json":{"title":"ns suisses \u2014 Au Concours mondial de Bruxelles: 20 m\u00e9dailles d'or suisses - thomasvino","robots":{"index":"index","follow":"follow","max-snippet":"max-snippet:-1","max-image-preview":"max-image-preview:large","max-video-preview":"max-video-preview:-1"},"canonical":"https:\/\/thomasvino.ch\/?p=9747","og_locale":"fr_FR","og_type":"article","og_title":"ns suisses \u2014 Au Concours mondial de Bruxelles: 20 m\u00e9dailles d'or suisses - thomasvino","og_description":"Vins suisses \u2014 Au 13\u00e8me Concours mondial de Bruxelles Vingt m\u00e9dailles d\u2019or pour la Suisse Sur plus de 5&#39;000 vins pr\u00e9sent\u00e9s au jury du treizi\u00e8me Concours mondial de Bruxelles, qui s\u2019est tenu pour la premi\u00e8re fois de son histoire \u00e0 Lisbonne, quelque 190 provenaient de la Suisse. Ces vins se sont par\u00e9s de 19 m\u00e9dailles [&hellip;]","og_url":"https:\/\/thomasvino.ch\/?p=9747","og_site_name":"thomasvino","article_published_time":"2006-04-29T15:53:00+00:00","author":"Pierre Thomas","twitter_misc":{"\u00c9crit par":"Pierre Thomas","Dur\u00e9e de lecture estim\u00e9e":"3 minutes"},"schema":{"@context":"https:\/\/schema.org","@graph":[{"@type":"WebPage","@id":"https:\/\/thomasvino.ch\/?p=9747","url":"https:\/\/thomasvino.ch\/?p=9747","name":"ns suisses \u2014 Au Concours mondial de Bruxelles: 20 m\u00e9dailles d'or suisses - thomasvino","isPartOf":{"@id":"https:\/\/thomasvino.ch\/#website"},"datePublished":"2006-04-29T15:53:00+00:00","dateModified":"2006-04-29T15:53:00+00:00","author":{"@id":"https:\/\/thomasvino.ch\/#\/schema\/person\/670bf4486fe81152cf1d68bd585e062e"},"breadcrumb":{"@id":"https:\/\/thomasvino.ch\/?p=9747#breadcrumb"},"inLanguage":"fr-FR","potentialAction":[{"@type":"ReadAction","target":["https:\/\/thomasvino.ch\/?p=9747"]}]},{"@type":"BreadcrumbList","@id":"https:\/\/thomasvino.ch\/?p=9747#breadcrumb","itemListElement":[{"@type":"ListItem","position":1,"name":"Accueil","item":"https:\/\/thomasvino.ch\/"},{"@type":"ListItem","position":2,"name":"ns suisses \u2014 Au Concours mondial de Bruxelles: 20 m\u00e9dailles d&rsquo;or suisses"}]},{"@type":"WebSite","@id":"https:\/\/thomasvino.ch\/#website","url":"https:\/\/thomasvino.ch\/","name":"thomasvino","description":"Vins &amp; Gastronomie","potentialAction":[{"@type":"SearchAction","target":{"@type":"EntryPoint","urlTemplate":"https:\/\/thomasvino.ch\/?s={search_term_string}"},"query-input":"required name=search_term_string"}],"inLanguage":"fr-FR"},{"@type":"Person","@id":"https:\/\/thomasvino.ch\/#\/schema\/person\/670bf4486fe81152cf1d68bd585e062e","name":"Pierre Thomas","image":{"@type":"ImageObject","inLanguage":"fr-FR","@id":"https:\/\/thomasvino.ch\/#\/schema\/person\/image\/","url":"https:\/\/secure.gravatar.com\/avatar\/91fd5a76647f140e53db987a0dead4d7?s=96&d=mm&r=g","contentUrl":"https:\/\/secure.gravatar.com\/avatar\/91fd5a76647f140e53db987a0dead4d7?s=96&d=mm&r=g","caption":"Pierre Thomas"},"url":"https:\/\/thomasvino.ch\/?author=3"}]}},"jetpack_featured_media_url":"","jetpack_sharing_enabled":true,"jetpack_shortlink":"https:\/\/wp.me\/p3m4tZ-2xd","jetpack_likes_enabled":false,"jetpack-related-posts":[{"id":9370,"url":"https:\/\/thomasvino.ch\/?p=9370","url_meta":{"origin":9747,"position":0},"title":"6 concours internationaux et 2 m\u00e9dailles d&rsquo;or suisses","date":"10 mai 2012","format":false,"excerpt":"Concours internationaux: 2 m\u00e9dailles d\u2019or suisses\u2026 seulement\u00a0! Les concours internationaux de vin se multiplient, mais le nombre des m\u00e9dailles obtenues par des vins suisses aussi!\u00a0 La preuve avec 6 concours de c\u00e9pages (ou de sp\u00e9cialit\u00e9) avec 2 seules m\u00e9dailles d'or helv\u00e9tiques. Ainsi, la vendange est faible \u00e0 Syrah du Monde,\u2026","rel":"","context":"Dans &quot;Actus - News&quot;","img":{"alt_text":"","src":"","width":0,"height":0},"classes":[]},{"id":8887,"url":"https:\/\/thomasvino.ch\/?p=8887","url_meta":{"origin":9747,"position":1},"title":"Suisses en force au Concours Mondial de Bruxelles","date":"6 mai 2009","format":false,"excerpt":"Concours Mondial de Bruxelles 2009Les Suisses en forceS\u2019ils n\u2019ont d\u00e9croch\u00e9 aucune des quelque 60 grandes m\u00e9dailles d\u2019or r\u00e9compensant le top des 6.289 vins d\u00e9gust\u00e9s \u00e0 Valencia (Espagne) par les jur\u00e9s du Concours Mondial de Bruxelles, les vins suisses ont tout de m\u00eame ramen\u00e9 18 m\u00e9dailles d\u2019or et 33 m\u00e9dailles d\u2019argent,\u2026","rel":"","context":"Dans &quot;Actus - News&quot;","img":{"alt_text":"","src":"","width":0,"height":0},"classes":[]},{"id":9172,"url":"https:\/\/thomasvino.ch\/?p=9172","url_meta":{"origin":9747,"position":2},"title":"Petite Arvine et Syrah en format mondial","date":"17 mai 2011","format":false,"excerpt":"Concours mondiaux 2011 Petite Arvine et Syrah en vedette Dans deux concours internationaux, l\u2019un g\u00e9n\u00e9raliste (le Concours Mondial de Bruxelles), l\u2019autre de c\u00e9page (Syrah du Monde), des vins valaisans se sont distingu\u00e9s au plus haut niveau. Au premier, jug\u00e9 \u00e0 Luxembourg, une grande m\u00e9daille d\u2019or pour la Petite Arvine 2010\u2026","rel":"","context":"Dans &quot;Actus - News&quot;","img":{"alt_text":"","src":"","width":0,"height":0},"classes":[]},{"id":12010,"url":"https:\/\/thomasvino.ch\/?p=12010","url_meta":{"origin":9747,"position":3},"title":"M\u00e9dailles d&rsquo;or \u00e0 g\u00e9ographie(s) variable(s)","date":"22 mai 2014","format":false,"excerpt":"Les Concours internationaux se succ\u00e8dent. Apr\u00e8s les grands rendez-vous internationaux et g\u00e9n\u00e9ralistes (Concours Mondial de Bruxelles, Vinalies de Paris), les plus sp\u00e9cifiques, par c\u00e9pages (Sauvignons, Syrah, Merlot, bient\u00f4t Chasselas et Pinot), en attendant les s\u00e9lections cantonales, puis le Grand Prix du Vin suisse. Mais aussi les Citadelles du Vin, dans\u2026","rel":"","context":"Dans &quot;Actus - News&quot;","img":{"alt_text":"","src":"","width":0,"height":0},"classes":[]},{"id":17194,"url":"https:\/\/thomasvino.ch\/?p=17194","url_meta":{"origin":9747,"position":4},"title":"Concours monoc\u00e9pages\u00a0: cinq chardonnays suisses en or","date":"17 mars 2021","format":false,"excerpt":"La confrontation \u00abChardonnay du Monde\u00bb s\u2019est d\u00e9roul\u00e9 en Bourgogne, pour la 28\u00e8me fois, avec un quart de d\u00e9gustateurs venus d\u2019ailleurs que de la France. Sur 51 m\u00e9dailles d\u2019or, 5 sont suisses. Le Blanc de blanc Brut mill\u00e9sim\u00e9 2014 de la Cave du Tunnel, \u00e0 Conthey (VS), pointe au 11\u00e8me range\u2026","rel":"","context":"Dans &quot;Actus - News&quot;","img":{"alt_text":"","src":"","width":0,"height":0},"classes":[]},{"id":15650,"url":"https:\/\/thomasvino.ch\/?p=15650","url_meta":{"origin":9747,"position":5},"title":"Chardonnay et Sauvignons du Monde: les m\u00e9dailles d&rsquo;or suisses","date":"14 mars 2019","format":false,"excerpt":"Quatre vins suisses ont d\u00e9croch\u00e9 l\u2019or et sept l\u2019argent au Concours Chardonnay-du-Monde, en Bourgogne, cette ann\u00e9e. Et un vin neuch\u00e2telois s'est class\u00e9 parmi les 15 vins les mieux not\u00e9s. Au Concours Mondial du Sauvignon, \u00e0 Udine, dans le Frioul italien, une seule m\u00e9daille d'or suisse, pour le Sauvignon 2017 de\u2026","rel":"","context":"Dans &quot;Actus - News&quot;","img":{"alt_text":"","src":"","width":0,"height":0},"classes":[]}],"_links":{"self":[{"href":"https:\/\/thomasvino.ch\/index.php?rest_route=\/wp\/v2\/posts\/9747"}],"collection":[{"href":"https:\/\/thomasvino.ch\/index.php?rest_route=\/wp\/v2\/posts"}],"about":[{"href":"https:\/\/thomasvino.ch\/index.php?rest_route=\/wp\/v2\/types\/post"}],"author":[{"embeddable":true,"href":"https:\/\/thomasvino.ch\/index.php?rest_route=\/wp\/v2\/users\/3"}],"replies":[{"embeddable":true,"href":"https:\/\/thomasvino.ch\/index.php?rest_route=%2Fwp%2Fv2%2Fcomments&post=9747"}],"version-history":[{"count":0,"href":"https:\/\/thomasvino.ch\/index.php?rest_route=\/wp\/v2\/posts\/9747\/revisions"}],"wp:attachment":[{"href":"https:\/\/thomasvino.ch\/index.php?rest_route=%2Fwp%2Fv2%2Fmedia&parent=9747"}],"wp:term":[{"taxonomy":"category","embeddable":true,"href":"https:\/\/thomasvino.ch\/index.php?rest_route=%2Fwp%2Fv2%2Fcategories&post=9747"},{"taxonomy":"post_tag","embeddable":true,"href":"https:\/\/thomasvino.ch\/index.php?rest_route=%2Fwp%2Fv2%2Ftags&post=9747"}],"curies":[{"name":"wp","href":"https:\/\/api.w.org\/{rel}","templated":true}]}}