{"id":9761,"date":"2006-05-10T16:07:00","date_gmt":"2006-05-10T16:07:00","guid":{"rendered":"http:\/\/localhost\/thomasvino\/?p=9761"},"modified":"2006-05-10T16:07:00","modified_gmt":"2006-05-10T16:07:00","slug":"vins-suisses-le-championnat-de-degustation-2001","status":"publish","type":"post","link":"https:\/\/thomasvino.ch\/?p=9761","title":{"rendered":"Vins suisses \u2014 Le championnat de d\u00e9gustation 2001"},"content":{"rendered":"<div style=\"text-align: justify;\"><font style=\"font-weight: bold;\" size=\"5\"><font style=\"font-style: italic;\" size=\"4\">Vins suisses \u2014 Championnat au Chalet-\u00e0-Gobet<\/font><\/font><br \/> <font style=\"font-weight: bold;\" size=\"5\">La d\u00e9gustation? Un v\u00e9ritable sport!<\/font><br \/> <span style=\"font-weight: bold;\">Ils \u00e9taient une soixantaine, non pas dans les starting-blocks, mais face \u00e0 des verres, hier matin, \u00e0 l&#39;Ecole h\u00f4teli\u00e8re de Lausanne. Soixante-quatre, soit un sur sept, de ces pr\u00e9qualifi\u00e9s au Championnat suisse de d\u00e9gustation iront en finale, vraisemblablement \u00abjou\u00e9e\u00bb au m\u00eame endroit, cet automne. Tous les trois ans, la manifestation, qui en est \u00e0 sa cinqui\u00e8me \u00e9dition, est organis\u00e9e avec le soutien du magazine sp\u00e9cialis\u00e9 <span style=\"font-style: italic;\">Vinum<\/span>.<\/span><br \/> Si, en France, une telle comp\u00e9tition ne regroupe que des pros ou des clubs constitu\u00e9s, en Suisse, la d\u00e9marche est individuelle. Et rien n&#39;emp\u00eache un amateur de s&#39;y distinguer, assure Pierre Lemaitre, organisateur. Il suffit, pour cela, de commander par poste un \u00abset de d\u00e9gustation\u00bb et d&#39;approcher la bonne solution. Plus de 3000 cartons de petites bouteilles sont partis aux quatre coins du pays, en deux vagues, il y a quelques mois. Finalement, 1600 r\u00e9ponses sont parvenues \u00e0 l&#39;organisateur, qui a s\u00e9lectionn\u00e9 pour les demi-finales les concurrents qui avaient obtenu douze points et plus sur vingt-quatre possibles. Ces 400 fins nez et bons palais se retrouvent \u00e0 Lausanne, Lucerne, Berne et Zurich pour les demi-finales.<br \/> <span style=\"font-weight: bold;\">Une \u00e9preuve difficile<\/span><br \/> L&#39;\u00e9preuve, cette ann\u00e9e, a \u00e9t\u00e9 particuli\u00e8rement difficile: \u00abIl fallait trouver le c\u00e9page, l&#39;origine et le mill\u00e9sime de seize vins, sans autre indication. L&#39;ouverture sur le monde \u00e9tait ainsi maximale et les possibilit\u00e9s de se tromper \u00e9normes\u00bb, souligne un des participants, l&#39;oenologue vaudois Alain Gruaz. \u00abPour les rouges, l&#39;\u00e9levage en barriques et les assemblages compliquaient les choses. C&#39;est une merveilleuse le\u00e7on d&#39;humilit\u00e9\u00bb, ajoute le m\u00e9decin dentiste neuch\u00e2telois Louis Godet, un amateur averti. \u00abNous n&#39;avions aucun point de rep\u00e8re, avec des vins de moyenne gamme\u00bb, d\u00e9plore de sont c\u00f4t\u00e9 le vigneron-encaveur vaudois Marco Grognuz. Bref, les r\u00e9sultats, pas connus pour l&#39;instant, puisqu&#39;ils d\u00e9pendent des soixante-quatre places \u00e0 disposition, pourraient r\u00e9server des surprises!<br \/> <span style=\"font-weight: bold;\">La d\u00e9gustation a la cote<\/span><br \/> Mais une chose est s\u00fbre: la d\u00e9gustation \u00abpointue\u00bb gagne toujours plus de consommateurs, notamment en Suisse romande. Pour preuve, le succ\u00e8s de l&#39;Ecole du vin de Changins (pr\u00e8s de Nyon), o\u00f9 tout un chacun peut s&#39;inscrire. Pour le cycle de cours qui s&#39;ach\u00e8ve, sur cent trente-neuf participants, 64% \u00e9taient des amateurs, int\u00e9ress\u00e9s au premier chef aux cours d&#39;initiation \u00e0 la d\u00e9gustation et \u00e0 la connaissance des vins rouges et blancs. On retrouvera s\u00fbrement certains de ces novices au sixi\u00e8me championnat, pas avant 2003. <\/p>\n<p> <span style=\"font-style: italic;\">Paru dans <\/span>dimanche.ch<span style=\"font-style: italic;\"> le 18 juin 2000.<\/span><\/p><\/div>\n","protected":false},"excerpt":{"rendered":"<p>Vins suisses \u2014 Championnat au Chalet-\u00e0-Gobet La d\u00e9gustation? Un v\u00e9ritable sport! Ils \u00e9taient une soixantaine, non pas dans les starting-blocks, mais face \u00e0 des verres, hier matin, \u00e0 l&#39;Ecole h\u00f4teli\u00e8re de Lausanne. Soixante-quatre, soit un sur sept, de ces pr\u00e9qualifi\u00e9s au Championnat suisse de d\u00e9gustation iront en finale, vraisemblablement \u00abjou\u00e9e\u00bb au m\u00eame endroit, cet automne. [&hellip;]<\/p>\n","protected":false},"author":3,"featured_media":0,"comment_status":"closed","ping_status":"open","sticky":false,"template":"","format":"standard","meta":{"_monsterinsights_skip_tracking":false,"_monsterinsights_sitenote_active":false,"_monsterinsights_sitenote_note":"","_monsterinsights_sitenote_category":0,"jetpack_post_was_ever_published":false,"jetpack_publicize_message":"","jetpack_is_tweetstorm":false,"jetpack_publicize_feature_enabled":true,"jetpack_social_post_already_shared":false,"jetpack_social_options":{"image_generator_settings":{"template":"highway","enabled":false}}},"categories":[29],"tags":[],"jetpack_publicize_connections":[],"yoast_head":"<!-- This site is optimized with the Yoast SEO plugin v20.6 - https:\/\/yoast.com\/wordpress\/plugins\/seo\/ -->\n<title>Vins suisses \u2014 Le championnat de d\u00e9gustation 2001 - thomasvino<\/title>\n<meta name=\"robots\" content=\"index, follow, max-snippet:-1, max-image-preview:large, max-video-preview:-1\" \/>\n<link rel=\"canonical\" href=\"https:\/\/thomasvino.ch\/?p=9761\" \/>\n<meta property=\"og:locale\" content=\"fr_FR\" \/>\n<meta property=\"og:type\" content=\"article\" \/>\n<meta property=\"og:title\" content=\"Vins suisses \u2014 Le championnat de d\u00e9gustation 2001 - thomasvino\" \/>\n<meta property=\"og:description\" content=\"Vins suisses \u2014 Championnat au Chalet-\u00e0-Gobet La d\u00e9gustation? Un v\u00e9ritable sport! Ils \u00e9taient une soixantaine, non pas dans les starting-blocks, mais face \u00e0 des verres, hier matin, \u00e0 l&#039;Ecole h\u00f4teli\u00e8re de Lausanne. Soixante-quatre, soit un sur sept, de ces pr\u00e9qualifi\u00e9s au Championnat suisse de d\u00e9gustation iront en finale, vraisemblablement \u00abjou\u00e9e\u00bb au m\u00eame endroit, cet automne. [&hellip;]\" \/>\n<meta property=\"og:url\" content=\"https:\/\/thomasvino.ch\/?p=9761\" \/>\n<meta property=\"og:site_name\" content=\"thomasvino\" \/>\n<meta property=\"article:published_time\" content=\"2006-05-10T16:07:00+00:00\" \/>\n<meta name=\"author\" content=\"Pierre Thomas\" \/>\n<meta name=\"twitter:label1\" content=\"\u00c9crit par\" \/>\n\t<meta name=\"twitter:data1\" content=\"Pierre Thomas\" \/>\n\t<meta name=\"twitter:label2\" content=\"Dur\u00e9e de lecture estim\u00e9e\" \/>\n\t<meta name=\"twitter:data2\" content=\"2 minutes\" \/>\n<script type=\"application\/ld+json\" class=\"yoast-schema-graph\">{\"@context\":\"https:\/\/schema.org\",\"@graph\":[{\"@type\":\"WebPage\",\"@id\":\"https:\/\/thomasvino.ch\/?p=9761\",\"url\":\"https:\/\/thomasvino.ch\/?p=9761\",\"name\":\"Vins suisses \u2014 Le championnat de d\u00e9gustation 2001 - thomasvino\",\"isPartOf\":{\"@id\":\"https:\/\/thomasvino.ch\/#website\"},\"datePublished\":\"2006-05-10T16:07:00+00:00\",\"dateModified\":\"2006-05-10T16:07:00+00:00\",\"author\":{\"@id\":\"https:\/\/thomasvino.ch\/#\/schema\/person\/670bf4486fe81152cf1d68bd585e062e\"},\"breadcrumb\":{\"@id\":\"https:\/\/thomasvino.ch\/?p=9761#breadcrumb\"},\"inLanguage\":\"fr-FR\",\"potentialAction\":[{\"@type\":\"ReadAction\",\"target\":[\"https:\/\/thomasvino.ch\/?p=9761\"]}]},{\"@type\":\"BreadcrumbList\",\"@id\":\"https:\/\/thomasvino.ch\/?p=9761#breadcrumb\",\"itemListElement\":[{\"@type\":\"ListItem\",\"position\":1,\"name\":\"Accueil\",\"item\":\"https:\/\/thomasvino.ch\/\"},{\"@type\":\"ListItem\",\"position\":2,\"name\":\"Vins suisses \u2014 Le championnat de d\u00e9gustation 2001\"}]},{\"@type\":\"WebSite\",\"@id\":\"https:\/\/thomasvino.ch\/#website\",\"url\":\"https:\/\/thomasvino.ch\/\",\"name\":\"thomasvino\",\"description\":\"Vins &amp; Gastronomie\",\"potentialAction\":[{\"@type\":\"SearchAction\",\"target\":{\"@type\":\"EntryPoint\",\"urlTemplate\":\"https:\/\/thomasvino.ch\/?s={search_term_string}\"},\"query-input\":\"required name=search_term_string\"}],\"inLanguage\":\"fr-FR\"},{\"@type\":\"Person\",\"@id\":\"https:\/\/thomasvino.ch\/#\/schema\/person\/670bf4486fe81152cf1d68bd585e062e\",\"name\":\"Pierre Thomas\",\"image\":{\"@type\":\"ImageObject\",\"inLanguage\":\"fr-FR\",\"@id\":\"https:\/\/thomasvino.ch\/#\/schema\/person\/image\/\",\"url\":\"https:\/\/secure.gravatar.com\/avatar\/91fd5a76647f140e53db987a0dead4d7?s=96&d=mm&r=g\",\"contentUrl\":\"https:\/\/secure.gravatar.com\/avatar\/91fd5a76647f140e53db987a0dead4d7?s=96&d=mm&r=g\",\"caption\":\"Pierre Thomas\"},\"url\":\"https:\/\/thomasvino.ch\/?author=3\"}]}<\/script>\n<!-- \/ Yoast SEO plugin. -->","yoast_head_json":{"title":"Vins suisses \u2014 Le championnat de d\u00e9gustation 2001 - thomasvino","robots":{"index":"index","follow":"follow","max-snippet":"max-snippet:-1","max-image-preview":"max-image-preview:large","max-video-preview":"max-video-preview:-1"},"canonical":"https:\/\/thomasvino.ch\/?p=9761","og_locale":"fr_FR","og_type":"article","og_title":"Vins suisses \u2014 Le championnat de d\u00e9gustation 2001 - thomasvino","og_description":"Vins suisses \u2014 Championnat au Chalet-\u00e0-Gobet La d\u00e9gustation? Un v\u00e9ritable sport! Ils \u00e9taient une soixantaine, non pas dans les starting-blocks, mais face \u00e0 des verres, hier matin, \u00e0 l&#39;Ecole h\u00f4teli\u00e8re de Lausanne. Soixante-quatre, soit un sur sept, de ces pr\u00e9qualifi\u00e9s au Championnat suisse de d\u00e9gustation iront en finale, vraisemblablement \u00abjou\u00e9e\u00bb au m\u00eame endroit, cet automne. [&hellip;]","og_url":"https:\/\/thomasvino.ch\/?p=9761","og_site_name":"thomasvino","article_published_time":"2006-05-10T16:07:00+00:00","author":"Pierre Thomas","twitter_misc":{"\u00c9crit par":"Pierre Thomas","Dur\u00e9e de lecture estim\u00e9e":"2 minutes"},"schema":{"@context":"https:\/\/schema.org","@graph":[{"@type":"WebPage","@id":"https:\/\/thomasvino.ch\/?p=9761","url":"https:\/\/thomasvino.ch\/?p=9761","name":"Vins suisses \u2014 Le championnat de d\u00e9gustation 2001 - thomasvino","isPartOf":{"@id":"https:\/\/thomasvino.ch\/#website"},"datePublished":"2006-05-10T16:07:00+00:00","dateModified":"2006-05-10T16:07:00+00:00","author":{"@id":"https:\/\/thomasvino.ch\/#\/schema\/person\/670bf4486fe81152cf1d68bd585e062e"},"breadcrumb":{"@id":"https:\/\/thomasvino.ch\/?p=9761#breadcrumb"},"inLanguage":"fr-FR","potentialAction":[{"@type":"ReadAction","target":["https:\/\/thomasvino.ch\/?p=9761"]}]},{"@type":"BreadcrumbList","@id":"https:\/\/thomasvino.ch\/?p=9761#breadcrumb","itemListElement":[{"@type":"ListItem","position":1,"name":"Accueil","item":"https:\/\/thomasvino.ch\/"},{"@type":"ListItem","position":2,"name":"Vins suisses \u2014 Le championnat de d\u00e9gustation 2001"}]},{"@type":"WebSite","@id":"https:\/\/thomasvino.ch\/#website","url":"https:\/\/thomasvino.ch\/","name":"thomasvino","description":"Vins &amp; Gastronomie","potentialAction":[{"@type":"SearchAction","target":{"@type":"EntryPoint","urlTemplate":"https:\/\/thomasvino.ch\/?s={search_term_string}"},"query-input":"required name=search_term_string"}],"inLanguage":"fr-FR"},{"@type":"Person","@id":"https:\/\/thomasvino.ch\/#\/schema\/person\/670bf4486fe81152cf1d68bd585e062e","name":"Pierre Thomas","image":{"@type":"ImageObject","inLanguage":"fr-FR","@id":"https:\/\/thomasvino.ch\/#\/schema\/person\/image\/","url":"https:\/\/secure.gravatar.com\/avatar\/91fd5a76647f140e53db987a0dead4d7?s=96&d=mm&r=g","contentUrl":"https:\/\/secure.gravatar.com\/avatar\/91fd5a76647f140e53db987a0dead4d7?s=96&d=mm&r=g","caption":"Pierre Thomas"},"url":"https:\/\/thomasvino.ch\/?author=3"}]}},"jetpack_featured_media_url":"","jetpack_sharing_enabled":true,"jetpack_shortlink":"https:\/\/wp.me\/p3m4tZ-2xr","jetpack_likes_enabled":false,"jetpack-related-posts":[{"id":9896,"url":"https:\/\/thomasvino.ch\/?p=9896","url_meta":{"origin":9761,"position":0},"title":"Vins suisses \u2014 Les plus fines papilles vaudoises","date":"9 novembre 2006","format":false,"excerpt":"Vins suisses Les champions 2006 de d\u00e9gustation \u00ab\u00e0 la vaudoise\u00bb La d\u00e9gustation, discipline \u00abconcours Jean-Louis\u00bb, est un sport typiquement vaudois, o\u00f9 il faut un s\u00e9rieux entra\u00eenement pour d\u00e9crocher la timbale. Au Comptoir Suisse, la participation est en baisse : 3336 bulletins enregistr\u00e9s cette ann\u00e9e pour un peu plus de 10%\u2026","rel":"","context":"Dans &quot;Actus - News&quot;","img":{"alt_text":"","src":"","width":0,"height":0},"classes":[]},{"id":15376,"url":"https:\/\/thomasvino.ch\/?p=15376","url_meta":{"origin":9761,"position":1},"title":"D\u00e9gustation\u00a0: hop Suisse\u00a0!","date":"5 novembre 2018","format":false,"excerpt":"Il n\u2019y a pas qu\u2019au foot que les Belges battent l\u2019\u00e9quipe de Suisse. Quelques jours apr\u00e8s cette d\u00e9faite sur le terrain, les Helv\u00e8tes, tous Romands, se sont inclin\u00e9s pr\u00e8s de Montpellier, dans le championnat du monde de d\u00e9gustation, organis\u00e9 par la Revue du Vin de France. Mais ils ont sign\u00e9\u2026","rel":"","context":"Dans &quot;Actus - News&quot;","img":{"alt_text":"","src":"https:\/\/i0.wp.com\/thomasvino.ch\/wp-content\/uploads\/2018\/11\/chemp_deg-300x254.jpg?resize=350%2C200&ssl=1","width":350,"height":200},"classes":[]},{"id":13087,"url":"https:\/\/thomasvino.ch\/?p=13087","url_meta":{"origin":9761,"position":2},"title":"Le Verre d&rsquo;Or \u00e0 Cossonay 2015 et \u00e0 Arvinis 2016","date":"7 octobre 2015","format":false,"excerpt":"Le mardi 13 octobre 2015 \u00e0 18h00, au Restaurant de l\u2019Expo de Cossonay se tiendra la remise des prix du 74\u00e8me concours Jean-Louis et du Verre d'Or, le championnat vaudois de d\u00e9gustation. Ce concours sera aussi l'h\u00f4te d'honneur du prochain Arvinis \u00e0 Morges, du 13 au18 avril 2016. Lors de\u2026","rel":"","context":"Dans &quot;Actus - News&quot;","img":{"alt_text":"","src":"","width":0,"height":0},"classes":[]},{"id":17857,"url":"https:\/\/thomasvino.ch\/?p=17857","url_meta":{"origin":9761,"position":3},"title":"Championnat de d\u00e9gustation:  on prend les m\u00eames&#8230;","date":"22 ao\u00fbt 2022","format":false,"excerpt":"Le quatuor avait termin\u00e9 au 16\u00e8me rang l\u2019an pass\u00e9, apr\u00e8s une 1\u00e8re mi-temps d\u00e9sastreuse et une belle remont\u00e9e dans la seconde... Fera-t-il mieux cette ann\u00e9e, au championnat du monde de la d\u00e9gustation \u00e0 l\u2019aveugle par \u00e9quipes, organis\u00e9 par la Revue du vin de France (RVF)\u00a0? Les quatre Genevois, d\u00e9j\u00e0 victorieux\u2026","rel":"","context":"Dans &quot;Actus - News&quot;","img":{"alt_text":"","src":"","width":0,"height":0},"classes":[]},{"id":16113,"url":"https:\/\/thomasvino.ch\/?p=16113","url_meta":{"origin":9761,"position":4},"title":"D\u00e9gustation: un \u00abchapeau noir\u00bb \u00e0 conqu\u00e9rir!","date":"8 octobre 2019","format":false,"excerpt":"On a toujours eu l\u2019impression que les concours de d\u00e9gustation, sp\u00e9cialit\u00e9 \u00e9minemment vaudoise, dans la veine du fameux \u00abconcours Jean-Louis\u00bb, \u00e9taient r\u00e9serv\u00e9s \u00e0 un cercle restreint de d\u00e9gustateurs, une petite centaine\u2026 H\u00e9las, l\u2019impression perdure quand on voit qu\u2019un communiqu\u00e9 de presse est exp\u00e9di\u00e9 par mail deux jours avant le d\u00e9lai\u2026","rel":"","context":"Dans &quot;Actus - News&quot;","img":{"alt_text":"","src":"","width":0,"height":0},"classes":[]},{"id":17901,"url":"https:\/\/thomasvino.ch\/?p=17901","url_meta":{"origin":9761,"position":5},"title":"La Suisse 9\u00e8me au Championnat du monde de d\u00e9gustation","date":"11 octobre 2022","format":false,"excerpt":"C'est l'\u00e9quipe du Luxembourg qui a remport\u00e9 le \u00abchampionnat du monde de d\u00e9gustation par \u00e9quipes de la Revue du vin de France\u00bb, le 8 octobre, en Champagne. Elle a totalis\u00e9 139 points, devant le Portugal, 123 points, et l'Espagne, 122 points. La Suisse se classe 9\u00e8me, avec 111 points. Six\u2026","rel":"","context":"Dans &quot;Actus - News&quot;","img":{"alt_text":"","src":"","width":0,"height":0},"classes":[]}],"_links":{"self":[{"href":"https:\/\/thomasvino.ch\/index.php?rest_route=\/wp\/v2\/posts\/9761"}],"collection":[{"href":"https:\/\/thomasvino.ch\/index.php?rest_route=\/wp\/v2\/posts"}],"about":[{"href":"https:\/\/thomasvino.ch\/index.php?rest_route=\/wp\/v2\/types\/post"}],"author":[{"embeddable":true,"href":"https:\/\/thomasvino.ch\/index.php?rest_route=\/wp\/v2\/users\/3"}],"replies":[{"embeddable":true,"href":"https:\/\/thomasvino.ch\/index.php?rest_route=%2Fwp%2Fv2%2Fcomments&post=9761"}],"version-history":[{"count":0,"href":"https:\/\/thomasvino.ch\/index.php?rest_route=\/wp\/v2\/posts\/9761\/revisions"}],"wp:attachment":[{"href":"https:\/\/thomasvino.ch\/index.php?rest_route=%2Fwp%2Fv2%2Fmedia&parent=9761"}],"wp:term":[{"taxonomy":"category","embeddable":true,"href":"https:\/\/thomasvino.ch\/index.php?rest_route=%2Fwp%2Fv2%2Fcategories&post=9761"},{"taxonomy":"post_tag","embeddable":true,"href":"https:\/\/thomasvino.ch\/index.php?rest_route=%2Fwp%2Fv2%2Ftags&post=9761"}],"curies":[{"name":"wp","href":"https:\/\/api.w.org\/{rel}","templated":true}]}}