{"id":9767,"date":"2006-06-02T17:07:00","date_gmt":"2006-06-02T17:07:00","guid":{"rendered":"http:\/\/localhost\/thomasvino\/?p=9767"},"modified":"2013-04-02T13:34:04","modified_gmt":"2013-04-02T12:34:04","slug":"courtion-fr-auberge-de-letoile","status":"publish","type":"post","link":"https:\/\/thomasvino.ch\/?p=9767","title":{"rendered":"Courtion (FR) \u2014 Auberge de l&rsquo;Etoile"},"content":{"rendered":"<div style=\"text-align: justify;\"><font style=\"font-weight: bold;\" size=\"4\"><span style=\"font-style: italic;\">Auberge de l\u2019Etoile \u00e0 Courtion (FR)<\/span><\/font><br \/> <font style=\"font-weight: bold;\" size=\"5\">Une trajectoire fraternelle<\/font><br \/> Les bonnes choses vont par deux, dans cette auberge des environs de Fribourg, direction Morat ou Avenches. Ses deux salles ont \u00e9t\u00e9 reprises par \u00ables fr\u00e8res Rapacchia\u00bb, comme ils l\u2019\u00e9crivent sur leur carte de visite, il y a bient\u00f4t deux ans (en octobre prochain). <br \/> Voil\u00e0 donc le duo gentiment rod\u00e9 pour accueillir leurs h\u00f4tes. Si la terrasse est vaste, \u00e0 l\u2019arri\u00e8re de la maison, sous un gros marronnier, et compl\u00e8te les salles, les patrons n\u2019ont pas l\u2019intention de d\u00e9passer les cinquante couverts. En ce printemps frisquet, ceux-ci se r\u00e9partissaient entre une salle au d\u00e9cor bistrot parisien et une salle bois\u00e9e, au mobilier contemporain, ancien bar \u00e0 whiskies. Depuis plusieurs mois, non-fumeurs, dans la premi\u00e8re salle, et fumeurs dans la seconde, doivent choisir leur camp. <br \/> <span style=\"font-weight: bold;\">Des CV prometteurs<\/span><br \/> Au service, Daniel, 29 ans. Avec affabilit\u00e9, il d\u00e9taille carte et suggestion. Ce dipl\u00f4m\u00e9 de l\u2019Ecole h\u00f4teli\u00e8re de Lausanne, vol\u00e9e \u00e9t\u00e9 2000, a effectu\u00e9 le d\u00e9but de sa carri\u00e8re au Tessin, notamment au luxueux Eden Roc d\u2019Ascona, avant de revenir dans la r\u00e9gion fribourgeoise. Son fr\u00e8re, Paolo, 32 ans, est en cuisine, avec deux aides. <br \/> Les fr\u00e8res, n\u00e9s \u00e0 Fribourg, ont d\u00e9j\u00e0 travaill\u00e9 en duo dans la m\u00eame maison, \u00e0 Fribourg, chez Pierre-Andr\u00e9 Ayer, \u00e0 la Fleur-de-Lys, puis au Duc Berthold, \u00e0 l\u2019\u00e9poque de St\u00e9phane Mooser, qu\u2019ils ont suivi \u00e0 l\u2019Auberge du Grand-Pin, \u00e0 Peseux (NE). Avec une fin d\u2019apprentissage chez Marcel Th\u00fcrler, \u00e0 La Tour-de-Tr\u00eame, et un passage dans la brigade d\u2019Alain B\u00e4chler, \u00e0 Bourguillon, Paolo Rapacchia a fait le tour des toutes meilleures tables fribourgeoises. La mise \u00e0 plat, dans l\u2019assiette, de ce curriculum vitae flatteur ne d\u00e9\u00e7oit pas. Certes, la carte est courte, mais suit les saisons, et un menu \u00e0 65 francs (49 fr. avec une seule entr\u00e9e) la r\u00e9sume. <br \/> <span style=\"font-weight: bold;\">Des cuissons parfaites<\/span><br \/> A la carte, nous avons jet\u00e9 notre d\u00e9volu sur un original carpaccio de veau \u00e0 l\u2019huile de noisette (16 fr.) et, parmi un choix de p\u00e2tes, sur des raviolis d\u2019asperges (17 fr.), qui respectaient pleinement le go\u00fbt du turion. En plat principal, le carr\u00e9 d\u2019agneau (36 fr.), recommand\u00e9 par Daniel, s\u2019est montr\u00e9 d\u2019une cuisson parfaite, ros\u00e9, tendre et go\u00fbteux, avec, pour seul b\u00e9mol, une sauce un peu doucereuse, caram\u00e9lis\u00e9e au miel, qui contrastait avec les vifs aromates de la viande. Le thym soulignait aussi de belle mani\u00e8re un supr\u00eame de poularde (21 fr.) \u00e0 la consistance id\u00e9ale \u2014 tant ce morceau soufre trop souvent d\u2019une cuisson s\u00e8che\u2026 Candidat au m\u00eame sort, le r\u00e2ble de lapin \u00e0 la moutarde (26 fr.), moelleux sous la dent, s\u2019en tirait \u00e0 son avantage. Frais l\u00e9gumes et excellent gratin de pommes de terre accompagnaient ces viandes. En dessert, hormis des sorbets \u00e0 l\u2019alcool, reliques campagnardes \u00e0 la glace qui n\u2019est pas \u00abmaison\u00bb, un parfait au citron vert qui l\u2019\u00e9tait, au-dessus de tout soup\u00e7on. <br \/> La carte des vins puise dans le catalogue de n\u00e9gociants locaux, mais est \u00e9quilibr\u00e9e, tant dans l\u2019origine des flacons que dans le prix. Un bon point: le rapport qualit\u00e9-prix s\u2019av\u00e8re remarquable au final. Ainsi, au caf\u00e9, le menu du jour est \u00e0 16 fr. et l\u2019autre vendredi \u00e0 midi, on s\u2019y r\u00e9galait de sandre au beurre blanc. Pour s\u00fbr, les jeunes fr\u00e8res Rapacchia marchent de conserve sous une bonne \u00e9toile.<br \/> <font style=\"font-weight: bold; font-style: italic;\" size=\"3\">La bonne adresse<\/font><br \/> Auberge de l\u2019Etoile<br \/> T\u00e9l. 026 475 41 21<br \/> Ferm\u00e9 lundi et mardi<br \/> Vacances du 23 juillet au 17 ao\u00fbt <\/p>\n<p> <font size=\"3\"><span style=\"font-weight: bold; font-style: italic;\">Le flacon tir\u00e9 de sa cave&#8230;<\/span><br style=\"font-weight: bold;\"> <span style=\"font-weight: bold;\">Sudiste passe-partout<\/span><\/font><br \/> Prenez un agneau et sa sauce suave&nbsp;: quel vin peut aller avec&nbsp;? On a choisi judicieusement un rouge des Pouilles qui, \u00e0 Courtion, marche fort. Le <span style=\"font-weight: bold;\">Mastroleo<\/span>, marque commerciale qui dissimule un vin fort bien fait, distribu\u00e9 par les n\u00e9gociants en vins Pittet, p\u00e8re et (ses trois) fils \u00e0 Epagny-Gruy\u00e8res (FR) (<a href=\"http:\/\/www.pittetvins.ch\/\">www.pittetvins.ch<\/a>). Un <span style=\"font-weight: bold;\">pur primitivo<\/span> de sa r\u00e9gion de pr\u00e9dilection, la petite ville de Manduria, dans la province de Tarente, dont le golfe occupe l\u2019espace entre le talon et le pied de la botte italienne. Un vin rond, m\u00fbr (version 2003&nbsp;!), riche (14\u00b0 de rigueur dans l\u2019appellation), aux ar\u00f4mes d\u2019\u00e9pices douces (cannelle) et de tabac blond, sur une acidit\u00e9 qui le soutient. Ca ne vous rappelle rien? Go\u00fbtez donc un zinfandel de la C\u00f4te Ouest des Etats-Unis. M\u00eame texture, m\u00eames ar\u00f4mes. L\u2019explication est simple&nbsp;: primitivo et zinfandel sont jumeaux, n\u00e9s sur l\u2019\u00eele croate de Krk o\u00f9 le c\u00e9page est connu comme \u00abcrijenak\u00bb. Il a fallu une recherche en paternit\u00e9 par ADN de l\u2019Universit\u00e9 de Davies (Californie) pour trancher la venimeuse controverse entre Italiens et Am\u00e9ricains renvoy\u00e9s dos \u00e0 dos.<\/p>\n<p> <span style=\"font-style: italic;\">Paru dans Le Matin-Dimanche du 4 juin 2006.<\/span><\/p><\/div>\n","protected":false},"excerpt":{"rendered":"<p>Auberge de l\u2019Etoile \u00e0 Courtion (FR) Une trajectoire fraternelle Les bonnes choses vont par deux, dans cette auberge des environs de Fribourg, direction Morat ou Avenches. Ses deux salles ont \u00e9t\u00e9 reprises par \u00ables fr\u00e8res Rapacchia\u00bb, comme ils l\u2019\u00e9crivent sur leur carte de visite, il y a bient\u00f4t deux ans (en octobre prochain). Voil\u00e0 donc [&hellip;]<\/p>\n","protected":false},"author":3,"featured_media":0,"comment_status":"closed","ping_status":"open","sticky":false,"template":"","format":"standard","meta":{"_monsterinsights_skip_tracking":false,"_monsterinsights_sitenote_active":false,"_monsterinsights_sitenote_note":"","_monsterinsights_sitenote_category":0,"jetpack_post_was_ever_published":false,"jetpack_publicize_message":"","jetpack_is_tweetstorm":false,"jetpack_publicize_feature_enabled":true,"jetpack_social_post_already_shared":false,"jetpack_social_options":{"image_generator_settings":{"template":"highway","enabled":false}}},"categories":[19,20],"tags":[],"jetpack_publicize_connections":[],"yoast_head":"<!-- This site is optimized with the Yoast SEO plugin v20.6 - https:\/\/yoast.com\/wordpress\/plugins\/seo\/ -->\n<title>Courtion (FR) \u2014 Auberge de l&#039;Etoile - thomasvino<\/title>\n<meta name=\"robots\" content=\"index, follow, max-snippet:-1, max-image-preview:large, max-video-preview:-1\" \/>\n<link rel=\"canonical\" href=\"https:\/\/thomasvino.ch\/?p=9767\" \/>\n<meta property=\"og:locale\" content=\"fr_FR\" \/>\n<meta property=\"og:type\" content=\"article\" \/>\n<meta property=\"og:title\" content=\"Courtion (FR) \u2014 Auberge de l&#039;Etoile - thomasvino\" \/>\n<meta property=\"og:description\" content=\"Auberge de l\u2019Etoile \u00e0 Courtion (FR) Une trajectoire fraternelle Les bonnes choses vont par deux, dans cette auberge des environs de Fribourg, direction Morat ou Avenches. Ses deux salles ont \u00e9t\u00e9 reprises par \u00ables fr\u00e8res Rapacchia\u00bb, comme ils l\u2019\u00e9crivent sur leur carte de visite, il y a bient\u00f4t deux ans (en octobre prochain). Voil\u00e0 donc [&hellip;]\" \/>\n<meta property=\"og:url\" content=\"https:\/\/thomasvino.ch\/?p=9767\" \/>\n<meta property=\"og:site_name\" content=\"thomasvino\" \/>\n<meta property=\"article:published_time\" content=\"2006-06-02T17:07:00+00:00\" \/>\n<meta property=\"article:modified_time\" content=\"2013-04-02T12:34:04+00:00\" \/>\n<meta name=\"author\" content=\"Pierre Thomas\" \/>\n<meta name=\"twitter:label1\" content=\"\u00c9crit par\" \/>\n\t<meta name=\"twitter:data1\" content=\"Pierre Thomas\" \/>\n\t<meta name=\"twitter:label2\" content=\"Dur\u00e9e de lecture estim\u00e9e\" \/>\n\t<meta name=\"twitter:data2\" content=\"4 minutes\" \/>\n<script type=\"application\/ld+json\" class=\"yoast-schema-graph\">{\"@context\":\"https:\/\/schema.org\",\"@graph\":[{\"@type\":\"WebPage\",\"@id\":\"https:\/\/thomasvino.ch\/?p=9767\",\"url\":\"https:\/\/thomasvino.ch\/?p=9767\",\"name\":\"Courtion (FR) \u2014 Auberge de l'Etoile - thomasvino\",\"isPartOf\":{\"@id\":\"https:\/\/thomasvino.ch\/#website\"},\"datePublished\":\"2006-06-02T17:07:00+00:00\",\"dateModified\":\"2013-04-02T12:34:04+00:00\",\"author\":{\"@id\":\"https:\/\/thomasvino.ch\/#\/schema\/person\/670bf4486fe81152cf1d68bd585e062e\"},\"breadcrumb\":{\"@id\":\"https:\/\/thomasvino.ch\/?p=9767#breadcrumb\"},\"inLanguage\":\"fr-FR\",\"potentialAction\":[{\"@type\":\"ReadAction\",\"target\":[\"https:\/\/thomasvino.ch\/?p=9767\"]}]},{\"@type\":\"BreadcrumbList\",\"@id\":\"https:\/\/thomasvino.ch\/?p=9767#breadcrumb\",\"itemListElement\":[{\"@type\":\"ListItem\",\"position\":1,\"name\":\"Accueil\",\"item\":\"https:\/\/thomasvino.ch\/\"},{\"@type\":\"ListItem\",\"position\":2,\"name\":\"Courtion (FR) \u2014 Auberge de l&rsquo;Etoile\"}]},{\"@type\":\"WebSite\",\"@id\":\"https:\/\/thomasvino.ch\/#website\",\"url\":\"https:\/\/thomasvino.ch\/\",\"name\":\"thomasvino\",\"description\":\"Vins &amp; Gastronomie\",\"potentialAction\":[{\"@type\":\"SearchAction\",\"target\":{\"@type\":\"EntryPoint\",\"urlTemplate\":\"https:\/\/thomasvino.ch\/?s={search_term_string}\"},\"query-input\":\"required name=search_term_string\"}],\"inLanguage\":\"fr-FR\"},{\"@type\":\"Person\",\"@id\":\"https:\/\/thomasvino.ch\/#\/schema\/person\/670bf4486fe81152cf1d68bd585e062e\",\"name\":\"Pierre Thomas\",\"image\":{\"@type\":\"ImageObject\",\"inLanguage\":\"fr-FR\",\"@id\":\"https:\/\/thomasvino.ch\/#\/schema\/person\/image\/\",\"url\":\"https:\/\/secure.gravatar.com\/avatar\/91fd5a76647f140e53db987a0dead4d7?s=96&d=mm&r=g\",\"contentUrl\":\"https:\/\/secure.gravatar.com\/avatar\/91fd5a76647f140e53db987a0dead4d7?s=96&d=mm&r=g\",\"caption\":\"Pierre Thomas\"},\"url\":\"https:\/\/thomasvino.ch\/?author=3\"}]}<\/script>\n<!-- \/ Yoast SEO plugin. -->","yoast_head_json":{"title":"Courtion (FR) \u2014 Auberge de l'Etoile - thomasvino","robots":{"index":"index","follow":"follow","max-snippet":"max-snippet:-1","max-image-preview":"max-image-preview:large","max-video-preview":"max-video-preview:-1"},"canonical":"https:\/\/thomasvino.ch\/?p=9767","og_locale":"fr_FR","og_type":"article","og_title":"Courtion (FR) \u2014 Auberge de l'Etoile - thomasvino","og_description":"Auberge de l\u2019Etoile \u00e0 Courtion (FR) Une trajectoire fraternelle Les bonnes choses vont par deux, dans cette auberge des environs de Fribourg, direction Morat ou Avenches. Ses deux salles ont \u00e9t\u00e9 reprises par \u00ables fr\u00e8res Rapacchia\u00bb, comme ils l\u2019\u00e9crivent sur leur carte de visite, il y a bient\u00f4t deux ans (en octobre prochain). Voil\u00e0 donc [&hellip;]","og_url":"https:\/\/thomasvino.ch\/?p=9767","og_site_name":"thomasvino","article_published_time":"2006-06-02T17:07:00+00:00","article_modified_time":"2013-04-02T12:34:04+00:00","author":"Pierre Thomas","twitter_misc":{"\u00c9crit par":"Pierre Thomas","Dur\u00e9e de lecture estim\u00e9e":"4 minutes"},"schema":{"@context":"https:\/\/schema.org","@graph":[{"@type":"WebPage","@id":"https:\/\/thomasvino.ch\/?p=9767","url":"https:\/\/thomasvino.ch\/?p=9767","name":"Courtion (FR) \u2014 Auberge de l'Etoile - thomasvino","isPartOf":{"@id":"https:\/\/thomasvino.ch\/#website"},"datePublished":"2006-06-02T17:07:00+00:00","dateModified":"2013-04-02T12:34:04+00:00","author":{"@id":"https:\/\/thomasvino.ch\/#\/schema\/person\/670bf4486fe81152cf1d68bd585e062e"},"breadcrumb":{"@id":"https:\/\/thomasvino.ch\/?p=9767#breadcrumb"},"inLanguage":"fr-FR","potentialAction":[{"@type":"ReadAction","target":["https:\/\/thomasvino.ch\/?p=9767"]}]},{"@type":"BreadcrumbList","@id":"https:\/\/thomasvino.ch\/?p=9767#breadcrumb","itemListElement":[{"@type":"ListItem","position":1,"name":"Accueil","item":"https:\/\/thomasvino.ch\/"},{"@type":"ListItem","position":2,"name":"Courtion (FR) \u2014 Auberge de l&rsquo;Etoile"}]},{"@type":"WebSite","@id":"https:\/\/thomasvino.ch\/#website","url":"https:\/\/thomasvino.ch\/","name":"thomasvino","description":"Vins &amp; Gastronomie","potentialAction":[{"@type":"SearchAction","target":{"@type":"EntryPoint","urlTemplate":"https:\/\/thomasvino.ch\/?s={search_term_string}"},"query-input":"required name=search_term_string"}],"inLanguage":"fr-FR"},{"@type":"Person","@id":"https:\/\/thomasvino.ch\/#\/schema\/person\/670bf4486fe81152cf1d68bd585e062e","name":"Pierre Thomas","image":{"@type":"ImageObject","inLanguage":"fr-FR","@id":"https:\/\/thomasvino.ch\/#\/schema\/person\/image\/","url":"https:\/\/secure.gravatar.com\/avatar\/91fd5a76647f140e53db987a0dead4d7?s=96&d=mm&r=g","contentUrl":"https:\/\/secure.gravatar.com\/avatar\/91fd5a76647f140e53db987a0dead4d7?s=96&d=mm&r=g","caption":"Pierre Thomas"},"url":"https:\/\/thomasvino.ch\/?author=3"}]}},"jetpack_featured_media_url":"","jetpack_sharing_enabled":true,"jetpack_shortlink":"https:\/\/wp.me\/p3m4tZ-2xx","jetpack_likes_enabled":false,"jetpack-related-posts":[{"id":9948,"url":"https:\/\/thomasvino.ch\/?p=9948","url_meta":{"origin":9767,"position":0},"title":"Aclens (VD) &#8211; Auberge communale","date":"1 avril 2007","format":false,"excerpt":"Auberge communale d\u2019Aclens (VD)\u00abLe nez dans le guidon\u00bbDe discret \u00abgregario\u00bb de cuisine prestigieuse, le \u00absecond\u00bb ambitionne volontiers de passer chef de file. Ce printemps, Luc Parmentier, 32 ans, fait ses premiers tours de roue comme patron. \u00abLe nez dans le guidon\u00bb, dit-il devant sa \u00abb\u00e9cane\u00bb toute neuve, un fourneau en\u2026","rel":"","context":"Dans &quot;Adresses&quot;","img":{"alt_text":"","src":"","width":0,"height":0},"classes":[]},{"id":9665,"url":"https:\/\/thomasvino.ch\/?p=9665","url_meta":{"origin":9767,"position":1},"title":"La Rippe (VD) \u2014 Auberge de l&rsquo;Etoile","date":"7 janvier 2005","format":false,"excerpt":"Auberge communale L\u2019Etoile, La Rippe (VD) L\u2019ambition aux fourneaux Les bonnes auberges ne manquent pas dans l\u2019arri\u00e8re-pays vaudois aux villas cossues. A la Rippe, les Volery ont pass\u00e9 la main apr\u00e8s plus de vingt ans \u00e0 la barre de cette grosse b\u00e2tisse. Et pour les Mercier, depuis septembre, a d\u00e9but\u00e9\u2026","rel":"","context":"Dans &quot;Adresses&quot;","img":{"alt_text":"","src":"","width":0,"height":0},"classes":[]},{"id":9541,"url":"https:\/\/thomasvino.ch\/?p=9541","url_meta":{"origin":9767,"position":2},"title":"L\u00e9chelles (FR) \u2014 Auberge communale","date":"14 janvier 2005","format":false,"excerpt":"Auberge communale de L\u00e9chelles (FR) La m\u00e9thode des temp\u00e9ratures Il va bient\u00f4t y avoir du neuf \u00e0 L\u00e9chelles, \u00e0 mi-chemin de Payerne et Fribourg. En face de la gare, l'Auberge communale va \u00eatre dot\u00e9e d'une nouvelle salle de restaurant et d'une cuisine \u00e0 la hauteur des ambitions du tenancier depuis\u2026","rel":"","context":"Dans &quot;Adresses&quot;","img":{"alt_text":"","src":"","width":0,"height":0},"classes":[]},{"id":9689,"url":"https:\/\/thomasvino.ch\/?p=9689","url_meta":{"origin":9767,"position":3},"title":"Saint-Saphorin (VD) \u2014Auberge de l&rsquo;Onde","date":"14 novembre 2005","format":false,"excerpt":"Auberge de l\u2019Onde \u00e0 St-Saphorin (VD) Et vogue la barque du L\u00e9man L\u2019Auberge de l\u2019Onde a failli sombrer corps et \u00e2me avec la fin du pr\u00e9c\u00e9dent mill\u00e9naire. Elle vient de rouvrir, juste en face de l\u2019\u00e9glise gothique de Saint-Symphorien, du d\u00e9but du 16\u00e8me si\u00e8cle. On mangeait ici depuis 1750\u2026 Au\u2026","rel":"","context":"Dans &quot;Adresses&quot;","img":{"alt_text":"","src":"","width":0,"height":0},"classes":[]},{"id":9145,"url":"https:\/\/thomasvino.ch\/?p=9145","url_meta":{"origin":9767,"position":4},"title":"La Br\u00e9vine (NE) \u2014 Au Loup Blanc","date":"12 janvier 2005","format":false,"excerpt":"Au Loup Blanc, La Br\u00e9vine (NE) L\u2019esprit d\u2019un pays de loups Quand on parvient \u00e0 la Br\u00e9vine, la petite place du village, sa brocante et ses deux bistrots vous r\u00e9chauffent le c\u0153ur. M\u00eame si c\u2019est un des endroits les plus froids de Suisse, en hiver. Claude-Isabelle et Jean-Daniel Oppliger venaient\u2026","rel":"","context":"Dans &quot;Adresses&quot;","img":{"alt_text":"","src":"","width":0,"height":0},"classes":[]},{"id":9694,"url":"https:\/\/thomasvino.ch\/?p=9694","url_meta":{"origin":9767,"position":5},"title":"Lausanne \u2014 Chalet-\u00e0-Gobet (VD) \u2014 Le Chalet des Enfants","date":"5 d\u00e9cembre 2005","format":false,"excerpt":"Le Chalet des Enfants, Le Chalet-\u00e0-Gobet (VD) Une auberge bon enfant La Ville de Lausanne a ses domaines, forestiers, viticoles et agricoles. Pas moins de 27 kilom\u00e8tres carr\u00e9s, soit la surface de quatre mille terrains de foot ! R\u00e9nov\u00e9 et r\u00e9ouvert au printemps 2005, le Chalet des Enfants, \u00e0 mi-chemin\u2026","rel":"","context":"Dans &quot;Adresses&quot;","img":{"alt_text":"","src":"","width":0,"height":0},"classes":[]}],"_links":{"self":[{"href":"https:\/\/thomasvino.ch\/index.php?rest_route=\/wp\/v2\/posts\/9767"}],"collection":[{"href":"https:\/\/thomasvino.ch\/index.php?rest_route=\/wp\/v2\/posts"}],"about":[{"href":"https:\/\/thomasvino.ch\/index.php?rest_route=\/wp\/v2\/types\/post"}],"author":[{"embeddable":true,"href":"https:\/\/thomasvino.ch\/index.php?rest_route=\/wp\/v2\/users\/3"}],"replies":[{"embeddable":true,"href":"https:\/\/thomasvino.ch\/index.php?rest_route=%2Fwp%2Fv2%2Fcomments&post=9767"}],"version-history":[{"count":0,"href":"https:\/\/thomasvino.ch\/index.php?rest_route=\/wp\/v2\/posts\/9767\/revisions"}],"wp:attachment":[{"href":"https:\/\/thomasvino.ch\/index.php?rest_route=%2Fwp%2Fv2%2Fmedia&parent=9767"}],"wp:term":[{"taxonomy":"category","embeddable":true,"href":"https:\/\/thomasvino.ch\/index.php?rest_route=%2Fwp%2Fv2%2Fcategories&post=9767"},{"taxonomy":"post_tag","embeddable":true,"href":"https:\/\/thomasvino.ch\/index.php?rest_route=%2Fwp%2Fv2%2Ftags&post=9767"}],"curies":[{"name":"wp","href":"https:\/\/api.w.org\/{rel}","templated":true}]}}