{"id":9789,"date":"2006-06-26T13:33:00","date_gmt":"2006-06-26T13:33:00","guid":{"rendered":"http:\/\/localhost\/thomasvino\/?p=9789"},"modified":"2006-06-26T13:33:00","modified_gmt":"2006-06-26T13:33:00","slug":"b-comme-breton-produits","status":"publish","type":"post","link":"https:\/\/thomasvino.ch\/?p=9789","title":{"rendered":"B comme Breton (produits&#8230;)"},"content":{"rendered":"<div style=\"text-align: justify;\"><span style=\"font-weight: bold; font-style: italic;\">Retour du march\u00e9 du Matin du samedi 24 mars 2006<\/span><br style=\"font-weight: bold;\"> <font size=\"5\"><span style=\"font-weight: bold;\">Sucr\u00e9-sal\u00e9 breton<\/span><\/font><br \/> A 50 ans, apr\u00e8s des remous professionnels entra\u00een\u00e9s par les soubresauts de l\u2019industrie suisse et du Nord Vaudois, l\u2019ing\u00e9nieur Alain Doll s\u2019est souvenu de ses origines bretonnes, \u00e0 peine effac\u00e9es par un quart de si\u00e8cle de tribulations helv\u00e9tiques. Et le voil\u00e0 donc parti sur les routes pour d\u00e9nicher des produits typiques. Il en est revenu avec des coffres pleins. Le public d\u2019ici, il l\u2019a t\u00e2t\u00e9 au d\u00e9part de \u00abLa Vaudoise\u00bb des Pirates d\u2019Ouchy pour de glorieuses r\u00e9gates atlantiques. La cr\u00eape, on aime bien\u2026 Qu\u2019elle soit de sarazin ou finement roul\u00e9e comme les dentelles de Pont-d\u2019Aven, sp\u00e9cialit\u00e9 vieille de 85 ans. De m\u00eame la galette, garantie pur beurre. \u00abJe n\u2019importe que des produits naturels, sans additifs, qui n\u2019ont rien \u00e0 voir avec ceux de l\u2019industrie\u00bb, assure Alain Doll.<br \/> Sal\u00e9s ou sucr\u00e9s, les go\u00fbts des Romands&nbsp;? \u00abLes galettes marchent fort. Mes clients pr\u00e9f\u00e8rent le sucr\u00e9\u00bb. D\u2019o\u00f9 une diversification, rayon friandises. Par exemple avec \u00abLes Palourdes\u00bb, confectionn\u00e9es dans l\u2019atelier ouvert par Raymond Audebert, il y a soixante ans, \u00e0 Quiberon, dans le Morbihan. Une curieuse confiserie, emball\u00e9e individuellement. Il faut la laisser fondre sous la langue. La coquille de pralin\u00e9 lib\u00e8re ses ar\u00f4mes, avant de r\u00e9v\u00e9ler un c\u0153ur feuillet\u00e9, qui crisse sous la dent. Au go\u00fbt de noisette s\u2019ajoute la texture, plus r\u00e9sistante \u00e0 mesure que le bonbon fond. Mais gare&nbsp;: si vous la croquez, vous ne sentirez rien\u2026 Son artisan-fabricant est champion \u00ab\u00e8s\u00bb douceurs, connu pour ses \u00abNiniches\u00bb, une sucette sacr\u00e9e \u00abmeilleur bonbon de France\u00bb. Berlingots, sucres d\u2019orge, caramels et, surtout, Salidou, cr\u00e8me \u00e0 tartiner de caramel au beurre sal\u00e9, y\u2019en a pour tous les becs-\u00e0-sucre du monde\u2026<br \/> La palourde n\u2019est pas seule \u00e0 pratiquer le contraste maritime, dans l\u2019assortiment import\u00e9. A Concarneau, la Conserverie Courtin propose autant la galette que la sardine. Sa sp\u00e9cialit\u00e9, c\u2019est le confit de noix de Saint-Jacques, cuites deux fois dans du beurre, selon une recette de 1893, et log\u00e9es ensuite dans des bo\u00eetes ou des bocaux. A Agrobiorama, la semaine prochaine, Alain Doll pr\u00e9sentera aussi des sels aromatis\u00e9s et des salicornes en semi-conserve. Pour paraphraser Renaud, \u00e7a n\u2019est l\u2019homme qui prend la Bretagne, mais la Bretagne qui prend l\u2019homme\u2026<\/p>\n<p> <span style=\"font-weight: bold;\">Producteur<\/span><br \/> La Maison d\u2019Armorine, Quiberon (Bretagne), <a href=\"http:\/\/www.niniche.com\/\">www.niniche.com<\/a><br \/> <span style=\"font-weight: bold;\">En vente<\/span><br \/> Doll Import, 1400 Yverdon-les-Bains, t\u00e9l. 078 751 57 98. Stand \u00e0 Agrobiorama Expo (coupl\u00e9 avec Mednat), Palais de Beaulieu, Lausanne, 29 mars \u2014 2 avril<br \/> <span style=\"font-weight: bold;\">Prix<\/span><br \/> \u00abLes Palourdes\u00bb, friandises, 12 fr. l\u2019emballage de 250 g.<\/p><\/div>\n","protected":false},"excerpt":{"rendered":"<p>Retour du march\u00e9 du Matin du samedi 24 mars 2006 Sucr\u00e9-sal\u00e9 breton A 50 ans, apr\u00e8s des remous professionnels entra\u00een\u00e9s par les soubresauts de l\u2019industrie suisse et du Nord Vaudois, l\u2019ing\u00e9nieur Alain Doll s\u2019est souvenu de ses origines bretonnes, \u00e0 peine effac\u00e9es par un quart de si\u00e8cle de tribulations helv\u00e9tiques. Et le voil\u00e0 donc parti [&hellip;]<\/p>\n","protected":false},"author":3,"featured_media":0,"comment_status":"closed","ping_status":"open","sticky":false,"template":"","format":"standard","meta":{"_monsterinsights_skip_tracking":false,"_monsterinsights_sitenote_active":false,"_monsterinsights_sitenote_note":"","_monsterinsights_sitenote_category":0,"jetpack_post_was_ever_published":false,"jetpack_publicize_message":"","jetpack_is_tweetstorm":false,"jetpack_publicize_feature_enabled":true,"jetpack_social_post_already_shared":false,"jetpack_social_options":{"image_generator_settings":{"template":"highway","enabled":false}}},"categories":[21],"tags":[],"jetpack_publicize_connections":[],"yoast_head":"<!-- This site is optimized with the Yoast SEO plugin v20.6 - https:\/\/yoast.com\/wordpress\/plugins\/seo\/ -->\n<title>B comme Breton (produits...) - thomasvino<\/title>\n<meta name=\"robots\" content=\"index, follow, max-snippet:-1, max-image-preview:large, max-video-preview:-1\" \/>\n<link rel=\"canonical\" href=\"https:\/\/thomasvino.ch\/?p=9789\" \/>\n<meta property=\"og:locale\" content=\"fr_FR\" \/>\n<meta property=\"og:type\" content=\"article\" \/>\n<meta property=\"og:title\" content=\"B comme Breton (produits...) - thomasvino\" \/>\n<meta property=\"og:description\" content=\"Retour du march\u00e9 du Matin du samedi 24 mars 2006 Sucr\u00e9-sal\u00e9 breton A 50 ans, apr\u00e8s des remous professionnels entra\u00een\u00e9s par les soubresauts de l\u2019industrie suisse et du Nord Vaudois, l\u2019ing\u00e9nieur Alain Doll s\u2019est souvenu de ses origines bretonnes, \u00e0 peine effac\u00e9es par un quart de si\u00e8cle de tribulations helv\u00e9tiques. Et le voil\u00e0 donc parti [&hellip;]\" \/>\n<meta property=\"og:url\" content=\"https:\/\/thomasvino.ch\/?p=9789\" \/>\n<meta property=\"og:site_name\" content=\"thomasvino\" \/>\n<meta property=\"article:published_time\" content=\"2006-06-26T13:33:00+00:00\" \/>\n<meta name=\"author\" content=\"Pierre Thomas\" \/>\n<meta name=\"twitter:label1\" content=\"\u00c9crit par\" \/>\n\t<meta name=\"twitter:data1\" content=\"Pierre Thomas\" \/>\n\t<meta name=\"twitter:label2\" content=\"Dur\u00e9e de lecture estim\u00e9e\" \/>\n\t<meta name=\"twitter:data2\" content=\"2 minutes\" \/>\n<script type=\"application\/ld+json\" class=\"yoast-schema-graph\">{\"@context\":\"https:\/\/schema.org\",\"@graph\":[{\"@type\":\"WebPage\",\"@id\":\"https:\/\/thomasvino.ch\/?p=9789\",\"url\":\"https:\/\/thomasvino.ch\/?p=9789\",\"name\":\"B comme Breton (produits...) - thomasvino\",\"isPartOf\":{\"@id\":\"https:\/\/thomasvino.ch\/#website\"},\"datePublished\":\"2006-06-26T13:33:00+00:00\",\"dateModified\":\"2006-06-26T13:33:00+00:00\",\"author\":{\"@id\":\"https:\/\/thomasvino.ch\/#\/schema\/person\/670bf4486fe81152cf1d68bd585e062e\"},\"breadcrumb\":{\"@id\":\"https:\/\/thomasvino.ch\/?p=9789#breadcrumb\"},\"inLanguage\":\"fr-FR\",\"potentialAction\":[{\"@type\":\"ReadAction\",\"target\":[\"https:\/\/thomasvino.ch\/?p=9789\"]}]},{\"@type\":\"BreadcrumbList\",\"@id\":\"https:\/\/thomasvino.ch\/?p=9789#breadcrumb\",\"itemListElement\":[{\"@type\":\"ListItem\",\"position\":1,\"name\":\"Accueil\",\"item\":\"https:\/\/thomasvino.ch\/\"},{\"@type\":\"ListItem\",\"position\":2,\"name\":\"B comme Breton (produits&#8230;)\"}]},{\"@type\":\"WebSite\",\"@id\":\"https:\/\/thomasvino.ch\/#website\",\"url\":\"https:\/\/thomasvino.ch\/\",\"name\":\"thomasvino\",\"description\":\"Vins &amp; Gastronomie\",\"potentialAction\":[{\"@type\":\"SearchAction\",\"target\":{\"@type\":\"EntryPoint\",\"urlTemplate\":\"https:\/\/thomasvino.ch\/?s={search_term_string}\"},\"query-input\":\"required name=search_term_string\"}],\"inLanguage\":\"fr-FR\"},{\"@type\":\"Person\",\"@id\":\"https:\/\/thomasvino.ch\/#\/schema\/person\/670bf4486fe81152cf1d68bd585e062e\",\"name\":\"Pierre Thomas\",\"image\":{\"@type\":\"ImageObject\",\"inLanguage\":\"fr-FR\",\"@id\":\"https:\/\/thomasvino.ch\/#\/schema\/person\/image\/\",\"url\":\"https:\/\/secure.gravatar.com\/avatar\/91fd5a76647f140e53db987a0dead4d7?s=96&d=mm&r=g\",\"contentUrl\":\"https:\/\/secure.gravatar.com\/avatar\/91fd5a76647f140e53db987a0dead4d7?s=96&d=mm&r=g\",\"caption\":\"Pierre Thomas\"},\"url\":\"https:\/\/thomasvino.ch\/?author=3\"}]}<\/script>\n<!-- \/ Yoast SEO plugin. -->","yoast_head_json":{"title":"B comme Breton (produits...) - thomasvino","robots":{"index":"index","follow":"follow","max-snippet":"max-snippet:-1","max-image-preview":"max-image-preview:large","max-video-preview":"max-video-preview:-1"},"canonical":"https:\/\/thomasvino.ch\/?p=9789","og_locale":"fr_FR","og_type":"article","og_title":"B comme Breton (produits...) - thomasvino","og_description":"Retour du march\u00e9 du Matin du samedi 24 mars 2006 Sucr\u00e9-sal\u00e9 breton A 50 ans, apr\u00e8s des remous professionnels entra\u00een\u00e9s par les soubresauts de l\u2019industrie suisse et du Nord Vaudois, l\u2019ing\u00e9nieur Alain Doll s\u2019est souvenu de ses origines bretonnes, \u00e0 peine effac\u00e9es par un quart de si\u00e8cle de tribulations helv\u00e9tiques. Et le voil\u00e0 donc parti [&hellip;]","og_url":"https:\/\/thomasvino.ch\/?p=9789","og_site_name":"thomasvino","article_published_time":"2006-06-26T13:33:00+00:00","author":"Pierre Thomas","twitter_misc":{"\u00c9crit par":"Pierre Thomas","Dur\u00e9e de lecture estim\u00e9e":"2 minutes"},"schema":{"@context":"https:\/\/schema.org","@graph":[{"@type":"WebPage","@id":"https:\/\/thomasvino.ch\/?p=9789","url":"https:\/\/thomasvino.ch\/?p=9789","name":"B comme Breton (produits...) - thomasvino","isPartOf":{"@id":"https:\/\/thomasvino.ch\/#website"},"datePublished":"2006-06-26T13:33:00+00:00","dateModified":"2006-06-26T13:33:00+00:00","author":{"@id":"https:\/\/thomasvino.ch\/#\/schema\/person\/670bf4486fe81152cf1d68bd585e062e"},"breadcrumb":{"@id":"https:\/\/thomasvino.ch\/?p=9789#breadcrumb"},"inLanguage":"fr-FR","potentialAction":[{"@type":"ReadAction","target":["https:\/\/thomasvino.ch\/?p=9789"]}]},{"@type":"BreadcrumbList","@id":"https:\/\/thomasvino.ch\/?p=9789#breadcrumb","itemListElement":[{"@type":"ListItem","position":1,"name":"Accueil","item":"https:\/\/thomasvino.ch\/"},{"@type":"ListItem","position":2,"name":"B comme Breton (produits&#8230;)"}]},{"@type":"WebSite","@id":"https:\/\/thomasvino.ch\/#website","url":"https:\/\/thomasvino.ch\/","name":"thomasvino","description":"Vins &amp; Gastronomie","potentialAction":[{"@type":"SearchAction","target":{"@type":"EntryPoint","urlTemplate":"https:\/\/thomasvino.ch\/?s={search_term_string}"},"query-input":"required name=search_term_string"}],"inLanguage":"fr-FR"},{"@type":"Person","@id":"https:\/\/thomasvino.ch\/#\/schema\/person\/670bf4486fe81152cf1d68bd585e062e","name":"Pierre Thomas","image":{"@type":"ImageObject","inLanguage":"fr-FR","@id":"https:\/\/thomasvino.ch\/#\/schema\/person\/image\/","url":"https:\/\/secure.gravatar.com\/avatar\/91fd5a76647f140e53db987a0dead4d7?s=96&d=mm&r=g","contentUrl":"https:\/\/secure.gravatar.com\/avatar\/91fd5a76647f140e53db987a0dead4d7?s=96&d=mm&r=g","caption":"Pierre Thomas"},"url":"https:\/\/thomasvino.ch\/?author=3"}]}},"jetpack_featured_media_url":"","jetpack_sharing_enabled":true,"jetpack_shortlink":"https:\/\/wp.me\/p3m4tZ-2xT","jetpack_likes_enabled":false,"jetpack-related-posts":[{"id":9800,"url":"https:\/\/thomasvino.ch\/?p=9800","url_meta":{"origin":9789,"position":0},"title":"S comme Saucisse du Jura","date":"30 juin 2006","format":false,"excerpt":"Retour du march\u00e9 du Matin du 17 juin 2006 Richesse de la saucisse s\u00e8che Dites \u00e0 haute et intelligible voix : \u00abLes saucisses de l\u2019archiduchesse sont-elles s\u00e8ches, archi-s\u00e8ches ?\u00bb. Elles font, en tout cas, partie de la richesse du terroir jurassien. Sur une centaine de produits labellis\u00e9s \u00absp\u00e9cialit\u00e9s du canton\u2026","rel":"","context":"Dans &quot;Retour du march\u00e9&quot;","img":{"alt_text":"","src":"","width":0,"height":0},"classes":[]},{"id":9794,"url":"https:\/\/thomasvino.ch\/?p=9794","url_meta":{"origin":9789,"position":1},"title":"C comme Colza","date":"26 juin 2006","format":false,"excerpt":"Retour du march\u00e9 du Main du samedi 4 juin 2005 L\u2019alpha des Om\u00e9ga 3 \u00abAujourd\u2019hui, les consommateurs sont sensibles aux produits du terroir. Dans cinq \u00e0 dix ans, ce sont les alicaments qui prendront le relais\u00bb. Jean-Luc Bovey, 37 ans, le patron du Moulin de S\u00e9very (VD), sait de quoi\u2026","rel":"","context":"Dans &quot;Retour du march\u00e9&quot;","img":{"alt_text":"","src":"","width":0,"height":0},"classes":[]},{"id":9824,"url":"https:\/\/thomasvino.ch\/?p=9824","url_meta":{"origin":9789,"position":2},"title":"F comme Fromages du Jura","date":"8 juillet 2006","format":false,"excerpt":"Retour du march\u00e9 du Matin du samedi 29 octobre 2005 Produits d\u00e9riv\u00e9s Demain, dans le Jura, pour la premi\u00e8re fois, une comp\u00e9tition d\u00e9signera les meilleurs produits dits \u00abdu terroir\u00bb, dans quatre cat\u00e9gories: les produits laitiers, carn\u00e9s, de boulange et, enfin, \u00e0 base de fruits ou d\u2019ingr\u00e9dients naturels (miels, sirops, confitures,\u2026","rel":"","context":"Dans &quot;Retour du march\u00e9&quot;","img":{"alt_text":"","src":"","width":0,"height":0},"classes":[]},{"id":9833,"url":"https:\/\/thomasvino.ch\/?p=9833","url_meta":{"origin":9789,"position":3},"title":"M comme Miel de montagne","date":"8 juillet 2006","format":false,"excerpt":"Retour du march\u00e9 du Matin du samedi 12 novembre 2005 Un pot de tonus Les miels ont fait le beurre du premier Concours national des produits du terroir, dans le Jura, fin octobre. Pas moins d\u2019une trentaine de m\u00e9dailles d\u2019or et d\u2019argent pour des produits de tous horizons. Trois seulement\u2026","rel":"","context":"Dans &quot;Retour du march\u00e9&quot;","img":{"alt_text":"","src":"","width":0,"height":0},"classes":[]},{"id":9782,"url":"https:\/\/thomasvino.ch\/?p=9782","url_meta":{"origin":9789,"position":4},"title":"A comme AOC (produits suisses&#8230;)","date":"26 juin 2006","format":false,"excerpt":"Retour du march\u00e9 du Matin du samedi 17 septembre 2005 Les AOC mettent le paquet C\u2019est la nouveaut\u00e9 de la cinqui\u00e8me Semaine du Go\u00fbt, qui se d\u00e9roule dans toute la Suisse jusqu\u2019au 25 septembre (2005). Les AOC et IGP proposent un \u00abpanier garni\u00bb, envoy\u00e9 par la poste. D\u2019accord, la Semaine\u2026","rel":"","context":"Dans &quot;Retour du march\u00e9&quot;","img":{"alt_text":"","src":"","width":0,"height":0},"classes":[]},{"id":9793,"url":"https:\/\/thomasvino.ch\/?p=9793","url_meta":{"origin":9789,"position":5},"title":"C comme Cidre de glace","date":"26 juin 2006","format":false,"excerpt":"Retour du march\u00e9 du Matin du samedi21 mai 2005 Un go\u00fbt de Qu\u00e9bec Laissons aux Qu\u00e9b\u00e9cois la paternit\u00e9 du \u00abcidre de glace\u00bb, d\u00e9riv\u00e9 des fameux \u00abice wines\u00bb de l\u2019Ontario. Cela n\u2019enl\u00e8ve rien aux m\u00e9rites de deux jeunes Vaudois, amoureux du Canada, Alain Bersier et David Huggler, qui y ont emprunt\u00e9\u2026","rel":"","context":"Dans &quot;Retour du march\u00e9&quot;","img":{"alt_text":"","src":"","width":0,"height":0},"classes":[]}],"_links":{"self":[{"href":"https:\/\/thomasvino.ch\/index.php?rest_route=\/wp\/v2\/posts\/9789"}],"collection":[{"href":"https:\/\/thomasvino.ch\/index.php?rest_route=\/wp\/v2\/posts"}],"about":[{"href":"https:\/\/thomasvino.ch\/index.php?rest_route=\/wp\/v2\/types\/post"}],"author":[{"embeddable":true,"href":"https:\/\/thomasvino.ch\/index.php?rest_route=\/wp\/v2\/users\/3"}],"replies":[{"embeddable":true,"href":"https:\/\/thomasvino.ch\/index.php?rest_route=%2Fwp%2Fv2%2Fcomments&post=9789"}],"version-history":[{"count":0,"href":"https:\/\/thomasvino.ch\/index.php?rest_route=\/wp\/v2\/posts\/9789\/revisions"}],"wp:attachment":[{"href":"https:\/\/thomasvino.ch\/index.php?rest_route=%2Fwp%2Fv2%2Fmedia&parent=9789"}],"wp:term":[{"taxonomy":"category","embeddable":true,"href":"https:\/\/thomasvino.ch\/index.php?rest_route=%2Fwp%2Fv2%2Fcategories&post=9789"},{"taxonomy":"post_tag","embeddable":true,"href":"https:\/\/thomasvino.ch\/index.php?rest_route=%2Fwp%2Fv2%2Ftags&post=9789"}],"curies":[{"name":"wp","href":"https:\/\/api.w.org\/{rel}","templated":true}]}}