{"id":9833,"date":"2006-07-08T19:12:00","date_gmt":"2006-07-08T19:12:00","guid":{"rendered":"http:\/\/localhost\/thomasvino\/?p=9833"},"modified":"2006-07-08T19:12:00","modified_gmt":"2006-07-08T19:12:00","slug":"m-comme-miel-de-montagne","status":"publish","type":"post","link":"https:\/\/thomasvino.ch\/?p=9833","title":{"rendered":"M comme Miel de montagne"},"content":{"rendered":"<div style=\"text-align: justify;\"><span style=\"font-style: italic;\">Retour du march\u00e9 du Matin du samedi 12 novembre 2005<\/span><br \/> <font style=\"font-weight: bold;\" size=\"5\">Un pot de tonus<\/font><br \/> Les miels ont fait le beurre du premier Concours national des produits du terroir, dans le Jura, fin octobre. Pas moins d\u2019une trentaine de m\u00e9dailles d\u2019or et d\u2019argent pour des produits de tous horizons. Trois seulement ont obtenu une note de 20 sur 20, deux d\u2019accacia, tessinois, et un \u00abde for\u00eat\u00bb de Courgenay (JU) (r\u00e9sultats sur www.concours-terroir.ch). <br \/> Le miel, c\u2019est un peu comme le vin&nbsp;: il y a des monoc\u00e9pages (accacia, sapin, pissenlit, etc.), des assemblages (de for\u00eat, de montagne) et des provenances. Fin septembre, le Valaisan Charles-Antoine Rudaz s\u2019\u00e9tait impos\u00e9 dans le troisi\u00e8me concours romand sp\u00e9cifique avec son \u00abmiel de fleurs\u00bb. Au concours national, il a d\u00e9croch\u00e9 deux m\u00e9dailles, d\u2019argent et de bronze. <br \/> Avant d\u2019\u00eatre producteur de miel, il est apiculteur. Incollable sur les m\u00e9canismes qui conduisent \u00e0 la fabrication, par les abeilles, des meilleurs miels, Charles-Antoine Rudaz se passionne pour la s\u00e9lection des reines de ses ruchers, \u00ab\u00e0 la mani\u00e8re des vaches d\u2019H\u00e9rens\u00bb. Epicier, \u00abde p\u00e8re en fils depuis 1857\u00bb, \u00e0 58 ans, il comptabilise \u00ab52 ans d\u2019apiculture, depuis que mon grand-p\u00e8re m\u2019a confi\u00e9 une ruche.\u00bb <br \/> \u00abTous mes anc\u00eatres sont devenus presque centenaires\u00bb, confie-t-il. Le miel n\u2019y est pas pour rien\u2026 Cet aliment \u00abdonne du tonus\u00bb et participe de la salutog\u00e9n\u00e8se pr\u00e9-hivernale. Si, aujourd\u2019hui, la l\u00e9gislation interdit la mention de tout bienfait pour la sant\u00e9 sur l\u2019\u00e9tiquette, longtemps, l\u2019homme a consid\u00e9r\u00e9 le miel comme un rem\u00e8de. Sa composition hormis une base d\u2019eau (17%) et de sucres (jusqu\u2019\u00e0 80%), est d\u2019une rare complexit\u00e9, avec un apport important en sels min\u00e9raux (calcium, magn\u00e9sium, phosphore, potassium). <br \/> Le go\u00fbt et la texture d\u00e9pendent de la provenance. \u00abMon miel de montagne vient de Thyon o\u00f9 des \u00e9tudes ont d\u00e9montr\u00e9 que la r\u00e9gion est exceptionnellement riche en pollens, jusqu\u2019\u00e0 140 \u00e0 150 sortes\u00bb, explique Charles-Antoine Rudaz. Sa personnalit\u00e9, prononc\u00e9e en go\u00fbt, est digne d\u2019un bouquet de fleurs de montagne, \u00e0 la consistance \u00e9paisse et cr\u00e9meuse\u2026 Parfait sur un pain \u00e0 la farine de ch\u00e2taigne. <\/p>\n<p> <span style=\"font-weight: bold;\">Producteur<\/span><br \/> Charles-Antoine Rudaz, Vex (VS), t\u00e9l. 027 207 19 25 et 027 281 16 28<br \/> <span style=\"font-weight: bold;\">En vente<\/span><br \/> Exclusivement dans les deux magasins du producteur, \u00e0 Vex (satellite Denner) et \u00e0 Thyon-Les Collons (pr\u00e8s de l&#39;Office du tourisme). <br \/> <span style=\"font-weight: bold;\">Prix<\/span><br \/> Pot de 500 g, 16,90 fr.<\/p>\n<p> <\/div>\n","protected":false},"excerpt":{"rendered":"<p>Retour du march\u00e9 du Matin du samedi 12 novembre 2005 Un pot de tonus Les miels ont fait le beurre du premier Concours national des produits du terroir, dans le Jura, fin octobre. Pas moins d\u2019une trentaine de m\u00e9dailles d\u2019or et d\u2019argent pour des produits de tous horizons. Trois seulement ont obtenu une note de [&hellip;]<\/p>\n","protected":false},"author":3,"featured_media":0,"comment_status":"closed","ping_status":"open","sticky":false,"template":"","format":"standard","meta":{"_monsterinsights_skip_tracking":false,"_monsterinsights_sitenote_active":false,"_monsterinsights_sitenote_note":"","_monsterinsights_sitenote_category":0,"jetpack_post_was_ever_published":false,"jetpack_publicize_message":"","jetpack_is_tweetstorm":false,"jetpack_publicize_feature_enabled":true,"jetpack_social_post_already_shared":false,"jetpack_social_options":{"image_generator_settings":{"template":"highway","enabled":false}}},"categories":[21],"tags":[],"jetpack_publicize_connections":[],"yoast_head":"<!-- This site is optimized with the Yoast SEO plugin v20.6 - https:\/\/yoast.com\/wordpress\/plugins\/seo\/ -->\n<title>M comme Miel de montagne - thomasvino<\/title>\n<meta name=\"robots\" content=\"index, follow, max-snippet:-1, max-image-preview:large, max-video-preview:-1\" \/>\n<link rel=\"canonical\" href=\"https:\/\/thomasvino.ch\/?p=9833\" \/>\n<meta property=\"og:locale\" content=\"fr_FR\" \/>\n<meta property=\"og:type\" content=\"article\" \/>\n<meta property=\"og:title\" content=\"M comme Miel de montagne - thomasvino\" \/>\n<meta property=\"og:description\" content=\"Retour du march\u00e9 du Matin du samedi 12 novembre 2005 Un pot de tonus Les miels ont fait le beurre du premier Concours national des produits du terroir, dans le Jura, fin octobre. Pas moins d\u2019une trentaine de m\u00e9dailles d\u2019or et d\u2019argent pour des produits de tous horizons. Trois seulement ont obtenu une note de [&hellip;]\" \/>\n<meta property=\"og:url\" content=\"https:\/\/thomasvino.ch\/?p=9833\" \/>\n<meta property=\"og:site_name\" content=\"thomasvino\" \/>\n<meta property=\"article:published_time\" content=\"2006-07-08T19:12:00+00:00\" \/>\n<meta name=\"author\" content=\"Pierre Thomas\" \/>\n<meta name=\"twitter:label1\" content=\"\u00c9crit par\" \/>\n\t<meta name=\"twitter:data1\" content=\"Pierre Thomas\" \/>\n\t<meta name=\"twitter:label2\" content=\"Dur\u00e9e de lecture estim\u00e9e\" \/>\n\t<meta name=\"twitter:data2\" content=\"2 minutes\" \/>\n<script type=\"application\/ld+json\" class=\"yoast-schema-graph\">{\"@context\":\"https:\/\/schema.org\",\"@graph\":[{\"@type\":\"WebPage\",\"@id\":\"https:\/\/thomasvino.ch\/?p=9833\",\"url\":\"https:\/\/thomasvino.ch\/?p=9833\",\"name\":\"M comme Miel de montagne - thomasvino\",\"isPartOf\":{\"@id\":\"https:\/\/thomasvino.ch\/#website\"},\"datePublished\":\"2006-07-08T19:12:00+00:00\",\"dateModified\":\"2006-07-08T19:12:00+00:00\",\"author\":{\"@id\":\"https:\/\/thomasvino.ch\/#\/schema\/person\/670bf4486fe81152cf1d68bd585e062e\"},\"breadcrumb\":{\"@id\":\"https:\/\/thomasvino.ch\/?p=9833#breadcrumb\"},\"inLanguage\":\"fr-FR\",\"potentialAction\":[{\"@type\":\"ReadAction\",\"target\":[\"https:\/\/thomasvino.ch\/?p=9833\"]}]},{\"@type\":\"BreadcrumbList\",\"@id\":\"https:\/\/thomasvino.ch\/?p=9833#breadcrumb\",\"itemListElement\":[{\"@type\":\"ListItem\",\"position\":1,\"name\":\"Accueil\",\"item\":\"https:\/\/thomasvino.ch\/\"},{\"@type\":\"ListItem\",\"position\":2,\"name\":\"M comme Miel de montagne\"}]},{\"@type\":\"WebSite\",\"@id\":\"https:\/\/thomasvino.ch\/#website\",\"url\":\"https:\/\/thomasvino.ch\/\",\"name\":\"thomasvino\",\"description\":\"Vins &amp; Gastronomie\",\"potentialAction\":[{\"@type\":\"SearchAction\",\"target\":{\"@type\":\"EntryPoint\",\"urlTemplate\":\"https:\/\/thomasvino.ch\/?s={search_term_string}\"},\"query-input\":\"required name=search_term_string\"}],\"inLanguage\":\"fr-FR\"},{\"@type\":\"Person\",\"@id\":\"https:\/\/thomasvino.ch\/#\/schema\/person\/670bf4486fe81152cf1d68bd585e062e\",\"name\":\"Pierre Thomas\",\"image\":{\"@type\":\"ImageObject\",\"inLanguage\":\"fr-FR\",\"@id\":\"https:\/\/thomasvino.ch\/#\/schema\/person\/image\/\",\"url\":\"https:\/\/secure.gravatar.com\/avatar\/91fd5a76647f140e53db987a0dead4d7?s=96&d=mm&r=g\",\"contentUrl\":\"https:\/\/secure.gravatar.com\/avatar\/91fd5a76647f140e53db987a0dead4d7?s=96&d=mm&r=g\",\"caption\":\"Pierre Thomas\"},\"url\":\"https:\/\/thomasvino.ch\/?author=3\"}]}<\/script>\n<!-- \/ Yoast SEO plugin. -->","yoast_head_json":{"title":"M comme Miel de montagne - thomasvino","robots":{"index":"index","follow":"follow","max-snippet":"max-snippet:-1","max-image-preview":"max-image-preview:large","max-video-preview":"max-video-preview:-1"},"canonical":"https:\/\/thomasvino.ch\/?p=9833","og_locale":"fr_FR","og_type":"article","og_title":"M comme Miel de montagne - thomasvino","og_description":"Retour du march\u00e9 du Matin du samedi 12 novembre 2005 Un pot de tonus Les miels ont fait le beurre du premier Concours national des produits du terroir, dans le Jura, fin octobre. Pas moins d\u2019une trentaine de m\u00e9dailles d\u2019or et d\u2019argent pour des produits de tous horizons. Trois seulement ont obtenu une note de [&hellip;]","og_url":"https:\/\/thomasvino.ch\/?p=9833","og_site_name":"thomasvino","article_published_time":"2006-07-08T19:12:00+00:00","author":"Pierre Thomas","twitter_misc":{"\u00c9crit par":"Pierre Thomas","Dur\u00e9e de lecture estim\u00e9e":"2 minutes"},"schema":{"@context":"https:\/\/schema.org","@graph":[{"@type":"WebPage","@id":"https:\/\/thomasvino.ch\/?p=9833","url":"https:\/\/thomasvino.ch\/?p=9833","name":"M comme Miel de montagne - thomasvino","isPartOf":{"@id":"https:\/\/thomasvino.ch\/#website"},"datePublished":"2006-07-08T19:12:00+00:00","dateModified":"2006-07-08T19:12:00+00:00","author":{"@id":"https:\/\/thomasvino.ch\/#\/schema\/person\/670bf4486fe81152cf1d68bd585e062e"},"breadcrumb":{"@id":"https:\/\/thomasvino.ch\/?p=9833#breadcrumb"},"inLanguage":"fr-FR","potentialAction":[{"@type":"ReadAction","target":["https:\/\/thomasvino.ch\/?p=9833"]}]},{"@type":"BreadcrumbList","@id":"https:\/\/thomasvino.ch\/?p=9833#breadcrumb","itemListElement":[{"@type":"ListItem","position":1,"name":"Accueil","item":"https:\/\/thomasvino.ch\/"},{"@type":"ListItem","position":2,"name":"M comme Miel de montagne"}]},{"@type":"WebSite","@id":"https:\/\/thomasvino.ch\/#website","url":"https:\/\/thomasvino.ch\/","name":"thomasvino","description":"Vins &amp; Gastronomie","potentialAction":[{"@type":"SearchAction","target":{"@type":"EntryPoint","urlTemplate":"https:\/\/thomasvino.ch\/?s={search_term_string}"},"query-input":"required name=search_term_string"}],"inLanguage":"fr-FR"},{"@type":"Person","@id":"https:\/\/thomasvino.ch\/#\/schema\/person\/670bf4486fe81152cf1d68bd585e062e","name":"Pierre Thomas","image":{"@type":"ImageObject","inLanguage":"fr-FR","@id":"https:\/\/thomasvino.ch\/#\/schema\/person\/image\/","url":"https:\/\/secure.gravatar.com\/avatar\/91fd5a76647f140e53db987a0dead4d7?s=96&d=mm&r=g","contentUrl":"https:\/\/secure.gravatar.com\/avatar\/91fd5a76647f140e53db987a0dead4d7?s=96&d=mm&r=g","caption":"Pierre Thomas"},"url":"https:\/\/thomasvino.ch\/?author=3"}]}},"jetpack_featured_media_url":"","jetpack_sharing_enabled":true,"jetpack_shortlink":"https:\/\/wp.me\/p3m4tZ-2yB","jetpack_likes_enabled":false,"jetpack-related-posts":[{"id":9651,"url":"https:\/\/thomasvino.ch\/?p=9651","url_meta":{"origin":9833,"position":0},"title":"Vaud \u2014 Les vins prim\u00e9s en 2005","date":"13 juillet 2005","format":false,"excerpt":"Vins vaudois dans les concours internationaux 2005 Chasselas en or \u00e0 Bruxelles Les vins vaudois ont mieux brill\u00e9 \u00e0 Bruxelles, en Bourgogne et \u00e0 Bordeaux qu\u2019\u00e0 Paris, dans les concours internationaux du d\u00e9but de l\u2019ann\u00e9e. Fait rare, un chasselas 2003 de La C\u00f4te, de surcro\u00eet original dans sa d\u00e9marche, est\u2026","rel":"","context":"Dans &quot;Vins suisses&quot;","img":{"alt_text":"","src":"","width":0,"height":0},"classes":[]},{"id":9164,"url":"https:\/\/thomasvino.ch\/?p=9164","url_meta":{"origin":9833,"position":1},"title":"De l&rsquo;or pour une malvoisie valaisanne","date":"15 avril 2011","format":false,"excerpt":"Grands Concours du Monde Des m\u00e9dailles pour un riesling et deux pinots gris suisses Le Domaine du Mont-d\u2019Or (VS) et la Cave du Ch\u00e2teau d\u2019Auvernier (NE) ont d\u00e9croch\u00e9 des m\u00e9dailles, une d\u2019or et deux d\u2019argent, aux Grands Concours du Monde \u00e0 Strasbourg (riesling, pinot gris et gewurztraminer). Suivant la tendance\u2026","rel":"","context":"Dans &quot;Actus - News&quot;","img":{"alt_text":"","src":"","width":0,"height":0},"classes":[]},{"id":8861,"url":"https:\/\/thomasvino.ch\/?p=8861","url_meta":{"origin":9833,"position":2},"title":"Chardonnays de Neuch\u00e2tel en or","date":"17 mars 2009","format":false,"excerpt":"Chardonnay-du-Monde 2009Deux Neuch\u00e2telois seuls en orSur les 17 m\u00e9dailles remport\u00e9es par des vins suisses \u00e0 Chardonnay-du-Monde, en basse Bourgogne, en mars, les deux seules m\u00e9dailles d'or reviennent \u00e0 des blancs en barriques de Neuch\u00e2tel, l'Expression de la B\u00e9roche 2006, des caves homonymes, et, d'un r\u00e9cidiviste \u00e0 ce haut niveau, le\u2026","rel":"","context":"Dans &quot;Actus - News&quot;","img":{"alt_text":"","src":"","width":0,"height":0},"classes":[]},{"id":8934,"url":"https:\/\/thomasvino.ch\/?p=8934","url_meta":{"origin":9833,"position":3},"title":"CERVIM 2009 et les vins suisses","date":"27 ao\u00fbt 2009","format":false,"excerpt":"Concours des vins de montagne Une confrontation originale Le vendredi soir 4 septembre 2009, au Ch\u00e2teau d\u2019Aymavilles, pr\u00e8s d\u2019Aoste, les vignerons prim\u00e9s au 17\u00e8me Concours international des vins de montagne re\u00e7oivent leur prix. Coup d\u2019\u0153il sur cette manifestation originale, par Pierre Thomas, membre du jury. Qu\u2019est-ce qui peut bien rapprocher\u2026","rel":"","context":"Dans &quot;Vins suisses&quot;","img":{"alt_text":"","src":"","width":0,"height":0},"classes":[]},{"id":9480,"url":"https:\/\/thomasvino.ch\/?p=9480","url_meta":{"origin":9833,"position":4},"title":"Vinea: app..roximative!","date":"30 octobre 2012","format":false,"excerpt":"Vinea sur Iphone et le Net App\u2026roximative ! On pensait trouver sur l\u2019App Vinea, r\u00e9serv\u00e9e uniquement aux instruments Apple (Android promis pour 2013), le palmar\u00e8s \u00e9tay\u00e9 non seulement de la finale du Gala des Vins Suisses, mais aussi l\u2019entier du palmar\u00e8s des m\u00e9dailles d\u2019or et d\u2019argent du Grand Prix du\u2026","rel":"","context":"Dans &quot;Actus - News&quot;","img":{"alt_text":"","src":"","width":0,"height":0},"classes":[]},{"id":14357,"url":"https:\/\/thomasvino.ch\/?p=14357","url_meta":{"origin":9833,"position":5},"title":"Decanter Awards 2017 \u2014 une avalanche de m\u00e9dailles pour les vins suisses","date":"30 mai 2017","format":false,"excerpt":"Trois m\u00e9dailles de platine, 8 m\u00e9dailles d\u2019or, 81 m\u00e9dailles d\u2019argent et 70 de bronze. Les Decanter Awards 2017, jug\u00e9s \u00e0 Londres, ont r\u00e9compens\u00e9 massivement les vins suisses. La comp\u00e9tition est connue pour \u00eatre tr\u00e8s g\u00e9n\u00e9reuse\u00a0: au moins 7 vins sur 10 sont \u00abm\u00e9daill\u00e9s\u00bb, contre au maximum 3 sur 10 dans\u2026","rel":"","context":"Dans &quot;Actus - News&quot;","img":{"alt_text":"","src":"","width":0,"height":0},"classes":[]}],"_links":{"self":[{"href":"https:\/\/thomasvino.ch\/index.php?rest_route=\/wp\/v2\/posts\/9833"}],"collection":[{"href":"https:\/\/thomasvino.ch\/index.php?rest_route=\/wp\/v2\/posts"}],"about":[{"href":"https:\/\/thomasvino.ch\/index.php?rest_route=\/wp\/v2\/types\/post"}],"author":[{"embeddable":true,"href":"https:\/\/thomasvino.ch\/index.php?rest_route=\/wp\/v2\/users\/3"}],"replies":[{"embeddable":true,"href":"https:\/\/thomasvino.ch\/index.php?rest_route=%2Fwp%2Fv2%2Fcomments&post=9833"}],"version-history":[{"count":0,"href":"https:\/\/thomasvino.ch\/index.php?rest_route=\/wp\/v2\/posts\/9833\/revisions"}],"wp:attachment":[{"href":"https:\/\/thomasvino.ch\/index.php?rest_route=%2Fwp%2Fv2%2Fmedia&parent=9833"}],"wp:term":[{"taxonomy":"category","embeddable":true,"href":"https:\/\/thomasvino.ch\/index.php?rest_route=%2Fwp%2Fv2%2Fcategories&post=9833"},{"taxonomy":"post_tag","embeddable":true,"href":"https:\/\/thomasvino.ch\/index.php?rest_route=%2Fwp%2Fv2%2Ftags&post=9833"}],"curies":[{"name":"wp","href":"https:\/\/api.w.org\/{rel}","templated":true}]}}