{"id":9873,"date":"2005-01-09T17:51:00","date_gmt":"2005-01-09T17:51:00","guid":{"rendered":"http:\/\/localhost\/thomasvino\/?p=9873"},"modified":"2005-01-09T17:51:00","modified_gmt":"2005-01-09T17:51:00","slug":"didier-de-courten-descend-a-sierre","status":"publish","type":"post","link":"https:\/\/thomasvino.ch\/?p=9873","title":{"rendered":"Didier de Courten descend \u00e0 Sierre"},"content":{"rendered":"<div style=\"text-align: justify;\"><font size=\"5\"><span style=\"font-weight: bold;\">Didier de Courten<br \/> o\u00f9 l&#39;aventure d\u2019imaginer son restaurant<\/span><\/font><br style=\"font-weight: bold;\"> <span style=\"font-weight: bold;\">Trois toques et 18 points au Guide Gault Millau, deux \u00e9toiles au Michelin. A 35 ans, Didier de Courten est le cuisinier le plus titr\u00e9 du Valais, r\u00e9unissant les faveurs des deux guides suisses les plus prestigieux. Arriv\u00e9 au terme de dix ans de bail \u00e0 Corin-sur-Sierre, le jeune chef se lance un nouveau d\u00e9fi: ouvrir \u00abson\u00bb h\u00f4tel en pleine ville de Sierre, l\u2019\u00e9t\u00e9 2005 (<a href=\"http:\/\/www.thomasvino.ch\/articles.php?lng=fr&amp;pg=387\">lire la critique<\/a>). Il nous a expliqu\u00e9 ses plans.<\/span><br \/> <span style=\"font-style: italic;\">Par Pierre Thomas<\/span><br \/> S\u2019il en est l\u00e0, le jeune chef le doit \u00e0 un \u00abconcours de circonstances\u00bb, ce genre de loterie o\u00f9 l\u2019on gagne \u00e0 coup s\u00fbr. D\u2019une part, Didier de Courten \u00e9tait pr\u00eat \u00e0 quitter son \u00e9tablissement. D\u2019autre part, la ville de Sierre, apr\u00e8s avoir \u00absauvegard\u00e9\u00bb le patrimoine h\u00f4telier local en rachetant l\u2019h\u00f4tel Terminus, cherchait une solution pour sa mise en valeur. Le joint, ce sont les fr\u00e8res Rouvinez, vignerons de la Colline de G\u00e9ronde, propri\u00e9taires d\u2019Orsat \u00e0 Martigny, et, partiellement, d\u2019Imesch \u00e0 Sierre, qui l\u2019ont fait. Ils ont rachet\u00e9 l\u2019h\u00f4tel (1,25 million de francs) et financeront les transformations (4 millions de francs). Didier de Courten b\u00e9n\u00e9ficiera d\u2019un bail de vingt ans, calcul\u00e9 sur les investissements r\u00e9els, qu\u2019il peut lui-m\u00eame contr\u00f4ler. <br \/> <span style=\"font-weight: bold;\">Retour aux sources<\/span><br \/> En chantier depuis fin septembre, le b\u00e2timent, qui date de l\u2019\u00e9poque (vers 1870) o\u00f9 la ligne du Simplon s\u2019arr\u00eatait \u00e0 Sierre, devrait ouvrir \u00e0 nouveau en \u00e9t\u00e9 prochain. Soulagement pour de Courten : \u00abJe ne me voyais pas d\u00e9racin\u00e9 d\u2019o\u00f9 je suis n\u00e9\u00bb. Et retour sur ses premiers pas de cuistot. Car c\u2019est au Terminus, aux c\u00f4t\u00e9s d\u2019Andr\u00e9 Oggier, qu\u2019il a accompli son apprentissage de cuisinier, avant de partir un an et demi chez Bernard Ravet, puis quatre ans chez G\u00e9rard Rabaey. A 25 ans pile poil, il se lan\u00e7ait \u00e0 l\u2019assaut de La C\u00f4te. \u00abJ\u2019\u00e9tais un peu jeune. Mais j\u2019ai eu du culot, de la chance et du succ\u00e8s\u00bb, reconna\u00eet-il.<br \/> L\u2019aventure, aujourd\u2019hui, est formidable. Tous les chefs r\u00eavent d\u2019un restaurant con\u00e7u sur mesure. Bien s\u00fbr, il a fallu tenir compte des contraintes ext\u00e9rieures (l\u2019enveloppe de l\u2019h\u00f4tel actuel sera conserv\u00e9e), mais Didier de Courten a pu tout imaginer. Se poser toutes les questions et y r\u00e9pondre. Pas seul. \u00abNotre architecte, Eric Papon, a un style contemporain bien affirm\u00e9, qui pla\u00eet aux Rouvinez. Dans le dialogue que nous avons eu, il a appr\u00e9hend\u00e9 les limites que nous nous sommes donn\u00e9es. Mais c\u2019est \u00e0 lui de nous montrer les extr\u00eames\u00bb, commente le chef de cuisine devenu par la force des choses chef de chantier. \u00abJe ne m\u2019\u00e9tais jamais imagin\u00e9 cela: \u00eatre sollicit\u00e9 par tous les corps de m\u00e9tier, qui vous proposent des solutions toutes plus mirobolantes que celle du concurrent.\u00bb Il a donc fallu faire des choix, de la ventilation de la cuisine au mobilier des chambres, en passant par les chaises de la terrasse, aller voir ici ou l\u00e0 ce qui pourrait plaire.<br \/> <span style=\"font-weight: bold;\">Donner du plaisir<\/span><br \/> Didier de Courten se r\u00e9jouit de disposer l\u2019\u00e9t\u00e9 prochain d\u2019un \u00aboutil\u00bb \u00e0 g\u00e9om\u00e9trie variable. \u00abJ\u2019arrive \u00e0 un \u00e2ge o\u00f9 je me dis que je me suis enferm\u00e9 dix ans dans ma cuisine. J\u2019aspire \u00e0 plus de contact avec la client\u00e8le.\u00bb La nouvelle g\u00e9ographie des lieux, avec deux entr\u00e9es balis\u00e9es par des dioptres dans le dallage, c\u00f4t\u00e9 ville (\u00e0 deux minutes de la gare !) et parking (juste derri\u00e8re l\u2019h\u00f4tel), donnera des aises que La C\u00f4te ne permettait pas. <br \/> Malgr\u00e9 la taille de l\u2019\u00e9tablissement, Didier de Courten ne se d\u00e9multipliera pas : \u00abQuand je ne serai pas l\u00e0, il n\u2019y aura pas de restauration\u00bb. Entendez que cette \u00abgrande table de Suisse\u00bb restera ferm\u00e9e le dimanche et le lundi. Le chef n\u2019a pas l\u2019intention non plus de sur\u00e9quiper sa cuisine: \u00abC\u2019est le travail des gens qui fait la diff\u00e9rence, pas le mat\u00e9riel. Rien ne remplacera la qualit\u00e9 humaine\u00bb (lire l\u2019encadr\u00e9). Et l\u2019outil, tout neuf qu\u2019il soit, ne changera pas l\u2019homme : \u00abJe me suis identifi\u00e9 par rapport \u00e0 des chefs comme Bocuse ou Girardet, qui privil\u00e9gient le produit. Ma personnalit\u00e9 de cuisinier, je l\u2019ai. Je n\u2019ai pas envie d\u2019\u00eatre toujours \u00e0 la pointe avec un nouveau truc extravagant. Le plus dur, c\u2019est de garder sa ligne. Pour que les gens reviennent quatre ou cinq fois par an, avec le plaisir de passer un bon moment \u00e0 table et non pour tomber de leur chaise.\u00bb<\/p>\n<p> <font style=\"font-weight: bold;\" size=\"4\"><span style=\"font-style: italic;\">Eclairages<\/span><br \/> 1) Le choix du piano<\/font><br \/> Steinway ou Yamaha? Un pianiste virtuose a ses pr\u00e9f\u00e9rences. Au centre d\u2019une cuisine tr\u00f4ne aussi un \u00abpiano\u00bb, dont Molteni est la Rolls. Le jour d\u2019\u00e9t\u00e9 o\u00f9 nous l\u2019avons rencontr\u00e9, Didier de Courten n\u2019avait pas encore choisi le cuisiniste \u00e0 qui il allait donner le mandat d\u2019\u00e9quiper le \u00abc\u0153ur de la maison\u00bb. Le chef devait encore \u00e9plucher plus d\u2019une demi-douzaines d\u2019offres. \u00abC\u2019est le plus facile: c\u2019est ce que je connais et que je pratique tous les jours.\u00bb Mais un piano, \u00e7a peut aller de 100&#39;000 \u00e0 500&#39;000 francs\u2026 \u00abOn a fait un g\u00e2teau, dit-il sans parler p\u00e2tisserie, et l\u2019on sait exactement quelle tranche on peut investir dans chaque secteur.\u00bb <br \/> Hormis le budget, il faut aussi tenir compte des imp\u00e9ratifs techniques: pour cuisiner, gaz, comme il en a l\u2019habitude, \u00e9lectricit\u00e9 via vitroc\u00e9ram ou via induction ? Ce dernier moyen est \u00e0 la mode. Mais il demande \u00e0 \u00eatre apprivois\u00e9: c\u2019est sur un piano \u00e0 induction que travaillent les chefs de Gastronomia, dont Didier de Courten fait partie. Pr\u00e9cis\u00e9ment, Gastronomia peut-il \u00eatre l\u2019endroit o\u00f9 faire son choix? \u00abHonn\u00eatement, non. Pour deux raisons. D\u2019abord, j\u2019aurai d\u00e9j\u00e0 d\u00fb opter pour l\u2019une ou l\u2019autre solution. Ensuite, je pr\u00e9f\u00e8re consulter mes amis du m\u00e9tier, comme Georges Wenger, qui a enti\u00e8rement refait sa cuisine il y a moins de deux ans. Mais un salon comme Gastronomia peut faire d\u00e9couvrir quelque chose de totalement nouveau, auquel aucun d\u2019entre nous n\u2019a pens\u00e9.\u00bb<\/p>\n<p> <font size=\"4\"><span style=\"font-weight: bold;\">2) L\u2019illusion du mat\u00e9riel<\/span><\/font><br \/> \u00abCe qui me frappe, lorsqu\u2019on me pr\u00e9sente un nouvel appareil, c\u2019est qu\u2019il est con\u00e7u pour faciliter le travail. Comme si on n\u2019avait plus affaire \u00e0 des gens qui savent travailler\u2026 Il faut rationaliser d\u2019abord, avec des arguments du genre: vous partez et vous revenez, c\u2019est cuit ! Mais moi, je passe toute ma vie dans ma cuisine\u00bb, s\u2019emporte Didier de Courten. \u00abParmi les nouveaut\u00e9s, je vais me limiter \u00e0 une \u00e9tuve \u00e0 volaille, qui permet de cuire cette viande avec une grande pr\u00e9cision. On m\u2019a pr\u00e9sent\u00e9 un autre syst\u00e8me, appliqu\u00e9 au gibier notamment, qui d\u00e9truit les fibres. Le client est content, la cuisson est magnifique, la viande tendre, mais les fibres sont bousill\u00e9es. Je ne suis pas d\u2019accord. Pas plus qu\u2019avec la r\u00e9g\u00e9n\u00e9ration, qui permet une premi\u00e8re cuisson, puis une cong\u00e9lation de blocage avant un r\u00e9chauffement ult\u00e9rieur: le client n\u2019y voit que du feu! C\u2019est comme ces engins qui font des mousses g\u00e9niales, mais cela pr\u00e9suppose que l\u2019ingr\u00e9dient de base soit congel\u00e9. Ou encore le refroidissement \u00e0 l\u2019azote\u2026 J\u2019ai de la peine avec ce raisonnement moderniste qui veut qu\u2019on aille, d\u2019une part, \u00e0 la p\u00eache au poisson le plus frais possible, puis, d\u2019autre part, qu\u2019on le cong\u00e8le et le passe dans une machine. Ce sont des modes de faire plus techniques que spirituels. Pour moi, la cr\u00e9ation n\u2019existe pas par le mat\u00e9riel. Je suis contre des trucs minute dans des ustensiles hypermodernes.\u00bb<\/p>\n<p> <font size=\"4\"><span style=\"font-weight: bold;\">3) Un toit qui retient<\/span><\/font><br \/> Plus grande, la nouvelle maison de Didier de Courten sera-t-elle plus facile \u00e0 exploiter? Aujourd\u2019hui, pour faire tourner son restaurant gastronomique \u00e0 La C\u00f4te, une vingtaine de personnes sont n\u00e9cessaires, pour un maximum de 50 couverts. \u00abEn-dessous d\u2019un taux d\u2019occupation de 60%, c\u2019est difficile \u00e9conomiquement.\u00bb A Sierre, trente-cinq personnes feront fonctionner la maison. Mais elle ne se limitera pas \u00e0 un restaurant gastronomique de 50 places, en deux salles, extensibles, si n\u00e9cessaire \u00e0 80 couverts dans une troisi\u00e8me salle destin\u00e9e \u00e0 des s\u00e9minaires. Le d\u00e9cor devrait \u00eatre r\u00e9solument contemporain; la premi\u00e8re salle gardera des r\u00e9miniscences des lieux, comme les boiseries teintes et des arcades. Un salon, un fumoir et une terrasse r\u00e9serv\u00e9e \u00e0 l\u2019ap\u00e9ritif compl\u00e8teront cet \u00e9quipement haut de gamme. Au rez de l\u2019h\u00f4tel, le caf\u00e9-restaurant sera divis\u00e9 en une brasserie de 25 \u00e0 35 couverts et un bar \u00e0 vins \u00abtr\u00e8s convivial\u00bb, avec une centaine de crus \u00e0 disposition. Pourquoi si peu de couverts en brasserie, baptis\u00e9e \u00abL&#39;atelier\u00bb (qui desservira \u00e9galement une belle terrasse sous les platanes, en plein centre-ville) ? \u00abJ\u2019aimerais que les gens n\u2019h\u00e9sitent pas \u00e0 venir \u00e0 midi go\u00fbter une cuisine fine, cr\u00e9ative, mais pas de haute gastronomie. On se rapproche de la client\u00e8le de la ville et c\u2019est \u00e0 nous d\u2019\u00e9voluer pour la satisfaire.\u00bb L\u2019h\u00f4tel comptera une vingtaine de chambres, sur quatre \u00e9tages. Les deux derniers seront r\u00e9serv\u00e9s \u00e0 des suites luxueuses, mais l\u2019h\u00f4tel (40 lits) pr\u00e9tend au standard d\u2019un quatre \u00e9toiles. Le service, notamment avec des petits d\u00e9jeuners personnalis\u00e9s, sera de haut niveau. \u00abNous devons tabler sur une image du Valais qui r\u00e9habilite les villes de plaine, d\u2019o\u00f9 l\u2019on peut rayonner vers les vall\u00e9es, et sur la client\u00e8le de golf, bien servie par les infrastructures dans la r\u00e9gion de Sierre-Montana.\u00bb Bref, tout est mis en \u0153uvre pour retenir l\u2019h\u00f4te \u00e0 la maison le plus longtemps\u2026<\/p>\n<p> <span style=\"font-style: italic;\">Article paru dans le programme officiel de Gastronomia, \u00e0 Lausanne, en novembre 2004<\/span><\/p><\/div>\n","protected":false},"excerpt":{"rendered":"<p>Didier de Courten o\u00f9 l&#39;aventure d\u2019imaginer son restaurant Trois toques et 18 points au Guide Gault Millau, deux \u00e9toiles au Michelin. A 35 ans, Didier de Courten est le cuisinier le plus titr\u00e9 du Valais, r\u00e9unissant les faveurs des deux guides suisses les plus prestigieux. Arriv\u00e9 au terme de dix ans de bail \u00e0 Corin-sur-Sierre, [&hellip;]<\/p>\n","protected":false},"author":3,"featured_media":0,"comment_status":"closed","ping_status":"open","sticky":false,"template":"","format":"standard","meta":{"_monsterinsights_skip_tracking":false,"_monsterinsights_sitenote_active":false,"_monsterinsights_sitenote_note":"","_monsterinsights_sitenote_category":0,"jetpack_post_was_ever_published":false,"jetpack_publicize_message":"","jetpack_is_tweetstorm":false,"jetpack_publicize_feature_enabled":true,"jetpack_social_post_already_shared":false,"jetpack_social_options":{"image_generator_settings":{"template":"highway","enabled":false}}},"categories":[17],"tags":[],"jetpack_publicize_connections":[],"yoast_head":"<!-- This site is optimized with the Yoast SEO plugin v20.6 - https:\/\/yoast.com\/wordpress\/plugins\/seo\/ -->\n<title>Didier de Courten descend \u00e0 Sierre - thomasvino<\/title>\n<meta name=\"robots\" content=\"index, follow, max-snippet:-1, max-image-preview:large, max-video-preview:-1\" \/>\n<link rel=\"canonical\" href=\"https:\/\/thomasvino.ch\/?p=9873\" \/>\n<meta property=\"og:locale\" content=\"fr_FR\" \/>\n<meta property=\"og:type\" content=\"article\" \/>\n<meta property=\"og:title\" content=\"Didier de Courten descend \u00e0 Sierre - thomasvino\" \/>\n<meta property=\"og:description\" content=\"Didier de Courten o\u00f9 l&#039;aventure d\u2019imaginer son restaurant Trois toques et 18 points au Guide Gault Millau, deux \u00e9toiles au Michelin. A 35 ans, Didier de Courten est le cuisinier le plus titr\u00e9 du Valais, r\u00e9unissant les faveurs des deux guides suisses les plus prestigieux. Arriv\u00e9 au terme de dix ans de bail \u00e0 Corin-sur-Sierre, [&hellip;]\" \/>\n<meta property=\"og:url\" content=\"https:\/\/thomasvino.ch\/?p=9873\" \/>\n<meta property=\"og:site_name\" content=\"thomasvino\" \/>\n<meta property=\"article:published_time\" content=\"2005-01-09T17:51:00+00:00\" \/>\n<meta name=\"author\" content=\"Pierre Thomas\" \/>\n<meta name=\"twitter:label1\" content=\"\u00c9crit par\" \/>\n\t<meta name=\"twitter:data1\" content=\"Pierre Thomas\" \/>\n\t<meta name=\"twitter:label2\" content=\"Dur\u00e9e de lecture estim\u00e9e\" \/>\n\t<meta name=\"twitter:data2\" content=\"8 minutes\" \/>\n<script type=\"application\/ld+json\" class=\"yoast-schema-graph\">{\"@context\":\"https:\/\/schema.org\",\"@graph\":[{\"@type\":\"WebPage\",\"@id\":\"https:\/\/thomasvino.ch\/?p=9873\",\"url\":\"https:\/\/thomasvino.ch\/?p=9873\",\"name\":\"Didier de Courten descend \u00e0 Sierre - thomasvino\",\"isPartOf\":{\"@id\":\"https:\/\/thomasvino.ch\/#website\"},\"datePublished\":\"2005-01-09T17:51:00+00:00\",\"dateModified\":\"2005-01-09T17:51:00+00:00\",\"author\":{\"@id\":\"https:\/\/thomasvino.ch\/#\/schema\/person\/670bf4486fe81152cf1d68bd585e062e\"},\"breadcrumb\":{\"@id\":\"https:\/\/thomasvino.ch\/?p=9873#breadcrumb\"},\"inLanguage\":\"fr-FR\",\"potentialAction\":[{\"@type\":\"ReadAction\",\"target\":[\"https:\/\/thomasvino.ch\/?p=9873\"]}]},{\"@type\":\"BreadcrumbList\",\"@id\":\"https:\/\/thomasvino.ch\/?p=9873#breadcrumb\",\"itemListElement\":[{\"@type\":\"ListItem\",\"position\":1,\"name\":\"Accueil\",\"item\":\"https:\/\/thomasvino.ch\/\"},{\"@type\":\"ListItem\",\"position\":2,\"name\":\"Didier de Courten descend \u00e0 Sierre\"}]},{\"@type\":\"WebSite\",\"@id\":\"https:\/\/thomasvino.ch\/#website\",\"url\":\"https:\/\/thomasvino.ch\/\",\"name\":\"thomasvino\",\"description\":\"Vins &amp; Gastronomie\",\"potentialAction\":[{\"@type\":\"SearchAction\",\"target\":{\"@type\":\"EntryPoint\",\"urlTemplate\":\"https:\/\/thomasvino.ch\/?s={search_term_string}\"},\"query-input\":\"required name=search_term_string\"}],\"inLanguage\":\"fr-FR\"},{\"@type\":\"Person\",\"@id\":\"https:\/\/thomasvino.ch\/#\/schema\/person\/670bf4486fe81152cf1d68bd585e062e\",\"name\":\"Pierre Thomas\",\"image\":{\"@type\":\"ImageObject\",\"inLanguage\":\"fr-FR\",\"@id\":\"https:\/\/thomasvino.ch\/#\/schema\/person\/image\/\",\"url\":\"https:\/\/secure.gravatar.com\/avatar\/91fd5a76647f140e53db987a0dead4d7?s=96&d=mm&r=g\",\"contentUrl\":\"https:\/\/secure.gravatar.com\/avatar\/91fd5a76647f140e53db987a0dead4d7?s=96&d=mm&r=g\",\"caption\":\"Pierre Thomas\"},\"url\":\"https:\/\/thomasvino.ch\/?author=3\"}]}<\/script>\n<!-- \/ Yoast SEO plugin. -->","yoast_head_json":{"title":"Didier de Courten descend \u00e0 Sierre - thomasvino","robots":{"index":"index","follow":"follow","max-snippet":"max-snippet:-1","max-image-preview":"max-image-preview:large","max-video-preview":"max-video-preview:-1"},"canonical":"https:\/\/thomasvino.ch\/?p=9873","og_locale":"fr_FR","og_type":"article","og_title":"Didier de Courten descend \u00e0 Sierre - thomasvino","og_description":"Didier de Courten o\u00f9 l&#39;aventure d\u2019imaginer son restaurant Trois toques et 18 points au Guide Gault Millau, deux \u00e9toiles au Michelin. A 35 ans, Didier de Courten est le cuisinier le plus titr\u00e9 du Valais, r\u00e9unissant les faveurs des deux guides suisses les plus prestigieux. Arriv\u00e9 au terme de dix ans de bail \u00e0 Corin-sur-Sierre, [&hellip;]","og_url":"https:\/\/thomasvino.ch\/?p=9873","og_site_name":"thomasvino","article_published_time":"2005-01-09T17:51:00+00:00","author":"Pierre Thomas","twitter_misc":{"\u00c9crit par":"Pierre Thomas","Dur\u00e9e de lecture estim\u00e9e":"8 minutes"},"schema":{"@context":"https:\/\/schema.org","@graph":[{"@type":"WebPage","@id":"https:\/\/thomasvino.ch\/?p=9873","url":"https:\/\/thomasvino.ch\/?p=9873","name":"Didier de Courten descend \u00e0 Sierre - thomasvino","isPartOf":{"@id":"https:\/\/thomasvino.ch\/#website"},"datePublished":"2005-01-09T17:51:00+00:00","dateModified":"2005-01-09T17:51:00+00:00","author":{"@id":"https:\/\/thomasvino.ch\/#\/schema\/person\/670bf4486fe81152cf1d68bd585e062e"},"breadcrumb":{"@id":"https:\/\/thomasvino.ch\/?p=9873#breadcrumb"},"inLanguage":"fr-FR","potentialAction":[{"@type":"ReadAction","target":["https:\/\/thomasvino.ch\/?p=9873"]}]},{"@type":"BreadcrumbList","@id":"https:\/\/thomasvino.ch\/?p=9873#breadcrumb","itemListElement":[{"@type":"ListItem","position":1,"name":"Accueil","item":"https:\/\/thomasvino.ch\/"},{"@type":"ListItem","position":2,"name":"Didier de Courten descend \u00e0 Sierre"}]},{"@type":"WebSite","@id":"https:\/\/thomasvino.ch\/#website","url":"https:\/\/thomasvino.ch\/","name":"thomasvino","description":"Vins &amp; Gastronomie","potentialAction":[{"@type":"SearchAction","target":{"@type":"EntryPoint","urlTemplate":"https:\/\/thomasvino.ch\/?s={search_term_string}"},"query-input":"required name=search_term_string"}],"inLanguage":"fr-FR"},{"@type":"Person","@id":"https:\/\/thomasvino.ch\/#\/schema\/person\/670bf4486fe81152cf1d68bd585e062e","name":"Pierre Thomas","image":{"@type":"ImageObject","inLanguage":"fr-FR","@id":"https:\/\/thomasvino.ch\/#\/schema\/person\/image\/","url":"https:\/\/secure.gravatar.com\/avatar\/91fd5a76647f140e53db987a0dead4d7?s=96&d=mm&r=g","contentUrl":"https:\/\/secure.gravatar.com\/avatar\/91fd5a76647f140e53db987a0dead4d7?s=96&d=mm&r=g","caption":"Pierre Thomas"},"url":"https:\/\/thomasvino.ch\/?author=3"}]}},"jetpack_featured_media_url":"","jetpack_sharing_enabled":true,"jetpack_shortlink":"https:\/\/wp.me\/p3m4tZ-2zf","jetpack_likes_enabled":false,"jetpack-related-posts":[{"id":8952,"url":"https:\/\/thomasvino.ch\/?p=8952","url_meta":{"origin":9873,"position":0},"title":"Didier de Courten et les ma\u00eetres de \u00abla chasse\u00bb","date":"9 octobre 2009","format":false,"excerpt":"Deux albums sur des chefs valaisans Du (bon) gibier de librairie Bonnes prises, en cette saison de chasse, en Valais. D\u2019abord, un livre sur le gibier, \u00e0 l\u2019instigateur des soci\u00e9t\u00e9s de chasseurs du Vieux-Pays. Ensuite, un album sur Didier de Courten, le meilleur chef de cuisine valaisan, install\u00e9 depuis pr\u00e8s\u2026","rel":"","context":"Dans &quot;Gastro&quot;","img":{"alt_text":"de_courten.jpg","src":"img\/de_courten.jpg","width":350,"height":200},"classes":[]},{"id":9647,"url":"https:\/\/thomasvino.ch\/?p=9647","url_meta":{"origin":9873,"position":1},"title":"Sierre (VS) \u2014 Le Terminus \u2014 Didier de Courten","date":"11 juillet 2005","format":false,"excerpt":"H\u00f4tel-Restaurant Didier de Courten, Sierre Tout le monde descend ! Au Terminus, non loin de la gare de Sierre, tout le monde descend. Didier de Courten, le premier, venu le mois pass\u00e9 de La C\u00f4te \u00e0 Corin. Depuis dix ans, cet \u00e9l\u00e8ve de Ravet et Rabaey s\u2019est impos\u00e9 dans le\u2026","rel":"","context":"Dans &quot;Adresses&quot;","img":{"alt_text":"","src":"","width":0,"height":0},"classes":[]},{"id":9675,"url":"https:\/\/thomasvino.ch\/?p=9675","url_meta":{"origin":9873,"position":2},"title":"De Courten et les autres dans le GaultMillau 2006","date":"3 octobre 2005","format":false,"excerpt":"Sortie du Guide GaultMillau Suisse 2006 (3 octobre 2005) Didier de Courten et les autres\u2026 A 37 ans, il n\u2019est plus au Terminus, mais au paradis, Didier de Courten. Hier, dans \u00abson\u00bb h\u00f4tel au c\u0153ur de Sierre, il a re\u00e7u ses confr\u00e8res et amis cuisiniers les plus toqu\u00e9s de Suisse.\u2026","rel":"","context":"Dans &quot;Tendance&quot;","img":{"alt_text":"","src":"","width":0,"height":0},"classes":[]},{"id":17931,"url":"https:\/\/thomasvino.ch\/?p=17931","url_meta":{"origin":9873,"position":3},"title":"Suisse\u00a0: un 4\u00e8me \u00abtrois \u00e9toiles\u00bb Michelin","date":"18 octobre 2022","format":false,"excerpt":"Jusqu\u2019ici, il y avait trois triple \u00e9toil\u00e9 Michelin en Suisse\u00a0: Frank Giovannini \u00e0 l\u2019H\u00f4tel-de-Ville de Crissier, Peter Knogl, au Cheval-Blanc, \u00e0 B\u00e2le, et Andreas Caminada, au Ch\u00e2teau de Schauenstein (GR). Depuis octobre 2022, il y en a un quatri\u00e8me, le Memories, au Grand H\u00f4tel de Bad Ragaz (SG), tenu par\u2026","rel":"","context":"Dans &quot;Actualit\u00e9s&quot;","img":{"alt_text":"","src":"","width":0,"height":0},"classes":[]},{"id":14729,"url":"https:\/\/thomasvino.ch\/?p=14729","url_meta":{"origin":9873,"position":4},"title":"La course \u00e0 la toque\u00a0: le doubl\u00e9 de Guy Savoy","date":"4 d\u00e9cembre 2017","format":false,"excerpt":"Le chef parisien (et un peu suisse, d\u2019Attalens\u2026), Guy Savoy emm\u00e8ne La Liste, cuv\u00e9e 2018, pour la deuxi\u00e8me fois cons\u00e9cutive, avec 99.75\/100. L\u2019H\u00f4tel-de-Ville de Crissier pointe au 5\u00e8me rang, \u00e0 99.25\/100. On se souvient que feu Beno\u00eet Violier avait \u00e9t\u00e9 le premier leader de cette liste de \u00abmille tables d'exception\u00bb,\u2026","rel":"","context":"Dans &quot;Gastro&quot;","img":{"alt_text":"","src":"","width":0,"height":0},"classes":[]},{"id":8821,"url":"https:\/\/thomasvino.ch\/?p=8821","url_meta":{"origin":9873,"position":5},"title":"Michelin 2009: poussi\u00e8re d&rsquo;\u00e9toile","date":"18 novembre 2008","format":false,"excerpt":"Guide Michelin 2009Bient\u00f4t un troisi\u00e8me triple \u00e9toil\u00e9 dans les GrisonsSauf surprise de taille, le futur triple \u00e9toil\u00e9 de Suisse ne sera pas Romand, mais Grison. D\u00e9j\u00e0 chef de l\u2019ann\u00e9e 2008 pour GaultMillau Suisse, Andreas Caminada, du Schauenstein \u00e0 F\u00fcrstenau (GR) peut nourrir quelque espoir de rejoindre Philippe Rochat et G\u00e9rard\u2026","rel":"","context":"Dans &quot;Actus - News&quot;","img":{"alt_text":"","src":"","width":0,"height":0},"classes":[]}],"_links":{"self":[{"href":"https:\/\/thomasvino.ch\/index.php?rest_route=\/wp\/v2\/posts\/9873"}],"collection":[{"href":"https:\/\/thomasvino.ch\/index.php?rest_route=\/wp\/v2\/posts"}],"about":[{"href":"https:\/\/thomasvino.ch\/index.php?rest_route=\/wp\/v2\/types\/post"}],"author":[{"embeddable":true,"href":"https:\/\/thomasvino.ch\/index.php?rest_route=\/wp\/v2\/users\/3"}],"replies":[{"embeddable":true,"href":"https:\/\/thomasvino.ch\/index.php?rest_route=%2Fwp%2Fv2%2Fcomments&post=9873"}],"version-history":[{"count":0,"href":"https:\/\/thomasvino.ch\/index.php?rest_route=\/wp\/v2\/posts\/9873\/revisions"}],"wp:attachment":[{"href":"https:\/\/thomasvino.ch\/index.php?rest_route=%2Fwp%2Fv2%2Fmedia&parent=9873"}],"wp:term":[{"taxonomy":"category","embeddable":true,"href":"https:\/\/thomasvino.ch\/index.php?rest_route=%2Fwp%2Fv2%2Fcategories&post=9873"},{"taxonomy":"post_tag","embeddable":true,"href":"https:\/\/thomasvino.ch\/index.php?rest_route=%2Fwp%2Fv2%2Ftags&post=9873"}],"curies":[{"name":"wp","href":"https:\/\/api.w.org\/{rel}","templated":true}]}}