{"id":9877,"date":"2006-09-12T10:02:00","date_gmt":"2006-09-12T10:02:00","guid":{"rendered":"http:\/\/localhost\/thomasvino\/?p=9877"},"modified":"2013-03-06T08:17:41","modified_gmt":"2013-03-06T07:17:41","slug":"ns-suisses-le-prix-du-chateau-de-chatagnereaz-2006","status":"publish","type":"post","link":"https:\/\/thomasvino.ch\/?p=9877","title":{"rendered":"Vins suisses \u2014 Le Prix du Ch\u00e2teau de Chatagn\u00e9r\u00e9az 2006"},"content":{"rendered":"<p><span style=\"font-size: medium;\"><span style=\"font-weight: bold;\">Vins suisses \u2014 Un prix pour le premier<br \/>\n\u00abGuide des vins suisses\u00bb<\/span><\/span><\/p>\n<div style=\"text-align: justify;\">Dans le cadre de VINEA, \u00e0 Sierre, d\u00e9but septembre 2006, le jury du Prix du Ch\u00e2teau de Ch\u00e2tagn\u00e9r\u00e9az, dot\u00e9 de 5&rsquo;000 francs par le groupe Schenk SA \u00e0 Rolle, et patronn\u00e9 par la Confr\u00e9rie vaudoise du Guillon, a remis son prix biennal au \u00abGuide des vins suisses\u00bb, dont la premi\u00e8re \u00e9dition est parue en 2004. Les auteurs, les journalistes zurichois Eva Zwahlen et valaisan Paul Vetter ont \u00e9t\u00e9 distingu\u00e9s. Apr\u00e8s la faillite de Swiss Wine Communication, une nouvelle \u00e9dition a \u00e9t\u00e9 remise sur le m\u00e9tier par l\u2019instigateur de cet ouvrage, VINEA. Confi\u00e9e \u00e0 Ringier Romandie, apr\u00e8s la d\u00e9fection de Werd Verlag, elle sera pr\u00e9sent\u00e9e le 7 novembre 2006 dans le cadre de Gastronomia, au Palais de Beaulieu, \u00e0 Lausanne. Les organisateurs promettent une \u00e9dition enrichie de ce \u00abvade-mecum\u00bb officiel, tir\u00e9 en fran\u00e7ais, en allemand et, pour la premi\u00e8re fois cette ann\u00e9e, en italien. (<span style=\"font-style: italic;\">PT<\/span>)<\/div>\n","protected":false},"excerpt":{"rendered":"<p>Vins suisses \u2014 Un prix pour le premier \u00abGuide des vins suisses\u00bb Dans le cadre de VINEA, \u00e0 Sierre, d\u00e9but septembre 2006, le jury du Prix du Ch\u00e2teau de Ch\u00e2tagn\u00e9r\u00e9az, dot\u00e9 de 5&rsquo;000 francs par le groupe Schenk SA \u00e0 Rolle, et patronn\u00e9 par la Confr\u00e9rie vaudoise du Guillon, a remis son prix biennal au [&hellip;]<\/p>\n","protected":false},"author":3,"featured_media":0,"comment_status":"closed","ping_status":"open","sticky":false,"template":"","format":"standard","meta":{"_monsterinsights_skip_tracking":false,"_monsterinsights_sitenote_active":false,"_monsterinsights_sitenote_note":"","_monsterinsights_sitenote_category":0,"jetpack_post_was_ever_published":false,"jetpack_publicize_message":"","jetpack_is_tweetstorm":false,"jetpack_publicize_feature_enabled":true,"jetpack_social_post_already_shared":false,"jetpack_social_options":{"image_generator_settings":{"template":"highway","enabled":false}}},"categories":[15],"tags":[],"jetpack_publicize_connections":[],"yoast_head":"<!-- This site is optimized with the Yoast SEO plugin v20.6 - https:\/\/yoast.com\/wordpress\/plugins\/seo\/ -->\n<title>Vins suisses \u2014 Le Prix du Ch\u00e2teau de Chatagn\u00e9r\u00e9az 2006 - thomasvino<\/title>\n<meta name=\"robots\" content=\"index, follow, max-snippet:-1, max-image-preview:large, max-video-preview:-1\" \/>\n<link rel=\"canonical\" href=\"https:\/\/thomasvino.ch\/?p=9877\" \/>\n<meta property=\"og:locale\" content=\"fr_FR\" \/>\n<meta property=\"og:type\" content=\"article\" \/>\n<meta property=\"og:title\" content=\"Vins suisses \u2014 Le Prix du Ch\u00e2teau de Chatagn\u00e9r\u00e9az 2006 - thomasvino\" \/>\n<meta property=\"og:description\" content=\"Vins suisses \u2014 Un prix pour le premier \u00abGuide des vins suisses\u00bb Dans le cadre de VINEA, \u00e0 Sierre, d\u00e9but septembre 2006, le jury du Prix du Ch\u00e2teau de Ch\u00e2tagn\u00e9r\u00e9az, dot\u00e9 de 5&rsquo;000 francs par le groupe Schenk SA \u00e0 Rolle, et patronn\u00e9 par la Confr\u00e9rie vaudoise du Guillon, a remis son prix biennal au [&hellip;]\" \/>\n<meta property=\"og:url\" content=\"https:\/\/thomasvino.ch\/?p=9877\" \/>\n<meta property=\"og:site_name\" content=\"thomasvino\" \/>\n<meta property=\"article:published_time\" content=\"2006-09-12T10:02:00+00:00\" \/>\n<meta property=\"article:modified_time\" content=\"2013-03-06T07:17:41+00:00\" \/>\n<meta name=\"author\" content=\"Pierre Thomas\" \/>\n<meta name=\"twitter:label1\" content=\"\u00c9crit par\" \/>\n\t<meta name=\"twitter:data1\" content=\"Pierre Thomas\" \/>\n\t<meta name=\"twitter:label2\" content=\"Dur\u00e9e de lecture estim\u00e9e\" \/>\n\t<meta name=\"twitter:data2\" content=\"1 minute\" \/>\n<script type=\"application\/ld+json\" class=\"yoast-schema-graph\">{\"@context\":\"https:\/\/schema.org\",\"@graph\":[{\"@type\":\"WebPage\",\"@id\":\"https:\/\/thomasvino.ch\/?p=9877\",\"url\":\"https:\/\/thomasvino.ch\/?p=9877\",\"name\":\"Vins suisses \u2014 Le Prix du Ch\u00e2teau de Chatagn\u00e9r\u00e9az 2006 - thomasvino\",\"isPartOf\":{\"@id\":\"https:\/\/thomasvino.ch\/#website\"},\"datePublished\":\"2006-09-12T10:02:00+00:00\",\"dateModified\":\"2013-03-06T07:17:41+00:00\",\"author\":{\"@id\":\"https:\/\/thomasvino.ch\/#\/schema\/person\/670bf4486fe81152cf1d68bd585e062e\"},\"breadcrumb\":{\"@id\":\"https:\/\/thomasvino.ch\/?p=9877#breadcrumb\"},\"inLanguage\":\"fr-FR\",\"potentialAction\":[{\"@type\":\"ReadAction\",\"target\":[\"https:\/\/thomasvino.ch\/?p=9877\"]}]},{\"@type\":\"BreadcrumbList\",\"@id\":\"https:\/\/thomasvino.ch\/?p=9877#breadcrumb\",\"itemListElement\":[{\"@type\":\"ListItem\",\"position\":1,\"name\":\"Accueil\",\"item\":\"https:\/\/thomasvino.ch\/\"},{\"@type\":\"ListItem\",\"position\":2,\"name\":\"Vins suisses \u2014 Le Prix du Ch\u00e2teau de Chatagn\u00e9r\u00e9az 2006\"}]},{\"@type\":\"WebSite\",\"@id\":\"https:\/\/thomasvino.ch\/#website\",\"url\":\"https:\/\/thomasvino.ch\/\",\"name\":\"thomasvino\",\"description\":\"Vins &amp; Gastronomie\",\"potentialAction\":[{\"@type\":\"SearchAction\",\"target\":{\"@type\":\"EntryPoint\",\"urlTemplate\":\"https:\/\/thomasvino.ch\/?s={search_term_string}\"},\"query-input\":\"required name=search_term_string\"}],\"inLanguage\":\"fr-FR\"},{\"@type\":\"Person\",\"@id\":\"https:\/\/thomasvino.ch\/#\/schema\/person\/670bf4486fe81152cf1d68bd585e062e\",\"name\":\"Pierre Thomas\",\"image\":{\"@type\":\"ImageObject\",\"inLanguage\":\"fr-FR\",\"@id\":\"https:\/\/thomasvino.ch\/#\/schema\/person\/image\/\",\"url\":\"https:\/\/secure.gravatar.com\/avatar\/91fd5a76647f140e53db987a0dead4d7?s=96&d=mm&r=g\",\"contentUrl\":\"https:\/\/secure.gravatar.com\/avatar\/91fd5a76647f140e53db987a0dead4d7?s=96&d=mm&r=g\",\"caption\":\"Pierre Thomas\"},\"url\":\"https:\/\/thomasvino.ch\/?author=3\"}]}<\/script>\n<!-- \/ Yoast SEO plugin. -->","yoast_head_json":{"title":"Vins suisses \u2014 Le Prix du Ch\u00e2teau de Chatagn\u00e9r\u00e9az 2006 - thomasvino","robots":{"index":"index","follow":"follow","max-snippet":"max-snippet:-1","max-image-preview":"max-image-preview:large","max-video-preview":"max-video-preview:-1"},"canonical":"https:\/\/thomasvino.ch\/?p=9877","og_locale":"fr_FR","og_type":"article","og_title":"Vins suisses \u2014 Le Prix du Ch\u00e2teau de Chatagn\u00e9r\u00e9az 2006 - thomasvino","og_description":"Vins suisses \u2014 Un prix pour le premier \u00abGuide des vins suisses\u00bb Dans le cadre de VINEA, \u00e0 Sierre, d\u00e9but septembre 2006, le jury du Prix du Ch\u00e2teau de Ch\u00e2tagn\u00e9r\u00e9az, dot\u00e9 de 5&rsquo;000 francs par le groupe Schenk SA \u00e0 Rolle, et patronn\u00e9 par la Confr\u00e9rie vaudoise du Guillon, a remis son prix biennal au [&hellip;]","og_url":"https:\/\/thomasvino.ch\/?p=9877","og_site_name":"thomasvino","article_published_time":"2006-09-12T10:02:00+00:00","article_modified_time":"2013-03-06T07:17:41+00:00","author":"Pierre Thomas","twitter_misc":{"\u00c9crit par":"Pierre Thomas","Dur\u00e9e de lecture estim\u00e9e":"1 minute"},"schema":{"@context":"https:\/\/schema.org","@graph":[{"@type":"WebPage","@id":"https:\/\/thomasvino.ch\/?p=9877","url":"https:\/\/thomasvino.ch\/?p=9877","name":"Vins suisses \u2014 Le Prix du Ch\u00e2teau de Chatagn\u00e9r\u00e9az 2006 - thomasvino","isPartOf":{"@id":"https:\/\/thomasvino.ch\/#website"},"datePublished":"2006-09-12T10:02:00+00:00","dateModified":"2013-03-06T07:17:41+00:00","author":{"@id":"https:\/\/thomasvino.ch\/#\/schema\/person\/670bf4486fe81152cf1d68bd585e062e"},"breadcrumb":{"@id":"https:\/\/thomasvino.ch\/?p=9877#breadcrumb"},"inLanguage":"fr-FR","potentialAction":[{"@type":"ReadAction","target":["https:\/\/thomasvino.ch\/?p=9877"]}]},{"@type":"BreadcrumbList","@id":"https:\/\/thomasvino.ch\/?p=9877#breadcrumb","itemListElement":[{"@type":"ListItem","position":1,"name":"Accueil","item":"https:\/\/thomasvino.ch\/"},{"@type":"ListItem","position":2,"name":"Vins suisses \u2014 Le Prix du Ch\u00e2teau de Chatagn\u00e9r\u00e9az 2006"}]},{"@type":"WebSite","@id":"https:\/\/thomasvino.ch\/#website","url":"https:\/\/thomasvino.ch\/","name":"thomasvino","description":"Vins &amp; Gastronomie","potentialAction":[{"@type":"SearchAction","target":{"@type":"EntryPoint","urlTemplate":"https:\/\/thomasvino.ch\/?s={search_term_string}"},"query-input":"required name=search_term_string"}],"inLanguage":"fr-FR"},{"@type":"Person","@id":"https:\/\/thomasvino.ch\/#\/schema\/person\/670bf4486fe81152cf1d68bd585e062e","name":"Pierre Thomas","image":{"@type":"ImageObject","inLanguage":"fr-FR","@id":"https:\/\/thomasvino.ch\/#\/schema\/person\/image\/","url":"https:\/\/secure.gravatar.com\/avatar\/91fd5a76647f140e53db987a0dead4d7?s=96&d=mm&r=g","contentUrl":"https:\/\/secure.gravatar.com\/avatar\/91fd5a76647f140e53db987a0dead4d7?s=96&d=mm&r=g","caption":"Pierre Thomas"},"url":"https:\/\/thomasvino.ch\/?author=3"}]}},"jetpack_featured_media_url":"","jetpack_sharing_enabled":true,"jetpack_shortlink":"https:\/\/wp.me\/p3m4tZ-2zj","jetpack_likes_enabled":false,"jetpack-related-posts":[{"id":9897,"url":"https:\/\/thomasvino.ch\/?p=9897","url_meta":{"origin":9877,"position":0},"title":"Vins suisses \u2014 Guide des vins suisses 2006 &#8211; 2007: le point de vue de l&rsquo;\u00e9diteur","date":"9 novembre 2006","format":false,"excerpt":"Vins suisses \u2014 Concours et guide Gastronomia, t\u00eate de cuv\u00e9e Mardi 7 novembre 2006, sur le coup de midi, le palmar\u00e8s du troisi\u00e8me Concours national des vins suisses sera d\u00e9voil\u00e9 dans le cadre du salon, en m\u00eame temps que la deuxi\u00e8me \u00e9dition du Guide des vins suisses. Interview du Sierrois\u2026","rel":"","context":"Dans &quot;Tendance&quot;","img":{"alt_text":"","src":"","width":0,"height":0},"classes":[]},{"id":9238,"url":"https:\/\/thomasvino.ch\/?p=9238","url_meta":{"origin":9877,"position":1},"title":"Qui est Pierre Thomas ?","date":"13 janvier 2005","format":false,"excerpt":"Pierre Thomas journaliste, \u00e9crivain du vin et d\u00e9gustateur Collaborations r\u00e9guli\u00e8res... \u2014\u00a0 \u00e0 Tout Compte Fait (mensuel de consommation, rubrique vin), \u00e0 La Libert\u00e9, quotidien fribourgeois (une fois par mois), \u00e0 H\u00f4tellerie & Gastronomie Hebdo (hebdo du personnel horeca suisse), Vins et Vignobles, Montr\u00e9al (Qu\u00e9bec\/Canada); ...et \u00e9pisodiques \u2014 au coup par\u2026","rel":"","context":"Dans &quot;R\u00e9cemment d\u00e9gust\u00e9&quot;","img":{"alt_text":"jean-nic_meo121109.jpg","src":"img\/jean-nic_meo121109.jpg","width":350,"height":200},"classes":[]},{"id":8739,"url":"https:\/\/thomasvino.ch\/?p=8739","url_meta":{"origin":9877,"position":2},"title":"Deux syrahs de Salquenen en or","date":"21 mai 2008","format":false,"excerpt":"Deux m\u00e9dailles d\u2019or valaisannes \u00e0 Syrah du mondeOrganis\u00e9e dans la vall\u00e9e du Rh\u00f4ne du 13 au 15 mai 2008, la deuxi\u00e8me confrontation des syrahs du monde a r\u00e9uni 384 \u00e9chantillons provenant de 23 pays (18% de vins de plus et 6 nouveaux pays par rapport \u00e0 la premi\u00e8re \u00e9dition). Les\u2026","rel":"","context":"Dans &quot;Actus - News&quot;","img":{"alt_text":"","src":"","width":0,"height":0},"classes":[]},{"id":18097,"url":"https:\/\/thomasvino.ch\/?p=18097","url_meta":{"origin":9877,"position":3},"title":"Concours des vins suisses: Vinea et Vinum croisent le fer","date":"28 mars 2023","format":false,"excerpt":"Il faut toujours se m\u00e9fier des communiqu\u00e9s de presse balanc\u00e9s le vendredi soir sur le coup de 18 h., quand plus personne n\u2019est l\u00e0 pour r\u00e9pondre \u00e0 vos questions... C\u2019est ce qui m\u2019est arriv\u00e9, le 10 mars, le lendemain du salon \u00abVinea on tour\u00bb, \u00e0 Fribourg, o\u00f9 je m\u2019\u00e9tais rendu.\u2026","rel":"","context":"Dans &quot;Actus - News&quot;","img":{"alt_text":"","src":"","width":0,"height":0},"classes":[]},{"id":9854,"url":"https:\/\/thomasvino.ch\/?p=9854","url_meta":{"origin":9877,"position":4},"title":"Vins suisses \u2014 Apr\u00e8s l&rsquo;or, le \u00abGrand Or\u00bb au  Concours Expovina 06","date":"4 ao\u00fbt 2006","format":false,"excerpt":"Vins suisses \u2014 Concours Expovina 2006 Apr\u00e8s l\u2019or, le grand or! L\u2019inflation des m\u00e9dailles continue au Concours Expovina, \u00e0 Zurich. Non seulement 153 m\u00e9dailles d\u2019or ont \u00e9t\u00e9 attribu\u00e9es \u00e0 des vins suisses, mais dix vins suisses not\u00e9s \u00e0 92 points sur 100 et plus re\u00e7oivent un titre nouveau, le \u00abGrand\u2026","rel":"","context":"Dans &quot;Actus - News&quot;","img":{"alt_text":"","src":"","width":0,"height":0},"classes":[]},{"id":9928,"url":"https:\/\/thomasvino.ch\/?p=9928","url_meta":{"origin":9877,"position":5},"title":"Vins suisses \u2014 Concours de vins 2007 revus et corrig\u00e9s","date":"7 f\u00e9vrier 2007","format":false,"excerpt":"Vins suisses: Concours de vins r\u00e9gionaux et nationalR\u00e9organisation en point de mireLes concours primant les meilleurs vins du Valais ont \u00e9t\u00e9 r\u00e9organis\u00e9s. D\u00e9sormais, VINEA, \u00e0 Sierre, se concentrera sur les concours internationaux et nationaux, le Mondial du Pinot noir, \u00e0 mi-ao\u00fbt, et le Grand Prix du Vin Suisse, \u00e0 fin\u2026","rel":"","context":"Dans &quot;Actus - News&quot;","img":{"alt_text":"","src":"","width":0,"height":0},"classes":[]}],"_links":{"self":[{"href":"https:\/\/thomasvino.ch\/index.php?rest_route=\/wp\/v2\/posts\/9877"}],"collection":[{"href":"https:\/\/thomasvino.ch\/index.php?rest_route=\/wp\/v2\/posts"}],"about":[{"href":"https:\/\/thomasvino.ch\/index.php?rest_route=\/wp\/v2\/types\/post"}],"author":[{"embeddable":true,"href":"https:\/\/thomasvino.ch\/index.php?rest_route=\/wp\/v2\/users\/3"}],"replies":[{"embeddable":true,"href":"https:\/\/thomasvino.ch\/index.php?rest_route=%2Fwp%2Fv2%2Fcomments&post=9877"}],"version-history":[{"count":0,"href":"https:\/\/thomasvino.ch\/index.php?rest_route=\/wp\/v2\/posts\/9877\/revisions"}],"wp:attachment":[{"href":"https:\/\/thomasvino.ch\/index.php?rest_route=%2Fwp%2Fv2%2Fmedia&parent=9877"}],"wp:term":[{"taxonomy":"category","embeddable":true,"href":"https:\/\/thomasvino.ch\/index.php?rest_route=%2Fwp%2Fv2%2Fcategories&post=9877"},{"taxonomy":"post_tag","embeddable":true,"href":"https:\/\/thomasvino.ch\/index.php?rest_route=%2Fwp%2Fv2%2Ftags&post=9877"}],"curies":[{"name":"wp","href":"https:\/\/api.w.org\/{rel}","templated":true}]}}