{"id":9886,"date":"2006-10-15T10:43:00","date_gmt":"2006-10-15T10:43:00","guid":{"rendered":"http:\/\/localhost\/thomasvino\/?p=9886"},"modified":"2013-03-06T08:15:42","modified_gmt":"2013-03-06T07:15:42","slug":"logo-pour-eviter-le-vin-aux-femmes-enceintes","status":"publish","type":"post","link":"https:\/\/thomasvino.ch\/?p=9886","title":{"rendered":"Logo pour \u00e9viter le vin aux femmes enceintes"},"content":{"rendered":"<p><span style=\"font-weight: bold; font-size: large;\">Une mise en garde pour les Fran\u00e7aises enceintes<\/span><\/p>\n<div style=\"text-align: justify;\">La pol\u00e9mique avait fait rage en France, l\u2019an dernier, mais le gouvernement persiste et signe. Dans le pays qui donna naissance au po\u00e8te Boileau, ce qui se con\u00e7oit ais\u00e9ment s\u2019\u00e9nonce clairement, encore aujourd\u2019hui. Et donc, selon un texte publi\u00e9 au Journal Officiel le 3 octobre, toutes les bouteilles et autres contenants de boissons alcoolis\u00e9es devront porter une mise en garde sur les risques de la consommation pour les femmes enceintes. Un logo peut suffire : il repr\u00e9sente, dans un disque rouge barr\u00e9, la silhouette d\u2019une femme enceinte qui boit un verre d\u2019alcool. Quant au message, il dit que \u00abm\u00eame en faible quantit\u00e9, la consommation d\u2019alcool peut avoir des cons\u00e9quences graves pour la sant\u00e9 de l\u2019enfant\u00bb. En attendant que la ligue des allergiques \u00e0 l\u2019histamine et l\u2019amicale des gueules de bois r\u00e9clament, elles aussi, un sigle tout aussi explicite pour limiter les abus. Et que le logo fasse tache (de vin) en Europe et en Suisse? (<span style=\"font-style: italic;\">PT, oct 2006<\/span>)<\/div>\n","protected":false},"excerpt":{"rendered":"<p>Une mise en garde pour les Fran\u00e7aises enceintes La pol\u00e9mique avait fait rage en France, l\u2019an dernier, mais le gouvernement persiste et signe. Dans le pays qui donna naissance au po\u00e8te Boileau, ce qui se con\u00e7oit ais\u00e9ment s\u2019\u00e9nonce clairement, encore aujourd\u2019hui. Et donc, selon un texte publi\u00e9 au Journal Officiel le 3 octobre, toutes les [&hellip;]<\/p>\n","protected":false},"author":3,"featured_media":0,"comment_status":"closed","ping_status":"open","sticky":false,"template":"","format":"standard","meta":{"_monsterinsights_skip_tracking":false,"_monsterinsights_sitenote_active":false,"_monsterinsights_sitenote_note":"","_monsterinsights_sitenote_category":0,"jetpack_post_was_ever_published":false,"jetpack_publicize_message":"","jetpack_is_tweetstorm":false,"jetpack_publicize_feature_enabled":true,"jetpack_social_post_already_shared":false,"jetpack_social_options":{"image_generator_settings":{"template":"highway","enabled":false}}},"categories":[15],"tags":[],"jetpack_publicize_connections":[],"yoast_head":"<!-- This site is optimized with the Yoast SEO plugin v20.6 - https:\/\/yoast.com\/wordpress\/plugins\/seo\/ -->\n<title>Logo pour \u00e9viter le vin aux femmes enceintes - thomasvino<\/title>\n<meta name=\"robots\" content=\"index, follow, max-snippet:-1, max-image-preview:large, max-video-preview:-1\" \/>\n<link rel=\"canonical\" href=\"https:\/\/thomasvino.ch\/?p=9886\" \/>\n<meta property=\"og:locale\" content=\"fr_FR\" \/>\n<meta property=\"og:type\" content=\"article\" \/>\n<meta property=\"og:title\" content=\"Logo pour \u00e9viter le vin aux femmes enceintes - thomasvino\" \/>\n<meta property=\"og:description\" content=\"Une mise en garde pour les Fran\u00e7aises enceintes La pol\u00e9mique avait fait rage en France, l\u2019an dernier, mais le gouvernement persiste et signe. Dans le pays qui donna naissance au po\u00e8te Boileau, ce qui se con\u00e7oit ais\u00e9ment s\u2019\u00e9nonce clairement, encore aujourd\u2019hui. Et donc, selon un texte publi\u00e9 au Journal Officiel le 3 octobre, toutes les [&hellip;]\" \/>\n<meta property=\"og:url\" content=\"https:\/\/thomasvino.ch\/?p=9886\" \/>\n<meta property=\"og:site_name\" content=\"thomasvino\" \/>\n<meta property=\"article:published_time\" content=\"2006-10-15T10:43:00+00:00\" \/>\n<meta property=\"article:modified_time\" content=\"2013-03-06T07:15:42+00:00\" \/>\n<meta name=\"author\" content=\"Pierre Thomas\" \/>\n<meta name=\"twitter:label1\" content=\"\u00c9crit par\" \/>\n\t<meta name=\"twitter:data1\" content=\"Pierre Thomas\" \/>\n\t<meta name=\"twitter:label2\" content=\"Dur\u00e9e de lecture estim\u00e9e\" \/>\n\t<meta name=\"twitter:data2\" content=\"1 minute\" \/>\n<script type=\"application\/ld+json\" class=\"yoast-schema-graph\">{\"@context\":\"https:\/\/schema.org\",\"@graph\":[{\"@type\":\"WebPage\",\"@id\":\"https:\/\/thomasvino.ch\/?p=9886\",\"url\":\"https:\/\/thomasvino.ch\/?p=9886\",\"name\":\"Logo pour \u00e9viter le vin aux femmes enceintes - thomasvino\",\"isPartOf\":{\"@id\":\"https:\/\/thomasvino.ch\/#website\"},\"datePublished\":\"2006-10-15T10:43:00+00:00\",\"dateModified\":\"2013-03-06T07:15:42+00:00\",\"author\":{\"@id\":\"https:\/\/thomasvino.ch\/#\/schema\/person\/670bf4486fe81152cf1d68bd585e062e\"},\"breadcrumb\":{\"@id\":\"https:\/\/thomasvino.ch\/?p=9886#breadcrumb\"},\"inLanguage\":\"fr-FR\",\"potentialAction\":[{\"@type\":\"ReadAction\",\"target\":[\"https:\/\/thomasvino.ch\/?p=9886\"]}]},{\"@type\":\"BreadcrumbList\",\"@id\":\"https:\/\/thomasvino.ch\/?p=9886#breadcrumb\",\"itemListElement\":[{\"@type\":\"ListItem\",\"position\":1,\"name\":\"Accueil\",\"item\":\"https:\/\/thomasvino.ch\/\"},{\"@type\":\"ListItem\",\"position\":2,\"name\":\"Logo pour \u00e9viter le vin aux femmes enceintes\"}]},{\"@type\":\"WebSite\",\"@id\":\"https:\/\/thomasvino.ch\/#website\",\"url\":\"https:\/\/thomasvino.ch\/\",\"name\":\"thomasvino\",\"description\":\"Vins &amp; Gastronomie\",\"potentialAction\":[{\"@type\":\"SearchAction\",\"target\":{\"@type\":\"EntryPoint\",\"urlTemplate\":\"https:\/\/thomasvino.ch\/?s={search_term_string}\"},\"query-input\":\"required name=search_term_string\"}],\"inLanguage\":\"fr-FR\"},{\"@type\":\"Person\",\"@id\":\"https:\/\/thomasvino.ch\/#\/schema\/person\/670bf4486fe81152cf1d68bd585e062e\",\"name\":\"Pierre Thomas\",\"image\":{\"@type\":\"ImageObject\",\"inLanguage\":\"fr-FR\",\"@id\":\"https:\/\/thomasvino.ch\/#\/schema\/person\/image\/\",\"url\":\"https:\/\/secure.gravatar.com\/avatar\/91fd5a76647f140e53db987a0dead4d7?s=96&d=mm&r=g\",\"contentUrl\":\"https:\/\/secure.gravatar.com\/avatar\/91fd5a76647f140e53db987a0dead4d7?s=96&d=mm&r=g\",\"caption\":\"Pierre Thomas\"},\"url\":\"https:\/\/thomasvino.ch\/?author=3\"}]}<\/script>\n<!-- \/ Yoast SEO plugin. -->","yoast_head_json":{"title":"Logo pour \u00e9viter le vin aux femmes enceintes - thomasvino","robots":{"index":"index","follow":"follow","max-snippet":"max-snippet:-1","max-image-preview":"max-image-preview:large","max-video-preview":"max-video-preview:-1"},"canonical":"https:\/\/thomasvino.ch\/?p=9886","og_locale":"fr_FR","og_type":"article","og_title":"Logo pour \u00e9viter le vin aux femmes enceintes - thomasvino","og_description":"Une mise en garde pour les Fran\u00e7aises enceintes La pol\u00e9mique avait fait rage en France, l\u2019an dernier, mais le gouvernement persiste et signe. Dans le pays qui donna naissance au po\u00e8te Boileau, ce qui se con\u00e7oit ais\u00e9ment s\u2019\u00e9nonce clairement, encore aujourd\u2019hui. Et donc, selon un texte publi\u00e9 au Journal Officiel le 3 octobre, toutes les [&hellip;]","og_url":"https:\/\/thomasvino.ch\/?p=9886","og_site_name":"thomasvino","article_published_time":"2006-10-15T10:43:00+00:00","article_modified_time":"2013-03-06T07:15:42+00:00","author":"Pierre Thomas","twitter_misc":{"\u00c9crit par":"Pierre Thomas","Dur\u00e9e de lecture estim\u00e9e":"1 minute"},"schema":{"@context":"https:\/\/schema.org","@graph":[{"@type":"WebPage","@id":"https:\/\/thomasvino.ch\/?p=9886","url":"https:\/\/thomasvino.ch\/?p=9886","name":"Logo pour \u00e9viter le vin aux femmes enceintes - thomasvino","isPartOf":{"@id":"https:\/\/thomasvino.ch\/#website"},"datePublished":"2006-10-15T10:43:00+00:00","dateModified":"2013-03-06T07:15:42+00:00","author":{"@id":"https:\/\/thomasvino.ch\/#\/schema\/person\/670bf4486fe81152cf1d68bd585e062e"},"breadcrumb":{"@id":"https:\/\/thomasvino.ch\/?p=9886#breadcrumb"},"inLanguage":"fr-FR","potentialAction":[{"@type":"ReadAction","target":["https:\/\/thomasvino.ch\/?p=9886"]}]},{"@type":"BreadcrumbList","@id":"https:\/\/thomasvino.ch\/?p=9886#breadcrumb","itemListElement":[{"@type":"ListItem","position":1,"name":"Accueil","item":"https:\/\/thomasvino.ch\/"},{"@type":"ListItem","position":2,"name":"Logo pour \u00e9viter le vin aux femmes enceintes"}]},{"@type":"WebSite","@id":"https:\/\/thomasvino.ch\/#website","url":"https:\/\/thomasvino.ch\/","name":"thomasvino","description":"Vins &amp; Gastronomie","potentialAction":[{"@type":"SearchAction","target":{"@type":"EntryPoint","urlTemplate":"https:\/\/thomasvino.ch\/?s={search_term_string}"},"query-input":"required name=search_term_string"}],"inLanguage":"fr-FR"},{"@type":"Person","@id":"https:\/\/thomasvino.ch\/#\/schema\/person\/670bf4486fe81152cf1d68bd585e062e","name":"Pierre Thomas","image":{"@type":"ImageObject","inLanguage":"fr-FR","@id":"https:\/\/thomasvino.ch\/#\/schema\/person\/image\/","url":"https:\/\/secure.gravatar.com\/avatar\/91fd5a76647f140e53db987a0dead4d7?s=96&d=mm&r=g","contentUrl":"https:\/\/secure.gravatar.com\/avatar\/91fd5a76647f140e53db987a0dead4d7?s=96&d=mm&r=g","caption":"Pierre Thomas"},"url":"https:\/\/thomasvino.ch\/?author=3"}]}},"jetpack_featured_media_url":"","jetpack_sharing_enabled":true,"jetpack_shortlink":"https:\/\/wp.me\/p3m4tZ-2zs","jetpack_likes_enabled":false,"jetpack-related-posts":[{"id":16212,"url":"https:\/\/thomasvino.ch\/?p=16212","url_meta":{"origin":9886,"position":0},"title":"Les Suisses consomment moins d\u2019alcool quotidiennement","date":"25 novembre 2019","format":false,"excerpt":"En 2017, plus de 80% de la population suisse buvait de l\u2019alcool. Cette proportion est rest\u00e9e stable depuis 25 ans, alors que celle des personnes en consommant tous les jours a diminu\u00e9 de moiti\u00e9, passant de 20% en 1992 \u00e0 11% en 2017. \u00c0 l\u2019inverse, la part de la population\u2026","rel":"","context":"Dans &quot;Tendance&quot;","img":{"alt_text":"","src":"","width":0,"height":0},"classes":[]},{"id":9772,"url":"https:\/\/thomasvino.ch\/?p=9772","url_meta":{"origin":9886,"position":1},"title":"Moins d&rsquo;alcool, moins d&rsquo;\u00e2me au vin?","date":"11 juin 2006","format":false,"excerpt":"A propos de d\u00e9salcoolisation Vin sans alcool donc sans \u00e2me? Dans une ode au vin, Baudelaire faisait chanter \u00abL\u2019\u00e2me du vin\u00bb. C\u2019\u00e9tait il y a un si\u00e8cle et demi. Aujourd\u2019hui, les vins avec peu, ou m\u00eame sans, alcool, d\u00e9barquent, m\u00eame en Suisse. Avec quelles chances de succ\u00e8s? Pierre Thomas \u00abJ\u2019\u00e9prouve\u2026","rel":"","context":"Dans &quot;Tendance&quot;","img":{"alt_text":"","src":"","width":0,"height":0},"classes":[]},{"id":9127,"url":"https:\/\/thomasvino.ch\/?p=9127","url_meta":{"origin":9886,"position":2},"title":"La Williamine se la joue douce","date":"14 janvier 2011","format":false,"excerpt":"Distillerie Morand \u00e0 Martigny La Williamine se la joue douce La consommation d\u2019alcools forts \u00e9volue. La distillerie Morand, \u00e0 Martigny, s\u2019adapte aux nouveaux march\u00e9s, techniquement et gustativement. Pierre Thomas Si l\u2019\u00ababricotine\u00bb est le nom de l\u2019eau-de-vie d\u2019abricots AOC du Valais, la Williamine, tir\u00e9e de la poire de la vari\u00e9t\u00e9 williams,\u2026","rel":"","context":"Dans &quot;Tendance&quot;","img":{"alt_text":"site_morand4.jpg","src":"img\/site_morand4.jpg","width":350,"height":200},"classes":[]},{"id":9899,"url":"https:\/\/thomasvino.ch\/?p=9899","url_meta":{"origin":9886,"position":3},"title":"Philippe Varone, o\u00f9 vont les vins suisses?","date":"9 janvier 2005","format":false,"excerpt":"Vins suisses \u2014 Nouveau patron de l'Interprofession P. Varone o\u00f9 vont les vins suisses? Le jeune n\u00e9gociant valaisan Philippe Varone, de Sion, prend les r\u00eanes pour deux ans de la toute neuve Interprofession suisse du vin, n\u00e9e en 2000. Sous son r\u00e8gne, la fili\u00e8re viti-vinicole va vivre des changements importants.\u2026","rel":"","context":"Dans &quot;Vins suisses&quot;","img":{"alt_text":"","src":"","width":0,"height":0},"classes":[]},{"id":8808,"url":"https:\/\/thomasvino.ch\/?p=8808","url_meta":{"origin":9886,"position":4},"title":"Valais \u2014 Neuf portraits de femmes du vin","date":"30 octobre 2008","format":false,"excerpt":"Un livre de portraits de ValaisannesLa femme, avenir du vin... ... vraiment\u00a0?Neuf femmes forment la galerie de portraits valaisans d\u2019un album sorti de presse cette semaine. Mais en quoi les femmes sont-elles si diff\u00e9rentes, comme productrices et comme consommatrices\u00a0? R\u00e9ponses de\u2026 femmes.Par Pierre ThomasOn l\u2019attendait au contour, jeudi soir pass\u00e9,\u2026","rel":"","context":"Dans &quot;Vins suisses&quot;","img":{"alt_text":"","src":"","width":0,"height":0},"classes":[]},{"id":8709,"url":"https:\/\/thomasvino.ch\/?p=8709","url_meta":{"origin":9886,"position":5},"title":"Vins suisses \u2014 Les vendanges 2004 en Suisse en chiffres","date":"10 janvier 2005","format":false,"excerpt":"Vins suisses2004, bon en quantit\u00e9 et en qualit\u00e9 Tandis qu\u2019en France, les viticulteurs manifestaient leur col\u00e8re dans la rue, au lendemain de vendanges pl\u00e9thoriques, la Suisse a accueilli dans une quasi-indiff\u00e9rence les r\u00e9sultats de la r\u00e9colte 2004. Retour sur des chiffres et perspectives en demi-teintes. Par Pierre Thomas La Palice\u2026","rel":"","context":"Dans &quot;Tendance&quot;","img":{"alt_text":"","src":"","width":0,"height":0},"classes":[]}],"_links":{"self":[{"href":"https:\/\/thomasvino.ch\/index.php?rest_route=\/wp\/v2\/posts\/9886"}],"collection":[{"href":"https:\/\/thomasvino.ch\/index.php?rest_route=\/wp\/v2\/posts"}],"about":[{"href":"https:\/\/thomasvino.ch\/index.php?rest_route=\/wp\/v2\/types\/post"}],"author":[{"embeddable":true,"href":"https:\/\/thomasvino.ch\/index.php?rest_route=\/wp\/v2\/users\/3"}],"replies":[{"embeddable":true,"href":"https:\/\/thomasvino.ch\/index.php?rest_route=%2Fwp%2Fv2%2Fcomments&post=9886"}],"version-history":[{"count":0,"href":"https:\/\/thomasvino.ch\/index.php?rest_route=\/wp\/v2\/posts\/9886\/revisions"}],"wp:attachment":[{"href":"https:\/\/thomasvino.ch\/index.php?rest_route=%2Fwp%2Fv2%2Fmedia&parent=9886"}],"wp:term":[{"taxonomy":"category","embeddable":true,"href":"https:\/\/thomasvino.ch\/index.php?rest_route=%2Fwp%2Fv2%2Fcategories&post=9886"},{"taxonomy":"post_tag","embeddable":true,"href":"https:\/\/thomasvino.ch\/index.php?rest_route=%2Fwp%2Fv2%2Ftags&post=9886"}],"curies":[{"name":"wp","href":"https:\/\/api.w.org\/{rel}","templated":true}]}}