{"id":9896,"date":"2006-11-09T10:07:00","date_gmt":"2006-11-09T10:07:00","guid":{"rendered":"http:\/\/localhost\/thomasvino\/?p=9896"},"modified":"2006-11-09T10:07:00","modified_gmt":"2006-11-09T10:07:00","slug":"vins-suisses-les-plus-fines-papilles-vaudoises","status":"publish","type":"post","link":"https:\/\/thomasvino.ch\/?p=9896","title":{"rendered":"Vins suisses \u2014 Les plus fines papilles vaudoises"},"content":{"rendered":"<p><font style=\"font-weight: bold; font-style: italic;\" size=\"3\">Vins suisses <br \/><\/font><font style=\"font-weight: bold;\" size=\"4\">Les champions 2006 <br \/> de d\u00e9gustation \u00ab\u00e0 la vaudoise\u00bb<\/font> <\/p>\n<div style=\"text-align: justify;\">La d\u00e9gustation, discipline \u00abconcours Jean-Louis\u00bb, est un sport typiquement vaudois, o\u00f9 il faut un s\u00e9rieux entra\u00eenement pour d\u00e9crocher la timbale. Au Comptoir Suisse, la participation est en baisse : 3336 bulletins enregistr\u00e9s cette ann\u00e9e pour un peu plus de 10% de dipl\u00f4m\u00e9s. Les professionnels s\u2019entred\u00e9chirent pour le \u00abchapeau noir\u00bb, dans un classement combin\u00e9 de plusieurs \u00e9preuves portant sur la reconnaissance des mill\u00e9simes, rouges et blancs et des AOC locales. Cette ann\u00e9e, c\u2019est Luc Massy, caviste-\u0153nologue \u00e0 Epesses, qui l\u2019emporte. Il est aussi pr\u00e9sident de la Baronnie du D\u00e9zaley et de la Cave vaudoise, ambassade permanente des vins verts et blancs en Suisse. L\u2019Office des Vins Vaudois (OVV) organise aussi un championnat de d\u00e9gustation, \u00abLe Verre d\u2019or\u00bb, \u00e0 travers les divers comptoirs et autres concours r\u00e9gionaux. Au classement g\u00e9n\u00e9ral, Thierry Ciampi, \u0153nologue chez Schenk, l\u2019emporte chez les moins de 30 ans, et Fran\u00e7ois Marquis, sp\u00e9cialiste du genre, chez les seniors. Comme on est en sport et que la d\u00e9gustation (apparemment !) \u00e9chappe \u00e0 l\u2019\u00e9galit\u00e9 des chances, la classe dames, tant au Jean-Louis qu\u2019au Verre d\u2019or, est enlev\u00e9e par Elisabeth Blanc, de Gilly. A moins que ces dames soient trop fortes pour ces messieurs? <\/div>\n","protected":false},"excerpt":{"rendered":"<p>Vins suisses Les champions 2006 de d\u00e9gustation \u00ab\u00e0 la vaudoise\u00bb La d\u00e9gustation, discipline \u00abconcours Jean-Louis\u00bb, est un sport typiquement vaudois, o\u00f9 il faut un s\u00e9rieux entra\u00eenement pour d\u00e9crocher la timbale. Au Comptoir Suisse, la participation est en baisse : 3336 bulletins enregistr\u00e9s cette ann\u00e9e pour un peu plus de 10% de dipl\u00f4m\u00e9s. Les professionnels s\u2019entred\u00e9chirent [&hellip;]<\/p>\n","protected":false},"author":3,"featured_media":0,"comment_status":"closed","ping_status":"open","sticky":false,"template":"","format":"standard","meta":{"_monsterinsights_skip_tracking":false,"_monsterinsights_sitenote_active":false,"_monsterinsights_sitenote_note":"","_monsterinsights_sitenote_category":0,"jetpack_post_was_ever_published":false,"jetpack_publicize_message":"","jetpack_is_tweetstorm":false,"jetpack_publicize_feature_enabled":true,"jetpack_social_post_already_shared":false,"jetpack_social_options":{"image_generator_settings":{"template":"highway","enabled":false}}},"categories":[15],"tags":[],"jetpack_publicize_connections":[],"yoast_head":"<!-- This site is optimized with the Yoast SEO plugin v20.6 - https:\/\/yoast.com\/wordpress\/plugins\/seo\/ -->\n<title>Vins suisses \u2014 Les plus fines papilles vaudoises - thomasvino<\/title>\n<meta name=\"robots\" content=\"index, follow, max-snippet:-1, max-image-preview:large, max-video-preview:-1\" \/>\n<link rel=\"canonical\" href=\"https:\/\/thomasvino.ch\/?p=9896\" \/>\n<meta property=\"og:locale\" content=\"fr_FR\" \/>\n<meta property=\"og:type\" content=\"article\" \/>\n<meta property=\"og:title\" content=\"Vins suisses \u2014 Les plus fines papilles vaudoises - thomasvino\" \/>\n<meta property=\"og:description\" content=\"Vins suisses Les champions 2006 de d\u00e9gustation \u00ab\u00e0 la vaudoise\u00bb La d\u00e9gustation, discipline \u00abconcours Jean-Louis\u00bb, est un sport typiquement vaudois, o\u00f9 il faut un s\u00e9rieux entra\u00eenement pour d\u00e9crocher la timbale. Au Comptoir Suisse, la participation est en baisse : 3336 bulletins enregistr\u00e9s cette ann\u00e9e pour un peu plus de 10% de dipl\u00f4m\u00e9s. Les professionnels s\u2019entred\u00e9chirent [&hellip;]\" \/>\n<meta property=\"og:url\" content=\"https:\/\/thomasvino.ch\/?p=9896\" \/>\n<meta property=\"og:site_name\" content=\"thomasvino\" \/>\n<meta property=\"article:published_time\" content=\"2006-11-09T10:07:00+00:00\" \/>\n<meta name=\"author\" content=\"Pierre Thomas\" \/>\n<meta name=\"twitter:label1\" content=\"\u00c9crit par\" \/>\n\t<meta name=\"twitter:data1\" content=\"Pierre Thomas\" \/>\n\t<meta name=\"twitter:label2\" content=\"Dur\u00e9e de lecture estim\u00e9e\" \/>\n\t<meta name=\"twitter:data2\" content=\"1 minute\" \/>\n<script type=\"application\/ld+json\" class=\"yoast-schema-graph\">{\"@context\":\"https:\/\/schema.org\",\"@graph\":[{\"@type\":\"WebPage\",\"@id\":\"https:\/\/thomasvino.ch\/?p=9896\",\"url\":\"https:\/\/thomasvino.ch\/?p=9896\",\"name\":\"Vins suisses \u2014 Les plus fines papilles vaudoises - thomasvino\",\"isPartOf\":{\"@id\":\"https:\/\/thomasvino.ch\/#website\"},\"datePublished\":\"2006-11-09T10:07:00+00:00\",\"dateModified\":\"2006-11-09T10:07:00+00:00\",\"author\":{\"@id\":\"https:\/\/thomasvino.ch\/#\/schema\/person\/670bf4486fe81152cf1d68bd585e062e\"},\"breadcrumb\":{\"@id\":\"https:\/\/thomasvino.ch\/?p=9896#breadcrumb\"},\"inLanguage\":\"fr-FR\",\"potentialAction\":[{\"@type\":\"ReadAction\",\"target\":[\"https:\/\/thomasvino.ch\/?p=9896\"]}]},{\"@type\":\"BreadcrumbList\",\"@id\":\"https:\/\/thomasvino.ch\/?p=9896#breadcrumb\",\"itemListElement\":[{\"@type\":\"ListItem\",\"position\":1,\"name\":\"Accueil\",\"item\":\"https:\/\/thomasvino.ch\/\"},{\"@type\":\"ListItem\",\"position\":2,\"name\":\"Vins suisses \u2014 Les plus fines papilles vaudoises\"}]},{\"@type\":\"WebSite\",\"@id\":\"https:\/\/thomasvino.ch\/#website\",\"url\":\"https:\/\/thomasvino.ch\/\",\"name\":\"thomasvino\",\"description\":\"Vins &amp; Gastronomie\",\"potentialAction\":[{\"@type\":\"SearchAction\",\"target\":{\"@type\":\"EntryPoint\",\"urlTemplate\":\"https:\/\/thomasvino.ch\/?s={search_term_string}\"},\"query-input\":\"required name=search_term_string\"}],\"inLanguage\":\"fr-FR\"},{\"@type\":\"Person\",\"@id\":\"https:\/\/thomasvino.ch\/#\/schema\/person\/670bf4486fe81152cf1d68bd585e062e\",\"name\":\"Pierre Thomas\",\"image\":{\"@type\":\"ImageObject\",\"inLanguage\":\"fr-FR\",\"@id\":\"https:\/\/thomasvino.ch\/#\/schema\/person\/image\/\",\"url\":\"https:\/\/secure.gravatar.com\/avatar\/91fd5a76647f140e53db987a0dead4d7?s=96&d=mm&r=g\",\"contentUrl\":\"https:\/\/secure.gravatar.com\/avatar\/91fd5a76647f140e53db987a0dead4d7?s=96&d=mm&r=g\",\"caption\":\"Pierre Thomas\"},\"url\":\"https:\/\/thomasvino.ch\/?author=3\"}]}<\/script>\n<!-- \/ Yoast SEO plugin. -->","yoast_head_json":{"title":"Vins suisses \u2014 Les plus fines papilles vaudoises - thomasvino","robots":{"index":"index","follow":"follow","max-snippet":"max-snippet:-1","max-image-preview":"max-image-preview:large","max-video-preview":"max-video-preview:-1"},"canonical":"https:\/\/thomasvino.ch\/?p=9896","og_locale":"fr_FR","og_type":"article","og_title":"Vins suisses \u2014 Les plus fines papilles vaudoises - thomasvino","og_description":"Vins suisses Les champions 2006 de d\u00e9gustation \u00ab\u00e0 la vaudoise\u00bb La d\u00e9gustation, discipline \u00abconcours Jean-Louis\u00bb, est un sport typiquement vaudois, o\u00f9 il faut un s\u00e9rieux entra\u00eenement pour d\u00e9crocher la timbale. Au Comptoir Suisse, la participation est en baisse : 3336 bulletins enregistr\u00e9s cette ann\u00e9e pour un peu plus de 10% de dipl\u00f4m\u00e9s. Les professionnels s\u2019entred\u00e9chirent [&hellip;]","og_url":"https:\/\/thomasvino.ch\/?p=9896","og_site_name":"thomasvino","article_published_time":"2006-11-09T10:07:00+00:00","author":"Pierre Thomas","twitter_misc":{"\u00c9crit par":"Pierre Thomas","Dur\u00e9e de lecture estim\u00e9e":"1 minute"},"schema":{"@context":"https:\/\/schema.org","@graph":[{"@type":"WebPage","@id":"https:\/\/thomasvino.ch\/?p=9896","url":"https:\/\/thomasvino.ch\/?p=9896","name":"Vins suisses \u2014 Les plus fines papilles vaudoises - thomasvino","isPartOf":{"@id":"https:\/\/thomasvino.ch\/#website"},"datePublished":"2006-11-09T10:07:00+00:00","dateModified":"2006-11-09T10:07:00+00:00","author":{"@id":"https:\/\/thomasvino.ch\/#\/schema\/person\/670bf4486fe81152cf1d68bd585e062e"},"breadcrumb":{"@id":"https:\/\/thomasvino.ch\/?p=9896#breadcrumb"},"inLanguage":"fr-FR","potentialAction":[{"@type":"ReadAction","target":["https:\/\/thomasvino.ch\/?p=9896"]}]},{"@type":"BreadcrumbList","@id":"https:\/\/thomasvino.ch\/?p=9896#breadcrumb","itemListElement":[{"@type":"ListItem","position":1,"name":"Accueil","item":"https:\/\/thomasvino.ch\/"},{"@type":"ListItem","position":2,"name":"Vins suisses \u2014 Les plus fines papilles vaudoises"}]},{"@type":"WebSite","@id":"https:\/\/thomasvino.ch\/#website","url":"https:\/\/thomasvino.ch\/","name":"thomasvino","description":"Vins &amp; Gastronomie","potentialAction":[{"@type":"SearchAction","target":{"@type":"EntryPoint","urlTemplate":"https:\/\/thomasvino.ch\/?s={search_term_string}"},"query-input":"required name=search_term_string"}],"inLanguage":"fr-FR"},{"@type":"Person","@id":"https:\/\/thomasvino.ch\/#\/schema\/person\/670bf4486fe81152cf1d68bd585e062e","name":"Pierre Thomas","image":{"@type":"ImageObject","inLanguage":"fr-FR","@id":"https:\/\/thomasvino.ch\/#\/schema\/person\/image\/","url":"https:\/\/secure.gravatar.com\/avatar\/91fd5a76647f140e53db987a0dead4d7?s=96&d=mm&r=g","contentUrl":"https:\/\/secure.gravatar.com\/avatar\/91fd5a76647f140e53db987a0dead4d7?s=96&d=mm&r=g","caption":"Pierre Thomas"},"url":"https:\/\/thomasvino.ch\/?author=3"}]}},"jetpack_featured_media_url":"","jetpack_sharing_enabled":true,"jetpack_shortlink":"https:\/\/wp.me\/p3m4tZ-2zC","jetpack_likes_enabled":false,"jetpack-related-posts":[{"id":10687,"url":"https:\/\/thomasvino.ch\/?p=10687","url_meta":{"origin":9896,"position":0},"title":"Le label Terravin a 50 ans et toutes ses dents","date":"29 mai 2013","format":false,"excerpt":"Le label Terravin, attribu\u00e9 aux vins vaudois, f\u00eate ses 50 ans. Il les c\u00e9l\u00e9brera le 6 juillet, en m\u00eame temps que le (deuxi\u00e8me) Mondial du Chasselas, \u00e0 l\u2019endroit m\u00eame o\u00f9 il a \u00e9t\u00e9 fond\u00e9, \u00e0 Yvorne. Et c\u2019est l\u00e0 aussi qu\u2019il a tenu sa derni\u00e8re assembl\u00e9e annuelle, le 2 mai\u2026","rel":"","context":"Dans &quot;Vins suisses&quot;","img":{"alt_text":"","src":"https:\/\/i0.wp.com\/www.thomasvino.ch\/wp-content\/uploads\/2013\/05\/ass_terravin-278x300.jpg?resize=350%2C200","width":350,"height":200},"classes":[]},{"id":15659,"url":"https:\/\/thomasvino.ch\/?p=15659","url_meta":{"origin":9896,"position":1},"title":"Vins bios: un seul concours national","date":"20 mars 2019","format":false,"excerpt":"Ce printemps, il n'y aura plus qu'un seul concours de vins bios pour toute la Suisse. Les vins seront d\u00e9gust\u00e9s \u00e0 Froideville, au-dessus de Lausanne, dans la grande salle o\u00f9 se d\u00e9roulent aussi la S\u00e9lection des vins vaudois et, cette ann\u00e9e, le Mondial du Chasselas. Les meilleurs vins bios suisses,\u2026","rel":"","context":"Dans &quot;Actus - News&quot;","img":{"alt_text":"","src":"","width":0,"height":0},"classes":[]},{"id":9744,"url":"https:\/\/thomasvino.ch\/?p=9744","url_meta":{"origin":9896,"position":2},"title":"Des blancs espagnols en \u00e9vidence","date":"26 avril 2006","format":false,"excerpt":"(Paru dans \u00abTout Compte Fait\u00bb de mars 2006) Vins blancs de supermarch\u00e9s: ol\u00e9\u00a0! Qui l\u2019e\u00fbt cru\u00a0? Dans les supermarch\u00e9s, les blancs espagnols font des ravages. Les Suisses essaient de r\u00e9gater, en vain, en-dehors de leur chasselas, chasse gard\u00e9e. Il y a vingt ans, personne n\u2019e\u00fbt pari\u00e9 une peseta sur les\u2026","rel":"","context":"Dans &quot;Conso&quot;","img":{"alt_text":"","src":"","width":0,"height":0},"classes":[]},{"id":8936,"url":"https:\/\/thomasvino.ch\/?p=8936","url_meta":{"origin":9896,"position":3},"title":"Vins suisses \u2014 Les nouvelles tendances des vins suisses","date":"11 janvier 2005","format":false,"excerpt":"Vins suissesNouvelles tendancesQuels vins suisses conserver en cave? Qui boira quoi demain? Deux questions que ceux qui servent du vin se posent. Et deux moyens tout neufs de conna\u00eetre des r\u00e9ponses. Par Pierre ThomasL'interprofession du vin suisse met en place un \u00abobservatoire du march\u00e9\u00bb qui se r\u00e9sumera, d\u00e8s le mois\u2026","rel":"","context":"Dans &quot;Tendance&quot;","img":{"alt_text":"","src":"","width":0,"height":0},"classes":[]},{"id":9761,"url":"https:\/\/thomasvino.ch\/?p=9761","url_meta":{"origin":9896,"position":4},"title":"Vins suisses \u2014 Le championnat de d\u00e9gustation 2001","date":"10 mai 2006","format":false,"excerpt":"Vins suisses \u2014 Championnat au Chalet-\u00e0-Gobet La d\u00e9gustation? Un v\u00e9ritable sport! Ils \u00e9taient une soixantaine, non pas dans les starting-blocks, mais face \u00e0 des verres, hier matin, \u00e0 l'Ecole h\u00f4teli\u00e8re de Lausanne. Soixante-quatre, soit un sur sept, de ces pr\u00e9qualifi\u00e9s au Championnat suisse de d\u00e9gustation iront en finale, vraisemblablement \u00abjou\u00e9e\u00bb\u2026","rel":"","context":"Dans &quot;Tendance&quot;","img":{"alt_text":"","src":"","width":0,"height":0},"classes":[]},{"id":9399,"url":"https:\/\/thomasvino.ch\/?p=9399","url_meta":{"origin":9896,"position":5},"title":"3&rsquo;000 vins au GPVS 2012","date":"23 juin 2012","format":false,"excerpt":"Grand Prix du Vin Suisse 2012 Un match Valais-Vaud de plus en juin Un concours de plus sur un seul mois de l\u2019ann\u00e9e (fin mai-fin juin), pour les m\u00eames vins! Des d\u00e9gustateurs de toute la Suisse ont d\u00e9gust\u00e9 sur deux semaines, \u00e0 Sierre, 3'000 vins suisses envoy\u00e9s par 600 encaveurs.\u2026","rel":"","context":"Dans &quot;Tendance&quot;","img":{"alt_text":"","src":"","width":0,"height":0},"classes":[]}],"_links":{"self":[{"href":"https:\/\/thomasvino.ch\/index.php?rest_route=\/wp\/v2\/posts\/9896"}],"collection":[{"href":"https:\/\/thomasvino.ch\/index.php?rest_route=\/wp\/v2\/posts"}],"about":[{"href":"https:\/\/thomasvino.ch\/index.php?rest_route=\/wp\/v2\/types\/post"}],"author":[{"embeddable":true,"href":"https:\/\/thomasvino.ch\/index.php?rest_route=\/wp\/v2\/users\/3"}],"replies":[{"embeddable":true,"href":"https:\/\/thomasvino.ch\/index.php?rest_route=%2Fwp%2Fv2%2Fcomments&post=9896"}],"version-history":[{"count":0,"href":"https:\/\/thomasvino.ch\/index.php?rest_route=\/wp\/v2\/posts\/9896\/revisions"}],"wp:attachment":[{"href":"https:\/\/thomasvino.ch\/index.php?rest_route=%2Fwp%2Fv2%2Fmedia&parent=9896"}],"wp:term":[{"taxonomy":"category","embeddable":true,"href":"https:\/\/thomasvino.ch\/index.php?rest_route=%2Fwp%2Fv2%2Fcategories&post=9896"},{"taxonomy":"post_tag","embeddable":true,"href":"https:\/\/thomasvino.ch\/index.php?rest_route=%2Fwp%2Fv2%2Ftags&post=9896"}],"curies":[{"name":"wp","href":"https:\/\/api.w.org\/{rel}","templated":true}]}}