{"id":9898,"date":"2006-11-12T21:25:00","date_gmt":"2006-11-12T21:25:00","guid":{"rendered":"http:\/\/localhost\/thomasvino\/?p=9898"},"modified":"2013-04-02T13:34:03","modified_gmt":"2013-04-02T12:34:03","slug":"neuchatel-ne-la-maison-du-prussien","status":"publish","type":"post","link":"https:\/\/thomasvino.ch\/?p=9898","title":{"rendered":"Neuch\u00e2tel (NE) \u2014 La Maison du Prussien"},"content":{"rendered":"<div style=\"text-align: justify;\"><font size=\"3\"><font style=\"font-weight: bold; font-style: italic;\" size=\"4\">La Maison du Prussien, Neuch\u00e2tel<\/font><\/font><br \/> <font size=\"3\"><font style=\"font-weight: bold;\" size=\"5\">La truffe version Gor<\/font><\/font><br \/> Sauv\u00e9e par un d\u00e9fenseur du patrimoine, la Maison du Prussien, dans le gouffre, le gor, o\u00f9 coule l\u2019imp\u00e9tueux Seyon, a gagn\u00e9 en sept ans ses galons d\u2019auberge gastronomique (deux toques au <span style=\"font-style: italic;\">Guide GaultMillau Suisse<\/span>) gr\u00e2ce \u00e0 Jean-Yves Drevet, 36 ans. <br \/> Pour la premi\u00e8re fois, il propose, en novembre, un menu \u00abtout truffe\u00bb. Pas n\u2019importe laquelle, celle de la r\u00e9gion. Car la truffe suisse existe, il suffit de la chercher et de la trouver. C\u2019est l\u2019affaire d\u2019un \u00abchasseur\u00bb d\u2019origine napolitaine, Agnello Viggiano. Ce sexag\u00e9naire retrait\u00e9 de Tavannes arpente les for\u00eats d\u2019Yverdon \u00e0 Bienne, du pied du Jura au Seeland. Depuis une douzaine d\u2019ann\u00e9es, il d\u00e9couvre les champignons au pied des ch\u00eanes, des h\u00eatres et des noisetiers. Attention, pas sous les sabots d\u2019un cheval, mais au bout de la\u2026 truffe d\u2019un chien, Rocky, un cocker noir et blanc.<br \/> <span style=\"font-weight: bold;\">Ni noire, ni blanche<\/span><br \/> Cette truffe, indig\u00e8ne et sauvage, n\u2019a rien \u00e0 voir ni avec la noire du P\u00e9rigord, ni avec la blanche d\u2019Alba. Elle s\u2019apparente \u00e0 la grise de Bourgogne, l\u2019une des trente-deux vari\u00e9t\u00e9s identifi\u00e9es rien qu\u2019en Europe. Dix \u00e0 douze fois moins ch\u00e8re que ses \u00abconcurrentes\u00bb (qui valent entre 2&#39;500 et 5&#39;000 francs le kilo), la truffe locale est, aussi, moins parfum\u00e9e, dans une proportion difficile \u00e0 cerner. Tout l\u2019art du cuisinier consiste \u00e0 la magnifier\u2026 <br \/> Cet exercice de style monomaniaque, Jean-Yves Drevet le r\u00e9ussit avec panache. Le jeune Auvergnat ose quelques audaces inspir\u00e9es du Catalan Ferran Adria. Il use de cet instrument suisse qu\u2019est le Pacojet : \u00e0 partir d\u2019une mati\u00e8re congel\u00e9e, il permet d\u2019\u00e9mulsionner \u00e0 la minute des sorbets\u2026 sans \u0153uf ni sucre. Ainsi, celui \u00e0 la f\u00e9ta et truffe est renversant, escortant des coquilles Saint-Jacques finement tranch\u00e9es, en alternance avec des lamelles de truffe. Pas de Pacojet, pour le cube glac\u00e9 de jus de truffe gliss\u00e9 dans la premi\u00e8re entr\u00e9e, un \u0153uf brouill\u00e9 chaud. Puis, \u00e0 c\u00f4t\u00e9 de spaghettis et d\u2019une langoustine, un tartare de seiche \u00e0 la coriandre \u00abp\u00e9tant\u00bb de go\u00fbt, avec d\u2019inutiles \u00abp\u00e9toles\u00bb de bisque de homard solidifi\u00e9e. <br \/> <span style=\"font-weight: bold;\">Un go\u00fbt discret de reviens-y<\/span><br \/> Le champignon point trop parfum\u00e9 \u00e9vite la redondance qui finit par lasser dans l\u2019abus de la blanche d\u2019Alba par exemple\u2026 Ainsi, le homard (ou le foie gras), servis dans un pot en verre de conserve, avec une pur\u00e9e de pomme de terre, contraste, par la texture, avec d\u2019amusants \u00abcracras\u00bb, p\u00e2te s\u00e8che aromatis\u00e9e \u00e0 la truffe. M\u00eame s\u2019il est administr\u00e9 \u00e0 la seringue piqu\u00e9e dans le filet, le jus de truffe fait moins d\u2019effet sur les mignons de chevreuil, tr\u00e8s giboyeux. Place \u00e0 la \u00abd\u00e9structuration\u00bb avec le roquefort, \u00e9mulsionn\u00e9 dans un verre, servi sur des morceaux s\u00e9ch\u00e9s de pain et de figue, genre birchermuesli. On est l\u00e0 \u00abtendance\u00bb, \u00e0 fond, comme, au dessert, ce risotto \u00abexplos\u00e9\u00bb en \u0153uf \u00e0 la neige, avec sa cr\u00e8me au m\u00e9lilot et des sorbets minute au raisin framboisier, au macis (l\u2019enveloppe de la muscade) et, point d\u2019orgue d\u2019un repas mieux qu\u2019amusant, \u00e0 la truffe, \u00e0 l\u2019ar\u00f4me d\u00e9finitif. <br \/> Ce parcours vaut 125 francs, une addition justifi\u00e9e, \u00e0 l\u2019aune des autres prix de la carte, o\u00f9 le trio entr\u00e9e-plat-dessert oscille entre 101 et 130 fr. et o\u00f9 le premier menu d\u00e9marre \u00e0 89 francs, jusqu\u2019\u00e0 215 fr. avec les vins (belle cave, avec des flacons autour de 45 fr. pour limiter les d\u00e9g\u00e2ts !). A midi, lunch \u00e0 27 fr. et menu gourmand \u00e0 60 fr. : \u00abC\u2019est l\u00e0 que je fais tous mes essais et mes clients r\u00e9guliers en profitent\u00bb, dit Jean-Yves Drevet, un chef \u00e0 suivre de pr\u00e8s, bien servi par un \u00abstaff\u00bb comp\u00e9tent et souriant.<\/p>\n<p> <font style=\"font-weight: bold; font-style: italic;\" size=\"3\">La bonne adresse<\/font><br \/> La Maison du Prussien<br \/> Gor du Vauseyon<br \/> T\u00e9l. 032 730 54 54<br \/> Ferm\u00e9 le samedi midi et le dimanche<br \/><a href=\"http:\/\/www.hotel-prussien.ch\/carte_mets.html\"> www.hotel-prussien.ch<\/a><\/p>\n<p> <font style=\"font-style: italic;\" size=\"3\"><span style=\"font-weight: bold;\">Le vin tir\u00e9 de sa cave&#8230;<\/span><\/font><br \/> <font size=\"4\"><span style=\"font-weight: bold;\">Assemblage 4 x 4<\/span><\/font><br \/> On tient <span style=\"font-weight: bold;\">Yves Dothaux, \u00e0 Cormondr\u00e8che<\/span>, pour un des plus subtils \u0153nologues neuch\u00e2telois. Son assemblage <span style=\"font-weight: bold; font-style: italic;\">Les filles de Gamaret<\/span>, en 2005, a des allures de jouvencelle, avec sa robe pourpre brillante, son nez d\u2019\u00e9pices douces, sa texture fine, \u00e0 peine nuanc\u00e9e par le bois, et sa finale tant\u00f4t sur les fruits noirs, \u00e0 noyau, voire la griotte. A table, un cam\u00e9l\u00e9on. Ou tout terrain, ce qu\u2019il est dans la r\u00e9alit\u00e9. Car Yves Dothaux travaillait des vignes d\u2019un pionnier de ces \u00abnouveaux c\u00e9pages de Changins\u00bb que sont le gamaret, le garanoir (et le diolinoir) du c\u00f4t\u00e9 du Landeron. Puis il a replant\u00e9 les c\u00e9pages jumeaux \u00e0 Colombier, sur une moraine glaciaire, filtrante, graveleuse, pentue et s\u00e8che, \u00abun coin de Valais \u00e0 Neuch\u00e2tel\u00bb, dit-il. Ces jeunes vignes n\u2019ont donn\u00e9 que deux barriques de vin en 2005, \u00e0 raison de 50 % de gamaret, 40% de garanoir et 10% de pinot noir. En 2006, il y en aura dix f\u00fbts\u2026 Pour patienter, il y a la \u00abMagie noire\u00bb, assemblage de la Cave du Prieur\u00e9 de Cormondr\u00e8che, o\u00f9 le vigneron-encaveur est \u0153nologue-responsable. Cinquante barriques en 2005, o\u00f9 domine, cette fois, le garanoir. Ces <span style=\"font-style: italic;\">Vins de Pays des Coteaux Neuch\u00e2telois<\/span> bousculent les traditions. <\/p>\n<p> <span style=\"font-style: italic;\">Chronique parue le 12 novembre 2006 dans Le Matin-Dimanche.<\/span><\/p><\/div>\n","protected":false},"excerpt":{"rendered":"<p>La Maison du Prussien, Neuch\u00e2tel La truffe version Gor Sauv\u00e9e par un d\u00e9fenseur du patrimoine, la Maison du Prussien, dans le gouffre, le gor, o\u00f9 coule l\u2019imp\u00e9tueux Seyon, a gagn\u00e9 en sept ans ses galons d\u2019auberge gastronomique (deux toques au Guide GaultMillau Suisse) gr\u00e2ce \u00e0 Jean-Yves Drevet, 36 ans. Pour la premi\u00e8re fois, il propose, [&hellip;]<\/p>\n","protected":false},"author":3,"featured_media":0,"comment_status":"closed","ping_status":"open","sticky":false,"template":"","format":"standard","meta":{"_monsterinsights_skip_tracking":false,"_monsterinsights_sitenote_active":false,"_monsterinsights_sitenote_note":"","_monsterinsights_sitenote_category":0,"jetpack_post_was_ever_published":false,"jetpack_publicize_message":"","jetpack_is_tweetstorm":false,"jetpack_publicize_feature_enabled":true,"jetpack_social_post_already_shared":false,"jetpack_social_options":{"image_generator_settings":{"template":"highway","enabled":false}}},"categories":[19,20],"tags":[],"jetpack_publicize_connections":[],"yoast_head":"<!-- This site is optimized with the Yoast SEO plugin v20.6 - https:\/\/yoast.com\/wordpress\/plugins\/seo\/ -->\n<title>Neuch\u00e2tel (NE) \u2014 La Maison du Prussien - thomasvino<\/title>\n<meta name=\"robots\" content=\"index, follow, max-snippet:-1, max-image-preview:large, max-video-preview:-1\" \/>\n<link rel=\"canonical\" href=\"https:\/\/thomasvino.ch\/?p=9898\" \/>\n<meta property=\"og:locale\" content=\"fr_FR\" \/>\n<meta property=\"og:type\" content=\"article\" \/>\n<meta property=\"og:title\" content=\"Neuch\u00e2tel (NE) \u2014 La Maison du Prussien - thomasvino\" \/>\n<meta property=\"og:description\" content=\"La Maison du Prussien, Neuch\u00e2tel La truffe version Gor Sauv\u00e9e par un d\u00e9fenseur du patrimoine, la Maison du Prussien, dans le gouffre, le gor, o\u00f9 coule l\u2019imp\u00e9tueux Seyon, a gagn\u00e9 en sept ans ses galons d\u2019auberge gastronomique (deux toques au Guide GaultMillau Suisse) gr\u00e2ce \u00e0 Jean-Yves Drevet, 36 ans. Pour la premi\u00e8re fois, il propose, [&hellip;]\" \/>\n<meta property=\"og:url\" content=\"https:\/\/thomasvino.ch\/?p=9898\" \/>\n<meta property=\"og:site_name\" content=\"thomasvino\" \/>\n<meta property=\"article:published_time\" content=\"2006-11-12T21:25:00+00:00\" \/>\n<meta property=\"article:modified_time\" content=\"2013-04-02T12:34:03+00:00\" \/>\n<meta name=\"author\" content=\"Pierre Thomas\" \/>\n<meta name=\"twitter:label1\" content=\"\u00c9crit par\" \/>\n\t<meta name=\"twitter:data1\" content=\"Pierre Thomas\" \/>\n\t<meta name=\"twitter:label2\" content=\"Dur\u00e9e de lecture estim\u00e9e\" \/>\n\t<meta name=\"twitter:data2\" content=\"4 minutes\" \/>\n<script type=\"application\/ld+json\" class=\"yoast-schema-graph\">{\"@context\":\"https:\/\/schema.org\",\"@graph\":[{\"@type\":\"WebPage\",\"@id\":\"https:\/\/thomasvino.ch\/?p=9898\",\"url\":\"https:\/\/thomasvino.ch\/?p=9898\",\"name\":\"Neuch\u00e2tel (NE) \u2014 La Maison du Prussien - thomasvino\",\"isPartOf\":{\"@id\":\"https:\/\/thomasvino.ch\/#website\"},\"datePublished\":\"2006-11-12T21:25:00+00:00\",\"dateModified\":\"2013-04-02T12:34:03+00:00\",\"author\":{\"@id\":\"https:\/\/thomasvino.ch\/#\/schema\/person\/670bf4486fe81152cf1d68bd585e062e\"},\"breadcrumb\":{\"@id\":\"https:\/\/thomasvino.ch\/?p=9898#breadcrumb\"},\"inLanguage\":\"fr-FR\",\"potentialAction\":[{\"@type\":\"ReadAction\",\"target\":[\"https:\/\/thomasvino.ch\/?p=9898\"]}]},{\"@type\":\"BreadcrumbList\",\"@id\":\"https:\/\/thomasvino.ch\/?p=9898#breadcrumb\",\"itemListElement\":[{\"@type\":\"ListItem\",\"position\":1,\"name\":\"Accueil\",\"item\":\"https:\/\/thomasvino.ch\/\"},{\"@type\":\"ListItem\",\"position\":2,\"name\":\"Neuch\u00e2tel (NE) \u2014 La Maison du Prussien\"}]},{\"@type\":\"WebSite\",\"@id\":\"https:\/\/thomasvino.ch\/#website\",\"url\":\"https:\/\/thomasvino.ch\/\",\"name\":\"thomasvino\",\"description\":\"Vins &amp; Gastronomie\",\"potentialAction\":[{\"@type\":\"SearchAction\",\"target\":{\"@type\":\"EntryPoint\",\"urlTemplate\":\"https:\/\/thomasvino.ch\/?s={search_term_string}\"},\"query-input\":\"required name=search_term_string\"}],\"inLanguage\":\"fr-FR\"},{\"@type\":\"Person\",\"@id\":\"https:\/\/thomasvino.ch\/#\/schema\/person\/670bf4486fe81152cf1d68bd585e062e\",\"name\":\"Pierre Thomas\",\"image\":{\"@type\":\"ImageObject\",\"inLanguage\":\"fr-FR\",\"@id\":\"https:\/\/thomasvino.ch\/#\/schema\/person\/image\/\",\"url\":\"https:\/\/secure.gravatar.com\/avatar\/91fd5a76647f140e53db987a0dead4d7?s=96&d=mm&r=g\",\"contentUrl\":\"https:\/\/secure.gravatar.com\/avatar\/91fd5a76647f140e53db987a0dead4d7?s=96&d=mm&r=g\",\"caption\":\"Pierre Thomas\"},\"url\":\"https:\/\/thomasvino.ch\/?author=3\"}]}<\/script>\n<!-- \/ Yoast SEO plugin. -->","yoast_head_json":{"title":"Neuch\u00e2tel (NE) \u2014 La Maison du Prussien - thomasvino","robots":{"index":"index","follow":"follow","max-snippet":"max-snippet:-1","max-image-preview":"max-image-preview:large","max-video-preview":"max-video-preview:-1"},"canonical":"https:\/\/thomasvino.ch\/?p=9898","og_locale":"fr_FR","og_type":"article","og_title":"Neuch\u00e2tel (NE) \u2014 La Maison du Prussien - thomasvino","og_description":"La Maison du Prussien, Neuch\u00e2tel La truffe version Gor Sauv\u00e9e par un d\u00e9fenseur du patrimoine, la Maison du Prussien, dans le gouffre, le gor, o\u00f9 coule l\u2019imp\u00e9tueux Seyon, a gagn\u00e9 en sept ans ses galons d\u2019auberge gastronomique (deux toques au Guide GaultMillau Suisse) gr\u00e2ce \u00e0 Jean-Yves Drevet, 36 ans. Pour la premi\u00e8re fois, il propose, [&hellip;]","og_url":"https:\/\/thomasvino.ch\/?p=9898","og_site_name":"thomasvino","article_published_time":"2006-11-12T21:25:00+00:00","article_modified_time":"2013-04-02T12:34:03+00:00","author":"Pierre Thomas","twitter_misc":{"\u00c9crit par":"Pierre Thomas","Dur\u00e9e de lecture estim\u00e9e":"4 minutes"},"schema":{"@context":"https:\/\/schema.org","@graph":[{"@type":"WebPage","@id":"https:\/\/thomasvino.ch\/?p=9898","url":"https:\/\/thomasvino.ch\/?p=9898","name":"Neuch\u00e2tel (NE) \u2014 La Maison du Prussien - thomasvino","isPartOf":{"@id":"https:\/\/thomasvino.ch\/#website"},"datePublished":"2006-11-12T21:25:00+00:00","dateModified":"2013-04-02T12:34:03+00:00","author":{"@id":"https:\/\/thomasvino.ch\/#\/schema\/person\/670bf4486fe81152cf1d68bd585e062e"},"breadcrumb":{"@id":"https:\/\/thomasvino.ch\/?p=9898#breadcrumb"},"inLanguage":"fr-FR","potentialAction":[{"@type":"ReadAction","target":["https:\/\/thomasvino.ch\/?p=9898"]}]},{"@type":"BreadcrumbList","@id":"https:\/\/thomasvino.ch\/?p=9898#breadcrumb","itemListElement":[{"@type":"ListItem","position":1,"name":"Accueil","item":"https:\/\/thomasvino.ch\/"},{"@type":"ListItem","position":2,"name":"Neuch\u00e2tel (NE) \u2014 La Maison du Prussien"}]},{"@type":"WebSite","@id":"https:\/\/thomasvino.ch\/#website","url":"https:\/\/thomasvino.ch\/","name":"thomasvino","description":"Vins &amp; Gastronomie","potentialAction":[{"@type":"SearchAction","target":{"@type":"EntryPoint","urlTemplate":"https:\/\/thomasvino.ch\/?s={search_term_string}"},"query-input":"required name=search_term_string"}],"inLanguage":"fr-FR"},{"@type":"Person","@id":"https:\/\/thomasvino.ch\/#\/schema\/person\/670bf4486fe81152cf1d68bd585e062e","name":"Pierre Thomas","image":{"@type":"ImageObject","inLanguage":"fr-FR","@id":"https:\/\/thomasvino.ch\/#\/schema\/person\/image\/","url":"https:\/\/secure.gravatar.com\/avatar\/91fd5a76647f140e53db987a0dead4d7?s=96&d=mm&r=g","contentUrl":"https:\/\/secure.gravatar.com\/avatar\/91fd5a76647f140e53db987a0dead4d7?s=96&d=mm&r=g","caption":"Pierre Thomas"},"url":"https:\/\/thomasvino.ch\/?author=3"}]}},"jetpack_featured_media_url":"","jetpack_sharing_enabled":true,"jetpack_shortlink":"https:\/\/wp.me\/p3m4tZ-2zE","jetpack_likes_enabled":false,"jetpack-related-posts":[{"id":13101,"url":"https:\/\/thomasvino.ch\/?p=13101","url_meta":{"origin":9898,"position":0},"title":"A la chasse \u00e0 la truffe d&rsquo;ici","date":"24 octobre 2015","format":false,"excerpt":"C\u2019est le bon moment pour parler de la truffe d\u2019automne\u2026 m\u00eame si \u00e7a n\u2019est pas la bonne ann\u00e9e, la faute \u00e0 la s\u00e8cheresse estivale. Annick Jeanmairet les adore. Et le march\u00e9 romand est en pleine effervescence. Par exemple, le 7\u00e8me march\u00e9 aux truffes de Bonvillars a lieu le samedi 31\u2026","rel":"","context":"Dans &quot;Tendance&quot;","img":{"alt_text":"","src":"https:\/\/i0.wp.com\/www.thomasvino.ch\/wp-content\/uploads\/2015\/10\/lib_truffes_Tuber_uncinatum-300x206.jpg?resize=350%2C200","width":350,"height":200},"classes":[]},{"id":9675,"url":"https:\/\/thomasvino.ch\/?p=9675","url_meta":{"origin":9898,"position":1},"title":"De Courten et les autres dans le GaultMillau 2006","date":"3 octobre 2005","format":false,"excerpt":"Sortie du Guide GaultMillau Suisse 2006 (3 octobre 2005) Didier de Courten et les autres\u2026 A 37 ans, il n\u2019est plus au Terminus, mais au paradis, Didier de Courten. Hier, dans \u00abson\u00bb h\u00f4tel au c\u0153ur de Sierre, il a re\u00e7u ses confr\u00e8res et amis cuisiniers les plus toqu\u00e9s de Suisse.\u2026","rel":"","context":"Dans &quot;Tendance&quot;","img":{"alt_text":"","src":"","width":0,"height":0},"classes":[]},{"id":9972,"url":"https:\/\/thomasvino.ch\/?p=9972","url_meta":{"origin":9898,"position":2},"title":"Des vins au parfum de truffes","date":"31 mai 2007","format":false,"excerpt":"Tierc\u00e9 gagnant (Cuisine de saison de f\u00e9vrier 2007)Un flair de truffeAxiome: les vins doivent s'accorder avec les mets les plus fins, exemple, la truffe...Jusqu\u2019\u00e0 fin mars, les truffes noires prennent le relais de la blanche d\u2019Alba, dans les plats raffin\u00e9s. Que boire avec des mets enrichis de quelques \u00e9clats du\u2026","rel":"","context":"Dans &quot;Tendance&quot;","img":{"alt_text":"","src":"","width":0,"height":0},"classes":[]},{"id":9041,"url":"https:\/\/thomasvino.ch\/?p=9041","url_meta":{"origin":9898,"position":3},"title":"Neuch\u00e2tel: notre dossier, portraits et bonnes adresses","date":"26 juillet 2010","format":false,"excerpt":"Neuch\u00e2tel La tentation bourguignonne Le petit vignoble de Neuch\u00e2tel (moins de 600 ha) a l\u2019ambition de se consacrer au Pinot noir sous toutes ses formes. Implant\u00e9e par des moines clunysiens \u00e0 l\u2019abbaye de Bevaix en 998, la vigne y prend un tour bourguignon, renforc\u00e9 par des \u0153nologues d\u2019outre-Jura. Dossier :\u2026","rel":"","context":"Dans &quot;Vins suisses&quot;","img":{"alt_text":"","src":"","width":0,"height":0},"classes":[]},{"id":11811,"url":"https:\/\/thomasvino.ch\/?p=11811","url_meta":{"origin":9898,"position":4},"title":"Semaine suisse du go\u00fbt  Comme en 14 !","date":"5 mars 2014","format":false,"excerpt":"La 14\u00e8me Semaine suisse du go\u00fbt aura lieu du 18 au 28 septembre. Le 5 mars, au Cerf, \u00e0 Cossonay, chez le chef Carlo Crisci, parrain de l\u2019\u00e9v\u00e9nement, Josef Zisyadis, leader maximo de la manifestation, a lanc\u00e9 l\u2019appel \u00e0 la candidature des restaurants et autres producteurs. Entre 1300 et 1500\u2026","rel":"","context":"Dans &quot;Gastro&quot;","img":{"alt_text":"","src":"https:\/\/i0.wp.com\/www.thomasvino.ch\/wp-content\/uploads\/2014\/03\/Crisci_Zisyadis-300x200.jpg?resize=350%2C200","width":350,"height":200},"classes":[]},{"id":8711,"url":"https:\/\/thomasvino.ch\/?p=8711","url_meta":{"origin":9898,"position":5},"title":"J.-L.-G. Vermorel, un couple de restaurateurs heureux!","date":"7 f\u00e9vrier 2008","format":false,"excerpt":"Jean-Luc et G\u00e9raldine Vermorel, La Gare \u00e0 CullyIl y a encore des chefs heureuxOn ne peut pas manquer le Restaurant de la Gare de Cully (VD) repeint de frais en rouge rouille. Son chef et propri\u00e9taire, Jean-Luc Vermorel, vient d\u2019achever sa r\u00e9novation. Portrait d\u2019un pro \u00e9panoui dans son m\u00e9tier. Rencontre.Pierre\u2026","rel":"","context":"Dans &quot;Gastro&quot;","img":{"alt_text":"","src":"","width":0,"height":0},"classes":[]}],"_links":{"self":[{"href":"https:\/\/thomasvino.ch\/index.php?rest_route=\/wp\/v2\/posts\/9898"}],"collection":[{"href":"https:\/\/thomasvino.ch\/index.php?rest_route=\/wp\/v2\/posts"}],"about":[{"href":"https:\/\/thomasvino.ch\/index.php?rest_route=\/wp\/v2\/types\/post"}],"author":[{"embeddable":true,"href":"https:\/\/thomasvino.ch\/index.php?rest_route=\/wp\/v2\/users\/3"}],"replies":[{"embeddable":true,"href":"https:\/\/thomasvino.ch\/index.php?rest_route=%2Fwp%2Fv2%2Fcomments&post=9898"}],"version-history":[{"count":0,"href":"https:\/\/thomasvino.ch\/index.php?rest_route=\/wp\/v2\/posts\/9898\/revisions"}],"wp:attachment":[{"href":"https:\/\/thomasvino.ch\/index.php?rest_route=%2Fwp%2Fv2%2Fmedia&parent=9898"}],"wp:term":[{"taxonomy":"category","embeddable":true,"href":"https:\/\/thomasvino.ch\/index.php?rest_route=%2Fwp%2Fv2%2Fcategories&post=9898"},{"taxonomy":"post_tag","embeddable":true,"href":"https:\/\/thomasvino.ch\/index.php?rest_route=%2Fwp%2Fv2%2Ftags&post=9898"}],"curies":[{"name":"wp","href":"https:\/\/api.w.org\/{rel}","templated":true}]}}