{"id":9933,"date":"2007-02-14T15:23:00","date_gmt":"2007-02-14T15:23:00","guid":{"rendered":"http:\/\/localhost\/thomasvino\/?p=9933"},"modified":"2007-02-14T15:23:00","modified_gmt":"2007-02-14T15:23:00","slug":"quels-vins-aux-fetes-sur-radio-chablais","status":"publish","type":"post","link":"https:\/\/thomasvino.ch\/?p=9933","title":{"rendered":"Quels vins aux f\u00eates sur Radio Chablais"},"content":{"rendered":"<p><font style=\"font-weight: bold;\" size=\"5\">Quels vins boire aux f\u00eates?<\/font><\/p>\n<div style=\"text-align: justify;\">Le r\u00e9dacteur en chef de <span style=\"font-style: italic;\">Radio Chablais<\/span>, Claude D\u00e9fago, a demand\u00e9 \u00e0 Pierre Thomas que boire \u00e0 No\u00ebl 2006. Consid\u00e9rations sur ce que sont les grands vins, quand les boire, sur les vins suisses, et notamment du Chablais, et comment communiquer sur les vins&#8230; <a style=\"font-weight: bold;\" href=\"http:\/\/www.thomasvino.ch\/file\/radio_chablais.mp3\">Ecouter l&#39;interview (6 minutes)<\/a>.<\/p>\n<\/div>\n","protected":false},"excerpt":{"rendered":"<p>Quels vins boire aux f\u00eates? Le r\u00e9dacteur en chef de Radio Chablais, Claude D\u00e9fago, a demand\u00e9 \u00e0 Pierre Thomas que boire \u00e0 No\u00ebl 2006. Consid\u00e9rations sur ce que sont les grands vins, quand les boire, sur les vins suisses, et notamment du Chablais, et comment communiquer sur les vins&#8230; Ecouter l&#39;interview (6 minutes).<\/p>\n","protected":false},"author":3,"featured_media":0,"comment_status":"closed","ping_status":"open","sticky":false,"template":"","format":"standard","meta":{"_monsterinsights_skip_tracking":false,"_monsterinsights_sitenote_active":false,"_monsterinsights_sitenote_note":"","_monsterinsights_sitenote_category":0,"jetpack_post_was_ever_published":false,"jetpack_publicize_message":"","jetpack_is_tweetstorm":false,"jetpack_publicize_feature_enabled":true,"jetpack_social_post_already_shared":false,"jetpack_social_options":{"image_generator_settings":{"template":"highway","enabled":false}}},"categories":[31],"tags":[],"jetpack_publicize_connections":[],"yoast_head":"<!-- This site is optimized with the Yoast SEO plugin v20.6 - https:\/\/yoast.com\/wordpress\/plugins\/seo\/ -->\n<title>Quels vins aux f\u00eates sur Radio Chablais - thomasvino<\/title>\n<meta name=\"robots\" content=\"index, follow, max-snippet:-1, max-image-preview:large, max-video-preview:-1\" \/>\n<link rel=\"canonical\" href=\"https:\/\/thomasvino.ch\/?p=9933\" \/>\n<meta property=\"og:locale\" content=\"fr_FR\" \/>\n<meta property=\"og:type\" content=\"article\" \/>\n<meta property=\"og:title\" content=\"Quels vins aux f\u00eates sur Radio Chablais - thomasvino\" \/>\n<meta property=\"og:description\" content=\"Quels vins boire aux f\u00eates? Le r\u00e9dacteur en chef de Radio Chablais, Claude D\u00e9fago, a demand\u00e9 \u00e0 Pierre Thomas que boire \u00e0 No\u00ebl 2006. Consid\u00e9rations sur ce que sont les grands vins, quand les boire, sur les vins suisses, et notamment du Chablais, et comment communiquer sur les vins&#8230; Ecouter l&#039;interview (6 minutes).\" \/>\n<meta property=\"og:url\" content=\"https:\/\/thomasvino.ch\/?p=9933\" \/>\n<meta property=\"og:site_name\" content=\"thomasvino\" \/>\n<meta property=\"article:published_time\" content=\"2007-02-14T15:23:00+00:00\" \/>\n<meta name=\"author\" content=\"Pierre Thomas\" \/>\n<meta name=\"twitter:label1\" content=\"\u00c9crit par\" \/>\n\t<meta name=\"twitter:data1\" content=\"Pierre Thomas\" \/>\n<script type=\"application\/ld+json\" class=\"yoast-schema-graph\">{\"@context\":\"https:\/\/schema.org\",\"@graph\":[{\"@type\":\"WebPage\",\"@id\":\"https:\/\/thomasvino.ch\/?p=9933\",\"url\":\"https:\/\/thomasvino.ch\/?p=9933\",\"name\":\"Quels vins aux f\u00eates sur Radio Chablais - thomasvino\",\"isPartOf\":{\"@id\":\"https:\/\/thomasvino.ch\/#website\"},\"datePublished\":\"2007-02-14T15:23:00+00:00\",\"dateModified\":\"2007-02-14T15:23:00+00:00\",\"author\":{\"@id\":\"https:\/\/thomasvino.ch\/#\/schema\/person\/670bf4486fe81152cf1d68bd585e062e\"},\"breadcrumb\":{\"@id\":\"https:\/\/thomasvino.ch\/?p=9933#breadcrumb\"},\"inLanguage\":\"fr-FR\",\"potentialAction\":[{\"@type\":\"ReadAction\",\"target\":[\"https:\/\/thomasvino.ch\/?p=9933\"]}]},{\"@type\":\"BreadcrumbList\",\"@id\":\"https:\/\/thomasvino.ch\/?p=9933#breadcrumb\",\"itemListElement\":[{\"@type\":\"ListItem\",\"position\":1,\"name\":\"Accueil\",\"item\":\"https:\/\/thomasvino.ch\/\"},{\"@type\":\"ListItem\",\"position\":2,\"name\":\"Quels vins aux f\u00eates sur Radio Chablais\"}]},{\"@type\":\"WebSite\",\"@id\":\"https:\/\/thomasvino.ch\/#website\",\"url\":\"https:\/\/thomasvino.ch\/\",\"name\":\"thomasvino\",\"description\":\"Vins &amp; Gastronomie\",\"potentialAction\":[{\"@type\":\"SearchAction\",\"target\":{\"@type\":\"EntryPoint\",\"urlTemplate\":\"https:\/\/thomasvino.ch\/?s={search_term_string}\"},\"query-input\":\"required name=search_term_string\"}],\"inLanguage\":\"fr-FR\"},{\"@type\":\"Person\",\"@id\":\"https:\/\/thomasvino.ch\/#\/schema\/person\/670bf4486fe81152cf1d68bd585e062e\",\"name\":\"Pierre Thomas\",\"image\":{\"@type\":\"ImageObject\",\"inLanguage\":\"fr-FR\",\"@id\":\"https:\/\/thomasvino.ch\/#\/schema\/person\/image\/\",\"url\":\"https:\/\/secure.gravatar.com\/avatar\/91fd5a76647f140e53db987a0dead4d7?s=96&d=mm&r=g\",\"contentUrl\":\"https:\/\/secure.gravatar.com\/avatar\/91fd5a76647f140e53db987a0dead4d7?s=96&d=mm&r=g\",\"caption\":\"Pierre Thomas\"},\"url\":\"https:\/\/thomasvino.ch\/?author=3\"}]}<\/script>\n<!-- \/ Yoast SEO plugin. -->","yoast_head_json":{"title":"Quels vins aux f\u00eates sur Radio Chablais - thomasvino","robots":{"index":"index","follow":"follow","max-snippet":"max-snippet:-1","max-image-preview":"max-image-preview:large","max-video-preview":"max-video-preview:-1"},"canonical":"https:\/\/thomasvino.ch\/?p=9933","og_locale":"fr_FR","og_type":"article","og_title":"Quels vins aux f\u00eates sur Radio Chablais - thomasvino","og_description":"Quels vins boire aux f\u00eates? Le r\u00e9dacteur en chef de Radio Chablais, Claude D\u00e9fago, a demand\u00e9 \u00e0 Pierre Thomas que boire \u00e0 No\u00ebl 2006. Consid\u00e9rations sur ce que sont les grands vins, quand les boire, sur les vins suisses, et notamment du Chablais, et comment communiquer sur les vins&#8230; Ecouter l&#39;interview (6 minutes).","og_url":"https:\/\/thomasvino.ch\/?p=9933","og_site_name":"thomasvino","article_published_time":"2007-02-14T15:23:00+00:00","author":"Pierre Thomas","twitter_misc":{"\u00c9crit par":"Pierre Thomas"},"schema":{"@context":"https:\/\/schema.org","@graph":[{"@type":"WebPage","@id":"https:\/\/thomasvino.ch\/?p=9933","url":"https:\/\/thomasvino.ch\/?p=9933","name":"Quels vins aux f\u00eates sur Radio Chablais - thomasvino","isPartOf":{"@id":"https:\/\/thomasvino.ch\/#website"},"datePublished":"2007-02-14T15:23:00+00:00","dateModified":"2007-02-14T15:23:00+00:00","author":{"@id":"https:\/\/thomasvino.ch\/#\/schema\/person\/670bf4486fe81152cf1d68bd585e062e"},"breadcrumb":{"@id":"https:\/\/thomasvino.ch\/?p=9933#breadcrumb"},"inLanguage":"fr-FR","potentialAction":[{"@type":"ReadAction","target":["https:\/\/thomasvino.ch\/?p=9933"]}]},{"@type":"BreadcrumbList","@id":"https:\/\/thomasvino.ch\/?p=9933#breadcrumb","itemListElement":[{"@type":"ListItem","position":1,"name":"Accueil","item":"https:\/\/thomasvino.ch\/"},{"@type":"ListItem","position":2,"name":"Quels vins aux f\u00eates sur Radio Chablais"}]},{"@type":"WebSite","@id":"https:\/\/thomasvino.ch\/#website","url":"https:\/\/thomasvino.ch\/","name":"thomasvino","description":"Vins &amp; Gastronomie","potentialAction":[{"@type":"SearchAction","target":{"@type":"EntryPoint","urlTemplate":"https:\/\/thomasvino.ch\/?s={search_term_string}"},"query-input":"required name=search_term_string"}],"inLanguage":"fr-FR"},{"@type":"Person","@id":"https:\/\/thomasvino.ch\/#\/schema\/person\/670bf4486fe81152cf1d68bd585e062e","name":"Pierre Thomas","image":{"@type":"ImageObject","inLanguage":"fr-FR","@id":"https:\/\/thomasvino.ch\/#\/schema\/person\/image\/","url":"https:\/\/secure.gravatar.com\/avatar\/91fd5a76647f140e53db987a0dead4d7?s=96&d=mm&r=g","contentUrl":"https:\/\/secure.gravatar.com\/avatar\/91fd5a76647f140e53db987a0dead4d7?s=96&d=mm&r=g","caption":"Pierre Thomas"},"url":"https:\/\/thomasvino.ch\/?author=3"}]}},"jetpack_featured_media_url":"","jetpack_sharing_enabled":true,"jetpack_shortlink":"https:\/\/wp.me\/p3m4tZ-2Ad","jetpack_likes_enabled":false,"jetpack-related-posts":[{"id":15408,"url":"https:\/\/thomasvino.ch\/?p=15408","url_meta":{"origin":9933,"position":0},"title":"Des Lauriers de Platine 2018 tr\u00e8s disput\u00e9s","date":"16 novembre 2018","format":false,"excerpt":"Est-ce le mill\u00e9sime, 2017? Est-ce le mode de s\u00e9lection de la finale, plus pr\u00e9cis\u00a0? Toujours est-il que les Lauriers de Platine du Label Terravin, nous ont paru plus disput\u00e9s que lors des dix pr\u00e9c\u00e9dentes \u00e9ditions, \u00e0 Crissier. Verdict\u00a0: deux vins du Chablais, un Villeneuse devant un Yvorne, s\u2019imposent. Par Pierre\u2026","rel":"","context":"Dans &quot;Vins suisses&quot;","img":{"alt_text":"","src":"https:\/\/i0.wp.com\/thomasvino.ch\/wp-content\/uploads\/2018\/11\/IMG_7577-300x225.jpg?resize=350%2C200&ssl=1","width":350,"height":200},"classes":[]},{"id":9510,"url":"https:\/\/thomasvino.ch\/?p=9510","url_meta":{"origin":9933,"position":1},"title":"OVV: retour au Lausanne-Palace","date":"10 d\u00e9cembre 2012","format":false,"excerpt":"Office des vins vaudois Retour au Lausanne-Palace! On le sait, le nouveau directeur de l\u2019Office des vins vaudois (OVV), Nicolas Joss, avait occup\u00e9 un poste aux achats du Lausanne-Palace. Il y avait sans doute crois\u00e9 un habitu\u00e9 des lieux, le pr\u00e9sident de l\u2019OVV, Pierre Keller\u2026 Pas \u00e9tonnant que la nouvelle\u2026","rel":"","context":"Dans &quot;Actus - News&quot;","img":{"alt_text":"","src":"","width":0,"height":0},"classes":[]},{"id":9922,"url":"https:\/\/thomasvino.ch\/?p=9922","url_meta":{"origin":9933,"position":2},"title":"Vins suisses \u2014 Le cul(ot) du Chablais vaudois","date":"31 d\u00e9cembre 2006","format":false,"excerpt":"Vins suisses, fils de pubLe cul(ot) du ChablaisSous le slogan \u00abLes vins du Chablais, douceur et sensualit\u00e9\u00bb, des chevalets \u00e0 mettre sur les tables et des affiches pr\u00e9sentent un verre de vin de blanc, avec une paire rebondie de fesses dor\u00e9es en arri\u00e8re-plan\u2026 C\u2019est l\u2019id\u00e9e de la campagne du designer\u2026","rel":"","context":"Dans &quot;Actus - News&quot;","img":{"alt_text":"","src":"","width":0,"height":0},"classes":[]},{"id":8768,"url":"https:\/\/thomasvino.ch\/?p=8768","url_meta":{"origin":9933,"position":3},"title":"Vaud \u2014 Les Vaudois s&rsquo;attaquent \u00e0 leurs AOC","date":"18 ao\u00fbt 2008","format":false,"excerpt":"AOC vaudoisesLe chantier d'une laborieuse pyramideApr\u00e8s la croisade politique des Valaisans pour prot\u00e9ger leurs c\u00e9pages, les Vaudois empoignent, enfin, le dossier de leurs appellations d\u2019origine contr\u00f4l\u00e9e (AOC). Un chantier pyramidal.Pierre ThomasC\u2019est, finalement, un arr\u00eat du Tribunal europ\u00e9en de Luxembourg qui a d\u00e9nonc\u00e9 la supercherie des AOC vaudoises \u00e0 g\u00e9om\u00e9trie variable,\u2026","rel":"","context":"Dans &quot;Vins suisses&quot;","img":{"alt_text":"","src":"","width":0,"height":0},"classes":[]},{"id":15859,"url":"https:\/\/thomasvino.ch\/?p=15859","url_meta":{"origin":9933,"position":4},"title":"Caves ouvertes\u00a0: Vaud en vrac","date":"3 juin 2019","format":false,"excerpt":"Apr\u00e8s avoir baiss\u00e9 les quotas de production pour ce mill\u00e9sime 2019, les Vaudois(es) ouvrent leurs caves ce week-end de la Pentec\u00f4te, samedi et dimanche de 10 h \u00e0 18 h (mais attention\u00a0: pas lundi\u00a0!). 300 caves sont \u00e0 d\u00e9couvrir, du Vully (valdo-fribourgeois), d\u00e9j\u00e0 en fin d\u2019apr\u00e8s-midi vendredi, jusqu\u2019au Chablais, de\u2026","rel":"","context":"Dans &quot;Tendance&quot;","img":{"alt_text":"","src":"","width":0,"height":0},"classes":[]},{"id":13704,"url":"https:\/\/thomasvino.ch\/?p=13704","url_meta":{"origin":9933,"position":5},"title":"5\u00e8me Mondial du Chasselas  Les Vaudois dictent le rythme","date":"24 juin 2016","format":false,"excerpt":"Au 5\u00e8me Mondial du Chasselas, au Ch\u00e2teau d\u2019Aigle, un Morges succ\u00e8de \u00e0 un Morges\u00a0: le Domaine de la Ville c\u00e8de son titre aux Vieilles Vignes 2015 de la coop\u00e9rative Uvavins. Les deux sont labellis\u00e9s Terravin. Pourtant, le vin le mieux not\u00e9 n\u2019est pas celui de la cat\u00e9gorie la plus importante\u2026","rel":"","context":"Dans &quot;Vins suisses&quot;","img":{"alt_text":"","src":"","width":0,"height":0},"classes":[]}],"_links":{"self":[{"href":"https:\/\/thomasvino.ch\/index.php?rest_route=\/wp\/v2\/posts\/9933"}],"collection":[{"href":"https:\/\/thomasvino.ch\/index.php?rest_route=\/wp\/v2\/posts"}],"about":[{"href":"https:\/\/thomasvino.ch\/index.php?rest_route=\/wp\/v2\/types\/post"}],"author":[{"embeddable":true,"href":"https:\/\/thomasvino.ch\/index.php?rest_route=\/wp\/v2\/users\/3"}],"replies":[{"embeddable":true,"href":"https:\/\/thomasvino.ch\/index.php?rest_route=%2Fwp%2Fv2%2Fcomments&post=9933"}],"version-history":[{"count":0,"href":"https:\/\/thomasvino.ch\/index.php?rest_route=\/wp\/v2\/posts\/9933\/revisions"}],"wp:attachment":[{"href":"https:\/\/thomasvino.ch\/index.php?rest_route=%2Fwp%2Fv2%2Fmedia&parent=9933"}],"wp:term":[{"taxonomy":"category","embeddable":true,"href":"https:\/\/thomasvino.ch\/index.php?rest_route=%2Fwp%2Fv2%2Fcategories&post=9933"},{"taxonomy":"post_tag","embeddable":true,"href":"https:\/\/thomasvino.ch\/index.php?rest_route=%2Fwp%2Fv2%2Ftags&post=9933"}],"curies":[{"name":"wp","href":"https:\/\/api.w.org\/{rel}","templated":true}]}}