{"id":9941,"date":"2007-03-01T18:19:00","date_gmt":"2007-03-01T18:19:00","guid":{"rendered":"http:\/\/localhost\/thomasvino\/?p=9941"},"modified":"2007-03-01T18:19:00","modified_gmt":"2007-03-01T18:19:00","slug":"vaud-christian-dugon-le-plus-original-des-vignerons-vaudois","status":"publish","type":"post","link":"https:\/\/thomasvino.ch\/?p=9941","title":{"rendered":"Vaud \u2014 Christian Dugon, le plus original des vignerons vaudois"},"content":{"rendered":"<div style=\"text-align: justify;\"><font style=\"font-weight: bold;\" size=\"5\"><font size=\"4\"><span style=\"font-style: italic;\">Christian Dugon \u00e0 Bofflens<\/span><\/font><br \/>Le plus original des vignerons vaudois<\/font><span style=\"font-weight: bold;\"><br \/>Il n\u2019est ni de Lavaux, ni de La C\u00f4te, ni du Chablais, mais des C\u00f4tes-de-l\u2019Orbe, le plus original des vignerons vaudois. Christian Dugon vient d\u2019encaver sa vingti\u00e8me-cinqui\u00e8me vendange. Portrait au pied du Jura.<\/span><br \/>On dit des meilleurs vins qu\u2019ils naissent l\u00e0 o\u00f9 les raisins endurent des conditions climatiques limite, comme le pinot noir en Bourgogne ou la syrah dans les C\u00f4tes-du-Rh\u00f4ne septentrionales. A Bofflens, entre Orbe et Romainm\u00f4tier, Christian Dugon, 46 ans, joue en permanence sur le fil du rasoir. Pourtant, dans les C\u00f4tes-de-l\u2019Orbe, la pluviosit\u00e9 (800 mm\/an) est inf\u00e9rieure \u00e0 La C\u00f4te ou \u00e0 Lavaux. Il y a du brouillard, mais seulement dans l\u2019arri\u00e8re-automne et en hiver, \u00abquand la vigne se repose\u00bb. Toute l\u2019ann\u00e9e, un vent, le joran, balaie les pieds du Jura : printemps froids, \u00e9t\u00e9s sans nuage ni orage. <span style=\"font-weight: bold;\"><br \/>Un domaine quadrupl\u00e9<\/span><br \/>Voil\u00e0 qui explique pourquoi ce fils de postier-agriculteur de Bofflens a pu passer de deux petits hectares de vigne en 1982 \u00e0 pr\u00e8s de 8 ha, vingt-cinq plus tard. Ce domaine, r\u00e9parti entre Corcelles-pr\u00e8s-Chavornay, Mathod, Arnex, Agiez, sur des coteaux orient\u00e9s au sud-est, a \u00e9t\u00e9 enti\u00e8rement replant\u00e9, \u00e0 80% en rouge. Lors de sa formation, Christian Dugon a travaill\u00e9 avec Jean-Louis Simon, \u00e0 l\u2019origine de plusieurs croisements de c\u00e9pages, \u00e0 la station d\u2019essais de Pully-Caudoz. A c\u00f4t\u00e9 de 2 hectares de pinot noir, auquel convient bien le climat sec de ce revers de la Bourgogne, il a plant\u00e9 du doral, le c\u00e9page blanc test\u00e9 actuellement sur tout le territoire vaudois, et du gamaret et du garanoir. Et puis, il a rep\u00each\u00e9, avec l\u2019aide de l\u2019\u0153nologue cantonal vaudois Denis Jotterand, le C 41, petit fr\u00e8re abandonn\u00e9 des gamaret et garanoir, bien adapt\u00e9 au climat local, et compl\u00e9t\u00e9 par du cabernet Dorsa, du dunkelfelder et deux c\u00e9pages d\u00e9velopp\u00e9s par le g\u00e9nial obtenteur jurassien Valentin Blattner, le 2604 et le 2618.<br \/><span style=\"font-weight: bold;\">Un quart de si\u00e8cle de cave <\/span><br \/>En cave, Christian Dugon, en vingt-cinq ans, s\u2019est perfectionn\u00e9 dans tous les styles. Il cherche la puret\u00e9 et son \u00abCaprice\u00bb fait la nique aux plus prestigieux, comme en t\u00e9moigne le deuxi\u00e8me prix remport\u00e9 l\u2019\u00e9t\u00e9 pass\u00e9 \u00e0 Vinea, \u00e0 Sierre, dans une confrontation des meilleurs chasselas de la Baronnie du D\u00e9zaley et d\u2019Arte Vitis, groupement d\u2019excellence dont il est membre. Ses pinots noirs, dont un de l\u2019ancienne vari\u00e9t\u00e9 locale \u00abpetit savagnin\u00bb, affichent une belle \u00e9l\u00e9gance. Et, le doral, depuis 2005 vinifi\u00e9 en sec, aux ar\u00f4mes presqu\u2019aussi expressifs qu\u2019un viognier. <br \/><span style=\"font-weight: bold;\">Un as de l\u2019assemblage<\/span><br \/>Rapidement, Christian Dugon s\u2019est aper\u00e7u que la barrique \u00e9tait utile non pas pour aromatiser le vin, mais pour le faire respirer au contact des lies. Son chardonnay \u00ab\u00e0 la bourguignonne\u00bb a \u00e9t\u00e9 salu\u00e9 par les grands sommeliers, tel le Parisien Olivier Poussier. Mais surtout, au fil du temps, le Vaudois se r\u00e9v\u00e8le un ma\u00eetre en assemblages rouges. \u00abOn fait des vins plus complexes, plus stables dans le temps. On peut tirer parti du fruit, du gras, des tanins, au gr\u00e9 des c\u00e9pages.\u00bb <br \/>Des assemblages qui remontent tr\u00e8s loin : en 2006, il les a fait avant fermentation malolactique, qui s\u2019est d\u00e9roul\u00e9e en barriques sur le vin d\u00e9j\u00e0 assembl\u00e9. Sauf pour le \u00abGrande Ouche\u00bb, un assemblage en cuve, \u00e0 base de gamay, de garanoir, de pinot noir et de gamay. L\u2019\u00abArp\u00e8ge\u00bb, un des meilleurs rouges vaudois, marie les tripl\u00e9s que sont le gamaret, le garanoir et le C 41, mais aussi le gamay d\u2019Arcenant, le pinot savagnin et une goutte de cabernet sauvignon. Pour le mill\u00e9sime 2006 s\u2019ajoute \u00abChorus\u00bb, harmonie de cabernet Dorsa \u2014 une vari\u00e9t\u00e9 qui m\u00fbrit en m\u00eame temps que le pinot noir \u2014 de dunkelfelder et de C 41. Ce clone demeure son chouchou : Dugon en tire son \u00abOpus 41\u00bb monoc\u00e9page, r\u00e9ussite en 2005, avec ses ar\u00f4mes exotiques de bois de santal et de graphite. <span style=\"font-weight: bold;\"><br \/>Rares et pas chers<\/span><br \/>Bien s\u00fbr, ces vins sont rares : entre 2500 bouteilles pour le chardonnay et 7000 pour l\u2019Arp\u00e8ge. Et d\u2019un formidable rapport qualit\u00e9-prix : entre 15 et 17 francs pour les meilleures cuv\u00e9es. Il suffit de deux portes ouvertes, au printemps et en hiver, pour vider la cave, qui vient d\u2019\u00eatre dot\u00e9e d\u2019un magnifique local de stockage sous des poutres en lamell\u00e9-coll\u00e9. Patiemment construit, ce domaine \u00e9parpill\u00e9 est devenu le fer de lance du vignoble vaudois. Qui l\u2019e\u00fbt cru ? Pas m\u00eame Christian Dugon : \u00e0 sa sortie du cours viti-oeno de Changins, il n\u2019aurait jamais os\u00e9 imaginer qu\u2019il serait un jour \u00e0 la t\u00eate de huit hectares de vignes\u2026   <br \/><font style=\"font-style: italic;\" size=\"3\"><span style=\"font-weight: bold;\"><br \/>Eclairage<\/span><\/font><br style=\"font-weight: bold;\"><font size=\"4\"><span style=\"font-weight: bold;\">Les C\u00f4tes-de-l&#39;Orbe,<br \/>une appellation \u00e9mergente<\/span><\/font><br \/>Avec 168 hectares, les C\u00f4tes-de-l\u2019Orbe repr\u00e9sentent 4,37% de la surface viticole vaudoise. Seul le Vully (50 ha) est plus petit, tandis que La C\u00f4te repr\u00e9sente plus de la moiti\u00e9 du vignoble vaudois (52,4%, 2019 ha). Christian Dugon est une locomotive des C\u00f4tes-de-l\u2019Orbe et plusieurs jeunes viticulteurs ont d\u00e9cid\u00e9, ces derni\u00e8res ann\u00e9es, de lui embo\u00eeter le pas, de la vigne \u00e0 la bouteille. Car pr\u00e8s des deux tiers des raisins s\u2019en vont encore dans les n\u00e9goces vaudois, pour des bouteilles qui ne mentionneront pas leur provenance\u2026 Fait unique: le plus gros op\u00e9rateur, la Cave coop\u00e9rative d\u2019Orbe et environs n\u2019a pas de local de vinification et livre ses raisins \u00e0 plusieurs \u00e9laborateurs hors r\u00e9gion. <br \/>*<span style=\"font-style: italic;\">Dans son \u00e9dition de mars 2007, \u00abLe Guillon\u00bb, la revue des vins vaudois, pr\u00e9sente un dossier sur les C\u00f4tes-de-l\u2019Orbe. Infos : <a href=\"mailto:revueleguillon@ovv.ch%20%20\">revueleguillon@ovv.ch  <\/a><\/span><span style=\"font-style: italic;\"><\/p>\n<p>Article paru dans <\/span>Hotel+Tourismus Revue<span style=\"font-style: italic;\"> du 8 mars 2007.<\/span><\/p>\n<\/div>\n","protected":false},"excerpt":{"rendered":"<p>Christian Dugon \u00e0 BofflensLe plus original des vignerons vaudoisIl n\u2019est ni de Lavaux, ni de La C\u00f4te, ni du Chablais, mais des C\u00f4tes-de-l\u2019Orbe, le plus original des vignerons vaudois. Christian Dugon vient d\u2019encaver sa vingti\u00e8me-cinqui\u00e8me vendange. Portrait au pied du Jura.On dit des meilleurs vins qu\u2019ils naissent l\u00e0 o\u00f9 les raisins endurent des conditions climatiques [&hellip;]<\/p>\n","protected":false},"author":3,"featured_media":0,"comment_status":"closed","ping_status":"open","sticky":false,"template":"","format":"standard","meta":{"_monsterinsights_skip_tracking":false,"_monsterinsights_sitenote_active":false,"_monsterinsights_sitenote_note":"","_monsterinsights_sitenote_category":0,"jetpack_post_was_ever_published":false,"jetpack_publicize_message":"","jetpack_is_tweetstorm":false,"jetpack_publicize_feature_enabled":true,"jetpack_social_post_already_shared":false,"jetpack_social_options":{"image_generator_settings":{"template":"highway","enabled":false}}},"categories":[3],"tags":[],"jetpack_publicize_connections":[],"yoast_head":"<!-- This site is optimized with the Yoast SEO plugin v20.6 - https:\/\/yoast.com\/wordpress\/plugins\/seo\/ -->\n<title>Vaud \u2014 Christian Dugon, le plus original des vignerons vaudois - thomasvino<\/title>\n<meta name=\"robots\" content=\"index, follow, max-snippet:-1, max-image-preview:large, max-video-preview:-1\" \/>\n<link rel=\"canonical\" href=\"https:\/\/thomasvino.ch\/?p=9941\" \/>\n<meta property=\"og:locale\" content=\"fr_FR\" \/>\n<meta property=\"og:type\" content=\"article\" \/>\n<meta property=\"og:title\" content=\"Vaud \u2014 Christian Dugon, le plus original des vignerons vaudois - thomasvino\" \/>\n<meta property=\"og:description\" content=\"Christian Dugon \u00e0 BofflensLe plus original des vignerons vaudoisIl n\u2019est ni de Lavaux, ni de La C\u00f4te, ni du Chablais, mais des C\u00f4tes-de-l\u2019Orbe, le plus original des vignerons vaudois. Christian Dugon vient d\u2019encaver sa vingti\u00e8me-cinqui\u00e8me vendange. Portrait au pied du Jura.On dit des meilleurs vins qu\u2019ils naissent l\u00e0 o\u00f9 les raisins endurent des conditions climatiques [&hellip;]\" \/>\n<meta property=\"og:url\" content=\"https:\/\/thomasvino.ch\/?p=9941\" \/>\n<meta property=\"og:site_name\" content=\"thomasvino\" \/>\n<meta property=\"article:published_time\" content=\"2007-03-01T18:19:00+00:00\" \/>\n<meta name=\"author\" content=\"Pierre Thomas\" \/>\n<meta name=\"twitter:label1\" content=\"\u00c9crit par\" \/>\n\t<meta name=\"twitter:data1\" content=\"Pierre Thomas\" \/>\n\t<meta name=\"twitter:label2\" content=\"Dur\u00e9e de lecture estim\u00e9e\" \/>\n\t<meta name=\"twitter:data2\" content=\"5 minutes\" \/>\n<script type=\"application\/ld+json\" class=\"yoast-schema-graph\">{\"@context\":\"https:\/\/schema.org\",\"@graph\":[{\"@type\":\"WebPage\",\"@id\":\"https:\/\/thomasvino.ch\/?p=9941\",\"url\":\"https:\/\/thomasvino.ch\/?p=9941\",\"name\":\"Vaud \u2014 Christian Dugon, le plus original des vignerons vaudois - thomasvino\",\"isPartOf\":{\"@id\":\"https:\/\/thomasvino.ch\/#website\"},\"datePublished\":\"2007-03-01T18:19:00+00:00\",\"dateModified\":\"2007-03-01T18:19:00+00:00\",\"author\":{\"@id\":\"https:\/\/thomasvino.ch\/#\/schema\/person\/670bf4486fe81152cf1d68bd585e062e\"},\"breadcrumb\":{\"@id\":\"https:\/\/thomasvino.ch\/?p=9941#breadcrumb\"},\"inLanguage\":\"fr-FR\",\"potentialAction\":[{\"@type\":\"ReadAction\",\"target\":[\"https:\/\/thomasvino.ch\/?p=9941\"]}]},{\"@type\":\"BreadcrumbList\",\"@id\":\"https:\/\/thomasvino.ch\/?p=9941#breadcrumb\",\"itemListElement\":[{\"@type\":\"ListItem\",\"position\":1,\"name\":\"Accueil\",\"item\":\"https:\/\/thomasvino.ch\/\"},{\"@type\":\"ListItem\",\"position\":2,\"name\":\"Vaud \u2014 Christian Dugon, le plus original des vignerons vaudois\"}]},{\"@type\":\"WebSite\",\"@id\":\"https:\/\/thomasvino.ch\/#website\",\"url\":\"https:\/\/thomasvino.ch\/\",\"name\":\"thomasvino\",\"description\":\"Vins &amp; Gastronomie\",\"potentialAction\":[{\"@type\":\"SearchAction\",\"target\":{\"@type\":\"EntryPoint\",\"urlTemplate\":\"https:\/\/thomasvino.ch\/?s={search_term_string}\"},\"query-input\":\"required name=search_term_string\"}],\"inLanguage\":\"fr-FR\"},{\"@type\":\"Person\",\"@id\":\"https:\/\/thomasvino.ch\/#\/schema\/person\/670bf4486fe81152cf1d68bd585e062e\",\"name\":\"Pierre Thomas\",\"image\":{\"@type\":\"ImageObject\",\"inLanguage\":\"fr-FR\",\"@id\":\"https:\/\/thomasvino.ch\/#\/schema\/person\/image\/\",\"url\":\"https:\/\/secure.gravatar.com\/avatar\/91fd5a76647f140e53db987a0dead4d7?s=96&d=mm&r=g\",\"contentUrl\":\"https:\/\/secure.gravatar.com\/avatar\/91fd5a76647f140e53db987a0dead4d7?s=96&d=mm&r=g\",\"caption\":\"Pierre Thomas\"},\"url\":\"https:\/\/thomasvino.ch\/?author=3\"}]}<\/script>\n<!-- \/ Yoast SEO plugin. -->","yoast_head_json":{"title":"Vaud \u2014 Christian Dugon, le plus original des vignerons vaudois - thomasvino","robots":{"index":"index","follow":"follow","max-snippet":"max-snippet:-1","max-image-preview":"max-image-preview:large","max-video-preview":"max-video-preview:-1"},"canonical":"https:\/\/thomasvino.ch\/?p=9941","og_locale":"fr_FR","og_type":"article","og_title":"Vaud \u2014 Christian Dugon, le plus original des vignerons vaudois - thomasvino","og_description":"Christian Dugon \u00e0 BofflensLe plus original des vignerons vaudoisIl n\u2019est ni de Lavaux, ni de La C\u00f4te, ni du Chablais, mais des C\u00f4tes-de-l\u2019Orbe, le plus original des vignerons vaudois. Christian Dugon vient d\u2019encaver sa vingti\u00e8me-cinqui\u00e8me vendange. Portrait au pied du Jura.On dit des meilleurs vins qu\u2019ils naissent l\u00e0 o\u00f9 les raisins endurent des conditions climatiques [&hellip;]","og_url":"https:\/\/thomasvino.ch\/?p=9941","og_site_name":"thomasvino","article_published_time":"2007-03-01T18:19:00+00:00","author":"Pierre Thomas","twitter_misc":{"\u00c9crit par":"Pierre Thomas","Dur\u00e9e de lecture estim\u00e9e":"5 minutes"},"schema":{"@context":"https:\/\/schema.org","@graph":[{"@type":"WebPage","@id":"https:\/\/thomasvino.ch\/?p=9941","url":"https:\/\/thomasvino.ch\/?p=9941","name":"Vaud \u2014 Christian Dugon, le plus original des vignerons vaudois - thomasvino","isPartOf":{"@id":"https:\/\/thomasvino.ch\/#website"},"datePublished":"2007-03-01T18:19:00+00:00","dateModified":"2007-03-01T18:19:00+00:00","author":{"@id":"https:\/\/thomasvino.ch\/#\/schema\/person\/670bf4486fe81152cf1d68bd585e062e"},"breadcrumb":{"@id":"https:\/\/thomasvino.ch\/?p=9941#breadcrumb"},"inLanguage":"fr-FR","potentialAction":[{"@type":"ReadAction","target":["https:\/\/thomasvino.ch\/?p=9941"]}]},{"@type":"BreadcrumbList","@id":"https:\/\/thomasvino.ch\/?p=9941#breadcrumb","itemListElement":[{"@type":"ListItem","position":1,"name":"Accueil","item":"https:\/\/thomasvino.ch\/"},{"@type":"ListItem","position":2,"name":"Vaud \u2014 Christian Dugon, le plus original des vignerons vaudois"}]},{"@type":"WebSite","@id":"https:\/\/thomasvino.ch\/#website","url":"https:\/\/thomasvino.ch\/","name":"thomasvino","description":"Vins &amp; Gastronomie","potentialAction":[{"@type":"SearchAction","target":{"@type":"EntryPoint","urlTemplate":"https:\/\/thomasvino.ch\/?s={search_term_string}"},"query-input":"required name=search_term_string"}],"inLanguage":"fr-FR"},{"@type":"Person","@id":"https:\/\/thomasvino.ch\/#\/schema\/person\/670bf4486fe81152cf1d68bd585e062e","name":"Pierre Thomas","image":{"@type":"ImageObject","inLanguage":"fr-FR","@id":"https:\/\/thomasvino.ch\/#\/schema\/person\/image\/","url":"https:\/\/secure.gravatar.com\/avatar\/91fd5a76647f140e53db987a0dead4d7?s=96&d=mm&r=g","contentUrl":"https:\/\/secure.gravatar.com\/avatar\/91fd5a76647f140e53db987a0dead4d7?s=96&d=mm&r=g","caption":"Pierre Thomas"},"url":"https:\/\/thomasvino.ch\/?author=3"}]}},"jetpack_featured_media_url":"","jetpack_sharing_enabled":true,"jetpack_shortlink":"https:\/\/wp.me\/p3m4tZ-2Al","jetpack_likes_enabled":false,"jetpack-related-posts":[{"id":9510,"url":"https:\/\/thomasvino.ch\/?p=9510","url_meta":{"origin":9941,"position":0},"title":"OVV: retour au Lausanne-Palace","date":"10 d\u00e9cembre 2012","format":false,"excerpt":"Office des vins vaudois Retour au Lausanne-Palace! On le sait, le nouveau directeur de l\u2019Office des vins vaudois (OVV), Nicolas Joss, avait occup\u00e9 un poste aux achats du Lausanne-Palace. Il y avait sans doute crois\u00e9 un habitu\u00e9 des lieux, le pr\u00e9sident de l\u2019OVV, Pierre Keller\u2026 Pas \u00e9tonnant que la nouvelle\u2026","rel":"","context":"Dans &quot;Actus - News&quot;","img":{"alt_text":"","src":"","width":0,"height":0},"classes":[]},{"id":16131,"url":"https:\/\/thomasvino.ch\/?p=16131","url_meta":{"origin":9941,"position":1},"title":"Bonne bouche: un nouveau c\u00e9page rouge!","date":"28 octobre 2019","format":false,"excerpt":"Si je vous le d\u00e9cris : robe sombre, reflets violac\u00e9s, nez profond, attaque en bouche \u00e9pic\u00e9e, savoureuse, riche (14\u00b05 d\u2019alcool), chaude, avec une note finale de caf\u00e9, de poivre, qui appelle une viande r\u00f4tie ou du gibier, o\u00f9 allez-vous le poser sur la carte vitivinicole mondiale\u00a0? Si je vous pr\u00e9cise\u2026","rel":"","context":"Dans &quot;Bonne bouche \u2014 encore!&quot;","img":{"alt_text":"","src":"https:\/\/i0.wp.com\/thomasvino.ch\/wp-content\/uploads\/2019\/10\/site_GamaretXNebbiolo-204x300.jpg?resize=350%2C200&ssl=1","width":350,"height":200},"classes":[]},{"id":9129,"url":"https:\/\/thomasvino.ch\/?p=9129","url_meta":{"origin":9941,"position":2},"title":"Vaud \u2014 Christian Dugon: la sagesse vient du Nord","date":"21 janvier 2011","format":false,"excerpt":"Christian Dugon, Bofflens (VD) Quand la sagesse vient du Nord L\u2019homme des essais viticoles vaudois, c\u2019est lui, Christian Dugon, 50 ans aujourd\u2019hui m\u00eame (21 janvier 2011). Et dans les C\u00f4tes-de-l\u2019Orbe, terroir snob\u00e9 par les L\u00e9manocentristes. Par Pierre Thomas Vous ne trouverez pas Bofflens dans le Registre des vignes, parmi les\u2026","rel":"","context":"Dans &quot;Vins suisses&quot;","img":{"alt_text":"","src":"","width":0,"height":0},"classes":[]},{"id":9972,"url":"https:\/\/thomasvino.ch\/?p=9972","url_meta":{"origin":9941,"position":3},"title":"Des vins au parfum de truffes","date":"31 mai 2007","format":false,"excerpt":"Tierc\u00e9 gagnant (Cuisine de saison de f\u00e9vrier 2007)Un flair de truffeAxiome: les vins doivent s'accorder avec les mets les plus fins, exemple, la truffe...Jusqu\u2019\u00e0 fin mars, les truffes noires prennent le relais de la blanche d\u2019Alba, dans les plats raffin\u00e9s. Que boire avec des mets enrichis de quelques \u00e9clats du\u2026","rel":"","context":"Dans &quot;Tendance&quot;","img":{"alt_text":"","src":"","width":0,"height":0},"classes":[]},{"id":15859,"url":"https:\/\/thomasvino.ch\/?p=15859","url_meta":{"origin":9941,"position":4},"title":"Caves ouvertes\u00a0: Vaud en vrac","date":"3 juin 2019","format":false,"excerpt":"Apr\u00e8s avoir baiss\u00e9 les quotas de production pour ce mill\u00e9sime 2019, les Vaudois(es) ouvrent leurs caves ce week-end de la Pentec\u00f4te, samedi et dimanche de 10 h \u00e0 18 h (mais attention\u00a0: pas lundi\u00a0!). 300 caves sont \u00e0 d\u00e9couvrir, du Vully (valdo-fribourgeois), d\u00e9j\u00e0 en fin d\u2019apr\u00e8s-midi vendredi, jusqu\u2019au Chablais, de\u2026","rel":"","context":"Dans &quot;Tendance&quot;","img":{"alt_text":"","src":"","width":0,"height":0},"classes":[]},{"id":8751,"url":"https:\/\/thomasvino.ch\/?p=8751","url_meta":{"origin":9941,"position":5},"title":"Vaud \u2014 Les douze ap\u00f4tres d&rsquo;Arte Vitis","date":"10 janvier 2005","format":false,"excerpt":"Les douze ap\u00f4tres des vins vaudois Leur credo, c'est la qualit\u00e9. Douze vignerons parmi les tout meilleurs des quatre coins du Pays de Vaud se montrent ensemble, sous le drapeau d'\u201cArte Vitis\u201d. Une premi\u00e8re historique. (Au printemps 2007, le duo Rolaz-Penta, \u00e0 la t\u00eate de quelques domaines entre Bex et\u2026","rel":"","context":"Dans &quot;Vins suisses&quot;","img":{"alt_text":"","src":"","width":0,"height":0},"classes":[]}],"_links":{"self":[{"href":"https:\/\/thomasvino.ch\/index.php?rest_route=\/wp\/v2\/posts\/9941"}],"collection":[{"href":"https:\/\/thomasvino.ch\/index.php?rest_route=\/wp\/v2\/posts"}],"about":[{"href":"https:\/\/thomasvino.ch\/index.php?rest_route=\/wp\/v2\/types\/post"}],"author":[{"embeddable":true,"href":"https:\/\/thomasvino.ch\/index.php?rest_route=\/wp\/v2\/users\/3"}],"replies":[{"embeddable":true,"href":"https:\/\/thomasvino.ch\/index.php?rest_route=%2Fwp%2Fv2%2Fcomments&post=9941"}],"version-history":[{"count":0,"href":"https:\/\/thomasvino.ch\/index.php?rest_route=\/wp\/v2\/posts\/9941\/revisions"}],"wp:attachment":[{"href":"https:\/\/thomasvino.ch\/index.php?rest_route=%2Fwp%2Fv2%2Fmedia&parent=9941"}],"wp:term":[{"taxonomy":"category","embeddable":true,"href":"https:\/\/thomasvino.ch\/index.php?rest_route=%2Fwp%2Fv2%2Fcategories&post=9941"},{"taxonomy":"post_tag","embeddable":true,"href":"https:\/\/thomasvino.ch\/index.php?rest_route=%2Fwp%2Fv2%2Ftags&post=9941"}],"curies":[{"name":"wp","href":"https:\/\/api.w.org\/{rel}","templated":true}]}}