{"id":9944,"date":"2007-03-18T23:19:00","date_gmt":"2007-03-18T23:19:00","guid":{"rendered":"http:\/\/localhost\/thomasvino\/?p=9944"},"modified":"2013-04-02T13:34:02","modified_gmt":"2013-04-02T12:34:02","slug":"delemont-ju-hotel-restaurant-le-national","status":"publish","type":"post","link":"https:\/\/thomasvino.ch\/?p=9944","title":{"rendered":"Del\u00e9mont (JU) \u2014 H\u00f4tel-Restaurant Le National"},"content":{"rendered":"<div style=\"text-align: justify;\"><font style=\"font-weight: bold;\" size=\"4\"><span style=\"font-style: italic;\">H\u00f4tel-Restaurant Le National, Del\u00e9mont (JU)<\/span><br \/><font size=\"5\">Un cube comme port d\u2019attache<\/font><\/font><br \/>La rumeur courait depuis l\u2019\u00e9t\u00e9 pass\u00e9: on mange d\u2019excellents poissons au National \u00e0 Del\u00e9mont. Dr\u00f4le d\u2019endroit pour une bonne adresse&nbsp;: Jean Nouvel a pouss\u00e9 un peu plus loin la notion de cube rouill\u00e9 (\u00e9vacu\u00e9 du lac de Morat apr\u00e8s Expo.02), mais le b\u00e2timent se pose un peu l\u00e0 en t\u00e9moin des ann\u00e9es septante, \u00e0 l\u2019or\u00e9e de la vieille ville. <br \/>Surprise, c\u2019est une ma\u00eetresse femme qui tient la barre de ce cuirass\u00e9. Le cap de la cinquantaine \u00e0 peine doubl\u00e9, Trudy Vogt a du bagage derri\u00e8re elle. Ses parents tenaient auberge sur la route des Franches-Montagnes. Et si elle a quelques autres m\u00e9tiers avant de rejoindre, en autodidacte, pr\u00e9cise-t-elle, les cuisines, elle a tenu l\u2019auberge familiale, puis deux restaurants de Soyhi\u00e8res, le Yacht et le Cavalier, ces neuf derni\u00e8res ann\u00e9es.<br \/><span style=\"font-weight: bold;\">Un cuirass\u00e9&nbsp;? Un paquebot&nbsp;!<\/span><br \/>Un ami belge l\u2019a convertie \u00e0 une cuisine d\u00e9finitivement maritime. Ca ne saute pas aux yeux, au premier abordage\u2026 Car la carte du National s\u2019articule autour de standards de la cuisine de brasserie&nbsp;: blanquette et longe de veau, coquelet grill\u00e9, cordon bleu et c\u00f4te de porc, \u00e0 moins de 25 francs. Ensuite viennent, selon les arrivages ou l\u2019humeur de la cuisine, quelques suggestions. Enfin, le gar\u00e7on de salle du restaurant les compl\u00e8te par une offre du jour\u2026 A quoi s\u2019ajoute une petite carte, avec une assiette quotidienne, agr\u00e9ment\u00e9e d\u2019une salade ou d\u2019un potage, servi \u00e0 17,50 fr. au caf\u00e9, bond\u00e9 ce jour-l\u00e0 \u00e0 midi. Comme le National est ouvert sept jours sur sept, midi et soir, et comprend des salles et une trentaine de chambres, \u00e7a n\u2019est plus un cuirass\u00e9, mais un paquebot!<br \/>On s\u2019est donc install\u00e9 confortablement dans le restaurant des premi\u00e8res (pour faire ligne transatlantique), au d\u00e9cor \u00e9gay\u00e9 par des nappes jaunes et deux lampes en forme de soucoupe volantes. En entr\u00e9e, un feuillet\u00e9 de crabe \u00e0 l\u2019effiloch\u00e9e de petits l\u00e9gumes (22,50 fr.), dans une sauce assez riche, genre beurre blanc. Puis, le gar\u00e7on nous a d\u00e9conseill\u00e9 le tentant omble chevalier, sauce ciboulette \u2014 \u00abVous aurez deux fois de la cr\u00e8me, Monsieur\u2026\u00bb \u2014 et nous nous sommes rabattus sur un r\u00e2ble de lapin (34 fr.), astucieusement pr\u00e9par\u00e9 en roulade contenant des tomates confites, accompagn\u00e9 d\u2019un m\u00e9lange de champignons, r\u00e9hauss\u00e9s d\u2019ail et de d\u00e9s de jambon grill\u00e9s. <br \/><span style=\"font-weight: bold;\">Le poisson devenu produit de luxe<\/span><br \/>Notre vis-\u00e0-vis a pr\u00e9f\u00e9r\u00e9 \u00e0 un plateau de fruits de mer complet (32,50 fr.), une demi-douzaine de fra\u00eeches hu\u00eetres de Bretagne no 2 (22,50 fr.), escort\u00e9es de leurs condiments. \u00abJ\u2019en tiens toute l\u2019ann\u00e9e, qui me sont livr\u00e9es de B\u00e2le, comme les poissons\u00bb, pr\u00e9cise la cheffe, \u00e0 la t\u00eate d\u2019une petite brigade de deux cuisiniers. Et, suggestion orale du jour, des m\u00e9daillons de lotte, o\u00f9 la chair ferme du poisson se mariait bien avec l\u2019ar\u00f4me printanier du basilic (35 fr.). <br \/>N\u2019e\u00fbt \u00e9t\u00e9 midi, on se serait sans doute r\u00e9gal\u00e9 du classique jurassien qu\u2019est la tranche de veau sauce aux morilles (39,50 fr.) ou de la caille farcie aux ris de veau et morilles (39,50 fr.). Voire m\u00eame, comme cette tabl\u00e9e genevoise, habitu\u00e9e du Cavalier de jadis, de cuisses de grenouilles \u00e0 l\u2019ail et fines herbes (42 fr.), servies toute l\u2019ann\u00e9e, sauf au gros de l\u2019\u00e9t\u00e9. Fra\u00eeches, elles sont import\u00e9es au Locle, par un fournisseur connu de la cuisini\u00e8re depuis trente ans. Avec ce recul, Trudy Vogt regrette que le poisson \u2014 sa pr\u00e9dilection \u2014 se rar\u00e9fie au point d\u2019en devenir un mets de luxe.<br \/>Quelques desserts classiques ponctuent le repas, comme ce moelleux au chocolat, plus biscuit que coulant, et sa glace coco et coulis de mangue. Deux menus \u00e0 48 et 56 francs compl\u00e8tent l\u2019offre. Avec quelques bonnes bouteilles en cave, de quoi ne pas voir passer les heures\u2026<br \/><font style=\"font-weight: bold; font-style: italic;\" size=\"4\">La bonne adresse<\/font><br \/>Le National<br \/>Rte de B\u00e2le 25<br \/>Del\u00e9mont<br \/>T\u00e9l. 032 422 96 22<br \/>Ouvert tous les jours<\/p>\n<p><font style=\"font-weight: bold;\" size=\"4\"><span style=\"font-style: italic;\">La bouteille tir\u00e9e de sa cave<\/span><\/font><font size=\"4\"><br \/><\/font><font style=\"font-weight: bold;\" size=\"4\">Un blanc jurassien et rh\u00e9nan<\/font><br \/>Le vignoble jurassien a deux versants. Le Clos des Cantons, ajoulot et rhodanien. Et <span style=\"font-weight: bold;\">le domaine exp\u00e9rimental de Valentin Blattner, \u00e0 Soyhi\u00e8res<\/span>, qui regarde vers la Birse et le Rhin. Au lieu-dit Sur la fin, ce passionn\u00e9 multiplie les essais viticoles pour s\u00e9lectionner des c\u00e9pages r\u00e9sistant aux climats rudes. Et il vinifie le produit de ses recherches. Son \u00e9pouse, Silvia, a obtenu le Prix de l\u2019innovation agricole pour son Muscat de la Birse, un raisin de table, vinifi\u00e9 en vin doux. Des m\u00eames parents, s\u00e9lectionn\u00e9s dans les ann\u00e9es 1930, Seyval et Bacchus, le <span style=\"font-weight: bold;\">R\u00e9selle<\/span> donne un vin blanc l\u00e9ger, l\u00e9g\u00e9rement aromatique, cousin du M\u00fcller-Thurgau al\u00e9manique (dont il est issu), qui ne titre que 10\u00b05 degr\u00e9s d\u2019alcool. En rouge, les plantations jurassiennes livrent chaque ann\u00e9e trois assemblages rouges, baptis\u00e9s du nom des enfants du couple, Olivia, Lilli et Noah, le pu\u00een\u00e9, dont la cuv\u00e9e rassemble, logiquement, les derniers-n\u00e9s des c\u00e9pages d\u00e9riv\u00e9s du cabernet-sauvignon. Et si Silvia a dessin\u00e9 les \u00e9tiquettes de la R\u00e9selle (3000 bouteilles par an), les enfants ont mis leur griffe color\u00e9e sur leurs cuv\u00e9es. <\/p>\n<p><span style=\"font-style: italic;\">Chronique parue dans Le Matin-Dimanche du 18 mars 2007.<\/span><\/p>\n<p><\/div>\n","protected":false},"excerpt":{"rendered":"<p>H\u00f4tel-Restaurant Le National, Del\u00e9mont (JU)Un cube comme port d\u2019attacheLa rumeur courait depuis l\u2019\u00e9t\u00e9 pass\u00e9: on mange d\u2019excellents poissons au National \u00e0 Del\u00e9mont. Dr\u00f4le d\u2019endroit pour une bonne adresse&nbsp;: Jean Nouvel a pouss\u00e9 un peu plus loin la notion de cube rouill\u00e9 (\u00e9vacu\u00e9 du lac de Morat apr\u00e8s Expo.02), mais le b\u00e2timent se pose un peu [&hellip;]<\/p>\n","protected":false},"author":3,"featured_media":0,"comment_status":"closed","ping_status":"open","sticky":false,"template":"","format":"standard","meta":{"_monsterinsights_skip_tracking":false,"_monsterinsights_sitenote_active":false,"_monsterinsights_sitenote_note":"","_monsterinsights_sitenote_category":0,"jetpack_post_was_ever_published":false,"jetpack_publicize_message":"","jetpack_is_tweetstorm":false,"jetpack_publicize_feature_enabled":true,"jetpack_social_post_already_shared":false,"jetpack_social_options":{"image_generator_settings":{"template":"highway","enabled":false}}},"categories":[19,20],"tags":[],"jetpack_publicize_connections":[],"yoast_head":"<!-- This site is optimized with the Yoast SEO plugin v20.6 - https:\/\/yoast.com\/wordpress\/plugins\/seo\/ -->\n<title>Del\u00e9mont (JU) \u2014 H\u00f4tel-Restaurant Le National - thomasvino<\/title>\n<meta name=\"robots\" content=\"index, follow, max-snippet:-1, max-image-preview:large, max-video-preview:-1\" \/>\n<link rel=\"canonical\" href=\"https:\/\/thomasvino.ch\/?p=9944\" \/>\n<meta property=\"og:locale\" content=\"fr_FR\" \/>\n<meta property=\"og:type\" content=\"article\" \/>\n<meta property=\"og:title\" content=\"Del\u00e9mont (JU) \u2014 H\u00f4tel-Restaurant Le National - thomasvino\" \/>\n<meta property=\"og:description\" content=\"H\u00f4tel-Restaurant Le National, Del\u00e9mont (JU)Un cube comme port d\u2019attacheLa rumeur courait depuis l\u2019\u00e9t\u00e9 pass\u00e9: on mange d\u2019excellents poissons au National \u00e0 Del\u00e9mont. Dr\u00f4le d\u2019endroit pour une bonne adresse&nbsp;: Jean Nouvel a pouss\u00e9 un peu plus loin la notion de cube rouill\u00e9 (\u00e9vacu\u00e9 du lac de Morat apr\u00e8s Expo.02), mais le b\u00e2timent se pose un peu [&hellip;]\" \/>\n<meta property=\"og:url\" content=\"https:\/\/thomasvino.ch\/?p=9944\" \/>\n<meta property=\"og:site_name\" content=\"thomasvino\" \/>\n<meta property=\"article:published_time\" content=\"2007-03-18T23:19:00+00:00\" \/>\n<meta property=\"article:modified_time\" content=\"2013-04-02T12:34:02+00:00\" \/>\n<meta name=\"author\" content=\"Pierre Thomas\" \/>\n<meta name=\"twitter:label1\" content=\"\u00c9crit par\" \/>\n\t<meta name=\"twitter:data1\" content=\"Pierre Thomas\" \/>\n\t<meta name=\"twitter:label2\" content=\"Dur\u00e9e de lecture estim\u00e9e\" \/>\n\t<meta name=\"twitter:data2\" content=\"5 minutes\" \/>\n<script type=\"application\/ld+json\" class=\"yoast-schema-graph\">{\"@context\":\"https:\/\/schema.org\",\"@graph\":[{\"@type\":\"WebPage\",\"@id\":\"https:\/\/thomasvino.ch\/?p=9944\",\"url\":\"https:\/\/thomasvino.ch\/?p=9944\",\"name\":\"Del\u00e9mont (JU) \u2014 H\u00f4tel-Restaurant Le National - thomasvino\",\"isPartOf\":{\"@id\":\"https:\/\/thomasvino.ch\/#website\"},\"datePublished\":\"2007-03-18T23:19:00+00:00\",\"dateModified\":\"2013-04-02T12:34:02+00:00\",\"author\":{\"@id\":\"https:\/\/thomasvino.ch\/#\/schema\/person\/670bf4486fe81152cf1d68bd585e062e\"},\"breadcrumb\":{\"@id\":\"https:\/\/thomasvino.ch\/?p=9944#breadcrumb\"},\"inLanguage\":\"fr-FR\",\"potentialAction\":[{\"@type\":\"ReadAction\",\"target\":[\"https:\/\/thomasvino.ch\/?p=9944\"]}]},{\"@type\":\"BreadcrumbList\",\"@id\":\"https:\/\/thomasvino.ch\/?p=9944#breadcrumb\",\"itemListElement\":[{\"@type\":\"ListItem\",\"position\":1,\"name\":\"Accueil\",\"item\":\"https:\/\/thomasvino.ch\/\"},{\"@type\":\"ListItem\",\"position\":2,\"name\":\"Del\u00e9mont (JU) \u2014 H\u00f4tel-Restaurant Le National\"}]},{\"@type\":\"WebSite\",\"@id\":\"https:\/\/thomasvino.ch\/#website\",\"url\":\"https:\/\/thomasvino.ch\/\",\"name\":\"thomasvino\",\"description\":\"Vins &amp; Gastronomie\",\"potentialAction\":[{\"@type\":\"SearchAction\",\"target\":{\"@type\":\"EntryPoint\",\"urlTemplate\":\"https:\/\/thomasvino.ch\/?s={search_term_string}\"},\"query-input\":\"required name=search_term_string\"}],\"inLanguage\":\"fr-FR\"},{\"@type\":\"Person\",\"@id\":\"https:\/\/thomasvino.ch\/#\/schema\/person\/670bf4486fe81152cf1d68bd585e062e\",\"name\":\"Pierre Thomas\",\"image\":{\"@type\":\"ImageObject\",\"inLanguage\":\"fr-FR\",\"@id\":\"https:\/\/thomasvino.ch\/#\/schema\/person\/image\/\",\"url\":\"https:\/\/secure.gravatar.com\/avatar\/91fd5a76647f140e53db987a0dead4d7?s=96&d=mm&r=g\",\"contentUrl\":\"https:\/\/secure.gravatar.com\/avatar\/91fd5a76647f140e53db987a0dead4d7?s=96&d=mm&r=g\",\"caption\":\"Pierre Thomas\"},\"url\":\"https:\/\/thomasvino.ch\/?author=3\"}]}<\/script>\n<!-- \/ Yoast SEO plugin. -->","yoast_head_json":{"title":"Del\u00e9mont (JU) \u2014 H\u00f4tel-Restaurant Le National - thomasvino","robots":{"index":"index","follow":"follow","max-snippet":"max-snippet:-1","max-image-preview":"max-image-preview:large","max-video-preview":"max-video-preview:-1"},"canonical":"https:\/\/thomasvino.ch\/?p=9944","og_locale":"fr_FR","og_type":"article","og_title":"Del\u00e9mont (JU) \u2014 H\u00f4tel-Restaurant Le National - thomasvino","og_description":"H\u00f4tel-Restaurant Le National, Del\u00e9mont (JU)Un cube comme port d\u2019attacheLa rumeur courait depuis l\u2019\u00e9t\u00e9 pass\u00e9: on mange d\u2019excellents poissons au National \u00e0 Del\u00e9mont. Dr\u00f4le d\u2019endroit pour une bonne adresse&nbsp;: Jean Nouvel a pouss\u00e9 un peu plus loin la notion de cube rouill\u00e9 (\u00e9vacu\u00e9 du lac de Morat apr\u00e8s Expo.02), mais le b\u00e2timent se pose un peu [&hellip;]","og_url":"https:\/\/thomasvino.ch\/?p=9944","og_site_name":"thomasvino","article_published_time":"2007-03-18T23:19:00+00:00","article_modified_time":"2013-04-02T12:34:02+00:00","author":"Pierre Thomas","twitter_misc":{"\u00c9crit par":"Pierre Thomas","Dur\u00e9e de lecture estim\u00e9e":"5 minutes"},"schema":{"@context":"https:\/\/schema.org","@graph":[{"@type":"WebPage","@id":"https:\/\/thomasvino.ch\/?p=9944","url":"https:\/\/thomasvino.ch\/?p=9944","name":"Del\u00e9mont (JU) \u2014 H\u00f4tel-Restaurant Le National - thomasvino","isPartOf":{"@id":"https:\/\/thomasvino.ch\/#website"},"datePublished":"2007-03-18T23:19:00+00:00","dateModified":"2013-04-02T12:34:02+00:00","author":{"@id":"https:\/\/thomasvino.ch\/#\/schema\/person\/670bf4486fe81152cf1d68bd585e062e"},"breadcrumb":{"@id":"https:\/\/thomasvino.ch\/?p=9944#breadcrumb"},"inLanguage":"fr-FR","potentialAction":[{"@type":"ReadAction","target":["https:\/\/thomasvino.ch\/?p=9944"]}]},{"@type":"BreadcrumbList","@id":"https:\/\/thomasvino.ch\/?p=9944#breadcrumb","itemListElement":[{"@type":"ListItem","position":1,"name":"Accueil","item":"https:\/\/thomasvino.ch\/"},{"@type":"ListItem","position":2,"name":"Del\u00e9mont (JU) \u2014 H\u00f4tel-Restaurant Le National"}]},{"@type":"WebSite","@id":"https:\/\/thomasvino.ch\/#website","url":"https:\/\/thomasvino.ch\/","name":"thomasvino","description":"Vins &amp; Gastronomie","potentialAction":[{"@type":"SearchAction","target":{"@type":"EntryPoint","urlTemplate":"https:\/\/thomasvino.ch\/?s={search_term_string}"},"query-input":"required name=search_term_string"}],"inLanguage":"fr-FR"},{"@type":"Person","@id":"https:\/\/thomasvino.ch\/#\/schema\/person\/670bf4486fe81152cf1d68bd585e062e","name":"Pierre Thomas","image":{"@type":"ImageObject","inLanguage":"fr-FR","@id":"https:\/\/thomasvino.ch\/#\/schema\/person\/image\/","url":"https:\/\/secure.gravatar.com\/avatar\/91fd5a76647f140e53db987a0dead4d7?s=96&d=mm&r=g","contentUrl":"https:\/\/secure.gravatar.com\/avatar\/91fd5a76647f140e53db987a0dead4d7?s=96&d=mm&r=g","caption":"Pierre Thomas"},"url":"https:\/\/thomasvino.ch\/?author=3"}]}},"jetpack_featured_media_url":"","jetpack_sharing_enabled":true,"jetpack_shortlink":"https:\/\/wp.me\/p3m4tZ-2Ao","jetpack_likes_enabled":false,"jetpack-related-posts":[{"id":8932,"url":"https:\/\/thomasvino.ch\/?p=8932","url_meta":{"origin":9944,"position":0},"title":"Neuvi\u00e8me \u00e9dition de la Semaine suisse du Go\u00fbt","date":"27 ao\u00fbt 2009","format":false,"excerpt":"Semaine suisse du Go\u00fbt Les maires et les enfants d\u2019abord Du 17 au 27 septembre, la Suisse conna\u00eetra sa neuvi\u00e8me Semaine du Go\u00fbt. 1300 \u00e9v\u00e9nements, avec une priorit\u00e9 aux enfants des \u00e9coles et aux maires des communes. Pierre Thomas Des \u00e9v\u00e9nements multipli\u00e9s par dix en neuf ans. Pour le cofondateur\u2026","rel":"","context":"Dans &quot;Tendance&quot;","img":{"alt_text":"","src":"","width":0,"height":0},"classes":[]},{"id":9883,"url":"https:\/\/thomasvino.ch\/?p=9883","url_meta":{"origin":9944,"position":1},"title":"Bassecourt (JU) \u2014 H\u00f4tel de la Croix-Blanche","date":"8 octobre 2006","format":false,"excerpt":"La Croix-Blanche \u00e0 Bassecourt (JU) Un couple aux jeunes ambitions Encore peu connus, Gilles et Sylvie Jobin, 37 et 36 ans, affichent leurs ambitions. Depuis tant\u00f4t quatre ans, ils sont (presque) dans leurs meubles, \u00e0 La Croix-Blanche, \u00e0 Bassecourt, gros village de la plaine de Del\u00e9mont. A l\u2019int\u00e9rieur, on se\u2026","rel":"","context":"Dans &quot;Adresses&quot;","img":{"alt_text":"","src":"","width":0,"height":0},"classes":[]},{"id":8794,"url":"https:\/\/thomasvino.ch\/?p=8794","url_meta":{"origin":9944,"position":2},"title":"Del\u00e9mont, capitale du go\u00fbt 2009","date":"30 septembre 2008","format":false,"excerpt":"9\u00e8me Semaine suisse du Go\u00fbtCap sur le Jura en 2009A l\u2019issue de la huiti\u00e8me \u00e9dition de la Semaine suisse du Go\u00fbt (qui s\u2019est termin\u00e9e le 28 septembre), les organisateurs ont annonc\u00e9 que Del\u00e9mont succ\u00e8dera \u00e0 Saint-Gall comme ville suisse du go\u00fbt 2009. Les deux derniers jours de la manifestation d\u00e9centralis\u00e9e\u2026","rel":"","context":"Dans &quot;Actus - News&quot;","img":{"alt_text":"","src":"","width":0,"height":0},"classes":[]},{"id":8858,"url":"https:\/\/thomasvino.ch\/?p=8858","url_meta":{"origin":9944,"position":3},"title":"Une ic\u00f4ne vigneronne pour le go\u00fbt suisse","date":"16 mars 2009","format":false,"excerpt":"9\u00e8me Semaine du Go\u00fbt, 17 \u2013 27 septembre 2009Marie-Th\u00e8r\u00e8se Chappaz, marraine du go\u00fbt suisseC\u2019est une premi\u00e8re\u00a0: ni chef(fe), ni ap\u00f4tre des produits, mais oracle du bon go\u00fbt en mati\u00e8re vitivinicole, m\u00e2tin\u00e9e de bio(dynamie), tr\u00e8s tendance, telle se pr\u00e9sente la marraine de la neuvi\u00e8me \u00e9dition de la Semaine du Go\u00fbt, la\u2026","rel":"","context":"Dans &quot;Actus - News&quot;","img":{"alt_text":"","src":"","width":0,"height":0},"classes":[]},{"id":9824,"url":"https:\/\/thomasvino.ch\/?p=9824","url_meta":{"origin":9944,"position":4},"title":"F comme Fromages du Jura","date":"8 juillet 2006","format":false,"excerpt":"Retour du march\u00e9 du Matin du samedi 29 octobre 2005 Produits d\u00e9riv\u00e9s Demain, dans le Jura, pour la premi\u00e8re fois, une comp\u00e9tition d\u00e9signera les meilleurs produits dits \u00abdu terroir\u00bb, dans quatre cat\u00e9gories: les produits laitiers, carn\u00e9s, de boulange et, enfin, \u00e0 base de fruits ou d\u2019ingr\u00e9dients naturels (miels, sirops, confitures,\u2026","rel":"","context":"Dans &quot;Retour du march\u00e9&quot;","img":{"alt_text":"","src":"","width":0,"height":0},"classes":[]},{"id":9786,"url":"https:\/\/thomasvino.ch\/?p=9786","url_meta":{"origin":9944,"position":5},"title":"B comme Bio (march\u00e9 de Saignel\u00e9gier)","date":"26 juin 2006","format":false,"excerpt":"Retour du march\u00e9 du Matin du samedi 10 septembre 2005 Du bon, du bio et vice-versa Le week-end prochain (troisi\u00e8me de septembre 2005), la halle du March\u00e9-Concours de Saignel\u00e9gier sera la Mecque du bio. Quelque 12'000 visiteurs sont attendues dans les Franches-Montagnes. Outre des stands th\u00e9matiques, une quarantaine de producteurs\u2026","rel":"","context":"Dans &quot;Retour du march\u00e9&quot;","img":{"alt_text":"","src":"","width":0,"height":0},"classes":[]}],"_links":{"self":[{"href":"https:\/\/thomasvino.ch\/index.php?rest_route=\/wp\/v2\/posts\/9944"}],"collection":[{"href":"https:\/\/thomasvino.ch\/index.php?rest_route=\/wp\/v2\/posts"}],"about":[{"href":"https:\/\/thomasvino.ch\/index.php?rest_route=\/wp\/v2\/types\/post"}],"author":[{"embeddable":true,"href":"https:\/\/thomasvino.ch\/index.php?rest_route=\/wp\/v2\/users\/3"}],"replies":[{"embeddable":true,"href":"https:\/\/thomasvino.ch\/index.php?rest_route=%2Fwp%2Fv2%2Fcomments&post=9944"}],"version-history":[{"count":0,"href":"https:\/\/thomasvino.ch\/index.php?rest_route=\/wp\/v2\/posts\/9944\/revisions"}],"wp:attachment":[{"href":"https:\/\/thomasvino.ch\/index.php?rest_route=%2Fwp%2Fv2%2Fmedia&parent=9944"}],"wp:term":[{"taxonomy":"category","embeddable":true,"href":"https:\/\/thomasvino.ch\/index.php?rest_route=%2Fwp%2Fv2%2Fcategories&post=9944"},{"taxonomy":"post_tag","embeddable":true,"href":"https:\/\/thomasvino.ch\/index.php?rest_route=%2Fwp%2Fv2%2Ftags&post=9944"}],"curies":[{"name":"wp","href":"https:\/\/api.w.org\/{rel}","templated":true}]}}