{"id":9945,"date":"2007-03-24T17:52:00","date_gmt":"2007-03-24T17:52:00","guid":{"rendered":"http:\/\/localhost\/thomasvino\/?p=9945"},"modified":"2013-04-02T13:34:02","modified_gmt":"2013-04-02T12:34:02","slug":"sion-vs-brasserie-les-etoiles","status":"publish","type":"post","link":"https:\/\/thomasvino.ch\/?p=9945","title":{"rendered":"Sion (VS) \u2014 Brasserie Les Etoiles"},"content":{"rendered":"<div style=\"text-align: justify;\"><font style=\"font-weight: bold;\" size=\"5\"><font size=\"4\"><span style=\"font-style: italic;\">Les Etoiles \u00e0 Sion<\/span><\/font><\/font><br \/><font style=\"font-weight: bold;\" size=\"5\">Les pieds sur terre<\/font><br \/>Jeune chef bourguignon, form\u00e9 \u00e0 l\u2019\u00e9cole de la R\u00f4tisserie de Chambertin et au Rosalp de Verbier, que quittera Roland Pierroz \u00e0 fin avril, Claude Passot a, peut-\u00eatre, la t\u00eate dans \u00abLes Etoiles\u00bb, nom de sa nouvelle brasserie s\u00e9dunoise. Mais ce cuisinier a les pieds sur terre, \u00e0 36 ans juste pass\u00e9s et un deuxi\u00e8me enfant tout soudain. \u00abLe gastro ne r\u00e9pond plus \u00e0 l\u2019attente des clients. Et je voulais retrouver une cuisine de bons produits \u00e0 prix raisonnables, avec un cadre en ad\u00e9quation\u00bb, analyse-t-il, apr\u00e8s quatre ans dans une adresse plus \u00e9litiste, au centre de Sion, le Supersaxo.<br \/><span style=\"font-weight: bold;\">Une cit\u00e9 du bon go\u00fbt<\/span><br \/>Ici, \u00e0 deux pas de la gare de la capitale administrative et politique du Valais \u2014 50&#39;000 personnes la journ\u00e9e, moins de 25&#39;000 la nuit tomb\u00e9e&nbsp;! \u2014 changement de rythme et de d\u00e9cor. Du sept jours sur sept, avec trois pros en cuisine, bient\u00f4t quatre, et une belle salle, lumineuse et r\u00e9solument moderne. La brasserie, qui a perdu son enseigne tr\u00e8s valaisanne de Treize Etoiles, a ouvert \u00e0 mi-d\u00e9cembre. Sur trois demi-niveaux, elle offre un rez de plein pied, un bar et un demi-\u00e9tage un peu en retrait, avec des banquettes de cuir, orn\u00e9es de coussins aux motifs dessin\u00e9s par les clients eux-m\u00eames et mis sous plastique. Le d\u00e9cor a \u00e9t\u00e9 voulu par Catherine, l\u2019\u00e9pouse du patron des lieux, l\u2019homme d\u2019affaires Alain Gillioz. Il est \u00e0 l\u2019origine de la renaissance de tout l\u2019angle des avenues de la Gare et de Tourbillon, devenu \u00abLes ateliers de la Cit\u00e9\u00bb, avec un bar-lounge, le Contre-Jour, une terrasse-club au cinqui\u00e8me \u00e9tage, l\u2019Espace Rilke, et un kiosque. <br \/><span style=\"font-weight: bold;\">Responsable de tout ce qui s&#39;y mange&#8230;<\/span><br \/>Le chef est responsable \u00abde tout ce qui se mange\u00bb aux quatre coins du p\u00e2t\u00e9, mais sait d\u00e9l\u00e9guer et se reposer, par exemple, sur son adjoint, corse. Pas \u00e9tonnant que l\u2019ambiance ait un bon c\u00f4t\u00e9 m\u00e9ridional, m\u00eame si des photos noir et blanc de divers formats \u00e9voquent des \u00abstars\u00bb suisses d\u2019une lumineuse Ursula Andress \u00e0 un ombrageux Jean Tinguely, et des prodiges que sont, saisis en pleine gloire sportive juv\u00e9nile, Rodger Federer ou St\u00e9phane Lambiel. En bon Bourguignon, le chef ne renie pas ses attaches au terroir. La c\u00f4te de b\u0153uf n\u2019est pas du charolais, mais de la race d\u2019H\u00e9rens et toutes les viandes viennent de la Boucherie de Tourbillon, r\u00e9put\u00e9e en ville. D\u00e9tails qui comptent&nbsp;: on peut manger \u00e0 toute heure, dimanche compris, du moins quelques plats d\u2019une carte restreinte, et l\u2019atmosph\u00e8re est garantie sans fum\u00e9e. De quoi pouvoir appr\u00e9cier une carte des vins \u00e9quilibr\u00e9e entre vignerons-encaveurs et grandes maisons dont Sion est le fief. <br \/><span style=\"font-weight: bold;\">Entr\u00e9es g\u00e9n\u00e9reuses<\/span><br \/>D\u00e9laissant le jambon persill\u00e9, l\u2019un d\u2019entre nous s\u2019est goinfr\u00e9 d\u2019\u0153ufs en meurette de parfaite orthodoxie bourguignonne. D\u2019autres ont pr\u00e9f\u00e9r\u00e9 une g\u00e9n\u00e9reuse demi salade de dents-de-lion \u00e0 l\u2019\u0153uf poch\u00e9. D\u2019autres encore, une exquise soupe de courge rehauss\u00e9e de morilles \u2014 un excellent mariage qui ne pr\u00e9t\u00e9ritait pas le champignon&nbsp;! Toutes entr\u00e9es servies autour de 10 francs. Un brave carr\u00e9 d\u2019agneau aux herbes (37 fr.), rose et go\u00fbteux, une c\u00f4te de b\u0153uf \u00e0 la hauteur de sa r\u00e9putation (44 fr.) et un sandre (29 fr.) plus audacieux, parce qu\u2019accompagn\u00e9 de poires et discret de go\u00fbts, ont suivi. Avant des desserts maison sophistiqu\u00e9s, comme cette terrine d\u2019oranges (12 fr.), cette cr\u00e8me br\u00fbl\u00e9e \u00e0 l\u2019abricotine (11 fr.) et ce pain perdu brioch\u00e9, \u00abremake\u00bb des \u00abcro\u00fbtes dor\u00e9es\u00bb de l\u2019enfance (9 fr.). Le tout servi par un personnel comp\u00e9tent et de bon conseil.<br \/>Que demande le peuple&nbsp;? Ni plus, ni moins, quand on sait que l\u2019assiette du jour vaut 18 francs (22 avec entr\u00e9e et dessert) et que cinq \u00e0 six suggestions quotidiennes vont de 18 \u00e0 28 francs. Tartare valaisan, carpaccio d\u2019aubergines \u00e0 l\u2019huile de truffes ou saucisson valaisan aux lentilles compl\u00e8tent l\u2019offre, en attendant morilles et asperges printani\u00e8res. Le chef et son \u00e9quipe sont en passe de r\u00e9ussir leur juste pari \u00abdu bon pas trop cher\u00bb.<br \/><font style=\"font-weight: bold; font-style: italic;\" size=\"3\">La bonne adresse<\/font><br \/>Les Etoiles<br \/>Av. de Tourbillon 3<br \/>Sion<br \/>T\u00e9l. 027 322 20 02<br \/>Ouvert sept jours sur sept<\/p>\n<p><font size=\"3\"><span style=\"font-weight: bold; font-style: italic;\">Le vin tir\u00e9 de sa cave&#8230;<\/span><\/font><br style=\"font-weight: bold;\"><font size=\"4\"><span style=\"font-weight: bold;\">Franc de go\u00fbt<\/span><\/font><br \/>En 1965, les beaux-fr\u00e8res Edmond <span style=\"font-weight: bold;\">Desfayes et<\/span> Jean <span style=\"font-weight: bold;\">Crettenand<\/span>, l\u2019un p\u00e9pini\u00e9riste \u00e0 Leytron, l\u2019autre \u0153nologue f\u00e9d\u00e9ral, ouvraient leur cave de \u00absp\u00e9cialit\u00e9s valaisannes\u00bb, avec deux humagnes, rouge et blanche, du riesling et du pinot noir, s\u00e9lection Valais. Depuis 1985, St\u00e9phane Desfayes, 47 ans, est \u00e0 la t\u00eate d\u2019un domaine qui frise les cinq hectares. Muscat, arvine, syrah et cornalin se sont ajout\u00e9s \u00e0 la liste des c\u00e9pages. Puis, dans les ann\u00e9es 1990, le <span style=\"font-weight: bold;\">cabernet franc<\/span>, embl\u00e8me de la vall\u00e9e de la Loire, et qui para\u00eet \u00e9tranger au Vieux Pays rhodanien. \u00abMon oncle et moi aimons le cabernet franc pour la souplesse de ses tanins, qui permettent de l\u2019appr\u00e9cier jeune ou sur la longueur du temps.\u00bb D\u00e9gust\u00e9 aux Etoiles, le 2004, fruit\u00e9, avec une note d\u2019olive verte, d\u2019\u00e9pice, s\u2019est r\u00e9v\u00e9l\u00e9 soyeux, avec un volume chaleureux. Le cabernet franc du m\u00eame mill\u00e9sime est \u00e0 l\u2019origine d\u2019un assemblage, \u00abDuos\u00bb. Au pluriel, parce qu\u2019il signifie \u00e0 la fois les c\u00e9pages moiti\u00e9-moiti\u00e9, cabernet franc et humagne rouge, et les deux familles. Puriste, Jean Crettenand, bient\u00f4t 80 ans, depuis longtemps Lausannois, s\u2019est pli\u00e9 \u00e0 cette premi\u00e8re historique. Mais pas \u00e0 la barrique&nbsp;: \u00abOn n\u2019en utilise que pour \u00e9lever durant cinq ans notre marc d\u2019humagne rouge\u00bb, confesse St\u00e9phane Desfayes.<br \/><span style=\"font-style: italic;\">Chronique parue dans <\/span>Le Matin-Dimanche<span style=\"font-style: italic;\"> du 25 mars 2007.<\/span><\/p>\n<p><\/div>\n","protected":false},"excerpt":{"rendered":"<p>Les Etoiles \u00e0 SionLes pieds sur terreJeune chef bourguignon, form\u00e9 \u00e0 l\u2019\u00e9cole de la R\u00f4tisserie de Chambertin et au Rosalp de Verbier, que quittera Roland Pierroz \u00e0 fin avril, Claude Passot a, peut-\u00eatre, la t\u00eate dans \u00abLes Etoiles\u00bb, nom de sa nouvelle brasserie s\u00e9dunoise. Mais ce cuisinier a les pieds sur terre, \u00e0 36 ans [&hellip;]<\/p>\n","protected":false},"author":3,"featured_media":0,"comment_status":"closed","ping_status":"open","sticky":false,"template":"","format":"standard","meta":{"_monsterinsights_skip_tracking":false,"_monsterinsights_sitenote_active":false,"_monsterinsights_sitenote_note":"","_monsterinsights_sitenote_category":0,"jetpack_post_was_ever_published":false,"jetpack_publicize_message":"","jetpack_is_tweetstorm":false,"jetpack_publicize_feature_enabled":true,"jetpack_social_post_already_shared":false,"jetpack_social_options":{"image_generator_settings":{"template":"highway","enabled":false}}},"categories":[19,20],"tags":[],"jetpack_publicize_connections":[],"yoast_head":"<!-- This site is optimized with the Yoast SEO plugin v20.6 - https:\/\/yoast.com\/wordpress\/plugins\/seo\/ -->\n<title>Sion (VS) \u2014 Brasserie Les Etoiles - thomasvino<\/title>\n<meta name=\"robots\" content=\"index, follow, max-snippet:-1, max-image-preview:large, max-video-preview:-1\" \/>\n<link rel=\"canonical\" href=\"https:\/\/thomasvino.ch\/?p=9945\" \/>\n<meta property=\"og:locale\" content=\"fr_FR\" \/>\n<meta property=\"og:type\" content=\"article\" \/>\n<meta property=\"og:title\" content=\"Sion (VS) \u2014 Brasserie Les Etoiles - thomasvino\" \/>\n<meta property=\"og:description\" content=\"Les Etoiles \u00e0 SionLes pieds sur terreJeune chef bourguignon, form\u00e9 \u00e0 l\u2019\u00e9cole de la R\u00f4tisserie de Chambertin et au Rosalp de Verbier, que quittera Roland Pierroz \u00e0 fin avril, Claude Passot a, peut-\u00eatre, la t\u00eate dans \u00abLes Etoiles\u00bb, nom de sa nouvelle brasserie s\u00e9dunoise. Mais ce cuisinier a les pieds sur terre, \u00e0 36 ans [&hellip;]\" \/>\n<meta property=\"og:url\" content=\"https:\/\/thomasvino.ch\/?p=9945\" \/>\n<meta property=\"og:site_name\" content=\"thomasvino\" \/>\n<meta property=\"article:published_time\" content=\"2007-03-24T17:52:00+00:00\" \/>\n<meta property=\"article:modified_time\" content=\"2013-04-02T12:34:02+00:00\" \/>\n<meta name=\"author\" content=\"Pierre Thomas\" \/>\n<meta name=\"twitter:label1\" content=\"\u00c9crit par\" \/>\n\t<meta name=\"twitter:data1\" content=\"Pierre Thomas\" \/>\n\t<meta name=\"twitter:label2\" content=\"Dur\u00e9e de lecture estim\u00e9e\" \/>\n\t<meta name=\"twitter:data2\" content=\"5 minutes\" \/>\n<script type=\"application\/ld+json\" class=\"yoast-schema-graph\">{\"@context\":\"https:\/\/schema.org\",\"@graph\":[{\"@type\":\"WebPage\",\"@id\":\"https:\/\/thomasvino.ch\/?p=9945\",\"url\":\"https:\/\/thomasvino.ch\/?p=9945\",\"name\":\"Sion (VS) \u2014 Brasserie Les Etoiles - thomasvino\",\"isPartOf\":{\"@id\":\"https:\/\/thomasvino.ch\/#website\"},\"datePublished\":\"2007-03-24T17:52:00+00:00\",\"dateModified\":\"2013-04-02T12:34:02+00:00\",\"author\":{\"@id\":\"https:\/\/thomasvino.ch\/#\/schema\/person\/670bf4486fe81152cf1d68bd585e062e\"},\"breadcrumb\":{\"@id\":\"https:\/\/thomasvino.ch\/?p=9945#breadcrumb\"},\"inLanguage\":\"fr-FR\",\"potentialAction\":[{\"@type\":\"ReadAction\",\"target\":[\"https:\/\/thomasvino.ch\/?p=9945\"]}]},{\"@type\":\"BreadcrumbList\",\"@id\":\"https:\/\/thomasvino.ch\/?p=9945#breadcrumb\",\"itemListElement\":[{\"@type\":\"ListItem\",\"position\":1,\"name\":\"Accueil\",\"item\":\"https:\/\/thomasvino.ch\/\"},{\"@type\":\"ListItem\",\"position\":2,\"name\":\"Sion (VS) \u2014 Brasserie Les Etoiles\"}]},{\"@type\":\"WebSite\",\"@id\":\"https:\/\/thomasvino.ch\/#website\",\"url\":\"https:\/\/thomasvino.ch\/\",\"name\":\"thomasvino\",\"description\":\"Vins &amp; Gastronomie\",\"potentialAction\":[{\"@type\":\"SearchAction\",\"target\":{\"@type\":\"EntryPoint\",\"urlTemplate\":\"https:\/\/thomasvino.ch\/?s={search_term_string}\"},\"query-input\":\"required name=search_term_string\"}],\"inLanguage\":\"fr-FR\"},{\"@type\":\"Person\",\"@id\":\"https:\/\/thomasvino.ch\/#\/schema\/person\/670bf4486fe81152cf1d68bd585e062e\",\"name\":\"Pierre Thomas\",\"image\":{\"@type\":\"ImageObject\",\"inLanguage\":\"fr-FR\",\"@id\":\"https:\/\/thomasvino.ch\/#\/schema\/person\/image\/\",\"url\":\"https:\/\/secure.gravatar.com\/avatar\/91fd5a76647f140e53db987a0dead4d7?s=96&d=mm&r=g\",\"contentUrl\":\"https:\/\/secure.gravatar.com\/avatar\/91fd5a76647f140e53db987a0dead4d7?s=96&d=mm&r=g\",\"caption\":\"Pierre Thomas\"},\"url\":\"https:\/\/thomasvino.ch\/?author=3\"}]}<\/script>\n<!-- \/ Yoast SEO plugin. -->","yoast_head_json":{"title":"Sion (VS) \u2014 Brasserie Les Etoiles - thomasvino","robots":{"index":"index","follow":"follow","max-snippet":"max-snippet:-1","max-image-preview":"max-image-preview:large","max-video-preview":"max-video-preview:-1"},"canonical":"https:\/\/thomasvino.ch\/?p=9945","og_locale":"fr_FR","og_type":"article","og_title":"Sion (VS) \u2014 Brasserie Les Etoiles - thomasvino","og_description":"Les Etoiles \u00e0 SionLes pieds sur terreJeune chef bourguignon, form\u00e9 \u00e0 l\u2019\u00e9cole de la R\u00f4tisserie de Chambertin et au Rosalp de Verbier, que quittera Roland Pierroz \u00e0 fin avril, Claude Passot a, peut-\u00eatre, la t\u00eate dans \u00abLes Etoiles\u00bb, nom de sa nouvelle brasserie s\u00e9dunoise. Mais ce cuisinier a les pieds sur terre, \u00e0 36 ans [&hellip;]","og_url":"https:\/\/thomasvino.ch\/?p=9945","og_site_name":"thomasvino","article_published_time":"2007-03-24T17:52:00+00:00","article_modified_time":"2013-04-02T12:34:02+00:00","author":"Pierre Thomas","twitter_misc":{"\u00c9crit par":"Pierre Thomas","Dur\u00e9e de lecture estim\u00e9e":"5 minutes"},"schema":{"@context":"https:\/\/schema.org","@graph":[{"@type":"WebPage","@id":"https:\/\/thomasvino.ch\/?p=9945","url":"https:\/\/thomasvino.ch\/?p=9945","name":"Sion (VS) \u2014 Brasserie Les Etoiles - thomasvino","isPartOf":{"@id":"https:\/\/thomasvino.ch\/#website"},"datePublished":"2007-03-24T17:52:00+00:00","dateModified":"2013-04-02T12:34:02+00:00","author":{"@id":"https:\/\/thomasvino.ch\/#\/schema\/person\/670bf4486fe81152cf1d68bd585e062e"},"breadcrumb":{"@id":"https:\/\/thomasvino.ch\/?p=9945#breadcrumb"},"inLanguage":"fr-FR","potentialAction":[{"@type":"ReadAction","target":["https:\/\/thomasvino.ch\/?p=9945"]}]},{"@type":"BreadcrumbList","@id":"https:\/\/thomasvino.ch\/?p=9945#breadcrumb","itemListElement":[{"@type":"ListItem","position":1,"name":"Accueil","item":"https:\/\/thomasvino.ch\/"},{"@type":"ListItem","position":2,"name":"Sion (VS) \u2014 Brasserie Les Etoiles"}]},{"@type":"WebSite","@id":"https:\/\/thomasvino.ch\/#website","url":"https:\/\/thomasvino.ch\/","name":"thomasvino","description":"Vins &amp; Gastronomie","potentialAction":[{"@type":"SearchAction","target":{"@type":"EntryPoint","urlTemplate":"https:\/\/thomasvino.ch\/?s={search_term_string}"},"query-input":"required name=search_term_string"}],"inLanguage":"fr-FR"},{"@type":"Person","@id":"https:\/\/thomasvino.ch\/#\/schema\/person\/670bf4486fe81152cf1d68bd585e062e","name":"Pierre Thomas","image":{"@type":"ImageObject","inLanguage":"fr-FR","@id":"https:\/\/thomasvino.ch\/#\/schema\/person\/image\/","url":"https:\/\/secure.gravatar.com\/avatar\/91fd5a76647f140e53db987a0dead4d7?s=96&d=mm&r=g","contentUrl":"https:\/\/secure.gravatar.com\/avatar\/91fd5a76647f140e53db987a0dead4d7?s=96&d=mm&r=g","caption":"Pierre Thomas"},"url":"https:\/\/thomasvino.ch\/?author=3"}]}},"jetpack_featured_media_url":"","jetpack_sharing_enabled":true,"jetpack_shortlink":"https:\/\/wp.me\/p3m4tZ-2Ap","jetpack_likes_enabled":false,"jetpack-related-posts":[{"id":12382,"url":"https:\/\/thomasvino.ch\/?p=12382","url_meta":{"origin":9945,"position":0},"title":"Guide Michelin Suisse 2015  Poussi\u00e8re d\u2019\u00e9toiles romandes","date":"25 novembre 2014","format":false,"excerpt":"Poussi\u00e8re d\u2019\u00e9toiles ou miettes de macarons\u00a0? Comme a son habitude en novembre, le Guide Michelin jette un coup de projecteur sur une ou deux r\u00e9gions du pays et laisse les autres dans l'ombre. Pour l'\u00e9dition 2015, la Suisse romande, avec trois nouveaux \u00e9toil\u00e9s, et le Tessin, avec un seul, en\u2026","rel":"","context":"Dans &quot;Gastro&quot;","img":{"alt_text":"","src":"","width":0,"height":0},"classes":[]},{"id":9618,"url":"https:\/\/thomasvino.ch\/?p=9618","url_meta":{"origin":9945,"position":1},"title":"L&rsquo;H\u00f4tel des Horlogers au Brassus (VD)","date":"10 avril 2005","format":false,"excerpt":"Ph. Guignard ouvre l\u2019H\u00f4tel des Horlogers, au Brassus (VD) Un h\u00f4tel comme cerise sur le g\u00e2teau D\u00e9but avril s\u2019est ouvert l\u2019H\u00f4tel des Horlogers, au Brassus. L\u2019ex-H\u00f4tel de France a \u00e9t\u00e9 compl\u00e8tement r\u00e9nov\u00e9 pour 4 millions de francs. Le propri\u00e9taire du b\u00e2timent, la manufacture horlog\u00e8re voisine Audemars-Piguet et son administrateur-d\u00e9l\u00e9gu\u00e9 Georges-Henri\u2026","rel":"","context":"Dans &quot;Adresses&quot;","img":{"alt_text":"","src":"","width":0,"height":0},"classes":[]},{"id":9277,"url":"https:\/\/thomasvino.ch\/?p=9277","url_meta":{"origin":9945,"position":2},"title":"Michelin 2012: une 2\u00e8me \u00e9toile pour Claude Legras","date":"15 novembre 2011","format":false,"excerpt":"Chez Michelin, tout va par deux Le Guide Michelin Suisse 2012 vient de sortir\u2026 Tout y va par 2 : 2 nouveaux 2 \u00e9toiles, un Genevois, l'exp\u00e9riment\u00e9 MOF Claude Legras, au Floris, \u00e0 Ani\u00e8res, rive gauche du lac de... Gen\u00e8ve (17\/20 au GaultMillau), et Marcus G. Lindner, au Mesa, \u00e0\u2026","rel":"","context":"Dans &quot;Actus - News&quot;","img":{"alt_text":"","src":"","width":0,"height":0},"classes":[]},{"id":9496,"url":"https:\/\/thomasvino.ch\/?p=9496","url_meta":{"origin":9945,"position":3},"title":"Cent restos \u00e9toil\u00e9s dans le Michelin Suisse 2013","date":"20 novembre 2012","format":false,"excerpt":"Guide Michelin Suisse 2013 La course aux \u00e9toiles Pour la premi\u00e8re fois, les restaurants \u00e9toil\u00e9s du Guide Michelin sur l\u2019ensemble de la Suisse sont au nombre de 100, exactement, avec l\u2019\u00e9dition 2013. Au sommet, Beno\u00eet Violier, \u00e0 Crissier, conserve les trois \u00e9toiles de son pr\u00e9d\u00e9cesseur jusqu'en avril, Philippe Rochat, tandis\u2026","rel":"","context":"Dans &quot;Actus - News&quot;","img":{"alt_text":"","src":"","width":0,"height":0},"classes":[]},{"id":17122,"url":"https:\/\/thomasvino.ch\/?p=17122","url_meta":{"origin":9945,"position":4},"title":"Michelin 2021 : peu d\u2019incidence en Suisse romande","date":"2 f\u00e9vrier 2021","format":false,"excerpt":"On le sait, les \u00abinspecteurs\u00bb Bibendum ne peuvent pas \u00eatre partout. Apparemment, dans leur tourn\u00e9e suisse, il sont all\u00e9s \u00e0 Zurich, en Suisse centrale et au Tessin, \u00e9pargnant la Suisse romande. Les trois triple \u00e9toil\u00e9s (Andreas Caminada \u00e0 F\u00fcrstenau pr\u00e8s de Coire, Franck Giovannini, \u00e0 Crissier, et Peter Knogl, \u00e0\u2026","rel":"","context":"Dans &quot;Actus - News&quot;","img":{"alt_text":"","src":"","width":0,"height":0},"classes":[]},{"id":18339,"url":"https:\/\/thomasvino.ch\/?p=18339","url_meta":{"origin":9945,"position":5},"title":"Etoiles du Valais 2023\u00a0: un liquoreux, enfin\u00a0!","date":"21 novembre 2023","format":false,"excerpt":"Une neuvi\u00e8me \u00e9toile a \u00e9t\u00e9 attribu\u00e9e aux meilleurs vins de la S\u00e9lection du Valais 2023 : elle est attribu\u00e9e au mieux not\u00e9 des liquoreux. En plus des huit champions cantonaux, qui l\u2019ont emport\u00e9 parmi les 900 crus \u00e9valu\u00e9s en septembre. Jusqu\u2019ici, les \u00e9toiles du Valais r\u00e9compensaient depuis 18 ans quatre\u2026","rel":"","context":"Dans &quot;Actus - News&quot;","img":{"alt_text":"","src":"","width":0,"height":0},"classes":[]}],"_links":{"self":[{"href":"https:\/\/thomasvino.ch\/index.php?rest_route=\/wp\/v2\/posts\/9945"}],"collection":[{"href":"https:\/\/thomasvino.ch\/index.php?rest_route=\/wp\/v2\/posts"}],"about":[{"href":"https:\/\/thomasvino.ch\/index.php?rest_route=\/wp\/v2\/types\/post"}],"author":[{"embeddable":true,"href":"https:\/\/thomasvino.ch\/index.php?rest_route=\/wp\/v2\/users\/3"}],"replies":[{"embeddable":true,"href":"https:\/\/thomasvino.ch\/index.php?rest_route=%2Fwp%2Fv2%2Fcomments&post=9945"}],"version-history":[{"count":0,"href":"https:\/\/thomasvino.ch\/index.php?rest_route=\/wp\/v2\/posts\/9945\/revisions"}],"wp:attachment":[{"href":"https:\/\/thomasvino.ch\/index.php?rest_route=%2Fwp%2Fv2%2Fmedia&parent=9945"}],"wp:term":[{"taxonomy":"category","embeddable":true,"href":"https:\/\/thomasvino.ch\/index.php?rest_route=%2Fwp%2Fv2%2Fcategories&post=9945"},{"taxonomy":"post_tag","embeddable":true,"href":"https:\/\/thomasvino.ch\/index.php?rest_route=%2Fwp%2Fv2%2Ftags&post=9945"}],"curies":[{"name":"wp","href":"https:\/\/api.w.org\/{rel}","templated":true}]}}