{"id":9953,"date":"2007-04-13T09:06:00","date_gmt":"2007-04-13T09:06:00","guid":{"rendered":"http:\/\/localhost\/thomasvino\/?p=9953"},"modified":"2007-04-13T09:06:00","modified_gmt":"2007-04-13T09:06:00","slug":"les-etoiles-du-valais-succede-aux-labels-nobilis","status":"publish","type":"post","link":"https:\/\/thomasvino.ch\/?p=9953","title":{"rendered":"Les Etoiles du Valais succ\u00e8de aux Labels Nobilis"},"content":{"rendered":"<p><font style=\"font-weight: bold;\" size=\"4\">Les Etoiles du Valais succ\u00e8dent aux Labels Nobilis<\/font><\/p>\n<div style=\"text-align: justify;\">VINEA ayant renonc\u00e9 au \u00abLabel Nobilis\u00bb, r\u00e9compensant les meilleurs vins valaisans, l\u2019Interprofession de la vigne et du vin du Valais (IVV) met sur pied une <span style=\"font-weight: bold;\">\u00abs\u00e9lection des vins du Valais\u00bb<\/span>, couronn\u00e9e par une finale. Premi\u00e8re \u00e9dition cette ann\u00e9e (2007).<br \/>L\u2019IVV a mis de l\u2019ordre dans le dossier et r\u00e9duit les c\u00e9pages aux vari\u00e9t\u00e9s consid\u00e9r\u00e9es comme valaisannes. Il y aura toujours deux d\u00e9gustations annuelles, l\u2019une au printemps (fin mai), l\u2019autre en automne (mi-septembre). La premi\u00e8re servira aussi de s\u00e9lection des vins pour le \u00abGuide Hachette\u00bb. Les deux d\u00e9gustations permettront aux <span style=\"font-weight: bold;\">meilleurs vins d\u2019\u00eatre qualifi\u00e9s pour les \u00abEtoiles du mill\u00e9sime\u00bb<\/span>, o\u00f9 un jury d\u00e9signera les \u00abcoqs\u00bb de six cat\u00e9gories, \u00e0 l\u2019automne 2007&nbsp;: fendant, petite arvine et les autres c\u00e9pages blancs, d\u2019une part, d\u00f4le, cornalin et les autres c\u00e9pages rouges, d\u2019autre part. <br \/>Cette d\u00e9marche r\u00e9gionale restructur\u00e9e, plac\u00e9e sous le patronage de Dominique Fornage, fondateur du Label Nobilis, est <span style=\"font-weight: bold;\">distincte du Grand Prix du Vin Suisse<\/span>, organis\u00e9 par VINEA et la revue \u00abVinum\u00bb. Pour cette comp\u00e9tition, aucune pr\u00e9s\u00e9lection r\u00e9gionale ou cantonale n\u2019est pr\u00e9vue. Les vins provenant de toute la Suisse seront d\u00e9gust\u00e9s la derni\u00e8re semaine de juin, \u00e0 Sierre, et les r\u00e9sultats seront tenus secrets jusqu\u2019au Gala des vins suisses, agend\u00e9 au 17 octobre \u00e0 Berne. (<span style=\"font-style: italic;\">PTs<\/span>)<\/div>\n","protected":false},"excerpt":{"rendered":"<p>Les Etoiles du Valais succ\u00e8dent aux Labels Nobilis VINEA ayant renonc\u00e9 au \u00abLabel Nobilis\u00bb, r\u00e9compensant les meilleurs vins valaisans, l\u2019Interprofession de la vigne et du vin du Valais (IVV) met sur pied une \u00abs\u00e9lection des vins du Valais\u00bb, couronn\u00e9e par une finale. Premi\u00e8re \u00e9dition cette ann\u00e9e (2007).L\u2019IVV a mis de l\u2019ordre dans le dossier et [&hellip;]<\/p>\n","protected":false},"author":3,"featured_media":0,"comment_status":"closed","ping_status":"open","sticky":false,"template":"","format":"standard","meta":{"_monsterinsights_skip_tracking":false,"_monsterinsights_sitenote_active":false,"_monsterinsights_sitenote_note":"","_monsterinsights_sitenote_category":0,"jetpack_post_was_ever_published":false,"jetpack_publicize_message":"","jetpack_is_tweetstorm":false,"jetpack_publicize_feature_enabled":true,"jetpack_social_post_already_shared":false,"jetpack_social_options":{"image_generator_settings":{"template":"highway","enabled":false}}},"categories":[15],"tags":[],"jetpack_publicize_connections":[],"yoast_head":"<!-- This site is optimized with the Yoast SEO plugin v20.6 - https:\/\/yoast.com\/wordpress\/plugins\/seo\/ -->\n<title>Les Etoiles du Valais succ\u00e8de aux Labels Nobilis - thomasvino<\/title>\n<meta name=\"robots\" content=\"index, follow, max-snippet:-1, max-image-preview:large, max-video-preview:-1\" \/>\n<link rel=\"canonical\" href=\"https:\/\/thomasvino.ch\/?p=9953\" \/>\n<meta property=\"og:locale\" content=\"fr_FR\" \/>\n<meta property=\"og:type\" content=\"article\" \/>\n<meta property=\"og:title\" content=\"Les Etoiles du Valais succ\u00e8de aux Labels Nobilis - thomasvino\" \/>\n<meta property=\"og:description\" content=\"Les Etoiles du Valais succ\u00e8dent aux Labels Nobilis VINEA ayant renonc\u00e9 au \u00abLabel Nobilis\u00bb, r\u00e9compensant les meilleurs vins valaisans, l\u2019Interprofession de la vigne et du vin du Valais (IVV) met sur pied une \u00abs\u00e9lection des vins du Valais\u00bb, couronn\u00e9e par une finale. Premi\u00e8re \u00e9dition cette ann\u00e9e (2007).L\u2019IVV a mis de l\u2019ordre dans le dossier et [&hellip;]\" \/>\n<meta property=\"og:url\" content=\"https:\/\/thomasvino.ch\/?p=9953\" \/>\n<meta property=\"og:site_name\" content=\"thomasvino\" \/>\n<meta property=\"article:published_time\" content=\"2007-04-13T09:06:00+00:00\" \/>\n<meta name=\"author\" content=\"Pierre Thomas\" \/>\n<meta name=\"twitter:label1\" content=\"\u00c9crit par\" \/>\n\t<meta name=\"twitter:data1\" content=\"Pierre Thomas\" \/>\n\t<meta name=\"twitter:label2\" content=\"Dur\u00e9e de lecture estim\u00e9e\" \/>\n\t<meta name=\"twitter:data2\" content=\"1 minute\" \/>\n<script type=\"application\/ld+json\" class=\"yoast-schema-graph\">{\"@context\":\"https:\/\/schema.org\",\"@graph\":[{\"@type\":\"WebPage\",\"@id\":\"https:\/\/thomasvino.ch\/?p=9953\",\"url\":\"https:\/\/thomasvino.ch\/?p=9953\",\"name\":\"Les Etoiles du Valais succ\u00e8de aux Labels Nobilis - thomasvino\",\"isPartOf\":{\"@id\":\"https:\/\/thomasvino.ch\/#website\"},\"datePublished\":\"2007-04-13T09:06:00+00:00\",\"dateModified\":\"2007-04-13T09:06:00+00:00\",\"author\":{\"@id\":\"https:\/\/thomasvino.ch\/#\/schema\/person\/670bf4486fe81152cf1d68bd585e062e\"},\"breadcrumb\":{\"@id\":\"https:\/\/thomasvino.ch\/?p=9953#breadcrumb\"},\"inLanguage\":\"fr-FR\",\"potentialAction\":[{\"@type\":\"ReadAction\",\"target\":[\"https:\/\/thomasvino.ch\/?p=9953\"]}]},{\"@type\":\"BreadcrumbList\",\"@id\":\"https:\/\/thomasvino.ch\/?p=9953#breadcrumb\",\"itemListElement\":[{\"@type\":\"ListItem\",\"position\":1,\"name\":\"Accueil\",\"item\":\"https:\/\/thomasvino.ch\/\"},{\"@type\":\"ListItem\",\"position\":2,\"name\":\"Les Etoiles du Valais succ\u00e8de aux Labels Nobilis\"}]},{\"@type\":\"WebSite\",\"@id\":\"https:\/\/thomasvino.ch\/#website\",\"url\":\"https:\/\/thomasvino.ch\/\",\"name\":\"thomasvino\",\"description\":\"Vins &amp; Gastronomie\",\"potentialAction\":[{\"@type\":\"SearchAction\",\"target\":{\"@type\":\"EntryPoint\",\"urlTemplate\":\"https:\/\/thomasvino.ch\/?s={search_term_string}\"},\"query-input\":\"required name=search_term_string\"}],\"inLanguage\":\"fr-FR\"},{\"@type\":\"Person\",\"@id\":\"https:\/\/thomasvino.ch\/#\/schema\/person\/670bf4486fe81152cf1d68bd585e062e\",\"name\":\"Pierre Thomas\",\"image\":{\"@type\":\"ImageObject\",\"inLanguage\":\"fr-FR\",\"@id\":\"https:\/\/thomasvino.ch\/#\/schema\/person\/image\/\",\"url\":\"https:\/\/secure.gravatar.com\/avatar\/91fd5a76647f140e53db987a0dead4d7?s=96&d=mm&r=g\",\"contentUrl\":\"https:\/\/secure.gravatar.com\/avatar\/91fd5a76647f140e53db987a0dead4d7?s=96&d=mm&r=g\",\"caption\":\"Pierre Thomas\"},\"url\":\"https:\/\/thomasvino.ch\/?author=3\"}]}<\/script>\n<!-- \/ Yoast SEO plugin. -->","yoast_head_json":{"title":"Les Etoiles du Valais succ\u00e8de aux Labels Nobilis - thomasvino","robots":{"index":"index","follow":"follow","max-snippet":"max-snippet:-1","max-image-preview":"max-image-preview:large","max-video-preview":"max-video-preview:-1"},"canonical":"https:\/\/thomasvino.ch\/?p=9953","og_locale":"fr_FR","og_type":"article","og_title":"Les Etoiles du Valais succ\u00e8de aux Labels Nobilis - thomasvino","og_description":"Les Etoiles du Valais succ\u00e8dent aux Labels Nobilis VINEA ayant renonc\u00e9 au \u00abLabel Nobilis\u00bb, r\u00e9compensant les meilleurs vins valaisans, l\u2019Interprofession de la vigne et du vin du Valais (IVV) met sur pied une \u00abs\u00e9lection des vins du Valais\u00bb, couronn\u00e9e par une finale. Premi\u00e8re \u00e9dition cette ann\u00e9e (2007).L\u2019IVV a mis de l\u2019ordre dans le dossier et [&hellip;]","og_url":"https:\/\/thomasvino.ch\/?p=9953","og_site_name":"thomasvino","article_published_time":"2007-04-13T09:06:00+00:00","author":"Pierre Thomas","twitter_misc":{"\u00c9crit par":"Pierre Thomas","Dur\u00e9e de lecture estim\u00e9e":"1 minute"},"schema":{"@context":"https:\/\/schema.org","@graph":[{"@type":"WebPage","@id":"https:\/\/thomasvino.ch\/?p=9953","url":"https:\/\/thomasvino.ch\/?p=9953","name":"Les Etoiles du Valais succ\u00e8de aux Labels Nobilis - thomasvino","isPartOf":{"@id":"https:\/\/thomasvino.ch\/#website"},"datePublished":"2007-04-13T09:06:00+00:00","dateModified":"2007-04-13T09:06:00+00:00","author":{"@id":"https:\/\/thomasvino.ch\/#\/schema\/person\/670bf4486fe81152cf1d68bd585e062e"},"breadcrumb":{"@id":"https:\/\/thomasvino.ch\/?p=9953#breadcrumb"},"inLanguage":"fr-FR","potentialAction":[{"@type":"ReadAction","target":["https:\/\/thomasvino.ch\/?p=9953"]}]},{"@type":"BreadcrumbList","@id":"https:\/\/thomasvino.ch\/?p=9953#breadcrumb","itemListElement":[{"@type":"ListItem","position":1,"name":"Accueil","item":"https:\/\/thomasvino.ch\/"},{"@type":"ListItem","position":2,"name":"Les Etoiles du Valais succ\u00e8de aux Labels Nobilis"}]},{"@type":"WebSite","@id":"https:\/\/thomasvino.ch\/#website","url":"https:\/\/thomasvino.ch\/","name":"thomasvino","description":"Vins &amp; Gastronomie","potentialAction":[{"@type":"SearchAction","target":{"@type":"EntryPoint","urlTemplate":"https:\/\/thomasvino.ch\/?s={search_term_string}"},"query-input":"required name=search_term_string"}],"inLanguage":"fr-FR"},{"@type":"Person","@id":"https:\/\/thomasvino.ch\/#\/schema\/person\/670bf4486fe81152cf1d68bd585e062e","name":"Pierre Thomas","image":{"@type":"ImageObject","inLanguage":"fr-FR","@id":"https:\/\/thomasvino.ch\/#\/schema\/person\/image\/","url":"https:\/\/secure.gravatar.com\/avatar\/91fd5a76647f140e53db987a0dead4d7?s=96&d=mm&r=g","contentUrl":"https:\/\/secure.gravatar.com\/avatar\/91fd5a76647f140e53db987a0dead4d7?s=96&d=mm&r=g","caption":"Pierre Thomas"},"url":"https:\/\/thomasvino.ch\/?author=3"}]}},"jetpack_featured_media_url":"","jetpack_sharing_enabled":true,"jetpack_shortlink":"https:\/\/wp.me\/p3m4tZ-2Ax","jetpack_likes_enabled":false,"jetpack-related-posts":[{"id":18339,"url":"https:\/\/thomasvino.ch\/?p=18339","url_meta":{"origin":9953,"position":0},"title":"Etoiles du Valais 2023\u00a0: un liquoreux, enfin\u00a0!","date":"21 novembre 2023","format":false,"excerpt":"Une neuvi\u00e8me \u00e9toile a \u00e9t\u00e9 attribu\u00e9e aux meilleurs vins de la S\u00e9lection du Valais 2023 : elle est attribu\u00e9e au mieux not\u00e9 des liquoreux. En plus des huit champions cantonaux, qui l\u2019ont emport\u00e9 parmi les 900 crus \u00e9valu\u00e9s en septembre. Jusqu\u2019ici, les \u00e9toiles du Valais r\u00e9compensaient depuis 18 ans quatre\u2026","rel":"","context":"Dans &quot;Actus - News&quot;","img":{"alt_text":"","src":"","width":0,"height":0},"classes":[]},{"id":16088,"url":"https:\/\/thomasvino.ch\/?p=16088","url_meta":{"origin":9953,"position":1},"title":"Des vins valaisans bient\u00f4t labellis\u00e9s \u00ab13 \u00e9toiles\u00bb","date":"30 septembre 2019","format":false,"excerpt":"Treize \u00e9toiles\u00a0? Ce sont celles du drapeau valaisan\u00a0! Mais c\u2019est aussi la d\u00e9marche initi\u00e9e cet automne pour \u00abtirer vers le haut\u00bb les vins valaisans. Une d\u00e9marche volontaire, selon une marche \u00e0 suivre bien pr\u00e9cise, \u00e9tape par \u00e9tape, sur 13 ans. Pierre Thomas Tout le \u00abgratin\u00bb du vignoble valaisan \u00e9tait convoqu\u00e9,\u2026","rel":"","context":"Dans &quot;Tendance&quot;","img":{"alt_text":"","src":"https:\/\/i0.wp.com\/thomasvino.ch\/wp-content\/uploads\/2019\/09\/Valais13-300x225.jpg?resize=350%2C200&ssl=1","width":350,"height":200},"classes":[]},{"id":8981,"url":"https:\/\/thomasvino.ch\/?p=8981","url_meta":{"origin":9953,"position":2},"title":"Vins de tous les cantons: retour sur le palmar\u00e8s 2009","date":"14 d\u00e9cembre 2009","format":false,"excerpt":"Vins r\u00e9compens\u00e9s en 2009 Coup de chapeau aux champions Les excellentes vendanges 2009 risquent de faire oublier les vins de 2008. Dernier regard dans le r\u00e9troviseur aux vignerons les plus m\u00e9ritants de l\u2019ann\u00e9e 2009, canton par canton. Par Pierre Thomas Si les vignerons peuvent concourir librement au Grand Prix du\u2026","rel":"","context":"Dans &quot;Vins suisses&quot;","img":{"alt_text":"","src":"","width":0,"height":0},"classes":[]},{"id":12491,"url":"https:\/\/thomasvino.ch\/?p=12491","url_meta":{"origin":9953,"position":3},"title":"Etoiles du Valais 2014  Une hi\u00e9rarchie largement confirm\u00e9e","date":"8 janvier 2015","format":false,"excerpt":"Pour la neuvi\u00e8me fois, un jury \u00abad hoc\u00bb a d\u00e9sign\u00e9 les meilleurs vins valaisans. La remise de ces \u00ab\u00e9toiles du Valais\u00bb a eu lieu \u00e0 Zurich, d\u00e9but d\u00e9cembre. Hormis l\u2019op\u00e9ration de relations publiques en Suisse al\u00e9manique, les \u00ab\u00e9toiles\u00bb tracent la \u00abvoie lact\u00e9e\u00bb des producteurs les plus en vue de l\u2019ann\u00e9e\u2026\u2026","rel":"","context":"Dans &quot;Vins suisses&quot;","img":{"alt_text":"","src":"","width":0,"height":0},"classes":[]},{"id":10017,"url":"https:\/\/thomasvino.ch\/?p=10017","url_meta":{"origin":9953,"position":4},"title":"Vins du Valais: raid sur Ouchy","date":"29 septembre 2007","format":false,"excerpt":"Remise des \u00ab\u00e9toiles du mill\u00e9sime\u00bbRaid valaisan sur OuchyMercredi 26 septembre 2007, sous les lustres du Beau-Rivage Palace \u00e0 Lausanne-Ouchy, l\u2019Interprofession de la vigne et du vin du Valais (IVV), a proclam\u00e9 le palmar\u00e8s des \u00ab\u00e9toiles du mill\u00e9sime\u00bb. Dix huit vins ont \u00e9t\u00e9 d\u00e9sign\u00e9s \u00abcoups de c\u0153ur\u00bb, dans six cat\u00e9gories.Volontiers provocateur,\u2026","rel":"","context":"Dans &quot;Actus - News&quot;","img":{"alt_text":"","src":"","width":0,"height":0},"classes":[]},{"id":9928,"url":"https:\/\/thomasvino.ch\/?p=9928","url_meta":{"origin":9953,"position":5},"title":"Vins suisses \u2014 Concours de vins 2007 revus et corrig\u00e9s","date":"7 f\u00e9vrier 2007","format":false,"excerpt":"Vins suisses: Concours de vins r\u00e9gionaux et nationalR\u00e9organisation en point de mireLes concours primant les meilleurs vins du Valais ont \u00e9t\u00e9 r\u00e9organis\u00e9s. D\u00e9sormais, VINEA, \u00e0 Sierre, se concentrera sur les concours internationaux et nationaux, le Mondial du Pinot noir, \u00e0 mi-ao\u00fbt, et le Grand Prix du Vin Suisse, \u00e0 fin\u2026","rel":"","context":"Dans &quot;Actus - News&quot;","img":{"alt_text":"","src":"","width":0,"height":0},"classes":[]}],"_links":{"self":[{"href":"https:\/\/thomasvino.ch\/index.php?rest_route=\/wp\/v2\/posts\/9953"}],"collection":[{"href":"https:\/\/thomasvino.ch\/index.php?rest_route=\/wp\/v2\/posts"}],"about":[{"href":"https:\/\/thomasvino.ch\/index.php?rest_route=\/wp\/v2\/types\/post"}],"author":[{"embeddable":true,"href":"https:\/\/thomasvino.ch\/index.php?rest_route=\/wp\/v2\/users\/3"}],"replies":[{"embeddable":true,"href":"https:\/\/thomasvino.ch\/index.php?rest_route=%2Fwp%2Fv2%2Fcomments&post=9953"}],"version-history":[{"count":0,"href":"https:\/\/thomasvino.ch\/index.php?rest_route=\/wp\/v2\/posts\/9953\/revisions"}],"wp:attachment":[{"href":"https:\/\/thomasvino.ch\/index.php?rest_route=%2Fwp%2Fv2%2Fmedia&parent=9953"}],"wp:term":[{"taxonomy":"category","embeddable":true,"href":"https:\/\/thomasvino.ch\/index.php?rest_route=%2Fwp%2Fv2%2Fcategories&post=9953"},{"taxonomy":"post_tag","embeddable":true,"href":"https:\/\/thomasvino.ch\/index.php?rest_route=%2Fwp%2Fv2%2Ftags&post=9953"}],"curies":[{"name":"wp","href":"https:\/\/api.w.org\/{rel}","templated":true}]}}