{"id":9968,"date":"2007-05-08T10:07:00","date_gmt":"2007-05-08T10:07:00","guid":{"rendered":"http:\/\/localhost\/thomasvino\/?p=9968"},"modified":"2007-05-08T10:07:00","modified_gmt":"2007-05-08T10:07:00","slug":"un-oenologue-bordelais-en-valais","status":"publish","type":"post","link":"https:\/\/thomasvino.ch\/?p=9968","title":{"rendered":"Un oenologue bordelais en Valais"},"content":{"rendered":"<p><font style=\"font-weight: bold;\" size=\"4\">Un Bordelais chez les Valaisans<\/font><\/p>\n<div style=\"text-align: justify;\">Il est arriv\u00e9 avant que Gilliard SA soit repris par le Schwytzois Schuler St-Jakob (pas encore majoritaire, mais avec une option sur l\u2019op\u00e9ration). L\u2019ex-directeur et \u0153nologue principal de Mouton-Rothschild (et donc d\u2019Opus One \u00e0 Napa Valley et d&#39;Almaviva \u00e0 Santiago du Chili), Patrick L\u00e9on, 64 ans, \u00e0 la retraite depuis deux ans, est consultant pour le n\u00e9goce s\u00e9dunois. Il fait le voyage quatre fois par an, laissant l\u2019op\u00e9rationnel aux jeunes Yves Roduit et Vincent Niklaus. \u00abIci, d\u00e8s le mill\u00e9sime 2005, on a red\u00e9fini les vinifications, c\u00e9page par c\u00e9page, par rapport \u00e0 la destination commerciale de chaque vins.\u00bb A peine mis en bouteilles, les 2006 des deux marques phares, tir\u00e9es \u00e0 pr\u00e8s de 250&#39;000 flacons, le Fendant Les Murettes et la D\u00f4le des Monts affichent des caract\u00e9ristiques gustatives contrast\u00e9es: le blanc, moderne, amylique (ar\u00f4mes de banane) et carbonique et le rouge, \u00e0 70% pinot noir, tr\u00e8s m\u00fbr au nez, avec une certaine souplesse. Des vins (trop) classiques&nbsp;? \u00abL\u2019erreur, pour un \u0153nologue, serait de faire le vin \u00e0 son go\u00fbt\u00bb, r\u00e9torque Patrick L\u00e9on, pragmatique. Deux cuv\u00e9es d&#39;assemblage \u00abhaut de gamme\u00bb sont plus proches de ses vues: le blanc Arietis 2005 (amigne, sylvaner, petite arvine), \u00e0 la fois bois\u00e9 vanill\u00e9 et fruit\u00e9 (p\u00eache, abricot), riche (14\u00b0 d\u2019alcool), et \u00abapte \u00e0 vieillir\u00bb, tandis que le Clos du Mont 2005 rouge (pinot noir, diolinoir, syrah) est d\u2019abord assez tendre, sur un nez d\u2019\u00e9pices douces, de cannelle, et chaud en finale. (<span style=\"font-style: italic;\">PTs, avril 2007<\/span>) <\/div>\n","protected":false},"excerpt":{"rendered":"<p>Un Bordelais chez les Valaisans Il est arriv\u00e9 avant que Gilliard SA soit repris par le Schwytzois Schuler St-Jakob (pas encore majoritaire, mais avec une option sur l\u2019op\u00e9ration). L\u2019ex-directeur et \u0153nologue principal de Mouton-Rothschild (et donc d\u2019Opus One \u00e0 Napa Valley et d&#39;Almaviva \u00e0 Santiago du Chili), Patrick L\u00e9on, 64 ans, \u00e0 la retraite depuis [&hellip;]<\/p>\n","protected":false},"author":3,"featured_media":0,"comment_status":"closed","ping_status":"open","sticky":false,"template":"","format":"standard","meta":{"_monsterinsights_skip_tracking":false,"_monsterinsights_sitenote_active":false,"_monsterinsights_sitenote_note":"","_monsterinsights_sitenote_category":0,"jetpack_post_was_ever_published":false,"jetpack_publicize_message":"","jetpack_is_tweetstorm":false,"jetpack_publicize_feature_enabled":true,"jetpack_social_post_already_shared":false,"jetpack_social_options":{"image_generator_settings":{"template":"highway","enabled":false}}},"categories":[15],"tags":[],"jetpack_publicize_connections":[],"yoast_head":"<!-- This site is optimized with the Yoast SEO plugin v20.6 - https:\/\/yoast.com\/wordpress\/plugins\/seo\/ -->\n<title>Un oenologue bordelais en Valais - thomasvino<\/title>\n<meta name=\"robots\" content=\"index, follow, max-snippet:-1, max-image-preview:large, max-video-preview:-1\" \/>\n<link rel=\"canonical\" href=\"https:\/\/thomasvino.ch\/?p=9968\" \/>\n<meta property=\"og:locale\" content=\"fr_FR\" \/>\n<meta property=\"og:type\" content=\"article\" \/>\n<meta property=\"og:title\" content=\"Un oenologue bordelais en Valais - thomasvino\" \/>\n<meta property=\"og:description\" content=\"Un Bordelais chez les Valaisans Il est arriv\u00e9 avant que Gilliard SA soit repris par le Schwytzois Schuler St-Jakob (pas encore majoritaire, mais avec une option sur l\u2019op\u00e9ration). L\u2019ex-directeur et \u0153nologue principal de Mouton-Rothschild (et donc d\u2019Opus One \u00e0 Napa Valley et d&#039;Almaviva \u00e0 Santiago du Chili), Patrick L\u00e9on, 64 ans, \u00e0 la retraite depuis [&hellip;]\" \/>\n<meta property=\"og:url\" content=\"https:\/\/thomasvino.ch\/?p=9968\" \/>\n<meta property=\"og:site_name\" content=\"thomasvino\" \/>\n<meta property=\"article:published_time\" content=\"2007-05-08T10:07:00+00:00\" \/>\n<meta name=\"author\" content=\"Pierre Thomas\" \/>\n<meta name=\"twitter:label1\" content=\"\u00c9crit par\" \/>\n\t<meta name=\"twitter:data1\" content=\"Pierre Thomas\" \/>\n\t<meta name=\"twitter:label2\" content=\"Dur\u00e9e de lecture estim\u00e9e\" \/>\n\t<meta name=\"twitter:data2\" content=\"1 minute\" \/>\n<script type=\"application\/ld+json\" class=\"yoast-schema-graph\">{\"@context\":\"https:\/\/schema.org\",\"@graph\":[{\"@type\":\"WebPage\",\"@id\":\"https:\/\/thomasvino.ch\/?p=9968\",\"url\":\"https:\/\/thomasvino.ch\/?p=9968\",\"name\":\"Un oenologue bordelais en Valais - thomasvino\",\"isPartOf\":{\"@id\":\"https:\/\/thomasvino.ch\/#website\"},\"datePublished\":\"2007-05-08T10:07:00+00:00\",\"dateModified\":\"2007-05-08T10:07:00+00:00\",\"author\":{\"@id\":\"https:\/\/thomasvino.ch\/#\/schema\/person\/670bf4486fe81152cf1d68bd585e062e\"},\"breadcrumb\":{\"@id\":\"https:\/\/thomasvino.ch\/?p=9968#breadcrumb\"},\"inLanguage\":\"fr-FR\",\"potentialAction\":[{\"@type\":\"ReadAction\",\"target\":[\"https:\/\/thomasvino.ch\/?p=9968\"]}]},{\"@type\":\"BreadcrumbList\",\"@id\":\"https:\/\/thomasvino.ch\/?p=9968#breadcrumb\",\"itemListElement\":[{\"@type\":\"ListItem\",\"position\":1,\"name\":\"Accueil\",\"item\":\"https:\/\/thomasvino.ch\/\"},{\"@type\":\"ListItem\",\"position\":2,\"name\":\"Un oenologue bordelais en Valais\"}]},{\"@type\":\"WebSite\",\"@id\":\"https:\/\/thomasvino.ch\/#website\",\"url\":\"https:\/\/thomasvino.ch\/\",\"name\":\"thomasvino\",\"description\":\"Vins &amp; Gastronomie\",\"potentialAction\":[{\"@type\":\"SearchAction\",\"target\":{\"@type\":\"EntryPoint\",\"urlTemplate\":\"https:\/\/thomasvino.ch\/?s={search_term_string}\"},\"query-input\":\"required name=search_term_string\"}],\"inLanguage\":\"fr-FR\"},{\"@type\":\"Person\",\"@id\":\"https:\/\/thomasvino.ch\/#\/schema\/person\/670bf4486fe81152cf1d68bd585e062e\",\"name\":\"Pierre Thomas\",\"image\":{\"@type\":\"ImageObject\",\"inLanguage\":\"fr-FR\",\"@id\":\"https:\/\/thomasvino.ch\/#\/schema\/person\/image\/\",\"url\":\"https:\/\/secure.gravatar.com\/avatar\/91fd5a76647f140e53db987a0dead4d7?s=96&d=mm&r=g\",\"contentUrl\":\"https:\/\/secure.gravatar.com\/avatar\/91fd5a76647f140e53db987a0dead4d7?s=96&d=mm&r=g\",\"caption\":\"Pierre Thomas\"},\"url\":\"https:\/\/thomasvino.ch\/?author=3\"}]}<\/script>\n<!-- \/ Yoast SEO plugin. -->","yoast_head_json":{"title":"Un oenologue bordelais en Valais - thomasvino","robots":{"index":"index","follow":"follow","max-snippet":"max-snippet:-1","max-image-preview":"max-image-preview:large","max-video-preview":"max-video-preview:-1"},"canonical":"https:\/\/thomasvino.ch\/?p=9968","og_locale":"fr_FR","og_type":"article","og_title":"Un oenologue bordelais en Valais - thomasvino","og_description":"Un Bordelais chez les Valaisans Il est arriv\u00e9 avant que Gilliard SA soit repris par le Schwytzois Schuler St-Jakob (pas encore majoritaire, mais avec une option sur l\u2019op\u00e9ration). L\u2019ex-directeur et \u0153nologue principal de Mouton-Rothschild (et donc d\u2019Opus One \u00e0 Napa Valley et d&#39;Almaviva \u00e0 Santiago du Chili), Patrick L\u00e9on, 64 ans, \u00e0 la retraite depuis [&hellip;]","og_url":"https:\/\/thomasvino.ch\/?p=9968","og_site_name":"thomasvino","article_published_time":"2007-05-08T10:07:00+00:00","author":"Pierre Thomas","twitter_misc":{"\u00c9crit par":"Pierre Thomas","Dur\u00e9e de lecture estim\u00e9e":"1 minute"},"schema":{"@context":"https:\/\/schema.org","@graph":[{"@type":"WebPage","@id":"https:\/\/thomasvino.ch\/?p=9968","url":"https:\/\/thomasvino.ch\/?p=9968","name":"Un oenologue bordelais en Valais - thomasvino","isPartOf":{"@id":"https:\/\/thomasvino.ch\/#website"},"datePublished":"2007-05-08T10:07:00+00:00","dateModified":"2007-05-08T10:07:00+00:00","author":{"@id":"https:\/\/thomasvino.ch\/#\/schema\/person\/670bf4486fe81152cf1d68bd585e062e"},"breadcrumb":{"@id":"https:\/\/thomasvino.ch\/?p=9968#breadcrumb"},"inLanguage":"fr-FR","potentialAction":[{"@type":"ReadAction","target":["https:\/\/thomasvino.ch\/?p=9968"]}]},{"@type":"BreadcrumbList","@id":"https:\/\/thomasvino.ch\/?p=9968#breadcrumb","itemListElement":[{"@type":"ListItem","position":1,"name":"Accueil","item":"https:\/\/thomasvino.ch\/"},{"@type":"ListItem","position":2,"name":"Un oenologue bordelais en Valais"}]},{"@type":"WebSite","@id":"https:\/\/thomasvino.ch\/#website","url":"https:\/\/thomasvino.ch\/","name":"thomasvino","description":"Vins &amp; Gastronomie","potentialAction":[{"@type":"SearchAction","target":{"@type":"EntryPoint","urlTemplate":"https:\/\/thomasvino.ch\/?s={search_term_string}"},"query-input":"required name=search_term_string"}],"inLanguage":"fr-FR"},{"@type":"Person","@id":"https:\/\/thomasvino.ch\/#\/schema\/person\/670bf4486fe81152cf1d68bd585e062e","name":"Pierre Thomas","image":{"@type":"ImageObject","inLanguage":"fr-FR","@id":"https:\/\/thomasvino.ch\/#\/schema\/person\/image\/","url":"https:\/\/secure.gravatar.com\/avatar\/91fd5a76647f140e53db987a0dead4d7?s=96&d=mm&r=g","contentUrl":"https:\/\/secure.gravatar.com\/avatar\/91fd5a76647f140e53db987a0dead4d7?s=96&d=mm&r=g","caption":"Pierre Thomas"},"url":"https:\/\/thomasvino.ch\/?author=3"}]}},"jetpack_featured_media_url":"","jetpack_sharing_enabled":true,"jetpack_shortlink":"https:\/\/wp.me\/p3m4tZ-2AM","jetpack_likes_enabled":false,"jetpack-related-posts":[{"id":8823,"url":"https:\/\/thomasvino.ch\/?p=8823","url_meta":{"origin":9968,"position":0},"title":"Le triomphe du Merlot del Ticino","date":"29 novembre 2008","format":false,"excerpt":"Grand Jury de 24 Heures Le triomphe du Merlot del Ticino Quatri\u00e8me manche de notre match Nouveau contre Ancien Monde. L\u2019outsider tessinois a bien jou\u00e9 son coup : sur douze merlots finalistes, six vins, tous en t\u00eate, sauf pour la m\u00e9daille de bronze, valdo-californienne. Pierre Thomas Ce fut le match\u2026","rel":"","context":"Dans &quot;Grand Jury 24 Heures&quot;","img":{"alt_text":"","src":"","width":0,"height":0},"classes":[]},{"id":11749,"url":"https:\/\/thomasvino.ch\/?p=11749","url_meta":{"origin":9968,"position":1},"title":"Assemblages rouges suisses Mono, bi ou multi, telle est la question !","date":"27 f\u00e9vrier 2014","format":false,"excerpt":"La mode des assemblages a conquis la Suisse romande vinicole. O\u00f9 d\u00e9bute un tel mariage, pour le meilleur, et non le pire\u00a0? Etude d\u2019un cas pratique, avec la Cuv\u00e9e 1858 de Charles Bonvin\u00a0 Fils SA, \u00e0 Sion. Par Pierre Thomas Bien qu\u2019elle ait \u00e9t\u00e9 acquise par la famille Rouvinez, en\u2026","rel":"","context":"Dans &quot;Vins suisses&quot;","img":{"alt_text":"","src":"https:\/\/i0.wp.com\/www.thomasvino.ch\/wp-content\/uploads\/2014\/02\/bonvin1858_jpg-300x247.jpg?resize=350%2C200","width":350,"height":200},"classes":[]},{"id":8855,"url":"https:\/\/thomasvino.ch\/?p=8855","url_meta":{"origin":9968,"position":2},"title":"Gr\u00e8ce\u2014 Les c\u00e9pages autochtones pl\u00e9biscit\u00e9s","date":"11 mars 2009","format":false,"excerpt":"Le d\u00e9fi des nouveaux vins grecsLes Grecs pl\u00e9biscitent l'autochtoneInternationaux ou autochtones, les c\u00e9pages des vins grecs? Les seconds ont le vent en poupe. Reportage en Mac\u00e9doine, la Gr\u00e8ce du nord.Par Pierre Thomas, de retour de ThessaloniqueAvec une surface plant\u00e9e en vari\u00e9t\u00e9s de cuve six fois plus \u00e9lev\u00e9e que la Suisse\u2026","rel":"","context":"Dans &quot;Vins europ\u00e9ens&quot;","img":{"alt_text":"","src":"","width":0,"height":0},"classes":[]},{"id":9045,"url":"https:\/\/thomasvino.ch\/?p=9045","url_meta":{"origin":9968,"position":3},"title":"Valais \u2014 Le renouveau de Gilliard passe par l&rsquo;\u0153nologue","date":"26 juillet 2010","format":false,"excerpt":"Du nouveau chez Robert Gilliard SA La patte du nouvel \u0153nologue Depuis 2008, la maison Robert Gilliard SA, \u00e0 Sion, b\u00e9n\u00e9ficie des conseils d\u2019un nouvel \u0153nologue, le Zurichois Hansueli Pfenninger, 42 ans. Ce professeur \u00e0 l\u2019Ecole de Changins signe sa premi\u00e8re gamme, Les Tonneliers, qui refl\u00e9te sa philosophie. Par Pierre\u2026","rel":"","context":"Dans &quot;Vins suisses&quot;","img":{"alt_text":"","src":"","width":0,"height":0},"classes":[]},{"id":12476,"url":"https:\/\/thomasvino.ch\/?p=12476","url_meta":{"origin":9968,"position":4},"title":"La Ribera del Duero  Une Bourgogne rouge au c\u0153ur de l&rsquo;Espagne","date":"23 janvier 2015","format":false,"excerpt":"On a lu l\u2019autre jour dans une promotion d\u2019un tempranillo espagnol\u00a0: \u00abun super vin de Toscane qui serait n\u00e9 en Espagne\u00bb. M\u00eame si l\u2019\u0153nologue est Fran\u00e7ais et actif en Italie (l\u2019incontournable Michel Rolland), il n\u2019y a pas de tempranillo en Toscane\u2026 Mais reprenons l\u2019image pour qualifier la Ribera del Duero,\u2026","rel":"","context":"Dans &quot;Vins espagnols&quot;","img":{"alt_text":"","src":"https:\/\/i0.wp.com\/www.thomasvino.ch\/wp-content\/uploads\/2015\/01\/site_rdd_ribera_protos-300x225.jpg?resize=350%2C200","width":350,"height":200},"classes":[]},{"id":15341,"url":"https:\/\/thomasvino.ch\/?p=15341","url_meta":{"origin":9968,"position":5},"title":"Bonne bouche \u2014 Revanche climatique","date":"23 octobre 2018","format":false,"excerpt":"Longtemps, les vins dits du \u00abNord vaudois\u00bb avaient une r\u00e9putation ex\u00e9crable, due \u00e0 leur origine g\u00e9ographique. R\u00e9unis, depuis 75 ans cette ann\u00e9e, dans une coop\u00e9rative, les viticulteurs de Bonvillars sont en train de prendre leur revanche. \u00abL\u2019outil de travail est performant, le terroir magnifique, le microclimat exceptionnel (nuits fr\u00e2ches, temp\u00e9rature\u2026","rel":"","context":"Dans &quot;Bonne bouche \u2014 encore!&quot;","img":{"alt_text":"","src":"","width":0,"height":0},"classes":[]}],"_links":{"self":[{"href":"https:\/\/thomasvino.ch\/index.php?rest_route=\/wp\/v2\/posts\/9968"}],"collection":[{"href":"https:\/\/thomasvino.ch\/index.php?rest_route=\/wp\/v2\/posts"}],"about":[{"href":"https:\/\/thomasvino.ch\/index.php?rest_route=\/wp\/v2\/types\/post"}],"author":[{"embeddable":true,"href":"https:\/\/thomasvino.ch\/index.php?rest_route=\/wp\/v2\/users\/3"}],"replies":[{"embeddable":true,"href":"https:\/\/thomasvino.ch\/index.php?rest_route=%2Fwp%2Fv2%2Fcomments&post=9968"}],"version-history":[{"count":0,"href":"https:\/\/thomasvino.ch\/index.php?rest_route=\/wp\/v2\/posts\/9968\/revisions"}],"wp:attachment":[{"href":"https:\/\/thomasvino.ch\/index.php?rest_route=%2Fwp%2Fv2%2Fmedia&parent=9968"}],"wp:term":[{"taxonomy":"category","embeddable":true,"href":"https:\/\/thomasvino.ch\/index.php?rest_route=%2Fwp%2Fv2%2Fcategories&post=9968"},{"taxonomy":"post_tag","embeddable":true,"href":"https:\/\/thomasvino.ch\/index.php?rest_route=%2Fwp%2Fv2%2Ftags&post=9968"}],"curies":[{"name":"wp","href":"https:\/\/api.w.org\/{rel}","templated":true}]}}